{"id":465,"date":"2009-03-05T23:59:24","date_gmt":"2009-03-05T21:59:24","guid":{"rendered":"http:\/\/blog.inmontanis.info\/?p=465"},"modified":"2023-08-02T21:49:12","modified_gmt":"2023-08-02T19:49:12","slug":"sdi-2009-tag-13-monte-amiata-5-3-2009","status":"publish","type":"post","link":"http:\/\/blog.inmontanis.info\/?p=465","title":{"rendered":"SdI 2009 Tag 13: Monte Amiata, 5.3.2009"},"content":{"rendered":"<p><em>[_de]Bilder anklicken zum Vergr\u00f6\u00dfern[\/_de]\u2028[_en]Click photos to enlarge[\/_en]<\/em><\/p>\n<p><strong>5.3.2009, 13. Tag, Monte Amiata (U), Monte Falco (V)<br \/>\n<\/strong><br \/>\n.. aber das Fr\u00fchst\u00fcck war dann auch das einzig brauchbare des heutigen Tages. Um nicht zu sagen, der Tag war wieder ein voller Griff ins Klo. Drau\u00dfen regnete es mal mehr mal weniger stark, aber wenigstens kein Wind. Was k\u00f6nnte das bedeuten? Starker Schnee auf den Stra\u00dfen? Nicht alle Lifte in Betrieb?<\/p>\n<p>Weder noch. Es hat auch an den Parkpl\u00e4tzen am Monte Amiata mal mehr mal weniger geregnet, mal spitzte die Sonne, mal gab es ein paar Schneeflocken. <\/p>\n<p>Lifte? Neiiiiin, Lifte liefen nicht. Wie kann man auch nur auf die verwegene Idee kommen&#8230;.<\/p>\n<p><a href='http:\/\/ski.inmontanis.info\/d\/96033-1\/P1360472.JPG'><img src=http:\/\/ski.inmontanis.info\/d\/96035-3\/P1360472.JPG \/><\/a><br \/>\n^ Irgendwo zwischen hier und nirgendwo.<\/p>\n<p><a href='http:\/\/ski.inmontanis.info\/d\/96037-1\/P1360477.JPG'><img src=http:\/\/ski.inmontanis.info\/d\/96039-3\/P1360477.JPG \/><\/a><br \/>\n^ Pistenplan Monte Amiata<\/p>\n<p><a href='http:\/\/ski.inmontanis.info\/d\/96041-1\/P1360473.JPG'><img src=http:\/\/ski.inmontanis.info\/d\/96043-3\/P1360473.JPG \/><\/a><br \/>\n^ Stillgelegter SL Rifugio 1<\/p>\n<p><a href='http:\/\/ski.inmontanis.info\/d\/96045-1\/P1360474.JPG'><img src=http:\/\/ski.inmontanis.info\/d\/96047-3\/P1360474.JPG \/><\/a><br \/>\n^ Stillgelegter SL Rifugio 1<\/p>\n<p><a href='http:\/\/ski.inmontanis.info\/d\/96049-1\/P1360476.JPG'><img src=http:\/\/ski.inmontanis.info\/d\/96051-3\/P1360476.JPG \/><\/a><br \/>\n^ DSB Cantore<\/p>\n<p><a href='http:\/\/ski.inmontanis.info\/d\/96053-1\/P1360478.JPG'><img src=http:\/\/ski.inmontanis.info\/d\/96055-3\/P1360478.JPG \/><\/a><br \/>\n^ DSB Cantore<\/p>\n<p><a href='http:\/\/ski.inmontanis.info\/d\/96057-1\/P1360480.JPG'><img src=http:\/\/ski.inmontanis.info\/d\/96059-3\/P1360480.JPG \/><\/a><br \/>\n^ SL Settebello, dar\u00fcber die DSB Macinaie<\/p>\n<p><a href='http:\/\/ski.inmontanis.info\/d\/96061-1\/P1360481.JPG'><img src=http:\/\/ski.inmontanis.info\/d\/96063-3\/P1360481.JPG \/><\/a><br \/>\n^ SL Settebello, dar\u00fcber die DSB Macinaie<\/p>\n<p><a href='http:\/\/ski.inmontanis.info\/d\/96065-1\/P1360483.JPG'><img src=http:\/\/ski.inmontanis.info\/d\/96067-3\/P1360483.JPG \/><\/a><br \/>\n^ DSB Macinaie \/ SL Jolly<\/p>\n<p><a href='http:\/\/ski.inmontanis.info\/d\/96069-1\/P1360484.JPG'><img src=http:\/\/ski.inmontanis.info\/d\/96071-3\/P1360484.JPG \/><\/a><br \/>\n^ SL Bellaria<\/p>\n<p>Tja, da war es wieder, die typische Appennin-S\u00e4ttigung: Ich hab die Schnauze voll von den bl\u00f6den Gebieten hier!<\/p>\n<p>.. doch noch in die Westalpen? Schweiz? Andermatt? Graub\u00fcnden? Slowenien wie zuerst geplant? Ok, Slowenien. Kobla. Gesch\u00e4tzte Ankunftszeit fr\u00fchestens 18:30. Hm. Da k\u00f6nnte man doch dem Appennin noch eine letzte Chance geben, und den Umweg \u00fcber den einen SL in Campigna \/ Monte Falco machen. Soll ja angeblich t\u00e4glich in Betrieb sein. Auch wenn er es letztes Jahr auch nicht war&#8230;<\/p>\n<p>Dort angekommen, kurz nach 14 Uhr, am Pass starker Regen, die Stra\u00dfe zum SL leicht verschneit, knapp dass man ohne Ketten raufkam. Eh klar, Lift stand still. Wieder zum Pass und dort kurz ins dortige Restaurant (n\u00f6tiges Toilettenbed\u00fcrfnis + dann halt was gegessen) &#8211; schwups war die Schneefallgrenze 200m weiter unten und mein Auto schneewei\u00df. Und jetzt? Fr\u00fcheste Ankunftszeit am Skigebiet Kobla in Slowenien 20:30. 600km. Ebensolche 5-6h Fahrzeit nach Graub\u00fcnden, nach Andermatt derer 6-7. Das hat doch alles keinen Sinn!?<\/p>\n<p><a href='http:\/\/ski.inmontanis.info\/d\/96073-1\/P1360487.JPG'><img src=http:\/\/ski.inmontanis.info\/d\/96075-3\/P1360487.JPG \/><\/a><br \/>\n^ Gerade noch schneefrei, jetzt einige hundert Meter voll Schnee&#8230;<\/p>\n<p>Also doch nach dem gestrigen Plan weiter nach Cimone. Immerhin auch noch 3-4h Fahrzeit, obwohl nur 150-200km entfernt!<\/p>\n<p>In Fanano kurz vor 19 Uhr angekommen, meinte ich, ich m\u00fcsste noch zu den Liften fahren. Pf\u00fch! Da f\u00e4hrt man noch &#8216;ne viertel Stunde bergauf! Und gesehen hab ich auch nix mehr. Sah nicht nach Infrastruktur eines 6er Sessellifts aus, keine Liftanzeige gefunden und so &#8211; und zu dunkel wars auch, um zu sehen, ob die Pisten heute benutzt waren oder nicht. Hoffentlich geht da morgen was, da ich mich in Fanano im sch\u00f6nen *** Park Hotel f\u00fcr 2 Tage eingemietet hab. 49,- f\u00fcr HP &#8211; im Zimmer stehen 80,- als (Maximal?)preise! Ist ja superg\u00fcnstig, und bisher h\u00e4tte ich nichts zu bem\u00e4ngeln, sogar das Fr\u00fchst\u00fccksbuffet am n\u00e4chsten Tag war f\u00fcr italienische Verh\u00e4ltnisse \u00fcberdurchschnittlich (allerdings inkl. den typisch italienischen Mini-Semmeln)<\/p>\n<p>Nur ums noch mal zu sagen: Ich stand heute keine einzige Minute auf den Skiern und gestern gerade etwas \u00fcber 1 Stunde. Wenn mich was am Appennin nervt, dann das. Wegen Schlechtwetter geschlossene Lifte, teilweise berechtigt, teilweise nicht, wegen wochentags geschlossene Lifte, wegen zu wenig Schnee geschlossene Lifte, blah blah blah. Mit dem Appennin hab ich heuer f\u00fcr die n\u00e4chsten Jahre endg\u00fctlig abgehakt. Leider ist diese Liftmentalit\u00e4t in S\u00fcdosteuropa wohl genauso schlecht &#8211; und wenn ich keinen Leidensgenossen f\u00fcr eine S\u00fcdosteuropa-Tour n\u00e4chstes Jahr find &#8211;  Frankreich kam heuer eh zu kurz, oder \u00d6sterreich &#038; Slowenien, oder Schweiz, oder .. ok, den neuen Gondellift in Lurisia werd ich n\u00e4chste Saison schon fahren m\u00fcssen :-)<\/p>\n","protected":false},"excerpt":{"rendered":"<p>oder: Offenes Skigebiet verzweifelt gesucht. <a href=\"http:\/\/blog.inmontanis.info\/?p=465\">[&#8230;]<\/a><\/p>\n","protected":false},"author":1,"featured_media":0,"comment_status":"open","ping_status":"closed","sticky":false,"template":"","format":"standard","meta":{"footnotes":""},"categories":[61,15,26,456],"tags":[38],"class_list":["post-465","post","type-post","status-publish","format-standard","hentry","category-schiroditalia","category-italienitaly","category-typeski","category-monte-amiata","tag-dsb","odd"],"_links":{"self":[{"href":"http:\/\/blog.inmontanis.info\/index.php?rest_route=\/wp\/v2\/posts\/465","targetHints":{"allow":["GET"]}}],"collection":[{"href":"http:\/\/blog.inmontanis.info\/index.php?rest_route=\/wp\/v2\/posts"}],"about":[{"href":"http:\/\/blog.inmontanis.info\/index.php?rest_route=\/wp\/v2\/types\/post"}],"author":[{"embeddable":true,"href":"http:\/\/blog.inmontanis.info\/index.php?rest_route=\/wp\/v2\/users\/1"}],"replies":[{"embeddable":true,"href":"http:\/\/blog.inmontanis.info\/index.php?rest_route=%2Fwp%2Fv2%2Fcomments&post=465"}],"version-history":[{"count":3,"href":"http:\/\/blog.inmontanis.info\/index.php?rest_route=\/wp\/v2\/posts\/465\/revisions"}],"predecessor-version":[{"id":3260,"href":"http:\/\/blog.inmontanis.info\/index.php?rest_route=\/wp\/v2\/posts\/465\/revisions\/3260"}],"wp:attachment":[{"href":"http:\/\/blog.inmontanis.info\/index.php?rest_route=%2Fwp%2Fv2%2Fmedia&parent=465"}],"wp:term":[{"taxonomy":"category","embeddable":true,"href":"http:\/\/blog.inmontanis.info\/index.php?rest_route=%2Fwp%2Fv2%2Fcategories&post=465"},{"taxonomy":"post_tag","embeddable":true,"href":"http:\/\/blog.inmontanis.info\/index.php?rest_route=%2Fwp%2Fv2%2Ftags&post=465"}],"curies":[{"name":"wp","href":"https:\/\/api.w.org\/{rel}","templated":true}]}}