{"id":4630,"date":"2017-12-16T21:37:54","date_gmt":"2017-12-16T20:37:54","guid":{"rendered":"http:\/\/blog.inmontanis.info\/?p=4630"},"modified":"2023-08-03T21:32:24","modified_gmt":"2023-08-03T19:32:24","slug":"rosskopf-ladurns-16-12-2017","status":"publish","type":"post","link":"http:\/\/blog.inmontanis.info\/?p=4630","title":{"rendered":"Rosskopf + Ladurns, 16.12.2017"},"content":{"rendered":"<p>Mit der Saisonkarte ging&#8217;s heute nach Sterzing \/ Rosskopf und nachmittags nach Ladurns.<\/p>\n<p>W\u00e4hrend in Nordtirol das Wetter dieses WE eher schlecht werden sollte, war f\u00fcr S\u00fcdtirol mehr bzw. viel Sonne gemeldet. Lohnt sich die Saisonkarte schon wieder ;-)<\/p>\n<p>Mein letzter Besuch am Rosskopf war nun doch schon einige Jahre her &#8211; seitdem wurde die Tal-Skiroute gestrichen, eine 4SB und ein SL abgebaut. Aber immerhin sind die restlichen Pisten oben gleich geblieben. Gro\u00dfer Vorteil ist die sonnige S\u00fcd-Ost-Hanglage, insb. vormittags. Schnee war auch recht gut und an der 3SB gab&#8217;s einigen Pulver. Insofern hatte es mir ganz gut gefallen, allerdings war es sehr kalt und 3SB und 4KSB waren ja beide haubenlos und hatten beide eisig kalte Sitze ..<\/p>\n<p>(Fotos anklicken zum Vergr\u00f6\u00dfern)<\/p>\n<p><a href='http:\/\/ski.inmontanis.info\/d\/238238-2\/ge20171216a.jpg'><img src=http:\/\/ski.inmontanis.info\/d\/238237-3\/ge20171216a.jpg \/><\/a><br \/>\n^ GPS-Track, Gelb 16.12.2017 und Blau anno 2004 mit der damals noch existierenden Tal-Skiroute, der damals noch existierenden 4SB und des damals noch existierenden SL (als alternativer Zubringer zur 4SB)<\/p>\n<p><a href='http:\/\/ski.inmontanis.info\/d\/238178-2\/DSC03756.jpg'><img src=http:\/\/ski.inmontanis.info\/d\/238176-3\/DSC03756.jpg \/><\/a><br \/>\n^ Ungew\u00f6hnliche Abspannung der 6EUB. Kann mich nicht erinnern, in den letzten Jahren mal so eine Abspannung bei einer EUB gesehen zu haben. Der Spannschlitten f\u00e4hrt auch laufend hin und her, was die Sache recht interessant zum Anschauen macht. Und nat\u00fcrlich sind auch diese EUB-Kabinen mittlerweile sehr selten.<\/p>\n<p><a href='http:\/\/ski.inmontanis.info\/d\/238182-2\/DSC03760.jpg'><img src=http:\/\/ski.inmontanis.info\/d\/238181-3\/DSC03760.jpg \/><\/a><br \/>\n^ 6EUB vs. Brenner-Autobahn<\/p>\n<p><a href='http:\/\/ski.inmontanis.info\/d\/238186-2\/DSC03764.jpg'><img src=http:\/\/ski.inmontanis.info\/d\/238185-3\/DSC03764.jpg \/><\/a><br \/>\n^ 6EUB und mittlere 4KSB-Abfahrt<\/p>\n<p><a href='http:\/\/ski.inmontanis.info\/d\/238190-2\/DSC03773.jpg'><img src=http:\/\/ski.inmontanis.info\/d\/238189-3\/DSC03773.jpg \/><\/a><br \/>\n^ Noch nicht ge\u00f6ffnete Abfahrt an der 3SB<\/p>\n<p><a href='http:\/\/ski.inmontanis.info\/d\/238194-2\/DSC03780.jpg'><img src=http:\/\/ski.inmontanis.info\/d\/238193-3\/DSC03780.jpg \/><\/a><br \/>\n^ Rechte Abfahrt an der 4KSB (rechts im Bild zu sehen)<\/p>\n<p><a href='http:\/\/ski.inmontanis.info\/d\/238198-2\/DSC03781.jpg'><img src=http:\/\/ski.inmontanis.info\/d\/238197-3\/DSC03781.jpg \/><\/a><br \/>\n^ Nette rechte Variante der rechten Abfahrt an der 4KSB<\/p>\n<p><a href='http:\/\/ski.inmontanis.info\/d\/238202-2\/DSC03783.jpg'><img src=http:\/\/ski.inmontanis.info\/d\/238201-3\/DSC03783.jpg \/><\/a><br \/>\n^ Auch ein nettes St\u00fcckchen unterhalb der 4KSB-Bergstation r\u00fcber zur 3SB<\/p>\n<p><a href='http:\/\/ski.inmontanis.info\/d\/238206-2\/DSC03784.jpg'><img src=http:\/\/ski.inmontanis.info\/d\/238205-3\/DSC03784.jpg \/><\/a><br \/>\n^ 3SB mit den sch\u00f6nsten H\u00e4ngen im Skigebiet, w\u00e4r halt noch besser, wenn das ein SL w\u00e4re ;-)<\/p>\n<p><a href='http:\/\/ski.inmontanis.info\/d\/238210-2\/DSC03788.jpg'><img src=http:\/\/ski.inmontanis.info\/d\/238209-3\/DSC03788.jpg \/><\/a><br \/>\n^ Seitw\u00e4rtspano (Blick Richtung Brenner und rechts das Ex-Skigebiet H\u00fchnerspiel)<\/p>\n<p><a href='http:\/\/ski.inmontanis.info\/d\/238214-2\/DSC03789.jpg'><img src=http:\/\/ski.inmontanis.info\/d\/238213-3\/DSC03789.jpg \/><\/a><br \/>\n^ Offpiste an der 3SB<\/p>\n<p><a href='http:\/\/ski.inmontanis.info\/d\/238218-2\/DSC03795.jpg'><img src=http:\/\/ski.inmontanis.info\/d\/238217-3\/DSC03795.jpg \/><\/a><br \/>\n^ Die linke Piste, die fr\u00fcher von einer 4SB erschlossen wurde &#8211; heutzutage muss man mit der 3SB rauf und dann wieder zur 4KSB runter. Leider etwas umst\u00e4ndlich, weil das egtl. die sch\u00f6nsten H\u00e4nge im Skigebiet sind.<\/p>\n<p><a href='http:\/\/ski.inmontanis.info\/d\/238222-2\/DSC03797.jpg'><img src=http:\/\/ski.inmontanis.info\/d\/238221-3\/DSC03797.jpg \/><\/a><br \/>\n^ Die linken Pisten bzw. offpiste, zumindest momentan<\/p>\n<p><a href='http:\/\/ski.inmontanis.info\/d\/238226-2\/DSC03798.jpg'><img src=http:\/\/ski.inmontanis.info\/d\/238225-3\/DSC03798.jpg \/><\/a><br \/>\n^ Trasse und ehemalige Talstation der 4SB<\/p>\n<p><a href='http:\/\/ski.inmontanis.info\/d\/238230-2\/DSC03805.jpg'><img src=http:\/\/ski.inmontanis.info\/d\/238229-3\/DSC03805.jpg \/><\/a><br \/>\n^ 6EUB vs. Brenner-Autobahn<\/p>\n<p><a href='http:\/\/ski.inmontanis.info\/d\/238234-2\/DSC03807.jpg'><img src=http:\/\/ski.inmontanis.info\/d\/238233-3\/DSC03807.jpg \/><\/a><br \/>\n^ Parkpl\u00e4tze. Die beschneite Rodelbahn ins Tal zieht auch etliche Leute an.<\/p>\n<p>Danach ging&#8217;s nach Ladurns, das aber zur momentanen Jahreszeit ein extremes Schattenloch ist. Grad mal der oberste Bereich der 2. 4KSB-Sektion war abschnittsweise ein bisschen in der Sonne. Auch war es viel weniger abwechslungsreich und die Pisten unterhalb der Bergstation Sektion 1 (also auch der untere Teil der Abfahrten der 2. Sektion) recht knollig. Gefiel mir heute nicht sonderlich.<\/p>\n<p><a href='http:\/\/ski.inmontanis.info\/d\/238284-2\/ge20171216b.jpg'><img src=http:\/\/ski.inmontanis.info\/d\/238283-3\/ge20171216b.jpg \/><\/a><br \/>\n^ GPS-Track, Gelb 16.12.2017 und Blau anno 2004.<\/p>\n<p><a href='http:\/\/ski.inmontanis.info\/d\/238244-2\/DSC03808.jpg'><img src=http:\/\/ski.inmontanis.info\/d\/238242-3\/DSC03808.jpg \/><\/a><br \/>\n^ 4KSB Sektion 1 und 2. Boah ist das ein Schattenloch jetzt im Hochwinter<\/p>\n<p><a href='http:\/\/ski.inmontanis.info\/d\/238248-2\/DSC03811.jpg'><img src=http:\/\/ski.inmontanis.info\/d\/238247-3\/DSC03811.jpg \/><\/a><br \/>\n^ Eng eingekesselt von hohen Bergen, hat nat\u00fcrlich auch was. Gef\u00e4llt mir dann wieder besser als flach\/breit eingekesselt.<\/p>\n<p><a href='http:\/\/ski.inmontanis.info\/d\/238252-2\/DSC03813.jpg'><img src=http:\/\/ski.inmontanis.info\/d\/238251-3\/DSC03813.jpg \/><\/a><br \/>\n^ 4KSB Sektion 2 bekommt ganz oben wenigstens ein bisschen Sonne ab.<\/p>\n<p><a href='http:\/\/ski.inmontanis.info\/d\/238256-2\/DSC03815.jpg'><img src=http:\/\/ski.inmontanis.info\/d\/238255-3\/DSC03815.jpg \/><\/a><br \/>\n^ Abfahrten Sektion 2<\/p>\n<p><a href='http:\/\/ski.inmontanis.info\/d\/238260-2\/DSC03817.jpg'><img src=http:\/\/ski.inmontanis.info\/d\/238259-3\/DSC03817.jpg \/><\/a><br \/>\n^ Abfahrten Sektion 2<\/p>\n<p><a href='http:\/\/ski.inmontanis.info\/d\/238264-2\/DSC03820.jpg'><img src=http:\/\/ski.inmontanis.info\/d\/238263-3\/DSC03820.jpg \/><\/a><br \/>\n^ 4KSB Sektion 2 mit den steilen Bergen gegen\u00fcber &#8211; immerhin w\u00fcrde da mehr Sonne scheinen..<\/p>\n<p><a href='http:\/\/ski.inmontanis.info\/d\/238268-2\/DSC03821.jpg'><img src=http:\/\/ski.inmontanis.info\/d\/238267-3\/DSC03821.jpg \/><\/a><br \/>\n^ 4KSB Sektion 2 mit den steilen Bergen gegen\u00fcber<\/p>\n<p><a href='http:\/\/ski.inmontanis.info\/d\/238272-2\/DSC03823.jpg'><img src=http:\/\/ski.inmontanis.info\/d\/238271-3\/DSC03823.jpg \/><\/a><br \/>\n^ Talabfahrt, schattig, beschneit, nicht mein Fall.<\/p>\n<p><a href='http:\/\/ski.inmontanis.info\/d\/238276-2\/DSC03826.jpg'><img src=http:\/\/ski.inmontanis.info\/d\/238275-3\/DSC03826.jpg \/><\/a><br \/>\n^ Die Abfahrten an der Sektion 2 w\u00e4ren ja ganz nett, wenn nicht das unterste St\u00fcck w\u00e4re und wenn es nicht gar so schattig w\u00e4re.<\/p>\n<p><a href='http:\/\/ski.inmontanis.info\/d\/238280-2\/DSC03827.jpg'><img src=http:\/\/ski.inmontanis.info\/d\/238279-3\/DSC03827.jpg \/><\/a><br \/>\n^ Die f\u00fcr mich neue Talabfahrt, ist immerhin im oberen Teil netter.<\/p>\n<p>Bin nicht sonderlich lang geblieben und etwas fr\u00fcher heim, hatte heute Abend eh noch Weihnachtsfeier (Gesch\u00e4ft).<\/p>\n","protected":false},"excerpt":{"rendered":"<p>Mit der Saisonkarte ging&#8217;s heute nach Sterzing \/ Rosskopf und nachmittags nach Ladurns.<\/p>\n<p>W\u00e4hrend in Nordtirol das Wetter dieses WE eher schlecht werden sollte, war f\u00fcr S\u00fcdtirol mehr bzw. viel Sonne gemeldet. Lohnt sich die Saisonkarte schon wieder ;-)<\/p>\n<p>Mein letzter Besuch am Rosskopf war nun doch schon einige Jahre her &#8211; seitdem wurde die <a href=\"http:\/\/blog.inmontanis.info\/?p=4630\">[&#8230;]<\/a><\/p>\n","protected":false},"author":1,"featured_media":0,"comment_status":"closed","ping_status":"closed","sticky":false,"template":"","format":"standard","meta":{"footnotes":""},"categories":[15,474,25,27,388],"tags":[55,49,39],"class_list":["post-4630","post","type-post","status-publish","format-standard","hentry","category-italienitaly","category-ladurns","category-noreport","category-skifahren-winterskiing-winter","category-sterzing","tag-3sb","tag-4sb","tag-6eub","odd"],"_links":{"self":[{"href":"http:\/\/blog.inmontanis.info\/index.php?rest_route=\/wp\/v2\/posts\/4630","targetHints":{"allow":["GET"]}}],"collection":[{"href":"http:\/\/blog.inmontanis.info\/index.php?rest_route=\/wp\/v2\/posts"}],"about":[{"href":"http:\/\/blog.inmontanis.info\/index.php?rest_route=\/wp\/v2\/types\/post"}],"author":[{"embeddable":true,"href":"http:\/\/blog.inmontanis.info\/index.php?rest_route=\/wp\/v2\/users\/1"}],"replies":[{"embeddable":true,"href":"http:\/\/blog.inmontanis.info\/index.php?rest_route=%2Fwp%2Fv2%2Fcomments&post=4630"}],"version-history":[{"count":3,"href":"http:\/\/blog.inmontanis.info\/index.php?rest_route=\/wp\/v2\/posts\/4630\/revisions"}],"predecessor-version":[{"id":4633,"href":"http:\/\/blog.inmontanis.info\/index.php?rest_route=\/wp\/v2\/posts\/4630\/revisions\/4633"}],"wp:attachment":[{"href":"http:\/\/blog.inmontanis.info\/index.php?rest_route=%2Fwp%2Fv2%2Fmedia&parent=4630"}],"wp:term":[{"taxonomy":"category","embeddable":true,"href":"http:\/\/blog.inmontanis.info\/index.php?rest_route=%2Fwp%2Fv2%2Fcategories&post=4630"},{"taxonomy":"post_tag","embeddable":true,"href":"http:\/\/blog.inmontanis.info\/index.php?rest_route=%2Fwp%2Fv2%2Ftags&post=4630"}],"curies":[{"name":"wp","href":"https:\/\/api.w.org\/{rel}","templated":true}]}}