{"id":4626,"date":"2017-12-10T22:14:47","date_gmt":"2017-12-10T21:14:47","guid":{"rendered":"http:\/\/blog.inmontanis.info\/?p=4626"},"modified":"2023-08-03T21:51:39","modified_gmt":"2023-08-03T19:51:39","slug":"artesina-10-12-2017-talabfahrt-rastello","status":"publish","type":"post","link":"http:\/\/blog.inmontanis.info\/?p=4626","title":{"rendered":"Artesina, 10.12.2017 \/ Talabfahrt Rastello"},"content":{"rendered":"<p><strong>So, 10.12.2017 (Tag 3): Artesina (Mondol\u00e9)<\/strong><\/p>\n<p>F\u00fcr den heutigen Einstieg ins Skigebiet entschied ich mich f\u00fcr die Rastello-DSB &#8211; weil sie mal wieder in Betrieb ist (letzte Saison ging sie Ende Januer nach 1-2 Jahren Stillstand wieder in Betrieb), weil man gleich nebenan parken kann, weil ich heute Abend eh nicht so sp\u00e4t fahren kann, weil ich mal schauen will, ob ich da nicht doch runterfahren kann. Einerseits ist auf dem Plan nun wieder ein orangener Weg eingezeichnet (der aber ganz anders verl\u00e4uft) &#8211; andererseits scheint es lt. Sat-Bild etwas links der DSB ein nettes Tal zu geben wodurch ein Weg verl\u00e4uft, auf dem man auch runterkommen sollte.. Lt. einem aktuellen Skibericht vom 7.12. scheint es da aber mittlerweile wirklich eine Piste zu geben, sogar evtl. erstmals pr\u00e4pariert gewesen! <\/p>\n<p>Wie geil. Das h\u00e4tte ich nicht gewusst, wenn ich gestern in Artesina gewsesen w\u00e4re, insofern war das mit den Wartezeiten gestern in Nevoso und dem Entscheid, nach Frabosa zur\u00fcck zu kehren, auch gut. Wetterbericht meldete nun schon ab mittags leichten Schneefall und im Norden heute Abend auch fr\u00fcher und st\u00e4rkerer Schnee, was mich am Maloja dann treffen wird, also wird die Fahrt mit dem Ignis wohl doch die richtige Entscheidung gewesen sein. Bergw\u00e4rts sollte mir am Maloja hoffentlich der Allrad reichen (so lang der Pass nicht komplett gesperrt wird) und Richtung St. Mortiz und weiter nach Innsbruck geht&#8217;s ja nie sp\u00fcrbar talw\u00e4rts. Dennoch wollte ich bei den Wettervorhersagen sp\u00e4testens um 15 Uhr abfahren.<\/p>\n<p>Wetter war dann tags\u00fcber in Summe doch noch besser als gemeldet, ein Mix aus Sonne und Wolken, wobei es bis zu meinem Abgang um 15 Uhr trocken blieb. Der starke Wind wurde allerdings ein Problem: Als ich nach Prato Nevoso r\u00fcber wollte, war dann pl\u00f6tzlich die Verbindung nach Artesina zur\u00fcck gesperrt und die DSB Rossa in Prato Nevoso wurde eingestellt (obwohls gar nicht so windig an der DSB war), was alles recht eigenartig war (ich durfte noch zur\u00fcck, weil ich ja in Artesina\/Rastello mein Auto hatte, aber logischer w\u00e4re gewesen, wenn man von Artesina aus die Verbindung nach PN gesperrt h\u00e4tte, nicht umgekehrt, denn am SL Rocche war es gar nicht sooo windig).<\/p>\n<p>Jedenfalls hab ich mich dann in Artesina keine weiteren Lifte mehr fahren trauen (blieben aber doch alle unteren in Betrieb), sondern bin gleich Richtung Rastello. Oben die Turra-SL und drumherum waren mittlerweile eingestellt, aber an den Rastello-DSBs war&#8217;s quasi windstill, auch an der DSB von Artesina aus. Ich fuhr also 3x diese neue, urige Talabfahrt nach Rastello, teils sch\u00f6n altmodisch, teils ein paar Pulvervarianten. Dass es weiter unten auch ein paar Steine gab, war zur erwarten &#8211; bei einer unbeschneiten Talabfahrt auf 800m.<\/p>\n<p>(Fotos anklicken zum Vergr\u00f6\u00dfern)<\/p>\n<p><a href='http:\/\/ski.inmontanis.info\/d\/238172-2\/ge20171210d.jpg'><img src=http:\/\/ski.inmontanis.info\/d\/238171-3\/ge20171210d.jpg \/><\/a><br \/>\n^ GPS-Track 10.12.2017 (Gelb), gestern Orange, vorherige Besuche in Blau, ehemalige Lifte in Rot (ohne Anspruch auf Vollst\u00e4ndigkeit)<\/p>\n<p><a href='http:\/\/ski.inmontanis.info\/d\/238040-2\/DSC03628.jpg'><img src=http:\/\/ski.inmontanis.info\/d\/238039-3\/DSC03628.jpg \/><\/a><br \/>\n^ Parkplatz Talstation DSB und F\u00f6rderband in Rastello<\/p>\n<p><a href='http:\/\/ski.inmontanis.info\/d\/238044-2\/DSC03632.jpg'><img src=http:\/\/ski.inmontanis.info\/d\/238043-3\/DSC03632.jpg \/><\/a><br \/>\n^ DSB Rastello<\/p>\n<p><a href='http:\/\/ski.inmontanis.info\/d\/238048-2\/DSC03641.jpg'><img src=http:\/\/ski.inmontanis.info\/d\/238047-3\/DSC03641.jpg \/><\/a><br \/>\n^ Und er steht noch, freu: SL Rocche Giardina. Links vorne\/unten vmtl. die ehemalige Korblift-ESL-Bergstation. Warum hab ich mir das Haus egtl. noch nie genau angesehen!?<\/p>\n<p><a href='http:\/\/ski.inmontanis.info\/d\/238052-2\/DSC03644.jpg'><img src=http:\/\/ski.inmontanis.info\/d\/238051-3\/DSC03644.jpg \/><\/a><br \/>\n^ SL Turra<\/p>\n<p><a href='http:\/\/ski.inmontanis.info\/d\/238056-2\/DSC03645.jpg'><img src=http:\/\/ski.inmontanis.info\/d\/238055-3\/DSC03645.jpg \/><\/a><br \/>\n^ SL Turra \/ SL Cima Durand<\/p>\n<p><a href='http:\/\/ski.inmontanis.info\/d\/238060-2\/DSC03646.jpg'><img src=http:\/\/ski.inmontanis.info\/d\/238059-3\/DSC03646.jpg \/><\/a><br \/>\n^ Kann mich nicht erinnern, die linke (rote) Abfahrt am SL Turra schon mal gefahren zu sein, cool.<\/p>\n<p><a href='http:\/\/ski.inmontanis.info\/d\/238064-2\/DSC03647.jpg'><img src=http:\/\/ski.inmontanis.info\/d\/238063-3\/DSC03647.jpg \/><\/a><br \/>\n^ SL Turra \/ DSB Trucca Turra<\/p>\n<p><a href='http:\/\/ski.inmontanis.info\/d\/238068-2\/DSC03657.jpg'><img src=http:\/\/ski.inmontanis.info\/d\/238067-3\/DSC03657.jpg \/><\/a><br \/>\n^ SL Rocche Giardina<\/p>\n<p><a href='http:\/\/ski.inmontanis.info\/d\/238072-2\/DSC03661.jpg'><img src=http:\/\/ski.inmontanis.info\/d\/238071-3\/DSC03661.jpg \/><\/a><br \/>\n^ DSB Rossa, wurde leider gerade wg. Wind eingestellt &#8211; also keine Wiederholungsfahrt..<\/p>\n<p><a href='http:\/\/ski.inmontanis.info\/d\/238076-2\/DSC03666.jpg'><img src=http:\/\/ski.inmontanis.info\/d\/238075-3\/DSC03666.jpg \/><\/a><br \/>\n^ Artesina \/ DSB Trucca Turra<\/p>\n<p><a href='http:\/\/ski.inmontanis.info\/d\/238080-2\/DSC03670.jpg'><img src=http:\/\/ski.inmontanis.info\/d\/238079-3\/DSC03670.jpg \/><\/a><br \/>\n^ Abfahrt DSB Borrello (2. Sektion aus Rastello)<\/p>\n<p><a href='http:\/\/ski.inmontanis.info\/d\/238084-2\/DSC03672.jpg'><img src=http:\/\/ski.inmontanis.info\/d\/238083-3\/DSC03672.jpg \/><\/a><br \/>\n^ Talabfahrt\/Talskiroute  DSB Rastello, angeblich erstmals pr\u00e4pariert dieses WE<\/p>\n<p><a href='http:\/\/ski.inmontanis.info\/d\/238088-2\/DSC03675.jpg'><img src=http:\/\/ski.inmontanis.info\/d\/238087-3\/DSC03675.jpg \/><\/a><br \/>\n^ Talabfahrt\/Talskiroute DSB Rastello<\/p>\n<p><a href='http:\/\/ski.inmontanis.info\/d\/238092-2\/DSC03676.jpg'><img src=http:\/\/ski.inmontanis.info\/d\/238091-3\/DSC03676.jpg \/><\/a><br \/>\n^ Talabfahrt\/Talskiroute DSB Rastello<\/p>\n<p><a href='http:\/\/ski.inmontanis.info\/d\/238096-2\/DSC03678.jpg'><img src=http:\/\/ski.inmontanis.info\/d\/238095-3\/DSC03678.jpg \/><\/a><br \/>\n^ Talabfahrt\/Talskiroute DSB Rastello<\/p>\n<p><a href='http:\/\/ski.inmontanis.info\/d\/238100-2\/DSC03681.jpg'><img src=http:\/\/ski.inmontanis.info\/d\/238099-3\/DSC03681.jpg \/><\/a><br \/>\n^ Talabfahrt\/Talskiroute DSB Rastello<\/p>\n<p><a href='http:\/\/ski.inmontanis.info\/d\/238104-2\/DSC03686.jpg'><img src=http:\/\/ski.inmontanis.info\/d\/238103-3\/DSC03686.jpg \/><\/a><br \/>\n^ DSB Rastello. Eine 8EUB samt Parkhaus h\u00e4tte hier optisch nicht gut hingepasst ;-)<\/p>\n<p><a href='http:\/\/ski.inmontanis.info\/d\/238108-2\/DSC03690.jpg'><img src=http:\/\/ski.inmontanis.info\/d\/238107-3\/DSC03690.jpg \/><\/a><br \/>\n^ DSB Rastello<\/p>\n<p><a href='http:\/\/ski.inmontanis.info\/d\/238112-2\/DSC03700.jpg'><img src=http:\/\/ski.inmontanis.info\/d\/238111-3\/DSC03700.jpg \/><\/a><br \/>\n^ DSB Borrello<\/p>\n<p><a href='http:\/\/ski.inmontanis.info\/d\/238116-2\/DSC03707.jpg'><img src=http:\/\/ski.inmontanis.info\/d\/238115-3\/DSC03707.jpg \/><\/a><br \/>\n^ Offpiste an der DSB Borrello<\/p>\n<p><a href='http:\/\/ski.inmontanis.info\/d\/238120-2\/DSC03708.jpg'><img src=http:\/\/ski.inmontanis.info\/d\/238119-3\/DSC03708.jpg \/><\/a><br \/>\n^ Offpiste an der DSB Rastello mit einer einsamen L\u00e4rche<\/p>\n<p><a href='http:\/\/ski.inmontanis.info\/d\/238124-2\/DSC03710.jpg'><img src=http:\/\/ski.inmontanis.info\/d\/238123-3\/DSC03710.jpg \/><\/a><br \/>\n^ Offpiste an der DSB Rastello (Talabfahrt-Variante)<\/p>\n<p><a href='http:\/\/ski.inmontanis.info\/d\/238128-2\/DSC03711.jpg'><img src=http:\/\/ski.inmontanis.info\/d\/238127-3\/DSC03711.jpg \/><\/a><br \/>\n^ Offpiste an der DSB Rastello (Talabfahrt-Variante)<\/p>\n<p><a href='http:\/\/ski.inmontanis.info\/d\/238132-2\/DSC03713.jpg'><img src=http:\/\/ski.inmontanis.info\/d\/238131-3\/DSC03713.jpg \/><\/a><br \/>\n^ Die vermutlich urigste Stelle an der netten, urigen, altmodischen Talabfahrt nach Rastello<\/p>\n<p><a href='http:\/\/ski.inmontanis.info\/d\/238136-2\/DSC03714.jpg'><img src=http:\/\/ski.inmontanis.info\/d\/238135-3\/DSC03714.jpg \/><\/a><br \/>\n^ DSB Rastello<\/p>\n<p><a href='http:\/\/ski.inmontanis.info\/d\/238140-2\/DSC03715.jpg'><img src=http:\/\/ski.inmontanis.info\/d\/238139-3\/DSC03715.jpg \/><\/a><br \/>\n^ DSB Rastello<\/p>\n<p><a href='http:\/\/ski.inmontanis.info\/d\/238144-2\/DSC03719.jpg'><img src=http:\/\/ski.inmontanis.info\/d\/238143-3\/DSC03719.jpg \/><\/a><br \/>\n^ Die DSB Rastello \u00fcberquert etliche teils verfallene, alte Bergh\u00e4user.<\/p>\n<p><a href='http:\/\/ski.inmontanis.info\/d\/238148-2\/DSC03721.jpg'><img src=http:\/\/ski.inmontanis.info\/d\/238147-3\/DSC03721.jpg \/><\/a><br \/>\n^ <\/p>\n<p><a href='http:\/\/ski.inmontanis.info\/d\/238152-2\/DSC03725.jpg'><img src=http:\/\/ski.inmontanis.info\/d\/238151-3\/DSC03725.jpg \/><\/a><br \/>\n^ .. ist doch mit einer DSB viel romantischer als mit einer 8EUB ;-)<\/p>\n<p><a href='http:\/\/ski.inmontanis.info\/d\/238156-2\/DSC03728.jpg'><img src=http:\/\/ski.inmontanis.info\/d\/238155-3\/DSC03728.jpg \/><\/a><br \/>\n^ <\/p>\n<p><a href='http:\/\/ski.inmontanis.info\/d\/238160-2\/DSC03731.jpg'><img src=http:\/\/ski.inmontanis.info\/d\/238159-3\/DSC03731.jpg \/><\/a><br \/>\n^ Mittelstation DSB Rastello &#8211; DSB Borrello<\/p>\n<p><a href='http:\/\/ski.inmontanis.info\/d\/238164-2\/DSC03733.jpg'><img src=http:\/\/ski.inmontanis.info\/d\/238163-3\/DSC03733.jpg \/><\/a><br \/>\n^ SL Turra, nachmittags wg. des Sturmes au\u00dfer Betrieb (auch die  anderen Lifte links\/dahinter)<\/p>\n<p>Im Restaurant nebendran kaufte ich mir noch eine Salsiccia-Semmel, wobei das leider keine italienischen Salsiccia, sondern eher deutsche Rostbratw\u00fcrste waren. Na, auch egal. <\/p>\n<p><a href='http:\/\/ski.inmontanis.info\/d\/238168-2\/DSC03734.jpg'><img src=http:\/\/ski.inmontanis.info\/d\/238167-3\/DSC03734.jpg \/><\/a><br \/>\n^ Blick nach Artesina und Prato Nevoso<\/p>\n<p>Die Skipasskarte hab ich heute gar nicht zur\u00fcck gegeben, weil ich nochmal herkommen will, also zumindest zum ESL nach Frabosa, den w\u00fcrd ich doch gern auch mal wieder im Fr\u00fchjahr fahren. Au\u00dferdem w\u00e4re es doch schade, wenn man den besten Lift schon so fr\u00fch in der Saison abgehakt h\u00e4tte und ihn nicht nochmal fahren w\u00fcrde ;-)<\/p>\n<p>Um 15 Uhr fuhr ich los, um 1 Stunde mehr Pufferzeit zu haben. Vor und um Mailand gab es bereits etwas Schnee, wobei die Spuren auf der Autobahn noch frei waren. Trotzdem teils recht voll und langsam gefahren, auch an der Mautstelle etwas Stau. Ab Chiavenna oder danach dann mehr Schnee auf der Stra\u00dfe; lt. Aushang gab es am Maloja Kettenpflicht &#8211; au\u00dfer f\u00fcr 4&#215;4, YES! Es gab dann auch bis fast Tirol mal mehr mal weniger Schnee auf der Stra\u00dfe. In den Kurven (u.a. auch in den Kreisverkehren) kam ich mir aber rutschiger vor als andere und musste langsamer fahren, aber sonst lief alles problemlos und wie zumeist wie \u00fcblich recht leer.<\/p>\n<p><a href='http:\/\/extra.inmontanis.info\/d\/45227-2\/DSC03736.jpg'><img src=http:\/\/extra.inmontanis.info\/d\/45226-3\/DSC03736.jpg \/><\/a><br \/>\n^ Bissl Schnee auf den Autobahnen bereits vor Mailand und recht viel Verkehr &#8211; langsame Geschwindigkeit<\/p>\n<p><a href='http:\/\/extra.inmontanis.info\/d\/45231-2\/DSC03745.jpg'><img src=http:\/\/extra.inmontanis.info\/d\/45230-3\/DSC03745.jpg \/><\/a><br \/>\n^ \u00dcber&#8217;n Maloja und durch&#8217;s Engadin gab&#8217;s dann durchwegs schneebedeckte Fahrbahnen<\/p>\n<p>Um Punkt Mitternacht war ich dann daheim. Passt.<\/p>\n<p>## Ende des verl\u00e4ngerten Wochenendes ##<\/p>\n","protected":false},"excerpt":{"rendered":"<p>So, 10.12.2017 (Tag 3): Artesina (Mondol\u00e9)<\/p>\n<p>F\u00fcr den heutigen Einstieg ins Skigebiet entschied ich mich f\u00fcr die Rastello-DSB &#8211; weil sie mal wieder in Betrieb ist (letzte Saison ging sie Ende Januer nach 1-2 Jahren Stillstand wieder in Betrieb), weil man gleich nebenan parken kann, weil ich heute Abend eh nicht so sp\u00e4t fahren kann, <a href=\"http:\/\/blog.inmontanis.info\/?p=4626\">[&#8230;]<\/a><\/p>\n","protected":false},"author":1,"featured_media":0,"comment_status":"closed","ping_status":"closed","sticky":false,"template":"","format":"standard","meta":{"footnotes":""},"categories":[15,229,59,27,81],"tags":[38,47],"class_list":["post-4626","post","type-post","status-publish","format-standard","hentry","category-italienitaly","category-mondole","category-nostalgie","category-skifahren-winterskiing-winter","category-kurztrips","tag-dsb","tag-sl","odd"],"_links":{"self":[{"href":"http:\/\/blog.inmontanis.info\/index.php?rest_route=\/wp\/v2\/posts\/4626","targetHints":{"allow":["GET"]}}],"collection":[{"href":"http:\/\/blog.inmontanis.info\/index.php?rest_route=\/wp\/v2\/posts"}],"about":[{"href":"http:\/\/blog.inmontanis.info\/index.php?rest_route=\/wp\/v2\/types\/post"}],"author":[{"embeddable":true,"href":"http:\/\/blog.inmontanis.info\/index.php?rest_route=\/wp\/v2\/users\/1"}],"replies":[{"embeddable":true,"href":"http:\/\/blog.inmontanis.info\/index.php?rest_route=%2Fwp%2Fv2%2Fcomments&post=4626"}],"version-history":[{"count":2,"href":"http:\/\/blog.inmontanis.info\/index.php?rest_route=\/wp\/v2\/posts\/4626\/revisions"}],"predecessor-version":[{"id":4628,"href":"http:\/\/blog.inmontanis.info\/index.php?rest_route=\/wp\/v2\/posts\/4626\/revisions\/4628"}],"wp:attachment":[{"href":"http:\/\/blog.inmontanis.info\/index.php?rest_route=%2Fwp%2Fv2%2Fmedia&parent=4626"}],"wp:term":[{"taxonomy":"category","embeddable":true,"href":"http:\/\/blog.inmontanis.info\/index.php?rest_route=%2Fwp%2Fv2%2Fcategories&post=4626"},{"taxonomy":"post_tag","embeddable":true,"href":"http:\/\/blog.inmontanis.info\/index.php?rest_route=%2Fwp%2Fv2%2Ftags&post=4626"}],"curies":[{"name":"wp","href":"https:\/\/api.w.org\/{rel}","templated":true}]}}