{"id":462,"date":"2009-03-04T23:59:45","date_gmt":"2009-03-04T21:59:45","guid":{"rendered":"http:\/\/blog.inmontanis.info\/?p=462"},"modified":"2023-08-04T18:22:00","modified_gmt":"2023-08-04T16:22:00","slug":"sdi-2009-tag-12-monte-sirino-campitello-matese-4-3-2009","status":"publish","type":"post","link":"http:\/\/blog.inmontanis.info\/?p=462","title":{"rendered":"SdI 2009 Tag 12: Monte Sirino + Campitello Matese, 4.3.2009"},"content":{"rendered":"<p><em>[_de]Bilder anklicken zum Vergr\u00f6\u00dfern[\/_de]\u2028[_en]Click photos to enlarge[\/_en]<\/em><\/p>\n<p><strong>4.3.2009, &#8220;Schiro&#8221; d&#8217;Italia &#8211; 12. Tag &#8211; Monte Sirino (S) + Campitello Matese (T)<\/strong><\/p>\n<p><img src=http:\/\/ski.inmontanis.info\/d\/93567-1\/routpin2.jpg \/><\/p>\n<p>Und wieder einmal so ein m\u00fclliger Appennin-Tag &#8230;<\/p>\n<p>Ankunft in Sirino, Lifte au\u00dfer Betrieb. Sah auch nicht so aus, als ob in den letzten Tagen da was ging. Obwohl lt. Schneebericht von letztem Samstag alles h\u00e4tte offen sein m\u00fcssen und es stand auch nix von wegen nur Wochenendbetrieb&#8230;. w\u00e4re ich Sirino mal besser letzten Samstag gefahren &#8211; w\u00e4re interessanter gewesen als Volturino &#038; Viggiano &#038; Sellata &#8230;.<\/p>\n<p><a href='http:\/\/ski.inmontanis.info\/d\/95952-1\/P1360440.JPG'><img src=http:\/\/ski.inmontanis.info\/d\/95954-3\/P1360440.JPG \/><\/a><br \/>\n^ Mittlerer unterer SL<\/p>\n<p><a href='http:\/\/ski.inmontanis.info\/d\/95957-1\/P1360443.JPG'><img src=http:\/\/ski.inmontanis.info\/d\/95959-3\/P1360443.JPG \/><\/a><br \/>\n^ Bergstation mittlerer unterer SL und Talstation der DSB<\/p>\n<p><a href='http:\/\/ski.inmontanis.info\/d\/95962-1\/P1360444.JPG'><img src=http:\/\/ski.inmontanis.info\/d\/95964-3\/P1360444.JPG \/><\/a><br \/>\n^ Einstieg DSB. K\u00f6nnte schon einige Tage nicht mehr in Betrieb gewesen sein&#8230; <\/p>\n<p><a href='http:\/\/ski.inmontanis.info\/d\/95966-1\/P1360445.JPG'><img src=http:\/\/ski.inmontanis.info\/d\/95968-3\/P1360445.JPG \/><\/a><br \/>\n^ Pistenplan. SL E k\u00f6nnte lt. einem Plan im Internet nicht mehr in Betrieb sein.<\/p>\n<p><a href='http:\/\/ski.inmontanis.info\/d\/95970-1\/P1360446.JPG'><img src=http:\/\/ski.inmontanis.info\/d\/95972-3\/P1360446.JPG \/><\/a><br \/>\n^ DSB Strecke bis zur Zwischenstation, dar\u00fcber ist alles in Wolken&#8230;<\/p>\n<p><a href='http:\/\/ski.inmontanis.info\/d\/95974-1\/P1360447.JPG'><img src=http:\/\/ski.inmontanis.info\/d\/95976-3\/P1360447.JPG \/><\/a><br \/>\n^ Rifugio Italia, scheint gro\u00df und modern zu sein.<\/p>\n<p><a href='http:\/\/ski.inmontanis.info\/d\/95978-1\/P1360452.JPG'><img src=http:\/\/ski.inmontanis.info\/d\/95980-3\/P1360452.JPG \/><\/a><br \/>\n^ A3, mal wieder eine sehr lange Baustellen-Zone, mal wieder werden neue Tunnel gebaut, w\u00e4hrend die alte Stra\u00dfe drum rum ging.<\/p>\n<p><a href='http:\/\/ski.inmontanis.info\/d\/95982-1\/P1360453.JPG'><img src=http:\/\/ski.inmontanis.info\/d\/95984-3\/P1360453.JPG \/><\/a><br \/>\n^ A3-Baustellen. Kann auch schon mal vorkommen, dass man zur Abwechslung mal auf die andere Fahrbahn muss &#8230;<\/p>\n<p><a href='http:\/\/ski.inmontanis.info\/d\/95986-1\/P1360454.JPG'><img src=http:\/\/ski.inmontanis.info\/d\/95988-3\/P1360454.JPG \/><\/a><br \/>\n^ .. um dann, nach einer halben Minute, wieder zur\u00fcck zu m\u00fcssen. <\/p>\n<p>&#8230; 2h sp\u00e4ter in Montella, ich nehm wieder mein Auto entgegen. Schon sehr notd\u00fcrftig geflickt (um 350,-, die 230,- vom Mietwagen wird mir ja der \u00d6AMTC ersetzen), was er alles gesagt hat, keine Ahnung, nix verstanden, aber ich solle langsam (oder vorsichtig?) fahren &#8211; aber wieder keine Ahnung warum oder wo das Problem l\u00e4ge (Geschwindigkeit? Unebene Stra\u00dfen? Schnelles lenken? Hab mich halt auf 100 km\/h auf der Autobahn beschr\u00e4nkt und bin sonst auch etwas vorsichtiger gefahren..)<\/p>\n<p>N\u00e4hestes Skigebiet &#8211; mit Ausnahme von Laceno &#8211; war dann Campitello Matese, wo ich gegen 14:15 ankam. Wie bef\u00fcrchtet, war durch den starken Wind an den oberen Liften kein Skibetrieb, sprich, 4KSB und DSB standen still, nur die untere \u00dcbungs-Etage mit 4SB und 2 SL war offen. Immerhin. 2h-Karte um 11,- gekauft und eineinviertel Stunden gefahren, damit ich heut \u00fcberhaupt noch auf Skiern steh.<\/p>\n<p><a href='http:\/\/ski.inmontanis.info\/d\/95991-1\/P1360457.JPG'><img src=http:\/\/ski.inmontanis.info\/d\/95993-3\/P1360457.JPG \/><\/a><br \/>\n^ Blick zum linken Skigebietsteil mit einem SL, der stillgelegt zu sein scheint.<\/p>\n<p><a href='http:\/\/ski.inmontanis.info\/d\/95996-1\/P1360458.JPG'><img src=http:\/\/ski.inmontanis.info\/d\/95998-3\/P1360458.JPG \/><\/a><br \/>\n^ Mittiges Gebiet, links die 4KSB, mittig die DSB, rechts die \u00dcbungs-4SB<\/p>\n<p><a href='http:\/\/ski.inmontanis.info\/d\/96001-1\/P1360460.JPG'><img src=http:\/\/ski.inmontanis.info\/d\/96003-3\/P1360460.JPG \/><\/a><br \/>\n^ \u00dcbungs-SL, \u00dcbungs-4SB, DSB (geht stark nach rechts) und 4KSB (mittig oben)<\/p>\n<p><a href='http:\/\/ski.inmontanis.info\/d\/96005-1\/P1360462.JPG'><img src=http:\/\/ski.inmontanis.info\/d\/96007-3\/P1360462.JPG \/><\/a><br \/>\n^ \u00dcbungs-Hang an SL\/4SB<\/p>\n<p><a href='http:\/\/ski.inmontanis.info\/d\/96009-1\/P1360463.JPG'><img src=http:\/\/ski.inmontanis.info\/d\/96011-3\/P1360463.JPG \/><\/a><br \/>\n^ Ganz rechter SL<\/p>\n<p><a href='http:\/\/ski.inmontanis.info\/d\/96013-1\/P1360464.JPG'><img src=http:\/\/ski.inmontanis.info\/d\/96015-3\/P1360464.JPG \/><\/a><br \/>\n^ Ganz rechter SL<\/p>\n<p><a href='http:\/\/ski.inmontanis.info\/d\/96017-1\/P1360466.JPG'><img src=http:\/\/ski.inmontanis.info\/d\/96019-3\/P1360466.JPG \/><\/a><br \/>\n^ Talstation 4KSB<\/p>\n<p><a href='http:\/\/ski.inmontanis.info\/d\/96021-1\/P1360467.JPG'><img src=http:\/\/ski.inmontanis.info\/d\/96023-3\/P1360467.JPG \/><\/a><br \/>\n^ DSB<\/p>\n<p><a href='http:\/\/ski.inmontanis.info\/d\/96025-1\/P1360468.JPG'><img src=http:\/\/ski.inmontanis.info\/d\/96027-3\/P1360468.JPG \/><\/a><br \/>\n^ \u00dcbungs-SL, \u00dcbungs-4SB, dahinter die DSB.<\/p>\n<p><a href='http:\/\/ski.inmontanis.info\/d\/96029-1\/20090304-campitello.jpg'><img src=http:\/\/ski.inmontanis.info\/d\/96031-3\/20090304-campitello.jpg \/><\/a><br \/>\n^ GPS-Track, rot der stillgelegte SL, orange-links die 4KSB, orange-rechts die DSB.<\/p>\n<p>Das mit dem Wetter ist echt nervig im Appennin, v.a. das Theater mit den St\u00fcrmen. <\/p>\n<p>Da mich hier in der Gegend nix mehr sonderlich interessierte, hab ich mich auf den Weg zum Monte Amiata gemacht und bereits Rom wieder hinter mir gelassen. Ca. 1h davor bin ich in Orvieto von der Autobahn runter, hier sind 3 Hotels, das erste nahm ich &#8211; nix besonderes. Fragt mich der Portier, ob ich ein Nichtraucherzimmer will, was ich bejahe &#8211; was bekomm ich? Ein Raucherzimmer. 45,- \u00dcF, Halbpension gibts zwar, muss man aber das Men\u00fc gleich im Restaurant zahlen (15,- plus sogar das Mineralwasser extra) &#8211; das Funghi-Risotto war mal wieder brottrocken (Reis trocken + hart, ist anscheinend \u00fcblich in Italien), das Beilagen-Brot schmeckt hier mal wieder nach nix (da hat Mineralwasser noch mehr Geschmack), die Hauptspeise war gut aber wenig und es gab noch nicht mal einen Nachtisch. Hallo?? Mag gar nicht daran denken, was ich gestern f\u00fcr ein erstklassiges Men\u00fc h\u00e4tte haben k\u00f6nnen. Hrx. Nebenbei fiel mir auf, dass die Italiener hier anscheinend fr\u00fcher essen &#8211; um 20 Uhr war der Speisesaal schon voll und die Leute mitten unterm Essen &#8211; weiter s\u00fcdlich fangen sie ja fr\u00fchestens um 20 Uhr an, eher 20:30 oder 20:45 &#8230;.<\/p>\n<p>Wenigstens bin ich so heute \u00fcber 600km gefahren, aber skifahrerisch war das heute wieder ein Reinfall. Wenn ich mich nur entscheiden k\u00f6nnte, ob ich die letzten 3 Tage der Reise noch im Appennin bleib, einen Sprung in die ital. Ostalpen mach oder doch &#8211; wie zuerst geplant &#8211; noch 2-3 Tage nach Slowenien d\u00fcse. W\u00fcrd ich wenigstens mal ein vern\u00fcnftiges Fr\u00fchst\u00fcck bekommen :) Andererseits ist der Umweg schon irgendwie heftig&#8230;<\/p>\n<p>(n\u00e4chster Morgen)<\/p>\n<p>Immerhin, das Gejammer mit dem Fr\u00fchst\u00fcck hat funktioniert. Normalerweise sind die Fr\u00fchst\u00fccks f\u00fcr mich oft ein Grund gewesen, in Italien ein f\u00fcr sehr gut empfundenes Hotel abzuwerten, diesmal wars eine glatte Aufwertung: Sehr gro\u00dfes Fr\u00fchst\u00fccksbuffet und sogar SEMMEL gab es!!! So richtig sch\u00f6n mitteleurop\u00e4ische!! I w\u00e4r narrisch!! Endlich mal wieder vern\u00fcnftiges Fr\u00fchst\u00fcck!!!<\/p>\n","protected":false},"excerpt":{"rendered":"<p>Schlechtes Wetter, Lifte geschlossen &#8211; ein m\u00fclliger Appennin-Tag &#8230; <a href=\"http:\/\/blog.inmontanis.info\/?p=462\">[&#8230;]<\/a><\/p>\n","protected":false},"author":1,"featured_media":0,"comment_status":"open","ping_status":"closed","sticky":false,"template":"","format":"standard","meta":{"footnotes":""},"categories":[61,517,15,448,27],"tags":[49,38,47],"class_list":["post-462","post","type-post","status-publish","format-standard","hentry","category-schiroditalia","category-campitello-matese","category-italienitaly","category-monte-sirino","category-skifahren-winterskiing-winter","tag-4sb","tag-dsb","tag-sl","odd"],"_links":{"self":[{"href":"http:\/\/blog.inmontanis.info\/index.php?rest_route=\/wp\/v2\/posts\/462","targetHints":{"allow":["GET"]}}],"collection":[{"href":"http:\/\/blog.inmontanis.info\/index.php?rest_route=\/wp\/v2\/posts"}],"about":[{"href":"http:\/\/blog.inmontanis.info\/index.php?rest_route=\/wp\/v2\/types\/post"}],"author":[{"embeddable":true,"href":"http:\/\/blog.inmontanis.info\/index.php?rest_route=\/wp\/v2\/users\/1"}],"replies":[{"embeddable":true,"href":"http:\/\/blog.inmontanis.info\/index.php?rest_route=%2Fwp%2Fv2%2Fcomments&post=462"}],"version-history":[{"count":2,"href":"http:\/\/blog.inmontanis.info\/index.php?rest_route=\/wp\/v2\/posts\/462\/revisions"}],"predecessor-version":[{"id":464,"href":"http:\/\/blog.inmontanis.info\/index.php?rest_route=\/wp\/v2\/posts\/462\/revisions\/464"}],"wp:attachment":[{"href":"http:\/\/blog.inmontanis.info\/index.php?rest_route=%2Fwp%2Fv2%2Fmedia&parent=462"}],"wp:term":[{"taxonomy":"category","embeddable":true,"href":"http:\/\/blog.inmontanis.info\/index.php?rest_route=%2Fwp%2Fv2%2Fcategories&post=462"},{"taxonomy":"post_tag","embeddable":true,"href":"http:\/\/blog.inmontanis.info\/index.php?rest_route=%2Fwp%2Fv2%2Ftags&post=462"}],"curies":[{"name":"wp","href":"https:\/\/api.w.org\/{rel}","templated":true}]}}