{"id":4616,"date":"2017-12-08T19:19:31","date_gmt":"2017-12-08T18:19:31","guid":{"rendered":"http:\/\/blog.inmontanis.info\/?p=4616"},"modified":"2023-02-25T21:58:23","modified_gmt":"2023-02-25T20:58:23","slug":"viola-st-gree-8-12-2017-neuer-gipfel-sl","status":"publish","type":"post","link":"http:\/\/blog.inmontanis.info\/?p=4616","title":{"rendered":"Viola St. Gree, 8.12.2017 &#8211; Neuer Gipfel-SL"},"content":{"rendered":"<p><strong>Fr, 8.12.2017 (Tag 1): Viola St. Gree &#8211; Neuer Gipfel-SL <\/strong><\/p>\n<p>Dass ich an diesem feiertagsverl\u00e4ngerten 3-Tages-WE irgendwo hin fahren will, war klar. Frankreich, Italien .. wo halt was geht. Netterweise sollte es die 3 Tage im S\u00fcdpiemont am sonnigsten werden und netterweise sollten einige Skigebiete mit (fast) Vollbetrieb \u00f6ffnen, darunter Frabosa\/Mondole (inkl. des Moro-ESL!; Artesina meldet bis zu 190cm Schnee &#8211; und \u00fcbrigens heuer schon seit 11.11. offen!) und in St. Gree sollte zudem endlich der neu wieder aufgebaute (vordere) Gipfel-SL in Betrieb gehen. Grund genug, da heute gleich mal vorbei zu schauen.<\/p>\n<p>Um 2:15 Uhr ging&#8217;s in Innsbruck los, ich nahm wie neuerdings \u00fcblich (trotz CH-Vignette) die k\u00fcrzere und mautg\u00fcnstigste Strecke \u00fcber St. Moritz (-Maloja-Mailand-Alba), 8 Stunden sp\u00e4ter war ich dann am Lift-Parkplatz, und zwar doch mit dem Ignis. Egtl. h\u00e4tte ich die km ja lieber als Puffer f\u00fcr die geplante Kirgisistan-Reise gehabt, aber unter normalen Umst\u00e4nden sollte das trotz der 1.300 km dieses WE noch reichen. Die Strecke \u00fcber St. Moritz ist recht kurz und ich will die 3 Tage nur da unten in der Gegend bleiben. Da ich am Qubo ja nur noch Ganzjahresreifen drauf hab, hatte ich keine gro\u00dfe Lust auf evtl. Schneefahrbahnen oder Schneeparkpl\u00e4tze hier im S\u00fcden oder evtl. am Sonntag dann Schneefahrbahnen im Engadin retour. Au\u00dferdem sollte der Ignis ja auch zuverl\u00e4ssiger sein (weil neuer). <\/p>\n<p>St. Gree: Ja, genial. Die Alpen haben einen neuen Gipfel-SL von CCM mit sch\u00f6nen rot-metallic-Stangen (evtl. doch nur (mehr?) metallic lackiert und nicht eloxiert, wie ich bisher dachte) hoch \u00fcber der Po-Ebene und an der Bergstation mit Meerblick (wenn auch heute leider nicht so toll), dazu 2 pr\u00e4parierte Naturschneeabfahrten und 2 Offpistevarianten. Was will man mehr? Dank des neuen SL kann man jetzt nach ca. 20 Jahren (von ca. 1997-2010 war das Skigebiet ja geschlossen, bevor die neue DSB ohne die restlichen SL in Betrieb ging) endlich wieder fast das komplette Skigebiet befahren &#8211; mit Ausnahme des hinteren\/oberen Sektors. <\/p>\n<p>Die DSB hatte dagegen mal wieder mit Radio \u00fcber die Lautsprecher genervt, und zwar sehr laut. Wer italienische Radiosender kennt, wei\u00df, dass das recht nervig ist und man hoffen muss, wenigstens 1 Lied pro Auffahrt zu h\u00f6ren. Denn so ein typisch italienisches Radio hat ca. 50% Werbung, 40% Geplapper&#038;Bl\u00f6delei und 10% Musik. Dass die Abfahrten an der DSB noch nicht alle ge\u00f6ffnet und pr\u00e4pariert waren, war eh egal, da der Schnee heute noch sch\u00f6n pulvrig war und man alles fahren konnte. Aufgrund der warmen Temperaturen und der Kaltfront morgen, wird das morgen evtl. nicht mehr so gut gehen. <\/p>\n<p>Die 2 Offpiste-Varianten an diesem Vallone-SL waren fr\u00fcher nat\u00fcrlich mal offizielle Abfahrten, mittlerweile entsprechend verwachsen, aber gehen noch. Links die Variante unterhalb der alten ESL-Station (die netterweise noch gut da stand; aber die Grat-DSB wurde vor wenigen Jahren leider komplett abgebaut &#8211; evtl. doch noch verkauft?!). Da wollte ich ja schon lange mal im Sommer rauf &#8211; jetzt konnte ich im Winter ohne Anstrengung hin und sogar die Abfahrt fahren! Nebenbei hat man an der linken Abfahrt am SL Vallone sehr viel Sonne &#8211; w\u00e4hrend die DSB samt Abfahrten zur jetzigen Zeit fast komplett im Schatten liegt.<\/p>\n<p>Rechts vom SL Vallone erwartete mich ein anderes Abenteuer &#8211; einerseits eine kleine Grat-Abfahrt, von der man wieder zum SL Vallone zur\u00fcck kommt, andererseits aber in Verl\u00e4ngerung die ehemalige Abfahrt am SL Solarium, der recht kurios dort auf diesem Grat gebaut wurde und dessen Abfahrt schon recht verwachsen ist. Lt. altem Pistenplan ging von dessen Talstatation ein Skiweg retour. Das hatte ich mir im Sommer schon auf Google Earth und anderen Sat-Bildern angeschaut und ich war mir nicht so ganz klar, welcher der Wege unten man denn nun nehmen soll. Ich tendierte eher zum mittleren, auch von gegen\u00fcber heute hatte es eher den Anschein, dass der untere etwas bergauf gehen m\u00fcsste. Naja, der mittlere h\u00f6rte dann doch irgendwie auf und man fuhr durch den Wald zum unteren Weg, der dann ganz gut ging. Allerdings war ich mir mehrmals unsicher und ich konsultierte am Smartphone das Sat-Bild mit meiner Position. Richtig nervig waren allerdings die Flachst\u00fccke am Grat, denn der Schnee klebte Zentimeterdick unter den Skiern (und das letzte Service ist noch nicht so lang her!), an ein Schieben war nicht zu denken, trotz der Tourengeherspur &#8230; Kostete dann Kraft und Zeit. Vmtl. also besser, doch fr\u00fcher schon durch den Wald runter zu fahren, wie es alle anderen gemacht haben. Durch den SL Vallone w\u00fcrde diese ehemalige Piste ja komplett erschlossen, also man m\u00fcsste nur etwas entgr\u00e4ten und k\u00f6nnte diese zus\u00e4tzliche Piste auch wieder anbieten, halt offiziell mit dem Skiweg unten rum. Oder zwischendrin ein bissl Wald abholzen. Anders gesagt, das obere St\u00fcck am SL Vallone ist durchaus toll, den Rest kann man sich m.E. eher sparen, au\u00dfer man f\u00e4hrt dann irgendwann durch den Wald.<\/p>\n<p>(Fotos anklicken zum Vergr\u00f6\u00dfern.)<\/p>\n<p><a href='http:\/\/ski.inmontanis.info\/d\/237888-2\/ge20171208a.jpg'><img src=http:\/\/ski.inmontanis.info\/d\/237887-3\/ge20171208a.jpg \/><\/a><br \/>\n^ GPS-Track 8.12.2017 in Gelb, einige meiner vorherigen Besuche in Blau. Magenta und Orange die ehemaligen Lifte, wobei ich mir bei Orange nicht ganz sicher bin, was Ort+L\u00e4nge angeht, ebenso nicht was die Vollst\u00e4ndigkeit anbelangt.<\/p>\n<p>Alter Pistenplan:<\/p>\n<p><img src=http:\/\/ski.inmontanis.info\/d\/157742-3\/DSC00022.jpg \/><\/p>\n<p>bzw. besser:<br \/>\n<a href='https:\/\/www.sciitalia.it\/images\/cartine_impianti_piste\/161.jpg'>https:\/\/www.sciitalia.it\/images\/cartine_impianti_piste\/161.jpg<\/a><\/p>\n<p><a href='http:\/\/ski.inmontanis.info\/d\/237660-2\/DSC03422.jpg'><img src=http:\/\/ski.inmontanis.info\/d\/237659-3\/DSC03422.jpg \/><\/a><br \/>\n^ Genug Schnee im Dorf unterhalb des Skigebiets ;)<\/p>\n<p><a href='http:\/\/ski.inmontanis.info\/d\/237664-2\/DSC03425.jpg'><img src=http:\/\/ski.inmontanis.info\/d\/237663-3\/DSC03425.jpg \/><\/a><br \/>\n^ Blick zur DSB und den Abfahrten<\/p>\n<p><a href='http:\/\/ski.inmontanis.info\/d\/237668-2\/DSC03430.jpg'><img src=http:\/\/ski.inmontanis.info\/d\/237667-3\/DSC03430.jpg \/><\/a><br \/>\n^ Die schwarze DSB-Abfahrt war offiziell noch gesperrt, aber abschnittsweise pr\u00e4pariert und ging gut zu fahren. (Die rote DSB-Abfahrt war offen.)<\/p>\n<p><a href='http:\/\/ski.inmontanis.info\/d\/237672-2\/DSC03431.jpg'><img src=http:\/\/ski.inmontanis.info\/d\/237671-3\/DSC03431.jpg \/><\/a><br \/>\n^ DSB-Pano<\/p>\n<p><a href='http:\/\/ski.inmontanis.info\/d\/237676-2\/DSC03436.jpg'><img src=http:\/\/ski.inmontanis.info\/d\/237675-3\/DSC03436.jpg \/><\/a><br \/>\n^ Meer-Pano von der Bergstation des neuen SL Vallone, leider sp\u00e4ter nicht mehr sichtbar<\/p>\n<p><a href='http:\/\/ski.inmontanis.info\/d\/237680-2\/DSC03326.jpg'><img src=http:\/\/ski.inmontanis.info\/d\/237679-3\/DSC03326.jpg \/><\/a><br \/>\n^ Meer-Pano von der Bergstation des neuen SL Vallone (in IR)<\/p>\n<p><a href='http:\/\/ski.inmontanis.info\/d\/237684-2\/DSC03439.jpg'><img src=http:\/\/ski.inmontanis.info\/d\/237683-3\/DSC03439.jpg \/><\/a><br \/>\n^ Neuer SL Vallone vs. Po-Ebene. <\/p>\n<p>So geil, ein neuer SL zum h\u00f6chsten Punkt des Skigebiets mit Meer- und Flachlandpano!!!<\/p>\n<p><a href='http:\/\/ski.inmontanis.info\/d\/237688-2\/DSC03440.jpg'><img src=http:\/\/ski.inmontanis.info\/d\/237687-3\/DSC03440.jpg \/><\/a><br \/>\n^ Talstation SL Vallone<\/p>\n<p><a href='http:\/\/ski.inmontanis.info\/d\/237692-2\/DSC03441.jpg'><img src=http:\/\/ski.inmontanis.info\/d\/237691-3\/DSC03441.jpg \/><\/a><br \/>\n^ SL Vallone Bergstation vs. Meer-Blick<\/p>\n<p><a href='http:\/\/ski.inmontanis.info\/d\/237696-2\/DSC03442.jpg'><img src=http:\/\/ski.inmontanis.info\/d\/237695-3\/DSC03442.jpg \/><\/a><br \/>\n^ SL Vallone vs. Po-Ebene. Rechts die ehemalige ESL-Bergstation<\/p>\n<p><a href='http:\/\/ski.inmontanis.info\/d\/237700-2\/DSC03446.jpg'><img src=http:\/\/ski.inmontanis.info\/d\/237699-3\/DSC03446.jpg \/><\/a><br \/>\n^ Ex-ESL-Bergstation<\/p>\n<p><a href='http:\/\/ski.inmontanis.info\/d\/237704-2\/DSC03447.jpg'><img src=http:\/\/ski.inmontanis.info\/d\/237703-3\/DSC03447.jpg \/><\/a><br \/>\n^ Ex-ESL-Bergstation<\/p>\n<p><a href='http:\/\/ski.inmontanis.info\/d\/237708-2\/DSC03448.jpg'><img src=http:\/\/ski.inmontanis.info\/d\/237707-3\/DSC03448.jpg \/><\/a><\/p>\n<p><a href='http:\/\/ski.inmontanis.info\/d\/237712-2\/DSC03449.jpg'><img src=http:\/\/ski.inmontanis.info\/d\/237711-3\/DSC03449.jpg \/><\/a><\/p>\n<p><a href='http:\/\/ski.inmontanis.info\/d\/237716-2\/DSC03452.jpg'><img src=http:\/\/ski.inmontanis.info\/d\/237715-3\/DSC03452.jpg \/><\/a><\/p>\n<p><a href='http:\/\/ski.inmontanis.info\/d\/237720-2\/DSC03453.jpg'><img src=http:\/\/ski.inmontanis.info\/d\/237719-3\/DSC03453.jpg \/><\/a><\/p>\n<p><a href='http:\/\/ski.inmontanis.info\/d\/237724-2\/DSC03454.jpg'><img src=http:\/\/ski.inmontanis.info\/d\/237723-3\/DSC03454.jpg \/><\/a><\/p>\n<p><a href='http:\/\/ski.inmontanis.info\/d\/237728-2\/DSC03455.jpg'><img src=http:\/\/ski.inmontanis.info\/d\/237727-3\/DSC03455.jpg \/><\/a><br \/>\n^ Ex-ESL-Bergstation<\/p>\n<p><a href='http:\/\/ski.inmontanis.info\/d\/237732-2\/DSC03457.jpg'><img src=http:\/\/ski.inmontanis.info\/d\/237731-3\/DSC03457.jpg \/><\/a><br \/>\n^ Ein alter Sessel liegt auch noch rum. Hat sich wohl mal &#8216;ne Kuh drauf gesetzt, zumindest ist der Boden ziemlich vollgekackt und stinkt entsprechend.<\/p>\n<p><a href='http:\/\/ski.inmontanis.info\/d\/237736-2\/DSC03458.jpg'><img src=http:\/\/ski.inmontanis.info\/d\/237735-3\/DSC03458.jpg \/><\/a><\/p>\n<p><a href='http:\/\/ski.inmontanis.info\/d\/237740-2\/DSC03459.jpg'><img src=http:\/\/ski.inmontanis.info\/d\/237739-3\/DSC03459.jpg \/><\/a><\/p>\n<p><a href='http:\/\/ski.inmontanis.info\/d\/237744-2\/DSC03460.jpg'><img src=http:\/\/ski.inmontanis.info\/d\/237743-3\/DSC03460.jpg \/><\/a><br \/>\n^ Ex-ESL-Bergstation<\/p>\n<p><a href='http:\/\/ski.inmontanis.info\/d\/237748-2\/DSC03463.jpg'><img src=http:\/\/ski.inmontanis.info\/d\/237747-3\/DSC03463.jpg \/><\/a><\/p>\n<p><a href='http:\/\/ski.inmontanis.info\/d\/237752-2\/DSC03465.jpg'><img src=http:\/\/ski.inmontanis.info\/d\/237751-3\/DSC03465.jpg \/><\/a><\/p>\n<p><a href='http:\/\/ski.inmontanis.info\/d\/237756-2\/DSC03467.jpg'><img src=http:\/\/ski.inmontanis.info\/d\/237755-3\/DSC03467.jpg \/><\/a><br \/>\n^ Die T\u00fcr zum Betriebsraum oben scheint offen zu sein &#8230;<\/p>\n<p><a href='http:\/\/ski.inmontanis.info\/d\/237760-2\/DSC03468.jpg'><img src=http:\/\/ski.inmontanis.info\/d\/237759-3\/DSC03468.jpg \/><\/a><\/p>\n<p><a href='http:\/\/ski.inmontanis.info\/d\/237764-2\/DSC03470.jpg'><img src=http:\/\/ski.inmontanis.info\/d\/237763-3\/DSC03470.jpg \/><\/a><br \/>\n^ &#8216;ne Metalltreppe w\u00e4re ich evtl. raufgegangen, aber so eine alte Holztreppe, das Risiko wollte ich lieber nicht eingehen..<\/p>\n<p><a href='http:\/\/ski.inmontanis.info\/d\/237768-2\/DSC03473.jpg'><img src=http:\/\/ski.inmontanis.info\/d\/237767-3\/DSC03473.jpg \/><\/a><br \/>\n^ Hier m\u00fcsste wohl die Talstation der flachen Grat-DSB gewesen sein, die den hintersten Skigebietssektor erschlossen hatte und bis vor wenigen Jahren noch stand. Rechts SL Vallone<\/p>\n<p><a href='http:\/\/ski.inmontanis.info\/d\/237772-2\/DSC03474.jpg'><img src=http:\/\/ski.inmontanis.info\/d\/237771-3\/DSC03474.jpg \/><\/a><br \/>\n^ Ex-ESL-Bergstation, Marchisio 1967<\/p>\n<p><a href='http:\/\/ski.inmontanis.info\/d\/237776-2\/DSC03476.jpg'><img src=http:\/\/ski.inmontanis.info\/d\/237775-3\/DSC03476.jpg \/><\/a><br \/>\n^ Ex-ESL-Bergstation<\/p>\n<p><a href='http:\/\/ski.inmontanis.info\/d\/237780-2\/DSC03478.jpg'><img src=http:\/\/ski.inmontanis.info\/d\/237779-3\/DSC03478.jpg \/><\/a><br \/>\n^ Ehemalige Piste unterhalb der ESL-Bergstation, dank des neuen SL Vallone wieder fahrbar :)<\/p>\n<p><a href='http:\/\/ski.inmontanis.info\/d\/237784-2\/DSC03479.jpg'><img src=http:\/\/ski.inmontanis.info\/d\/237783-3\/DSC03479.jpg \/><\/a><br \/>\n^ Ehemalige Piste unterhalb der ESL-Bergstation zur Bergstation DSB<\/p>\n<p><a href='http:\/\/ski.inmontanis.info\/d\/237788-2\/DSC03482.jpg'><img src=http:\/\/ski.inmontanis.info\/d\/237787-3\/DSC03482.jpg \/><\/a><br \/>\n^ Ehemalige Piste 6 am Grat rechts vom SL Vallone und in Verl\u00e4ngerung zum SL Solarium<\/p>\n<p><a href='http:\/\/ski.inmontanis.info\/d\/237792-2\/DSC03484.jpg'><img src=http:\/\/ski.inmontanis.info\/d\/237791-3\/DSC03484.jpg \/><\/a><br \/>\n^ Ehemalige Piste 6<\/p>\n<p><a href='http:\/\/ski.inmontanis.info\/d\/237796-2\/DSC03487.jpg'><img src=http:\/\/ski.inmontanis.info\/d\/237795-3\/DSC03487.jpg \/><\/a><br \/>\n^ Ehemalige Piste 6<\/p>\n<p><a href='http:\/\/ski.inmontanis.info\/d\/237800-2\/DSC03489.jpg'><img src=http:\/\/ski.inmontanis.info\/d\/237799-3\/DSC03489.jpg \/><\/a><br \/>\n^ Ehemalige Piste 6 und Verbindung zur\u00fcck zum SL Vallone<\/p>\n<p><a href='http:\/\/ski.inmontanis.info\/d\/237804-2\/DSC03490.jpg'><img src=http:\/\/ski.inmontanis.info\/d\/237803-3\/DSC03490.jpg \/><\/a><br \/>\n^ Der neue SL Vallone<\/p>\n<p><a href='http:\/\/ski.inmontanis.info\/d\/237808-2\/DSC03492.jpg'><img src=http:\/\/ski.inmontanis.info\/d\/237807-3\/DSC03492.jpg \/><\/a><br \/>\n^ SL Vallone Talstation<\/p>\n<p><a href='http:\/\/ski.inmontanis.info\/d\/237812-2\/DSC03493.jpg'><img src=http:\/\/ski.inmontanis.info\/d\/237811-3\/DSC03493.jpg \/><\/a><br \/>\n^ Rote Abfahrt DSB, hier im oberen Teil ist wohl jetzt ein Bike-Trail<\/p>\n<p><a href='http:\/\/ski.inmontanis.info\/d\/237816-2\/DSC03497.jpg'><img src=http:\/\/ski.inmontanis.info\/d\/237815-3\/DSC03497.jpg \/><\/a><br \/>\n^ Retour-Skiweg Ex-Piste 8 SL Solarium<\/p>\n<p><a href='http:\/\/ski.inmontanis.info\/d\/237820-2\/DSC03498.jpg'><img src=http:\/\/ski.inmontanis.info\/d\/237819-3\/DSC03498.jpg \/><\/a><br \/>\n^ Klebe-Skipass, Tageskarte kostet 15,- Euro.<\/p>\n<p><a href='http:\/\/ski.inmontanis.info\/d\/237824-2\/DSC03503.jpg'><img src=http:\/\/ski.inmontanis.info\/d\/237823-3\/DSC03503.jpg \/><\/a><br \/>\n^ Ex-Piste 8 am Ex-SL Solarium<\/p>\n<p><a href='http:\/\/ski.inmontanis.info\/d\/237828-2\/DSC03504.jpg'><img src=http:\/\/ski.inmontanis.info\/d\/237827-3\/DSC03504.jpg \/><\/a><br \/>\n^ Ex-Piste 8 \/ Ex-SL Solarium<\/p>\n<p><a href='http:\/\/ski.inmontanis.info\/d\/237832-2\/DSC03507.jpg'><img src=http:\/\/ski.inmontanis.info\/d\/237831-3\/DSC03507.jpg \/><\/a><br \/>\n^ Ex-Piste 8 \/ Ex-SL Solarium<\/p>\n<p><a href='http:\/\/ski.inmontanis.info\/d\/237836-2\/DSC03509.jpg'><img src=http:\/\/ski.inmontanis.info\/d\/237835-3\/DSC03509.jpg \/><\/a><br \/>\n^ Ex-Piste 8 \/ Ex-SL Solarium. Da unten kommt dann ein kurzer Gegenhang in Verl\u00e4ngerung dieser Trasse &#8230;<\/p>\n<p><a href='http:\/\/ski.inmontanis.info\/d\/237840-2\/DSC03513.jpg'><img src=http:\/\/ski.inmontanis.info\/d\/237839-3\/DSC03513.jpg \/><\/a><br \/>\n^ .. war dann die Talstation des SL schon hier? Lt. H\u00f6henmeterangabe und L\u00e4nge nein, demnach ging er noch viel weiter runter.<\/p>\n<p><a href='http:\/\/ski.inmontanis.info\/d\/237844-2\/DSC03515.jpg'><img src=http:\/\/ski.inmontanis.info\/d\/237843-3\/DSC03515.jpg \/><\/a><br \/>\n^ Ex-Piste 8 \/ Ex-SL Solarium, oberer Teil. Warum man den nicht ab hier gebaut hat sondern noch tiefer?! Kurioser SL..<\/p>\n<p><a href='http:\/\/ski.inmontanis.info\/d\/237848-2\/DSC03517.jpg'><img src=http:\/\/ski.inmontanis.info\/d\/237847-3\/DSC03517.jpg \/><\/a><br \/>\n^ Ex-Piste 8 \/ Ex-SL Solarium. Also war das hier die SL-Trasse oder war es evtl. ein Kurven-KSSL?<\/p>\n<p><a href='http:\/\/ski.inmontanis.info\/d\/237852-2\/DSC03519.jpg'><img src=http:\/\/ski.inmontanis.info\/d\/237851-3\/DSC03519.jpg \/><\/a><br \/>\n^ Der SL hatte dann wohl ein ziemlich langes und flaches Mittelst\u00fcck, wo auch immer dann die Abfahrt bzw. die SL-Trasse war..<\/p>\n<p><a href='http:\/\/ski.inmontanis.info\/d\/237856-2\/DSC03520.jpg'><img src=http:\/\/ski.inmontanis.info\/d\/237855-3\/DSC03520.jpg \/><\/a><br \/>\n^ Der Schnee klebte an meinen Skiern, so dass es keine Freude war, hier in dem Flachteil rum zu schieben.<\/p>\n<p><a href='http:\/\/ski.inmontanis.info\/d\/237860-2\/DSC03521.jpg'><img src=http:\/\/ski.inmontanis.info\/d\/237859-3\/DSC03521.jpg \/><\/a><br \/>\n^ Nach einem kurzen Hang, wo sich noch ein paar Schw\u00fcnge ausgehen w\u00fcrden, endg\u00fcltig am vermeintlichen Talstationsort Ex-SL Solarium angekommen.<\/p>\n<p><a href='http:\/\/ski.inmontanis.info\/d\/237864-2\/DSC03523.jpg'><img src=http:\/\/ski.inmontanis.info\/d\/237863-3\/DSC03523.jpg \/><\/a><br \/>\n^ Gem\u00e4\u00df Sat-Bildern h\u00e4tte ich erwartet, dass der Weg hier gleich vor mir die Retour-Piste 8 sein m\u00fcsste. Oder evtl. erst der Weg weiter unten (nicht im Bild zu sehen), der mir von Gegen\u00fcber aber aussah, als k\u00f6nnte er einen Gegenanstieg haben.<\/p>\n<p><a href='http:\/\/ski.inmontanis.info\/d\/237868-2\/DSC03527.jpg'><img src=http:\/\/ski.inmontanis.info\/d\/237867-3\/DSC03527.jpg \/><\/a><br \/>\n^ Hier endete dieser Weg und man kann etwas durch den Wald runter zum unteren Weg fahren<\/p>\n<p><a href='http:\/\/ski.inmontanis.info\/d\/237872-2\/DSC03528.jpg'><img src=http:\/\/ski.inmontanis.info\/d\/237871-3\/DSC03528.jpg \/><\/a><br \/>\n^ Dieser Weg sollte dann jedenfalls wieder die ehemalige Piste 8 gewesen sein. Immerhin war&#8217;s hier nicht mehr so pappig.<\/p>\n<p><a href='http:\/\/ski.inmontanis.info\/d\/237876-2\/DSC03529.jpg'><img src=http:\/\/ski.inmontanis.info\/d\/237875-3\/DSC03529.jpg \/><\/a><br \/>\n^ Daten neuer SL Vallone, der das Skigebiet in St. Gree wieder um so viel interessanter macht.<\/p>\n<p><a href='http:\/\/ski.inmontanis.info\/d\/237880-2\/DSC03530.jpg'><img src=http:\/\/ski.inmontanis.info\/d\/237879-3\/DSC03530.jpg \/><\/a><br \/>\n^ Bergstation SL Vallone vs. Po-Ebene. Gibt schlimmere Arbeitspl\u00e4tze :-)<\/p>\n<p><a href='http:\/\/ski.inmontanis.info\/d\/237884-2\/DSC03535.jpg'><img src=http:\/\/ski.inmontanis.info\/d\/237883-3\/DSC03535.jpg \/><\/a><br \/>\n^ Und auf der hier noch nicht pr\u00e4parierten DSB-Talabfahrtsvariante retour zum Parkplatz.<\/p>\n<p>Fazit: Wie bereits vor einiger Zeit mal irgendwo geschrieben &#8211; mit dem neuen SL Vallone ist St. Gree jetzt wieder ein Gebiet, wo ich&#8217;s einen ganzen Tag aushalten kann, oder zumindest so einen 3\/4 Tag bei An- oder Abreise.<\/p>\n<p>Hier noch ein paar Link zu ein paar alten Bildern, inkl. eines alten Plans (damals noch ohne den oberen DSB-Sektor) und inkl. einer Aufstellung der damaligen Lifte samt techn. Daten:<br \/>\n<a href='http:\/\/www.stgree.it\/media\/fotogallery\/winter\/winter.html'>http:\/\/www.stgree.it\/media\/fotogallery\/winter\/winter.html<\/a><\/p>\n<p>.. und bzgl. des halbverfallenen Hotels:<\/p>\n<p><a href='http:\/\/www.samuelesilva.net\/2016\/07\/27\/labominevole-ecomostro-delle-nevi\/'>http:\/\/www.samuelesilva.net\/2016\/07\/27\/labominevole-ecomostro-delle-nevi\/<\/a><\/p>\n<p><a href='http:\/\/abbandonografando.blogspot.co.at\/2014\/11\/l-abominevole-ecomostro-delle-nevi.html'>http:\/\/abbandonografando.blogspot.co.at\/2014\/11\/l-abominevole-ecomostro-delle-nevi.html<\/a><\/p>\n<p>.. und ein altes Youtube-Video:<br \/>\n<a href='https:\/\/www.youtube.com\/watch?v=k-6pOiUOpDk'>https:\/\/www.youtube.com\/watch?v=k-6pOiUOpDk<\/a><\/p>\n<p>.. und Kris&#8217; 2004er Topic im Alpinforum:<br \/>\n<a href='http:\/\/www.alpinforum.com\/forum\/viewtopic.php?f=32&#038;t=6931'>http:\/\/www.alpinforum.com\/forum\/viewtopic.php?f=32&#038;t=6931<\/a><\/p>\n<p>&#8211;<\/p>\n<p>Da mein hier unten \u00fcbliches Hotel normalerweise freitags geschlossen hat (keien Ahnung, ob das am heutigen Feiertag anders w\u00e4re), hab ich gestern via booking.com ein anderes (etwas entfernteres) Hotel gebucht, mit 50 \u00dcF etwas teurer, aber daf\u00fcr soll das Fr\u00fchst\u00fcck gut und ausreichend sein. Restaurant war leider geschlossen (angeblich wg. Feiertag), aber gegen\u00fcber gibt&#8217;s ne Pizzeria. Fr\u00fchst\u00fcck morgen ab 7:30 sei problemlos. (Pizza Salsiccia + Paprika 8,- + 1,50 Gedeck + 1,- f\u00fcr 1l Wasser. Beim Bezahlen bekam man dann noch eine Riesensemmel geschenkt. Damit ist das morgige Mittagessen abgedeckt, allerdings br\u00e4uchte ich dann fast noch etwas Schinken \/ K\u00e4se .. oder beim Fr\u00fchst\u00fccksbuffet ein Nutella mitgehen lassen ;)<\/p>\n<p><a href='http:\/\/extra.inmontanis.info\/d\/45223-2\/DSC03537.jpg'><img src=http:\/\/extra.inmontanis.info\/d\/45222-3\/DSC03537.jpg \/><\/a><br \/>\n^ Riesige Semmel in der Pizzeria geschenkt bekommen &#8211; werde ich wohl morgen Mittag essen m\u00fcssen.<\/p>\n<p>F\u00fcr morgen w\u00e4re dann Frabosa\/Mondole komplett geplant, und egtl. f\u00fcr Sonntag auch. Weil mir 1 Tag nicht reicht, den ESL komplett genug abzufahren und dann noch Artesina alles gewollte mitzunehmen. Alternative w\u00e4re noch Pian Mun\u00e9 (ebenfalls schon Vollbetrieb, aber ja wo anders und leider den vor einigen Jahren gebraucht gekauften und aufgestellten SL immer noch nicht in Betrieb genommen &#8211; das nervt.) oder Lurisia, die ebenfalls seit heute offen haben sollen. Aber da hatte ich am Saisonanfang in den letzten Jahren auch nicht immer die besten Erfahrungen gemacht, das besuch ich heuer lieber erst etwas sp\u00e4ter. Werde vermutlich also im Laufe der Saison nochmal f\u00fcr 2-3 Tage hier runter kommen, 1 Tag Lurisia (oder evtl. nur ein halber + nochmal Moro-ESL) und 1 Tag Argentera (war ich auch schon lang nicht mehr), oder doch nochmal ein ganzer Tag in Frabosa. <\/p>\n<p>(Fortsetzung folgt.)<\/p>\n","protected":false},"excerpt":{"rendered":"<p>Fr, 8.12.2017 (Tag 1): Viola St. Gree &#8211; Neuer Gipfel-SL <\/p>\n<p>Dass ich an diesem feiertagsverl\u00e4ngerten 3-Tages-WE irgendwo hin fahren will, war klar. Frankreich, Italien .. wo halt was geht. Netterweise sollte es die 3 Tage im S\u00fcdpiemont am sonnigsten werden und netterweise sollten einige Skigebiete mit (fast) Vollbetrieb \u00f6ffnen, darunter Frabosa\/Mondole (inkl. des Moro-ESL!; <a href=\"http:\/\/blog.inmontanis.info\/?p=4616\">[&#8230;]<\/a><\/p>\n","protected":false},"author":1,"featured_media":0,"comment_status":"closed","ping_status":"closed","sticky":false,"template":"","format":"standard","meta":{"footnotes":""},"categories":[15,27,233,32,81],"tags":[38,35,80,37,47],"class_list":["post-4616","post","type-post","status-publish","format-standard","hentry","category-italienitaly","category-skifahren-winterskiing-winter","category-st-gree","category-lostplaces","category-kurztrips","tag-dsb","tag-esl","tag-marchisio","tag-meer","tag-sl","odd"],"_links":{"self":[{"href":"http:\/\/blog.inmontanis.info\/index.php?rest_route=\/wp\/v2\/posts\/4616","targetHints":{"allow":["GET"]}}],"collection":[{"href":"http:\/\/blog.inmontanis.info\/index.php?rest_route=\/wp\/v2\/posts"}],"about":[{"href":"http:\/\/blog.inmontanis.info\/index.php?rest_route=\/wp\/v2\/types\/post"}],"author":[{"embeddable":true,"href":"http:\/\/blog.inmontanis.info\/index.php?rest_route=\/wp\/v2\/users\/1"}],"replies":[{"embeddable":true,"href":"http:\/\/blog.inmontanis.info\/index.php?rest_route=%2Fwp%2Fv2%2Fcomments&post=4616"}],"version-history":[{"count":3,"href":"http:\/\/blog.inmontanis.info\/index.php?rest_route=\/wp\/v2\/posts\/4616\/revisions"}],"predecessor-version":[{"id":4619,"href":"http:\/\/blog.inmontanis.info\/index.php?rest_route=\/wp\/v2\/posts\/4616\/revisions\/4619"}],"wp:attachment":[{"href":"http:\/\/blog.inmontanis.info\/index.php?rest_route=%2Fwp%2Fv2%2Fmedia&parent=4616"}],"wp:term":[{"taxonomy":"category","embeddable":true,"href":"http:\/\/blog.inmontanis.info\/index.php?rest_route=%2Fwp%2Fv2%2Fcategories&post=4616"},{"taxonomy":"post_tag","embeddable":true,"href":"http:\/\/blog.inmontanis.info\/index.php?rest_route=%2Fwp%2Fv2%2Ftags&post=4616"}],"curies":[{"name":"wp","href":"https:\/\/api.w.org\/{rel}","templated":true}]}}