{"id":4604,"date":"2017-12-02T23:26:02","date_gmt":"2017-12-02T22:26:02","guid":{"rendered":"http:\/\/blog.inmontanis.info\/?p=4604"},"modified":"2023-08-06T09:25:47","modified_gmt":"2023-08-06T07:25:47","slug":"bodele-2-12-2017-nostalschi-im-bregenzerwald","status":"publish","type":"post","link":"http:\/\/blog.inmontanis.info\/?p=4604","title":{"rendered":"B\u00f6dele, 2.12.2017 \/ Nostalschi im Bregenzerwald"},"content":{"rendered":"<p>Hja, was war das am Freitag Abend wieder ein Kampf. S\u00e4mtliche ge\u00f6ffneten Skigebiete in Wochenendausflugsreichweite (und wo brauchbares Wetter werden sollte) checken &#8211; was interessiert mich, was kostet es, was kosten die, die mich weniger interessieren &#8230; Die meisten, die mich interessierten, hatten dann doch wieder zu wenig offen oder zu wenig f\u00fcr den verlangten Kartenpreis und einige derer, die mich nicht interessierten, hatten zwar verg\u00fcnstigte Tageskarten. In der Schweiz waren die Wettervorhersagen leider nicht sehr berauschend, obwohl es da einige gegeben h\u00e4tte (und ich auch einige 50%-Tageskarten auf ticketcorner gekauft hab, die ich nun im Laufe der Saison einl\u00f6sen muss).<\/p>\n<p>Zwischendrin lag noch Vorarlberg, genauer gesagt der Bregenzerwald am Bodensee. In dem Bereich wollte ich heuer eh 2 Tage verbringen (Hochgrad, Andelsbuch und\/oder Alberschwende). B\u00f6dele und gegen\u00fcber Andelsbuch meldeten quasi Vollbetrieb. Nostalgie am Bodensee, mit Pulverschnee und ohne Kunstschnee, das verspricht doch nett zu werden. Andelsbuch war ich ja schon mal und da wusste ich, dass mir ein halber Tag nicht ausreichen wird. Auch am B\u00f6dele schien mir ein halber Tag nicht zu reichen, also dann 2 Tage. Aber auf booking.com ein Zimmer zu finden war schwierig, zumindest wenn man wie ich normalerweise nicht mehr als 50,- \u20ac ausgeben will, aber auch normalweise nicht eine Bewertung von unter 7 akzeptieren will. Au\u00dferdem ist die Region nur 200km entfernt, so dass ich selbst bei 50,- \u20ac g\u00fcnstiger weg komm, wenn ich heim fahr und morgen nochmal her .. Nach langer Suche hab ich mich f\u00fcr ein Hotel auf deutscher Seite n\u00e4he Oberstaufen (ca. 30-35km entfernt) entschieden, 49,- \u20ac, 4 Sterne, sehr gute Bewertungen und ein angeblich sehr reichhaltiges Fr\u00fchst\u00fccksbuffet. <\/p>\n<p>Unterwegs war ich mit dem Qubo, da ich km-m\u00e4\u00dfig momentan etwas f\u00fcr die gro\u00dfe Reise &#8220;sparen&#8221; muss, was \u00fcbern Arlberg allerdings weniger prickelnd war, weil die Stra\u00dfen etwas schneebedeckt waren und ich am Qubo jetzt nur noch Ganzjahresreifen drauf hab, weil ich ja im Winter egtl. nur noch mit dem Ignis fahren will. Ging aber. Nicht gecheckt hatte ich, dass die Verbindung Lech-Warth noch offen gewesen w\u00e4re, das kapierte ich erst hinter Dornbirn an einem Stra\u00dfen\u00f6ffnungs-Schild, so dass ich mir das f\u00fcr die Retourfahrt vornahm.<\/p>\n<p>Wetterm\u00e4\u00dfig war f\u00fcr morgen etwas mehr Nebel gemeldet, und da Andelsbuch h\u00f6her liegt und ich somit hoffte, dort morgen \u00fcber dem Nebel sein zu k\u00f6nnen, entschied ich mich f\u00fcr den ersten Tag f\u00fcr&#8217;s B\u00f6dele. Dort wiederum entschied ich mich f\u00fcr den untersten SL Halde als Einstiegspunkt. Tageskarte (Vollpreis, 32,70) ging leider un-nostalgisch auf eine Chipkarte, die ich nachmittags wieder retour geben musste. H\u00e4tte ich mal zuvor gefragt. Allerdings war der SL Halde schon mal der beste Lift des ganzen Tages. Lang, steil, Kurzb\u00fcgler und eine Kurve. Eine handvoll Abfahrten, wobei einige unpr\u00e4pariert waren, d.h. heute frischer Pulver-Tiefschnee. Nur unten stand vereinzelt eine Schneekanone und auf den Pisten war hier und da auch etwas Dreck. Aber vorsorglich hatte ich die alten Allmountain-Ski an.<\/p>\n<p>Leider liegt der SL Halde zu tief und es gibt keinen Verbindungslift, so muss man mit dem Skibus fahren. Dieser sollte lt. Kasiererin halbst\u00fcndig fahren, aber wie sich dann sp\u00e4ter herausstellen sollte, fuhr er jetzt in der Vorsaison nur st\u00fcndlich &#8211; zum Gl\u00fcck musste ich nur ca. 20-25min warten, bevor er dann fast komplett voll ankam. Trotzdem gab es auch am n\u00e4chsten Kurzb\u00fcgel-SL keine Wartezeiten. Die zweite positive \u00dcberraschung war dann der Doppel-Kurven-SL Alpenblick &#8220;oben links&#8221; wg. seiner netten Trasse und den Abfahrten rechts. Die Verbindungspisten oben+unten zum rechten Skigebietsteil waren leider anstrengend (da Schieben) und dieser rechte Teil mit der 4SB als Hauptanlage fand ich dann auch eher langweilig und durchschnittlich. Wer die linken SL toll findet und nur einen halben Tag Zeit hat, kann getrost auf den rechten Teil verzichten.<\/p>\n<p>Leider war es doch nicht ganz so sonnig wie gemeldet, insb. der rechte Teil bzw. der Gipfelbereich war doch \u00f6fters mal in Nebelwolken, auch der Blick zum Bodensee war wieder einmal eher schlecht als recht. Kurz vor 16 Uhr nahm ich nochmal eine Fahrt am SL Halde, wobei ich erst durchs Drehkreuz ging, dann abgeschnallt + zur Kasse + Skipass retour gegeben + nochmal raufgefahren (ja, &#8220;letzte Fahrt&#8221;, ich wei\u00df, ich hab eh keinen Skipass mehr!) und dann mit Schuss zum Parkplatz.<\/p>\n<p>(Fotos anklicken zum Vergr\u00f6\u00dfern.)<\/p>\n<p><a href='http:\/\/ski.inmontanis.info\/d\/237248-2\/DSC03273.jpg'><img src=http:\/\/ski.inmontanis.info\/d\/237246-3\/DSC03273.jpg \/><\/a><br \/>\n^ Pistenplan. Und das, was geschlossen war, war eben offpiste im Tiefschnee fahrbar ;-)<br \/>\nEine 4SB und sonst nur SL, ist doch mal nostalgisch.<\/p>\n<p><a href='http:\/\/ski.inmontanis.info\/d\/237252-2\/ge20171202b.jpg'><img src=http:\/\/ski.inmontanis.info\/d\/237251-3\/ge20171202b.jpg \/><\/a><br \/>\n^ GPS-Track 2.12.2017<\/p>\n<p><a href='http:\/\/ski.inmontanis.info\/d\/237256-2\/DSC03204.jpg'><img src=http:\/\/ski.inmontanis.info\/d\/237255-3\/DSC03204.jpg \/><\/a><br \/>\n^ Kurven-SL Halde, positive \u00dcberraschung des heutigen Tages erster Teil<\/p>\n<p><a href='http:\/\/ski.inmontanis.info\/d\/237260-2\/DSC03206.jpg'><img src=http:\/\/ski.inmontanis.info\/d\/237259-3\/DSC03206.jpg \/><\/a><br \/>\n^ Rechts vom SL Halde ging es wohl einst zu einem weiteren Lift<\/p>\n<p><a href='http:\/\/ski.inmontanis.info\/d\/237264-2\/DSC03209.jpg'><img src=http:\/\/ski.inmontanis.info\/d\/237263-3\/DSC03209.jpg \/><\/a><br \/>\n^ Abfahrt SL Halde<\/p>\n<p><a href='http:\/\/ski.inmontanis.info\/d\/237268-2\/DSC03210.jpg'><img src=http:\/\/ski.inmontanis.info\/d\/237267-3\/DSC03210.jpg \/><\/a><br \/>\n^ Abfahrt SL Halde<\/p>\n<p><a href='http:\/\/ski.inmontanis.info\/d\/237272-2\/DSC03211.jpg'><img src=http:\/\/ski.inmontanis.info\/d\/237271-3\/DSC03211.jpg \/><\/a><br \/>\n^ Kurven- und Kurzb\u00fcgel-SL Halde<\/p>\n<p><a href='http:\/\/ski.inmontanis.info\/d\/237276-2\/DSC03213.jpg'><img src=http:\/\/ski.inmontanis.info\/d\/237275-3\/DSC03213.jpg \/><\/a><br \/>\n^ Kurve SL Halde. Dass ich hier mal wieder zu so einer Kurve komm, hatte ich nicht erwartet.<\/p>\n<p><a href='http:\/\/ski.inmontanis.info\/d\/237280-2\/DSC03215.jpg'><img src=http:\/\/ski.inmontanis.info\/d\/237279-3\/DSC03215.jpg \/><\/a><br \/>\n^ Kurve SL Halde.<\/p>\n<p><a href='http:\/\/ski.inmontanis.info\/d\/237284-2\/DSC03219.jpg'><img src=http:\/\/ski.inmontanis.info\/d\/237283-3\/DSC03219.jpg \/><\/a><br \/>\n^ Abfahrt 10 SL Halde, unpr\u00e4pariert und toller Pulver<\/p>\n<p><a href='http:\/\/ski.inmontanis.info\/d\/237288-2\/DSC03220.jpg'><img src=http:\/\/ski.inmontanis.info\/d\/237287-3\/DSC03220.jpg \/><\/a><br \/>\n^ Abfahrt am SL Hag, nicht in Betrieb, aber ja auch nicht n\u00f6tig, man kommt unten zum SL Halde r\u00fcber.<\/p>\n<p><a href='http:\/\/ski.inmontanis.info\/d\/237292-2\/DSC03222.jpg'><img src=http:\/\/ski.inmontanis.info\/d\/237291-3\/DSC03222.jpg \/><\/a><br \/>\n^ Variante am SL Halde<\/p>\n<p><a href='http:\/\/ski.inmontanis.info\/d\/237296-2\/DSC03223.jpg'><img src=http:\/\/ski.inmontanis.info\/d\/237295-3\/DSC03223.jpg \/><\/a><br \/>\n^ Tiefschnee am SL Hag<\/p>\n<p><a href='http:\/\/ski.inmontanis.info\/d\/237300-2\/DSC03225.jpg'><img src=http:\/\/ski.inmontanis.info\/d\/237299-3\/DSC03225.jpg \/><\/a><br \/>\n^ Rechts vom SL Halde (ging es wohl einst zu einem weiteren Lift?) &#8211; ich fuhr den Spuren mal nach, aber man kam dann doch bei weitem nicht zu den oberen Liften &#8211; sondern nur zu einer Bushaltestelle.<\/p>\n<p><a href='http:\/\/ski.inmontanis.info\/d\/237304-2\/DSC03226.jpg'><img src=http:\/\/ski.inmontanis.info\/d\/237303-3\/DSC03226.jpg \/><\/a><br \/>\n^ Abfahrt SL Halde rechts \/ zur Bushaltestelle nach weiter oben<\/p>\n<p><a href='http:\/\/ski.inmontanis.info\/d\/237308-2\/DSC03228.jpg'><img src=http:\/\/ski.inmontanis.info\/d\/237307-3\/DSC03228.jpg \/><\/a><br \/>\n^ SL Hoch\u00e4lpele, wieder ein Kurzb\u00fcgler und der l\u00e4ngste Lift im Skigebiet (1700m laut Plan).<\/p>\n<p><a href='http:\/\/ski.inmontanis.info\/d\/237312-2\/DSC03230.jpg'><img src=http:\/\/ski.inmontanis.info\/d\/237311-3\/DSC03230.jpg \/><\/a><br \/>\n^ Doppelkurven-SL Alpenblick, der zweitbeste Lift im Skigebiet und \u00dcberraschung des Tages zweiter Teil<\/p>\n<p><a href='http:\/\/ski.inmontanis.info\/d\/237316-2\/DSC03231.jpg'><img src=http:\/\/ski.inmontanis.info\/d\/237315-3\/DSC03231.jpg \/><\/a><br \/>\n^ Abfahrt SL Alpenblick<\/p>\n<p><a href='http:\/\/ski.inmontanis.info\/d\/237320-2\/DSC03232.jpg'><img src=http:\/\/ski.inmontanis.info\/d\/237319-3\/DSC03232.jpg \/><\/a><br \/>\n^ SL Alpenblick<\/p>\n<p><a href='http:\/\/ski.inmontanis.info\/d\/237324-2\/DSC03233.jpg'><img src=http:\/\/ski.inmontanis.info\/d\/237323-3\/DSC03233.jpg \/><\/a><br \/>\n^ Abfahrt 2 am SL Alpenblick<\/p>\n<p><a href='http:\/\/ski.inmontanis.info\/d\/237328-2\/DSC03237.jpg'><img src=http:\/\/ski.inmontanis.info\/d\/237327-3\/DSC03237.jpg \/><\/a><br \/>\n^ SL Alpenblick, erste Kurve<\/p>\n<p><a href='http:\/\/ski.inmontanis.info\/d\/237332-2\/DSC03238.jpg'><img src=http:\/\/ski.inmontanis.info\/d\/237331-3\/DSC03238.jpg \/><\/a><br \/>\n^ Abfahrt 5 am SL Alpenblick, im oberen Bereich noch ganz nett ..<\/p>\n<p><a href='http:\/\/ski.inmontanis.info\/d\/237336-2\/DSC03239.jpg'><img src=http:\/\/ski.inmontanis.info\/d\/237335-3\/DSC03239.jpg \/><\/a><br \/>\n^ .. im unteren Bereich dann eher  langweilig<\/p>\n<p><a href='http:\/\/ski.inmontanis.info\/d\/237340-2\/DSC03240.jpg'><img src=http:\/\/ski.inmontanis.info\/d\/237339-3\/DSC03240.jpg \/><\/a><br \/>\n^ SL Alpenblick<\/p>\n<p><a href='http:\/\/ski.inmontanis.info\/d\/237344-2\/DSC03246.jpg'><img src=http:\/\/ski.inmontanis.info\/d\/237343-3\/DSC03246.jpg \/><\/a><br \/>\n^ Die 2. Kurve am SL Alpenblick<\/p>\n<p><a href='http:\/\/ski.inmontanis.info\/d\/237348-2\/DSC03247.jpg'><img src=http:\/\/ski.inmontanis.info\/d\/237347-3\/DSC03247.jpg \/><\/a><br \/>\n^ SL Seeblick<\/p>\n<p><a href='http:\/\/ski.inmontanis.info\/d\/237352-2\/DSC03248.jpg'><img src=http:\/\/ski.inmontanis.info\/d\/237351-3\/DSC03248.jpg \/><\/a><br \/>\n^ Die Verbindung vom SL Seeblick r\u00fcber zum rechten Skigebietsteil ist m\u00fchselig; die Verbindung ganz unten retour zum SL Hoch\u00e4lpele ebenfalls. Besser gehts auf der Verbindung in der Mitte.<\/p>\n<p><a href='http:\/\/ski.inmontanis.info\/d\/237356-2\/DSC03250.jpg'><img src=http:\/\/ski.inmontanis.info\/d\/237355-3\/DSC03250.jpg \/><\/a><br \/>\n^ 4SB Lank. Abgesehen vom Blick zum Bodensee ist der rechte Skigebietssektor eher langweilig<\/p>\n<p><a href='http:\/\/ski.inmontanis.info\/d\/237360-2\/DSC03251.jpg'><img src=http:\/\/ski.inmontanis.info\/d\/237359-3\/DSC03251.jpg \/><\/a><br \/>\n^ Abfahrt 3 an der 4SB Lank mit Blick zum Bodensee, grad, dass man ihn sehen kann..<\/p>\n<p><a href='http:\/\/ski.inmontanis.info\/d\/237364-2\/DSC03321.jpg'><img src=http:\/\/ski.inmontanis.info\/d\/237363-3\/DSC03321.jpg \/><\/a><br \/>\n^ IR-Pano Bodensee<\/p>\n<p><a href='http:\/\/ski.inmontanis.info\/d\/237368-2\/DSC03323.jpg'><img src=http:\/\/ski.inmontanis.info\/d\/237367-3\/DSC03323.jpg \/><\/a><br \/>\n^ IR-Zoom Bodensee<\/p>\n<p><a href='http:\/\/ski.inmontanis.info\/d\/237372-2\/DSC03254.jpg'><img src=http:\/\/ski.inmontanis.info\/d\/237371-3\/DSC03254.jpg \/><\/a><br \/>\n^ \u00dcbungs-Doppel-Tellerlift Obdachloser, nein Oberloser, nein Oberlose.<\/p>\n<p><a href='http:\/\/ski.inmontanis.info\/d\/237376-2\/DSC03257.jpg'><img src=http:\/\/ski.inmontanis.info\/d\/237375-3\/DSC03257.jpg \/><\/a><br \/>\n^ Untere Verbindung, also retour zur Talstation SL Hoch\u00e4lpele. Fing gut an, aber sp\u00e4ter musste man auch wieder schieben.<\/p>\n<p><a href='http:\/\/ski.inmontanis.info\/d\/237380-2\/DSC03258.jpg'><img src=http:\/\/ski.inmontanis.info\/d\/237379-3\/DSC03258.jpg \/><\/a><br \/>\n^ SL Wei\u00dftanne, lie\u00df ich aus. Das h\u00e4tte schon was altes (italienisches) sein m\u00fcssen, dass ich mir f\u00fcr den Lift die Ski ausgezogen h\u00e4tte und \u00fcber die Stra\u00dfe gegangen w\u00e4re ;-)<\/p>\n<p><a href='http:\/\/ski.inmontanis.info\/d\/237384-2\/DSC03259.jpg'><img src=http:\/\/ski.inmontanis.info\/d\/237383-3\/DSC03259.jpg \/><\/a><br \/>\n^ Talstation einer PHB-4EUB .. k\u00f6nnte man meinen! Ist aber der SL Hoch\u00e4lpele (plus Restaurant)<\/p>\n<p><a href='http:\/\/ski.inmontanis.info\/d\/237388-2\/DSC03260.jpg'><img src=http:\/\/ski.inmontanis.info\/d\/237387-3\/DSC03260.jpg \/><\/a><br \/>\n^ Tolle, steile Skiroute 2 am SL Alpenblick (griffiger, unk\u00fcnstlicher Naturschnee)<\/p>\n<p><a href='http:\/\/ski.inmontanis.info\/d\/237392-2\/DSC03261.jpg'><img src=http:\/\/ski.inmontanis.info\/d\/237391-3\/DSC03261.jpg \/><\/a><br \/>\n^ Tolle Skiroute 2 am SL Alpenblick<\/p>\n<p><a href='http:\/\/ski.inmontanis.info\/d\/237396-2\/DSC03264.jpg'><img src=http:\/\/ski.inmontanis.info\/d\/237395-3\/DSC03264.jpg \/><\/a><br \/>\n^ SL Alpenblick<\/p>\n<p><a href='http:\/\/ski.inmontanis.info\/d\/237400-2\/DSC03265.jpg'><img src=http:\/\/ski.inmontanis.info\/d\/237399-3\/DSC03265.jpg \/><\/a><br \/>\n^ SL Alpenblick<\/p>\n<p><a href='http:\/\/ski.inmontanis.info\/d\/237404-2\/DSC03267.jpg'><img src=http:\/\/ski.inmontanis.info\/d\/237403-3\/DSC03267.jpg \/><\/a><br \/>\n^ Zu wenig Schnee hat&#8217;s hier oben nicht ;-)<\/p>\n<p><a href='http:\/\/ski.inmontanis.info\/d\/237408-2\/DSC03270.jpg'><img src=http:\/\/ski.inmontanis.info\/d\/237407-3\/DSC03270.jpg \/><\/a><br \/>\n^ Kurzb\u00fcgel-SL Hoch\u00e4lpele mit einigen alten halbseitigen Niederhaltern, aber blaue Abfahrten direkt am Lift entlang, selbst bei Nichtmodellierung, find ich doch eher langweilig.<\/p>\n<p><a href='http:\/\/ski.inmontanis.info\/d\/237412-2\/DSC03271.jpg'><img src=http:\/\/ski.inmontanis.info\/d\/237411-3\/DSC03271.jpg \/><\/a><br \/>\n^ Rote Abfahrt (und kleiner Offpistebereich) rechts vom SL Seeblick<\/p>\n<p><a href='http:\/\/ski.inmontanis.info\/d\/237416-2\/DSC03272.jpg'><img src=http:\/\/ski.inmontanis.info\/d\/237415-3\/DSC03272.jpg \/><\/a><br \/>\n^ Abfahrt 6 an der 4SB Lank, in der Mitte kann man vom und zum SL Seeblick wechseln<\/p>\n<p><a href='http:\/\/ski.inmontanis.info\/d\/237420-2\/DSC03274.jpg'><img src=http:\/\/ski.inmontanis.info\/d\/237419-3\/DSC03274.jpg \/><\/a><br \/>\n^ Verbindungs-Skiroute 3 zum SL Halde, h\u00e4tte ich mir vom GE-Sat-Bild interessanter vorgestellt.<\/p>\n<p><a href='http:\/\/ski.inmontanis.info\/d\/237424-2\/DSC03275.jpg'><img src=http:\/\/ski.inmontanis.info\/d\/237423-3\/DSC03275.jpg \/><\/a><br \/>\n^ Verbindungs-Skiroute 3 zum SL Halde, im unteren Bereich kann man entweder den Skiweg nehmen oder den unpr\u00e4parierten und interessantesten Hang der Verbindung nehmen.<\/p>\n<p>Fazit: Nettes Nostalgie-Skigebiet, gefiel mir abfahrtsm\u00e4\u00dfig mit den linken beiden SL viel besser als Alberschwende vor einigen Jahren; bzw. w\u00fcrde ich das n\u00e4chsten Mal die beiden Skigebiete eher mit je einem Halbtag verbinden und jeweils die uninteressanteren Gebietsteile auslassen. Wobei Alterschwede, meine Alberschwende, samt seines ESL dieses WE ja leider noch geschlossen war. Andelsbuch, das ich ja dann am n\u00e4chsten Tag besucht hab, sollte man aber nicht mit einem anderen Skigebiet verbinden, viel zu genial, die ganzen Varianten, da braucht man einen Tag :) Evtl. schaff ich&#8217;s heuer noch auf&#8217;s Hochgrat, evtl. fahr ich da mal noch f\u00fcr 1-2h zum ESL in Alberschwende r\u00fcber.<\/p>\n<p>Das Hotel war dann durchaus ganz nett, auch das Zimmer. F\u00fcr mich ja sehr ungew\u00f6hnlich, an der Rezeption deutsch sprechen zu k\u00f6nnen. Restaurant war auch gleich ge\u00f6ffnet, die Portion Allg\u00e4uer K\u00e4sesp\u00e4tzle samt Salat zwar nicht so g\u00fcnstig, aber sehr viel &#8211; zu viel f\u00fcr mich heute Abend. Am verst\u00f6rendsten fand ich, dass ich erst mal gefragt wurde, was ich zu trinken m\u00f6chte, bevor ich die Karte bekam. Ja, ich wei\u00df, ist \u00fcblich in Deutschland, aber wenn man fast ausschlie\u00dflich in Frankreich und Italien essen geht, ist man es weder gewohnt, sich einfach auf einen Tisch zu setzen (ohne sich einweisen zu lassen) und erst recht nicht gewohnt, dass man gleich das Getr\u00e4nk bestellen muss.  WLan war leider auch zu vergessen (ultra-langsam), aber dank des g\u00fcnstigen EU-Roamings ja nicht mehr so n\u00f6tig.<\/p>\n<p><a href='http:\/\/extra.inmontanis.info\/d\/45205-2\/DSC03277.jpg'><img src=http:\/\/extra.inmontanis.info\/d\/45204-3\/DSC03277.jpg \/><\/a><br \/>\n^ Hotelzimmer im Allg\u00e4u<\/p>\n<p>(Fortsetzung folgt.)<\/p>\n","protected":false},"excerpt":{"rendered":"<p>Hja, was war das am Freitag Abend wieder ein Kampf. S\u00e4mtliche ge\u00f6ffneten Skigebiete in Wochenendausflugsreichweite (und wo brauchbares Wetter werden sollte) checken &#8211; was interessiert mich, was kostet es, was kosten die, die mich weniger interessieren &#8230; Die meisten, die mich interessierten, hatten dann doch wieder zu wenig offen oder zu wenig f\u00fcr den verlangten <a href=\"http:\/\/blog.inmontanis.info\/?p=4604\">[&#8230;]<\/a><\/p>\n","protected":false},"author":1,"featured_media":0,"comment_status":"closed","ping_status":"closed","sticky":false,"template":"","format":"standard","meta":{"footnotes":""},"categories":[883,59,13,27,81],"tags":[49,90,45,47],"class_list":["post-4604","post","type-post","status-publish","format-standard","hentry","category-bodele","category-nostalgie","category-austria","category-skifahren-winterskiing-winter","category-kurztrips","tag-4sb","tag-infrarot","tag-see","tag-sl","odd"],"_links":{"self":[{"href":"http:\/\/blog.inmontanis.info\/index.php?rest_route=\/wp\/v2\/posts\/4604","targetHints":{"allow":["GET"]}}],"collection":[{"href":"http:\/\/blog.inmontanis.info\/index.php?rest_route=\/wp\/v2\/posts"}],"about":[{"href":"http:\/\/blog.inmontanis.info\/index.php?rest_route=\/wp\/v2\/types\/post"}],"author":[{"embeddable":true,"href":"http:\/\/blog.inmontanis.info\/index.php?rest_route=\/wp\/v2\/users\/1"}],"replies":[{"embeddable":true,"href":"http:\/\/blog.inmontanis.info\/index.php?rest_route=%2Fwp%2Fv2%2Fcomments&post=4604"}],"version-history":[{"count":3,"href":"http:\/\/blog.inmontanis.info\/index.php?rest_route=\/wp\/v2\/posts\/4604\/revisions"}],"predecessor-version":[{"id":4994,"href":"http:\/\/blog.inmontanis.info\/index.php?rest_route=\/wp\/v2\/posts\/4604\/revisions\/4994"}],"wp:attachment":[{"href":"http:\/\/blog.inmontanis.info\/index.php?rest_route=%2Fwp%2Fv2%2Fmedia&parent=4604"}],"wp:term":[{"taxonomy":"category","embeddable":true,"href":"http:\/\/blog.inmontanis.info\/index.php?rest_route=%2Fwp%2Fv2%2Fcategories&post=4604"},{"taxonomy":"post_tag","embeddable":true,"href":"http:\/\/blog.inmontanis.info\/index.php?rest_route=%2Fwp%2Fv2%2Ftags&post=4604"}],"curies":[{"name":"wp","href":"https:\/\/api.w.org\/{rel}","templated":true}]}}