{"id":4600,"date":"2017-11-26T18:28:18","date_gmt":"2017-11-26T17:28:18","guid":{"rendered":"http:\/\/blog.inmontanis.info\/?p=4600"},"modified":"2023-07-31T19:54:26","modified_gmt":"2023-07-31T17:54:26","slug":"sulden-26-11-2017","status":"publish","type":"post","link":"http:\/\/blog.inmontanis.info\/?p=4600","title":{"rendered":"Sulden, 26.11.2017"},"content":{"rendered":"<p>Dass es heute nach Italien gehen wird, war wetterm\u00e4\u00dfig ja klar. Beim &#8220;Wohin&#8221; gab&#8217;s f\u00fcr mich aber 3 zur Auswahl, wie schon letztes WE: Passo Rolle, Madonna di Campiglio &#8211; oder Sulden (weil Saisonkarte). Wettervorhersagem\u00e4\u00dfig waren die letzten beiden beg\u00fcnstigt und da Sulden am n\u00e4hesten liegt und ich da halt heuer die Saisonkarte habe, ging es eben wieder da hin, mach ich die anderen halt ein anderes Jahr. Au\u00dferdem schien es auf der Webcam gestern bis zum Rollepass hinauf und weiter geregnet zu haben, was bei den kalten Temperaturen heute nicht sehr positiv sein d\u00fcrfte. <\/p>\n<p>Entsprechend war&#8217;s im Madritsch-Gebiet in Sulden aufgrund der Gletscherskigebiets-H\u00f6he nat\u00fcrlich eisig kalt (plus st\u00e4rkerer Wind, aber kein Problem f\u00fcr die Anlagen), es gab einige cm Neuschnee auf den Pisten, die daher nicht gar so gut zu fahren waren. Offpiste war&#8217;s sch\u00f6ner, auch die noch geschlossenen Abfahrten zu Tal- und Mittelstation waren gut zu fahren. An der Rosim-EUB (Kanzel-Gebiet) waren 2 Abfahrten ge\u00f6ffnet, die &#8211; durch den Regen und\/oder Sonne und\/oder (eher) Lanzenbeschneiung teils recht eisig waren. Aber es war weniger los und w\u00e4rmer, weil tiefer und w\u00e4rmer, weil EUB. Gegen 13 Uhr fuhr ich die Talabfahrt und weil die Kanzel-Seite gerade so sch\u00f6n in der Sonne lag, zweimal die EUB, bevor es mit PB und anschlie\u00dfender KSB nochmal zur PB-Talabfahrt ging. Das war k\u00e4ltem\u00e4\u00dfig auch durch den Wind dann wieder ein ganz anderer Level. (Bergfex hatte um die -16\u00b0 f\u00fcr oben gemeldet, unten im Tal waren&#8217;s selbst am Nachmittag am Auto noch -8\u00b0. Jedenfalls .. was den Allrad angeht, fahr ich solche Schneestra\u00dfen nun viel beruhigter und statt Schnee auf der Fahrbahn m\u00f6glichst zu meiden, suche ich ihn eher und man &#8220;merkt&#8221; eigentlich gar nichts mehr davon.)<\/p>\n<p>Aber &#8211; es war fast die ganze Zeit blauer Himmel und dort wo sie hinschien, sonnig. Pisten waren gestern in Kitzb\u00fchel angenehmer, wo sie sch\u00f6n aufgefirnt sind &#8211; in Summe fand ich den heutigen Tag aber einen Tick besser. Insbesondere weil mir mittlerweile aufgefallen ist, dass Sulden einige Gemeinsamkeiten mit Macugnaga hat: Enges + schattiges Tal mit Gletschern am Talschluss, 3 einzelne und teils recht kleine Teilskigebiete und zwar auf 3 Talseiten (wobei Sulden im Gegensatz zu Macu noch kein stillgelegtes hat und die Teilgebiete mittlerweile z.T. etwas besser verbunden sind), dazu die Teilgebiete mit PB oder DSB erschlossen, eine nette Abfahrt zur Mittelstation der PB und ein krasserer Talskiweg zur Talstation, wobei die PB-Mittelstationsabfahrten in Macu nat\u00fcrlich sch\u00f6ner sind, der Talskiweg wesentlich krasser ist und die alten Anlagen in Macu viel sch\u00f6ner sind und die Zeit in Macu halt einfach stehen geblieben ist.<\/p>\n<p>Kurz nach 15 Uhr, nach 5 Stunden Ski fahren, hab ich&#8217;s gelassen, zu viel Schatten und zu kalt jetzt ;-)<\/p>\n<p>(Fotos anklicken zum Vergr\u00f6\u00dfern)<\/p>\n<p><a href='http:\/\/ski.inmontanis.info\/d\/237158-2\/DSC03148.jpg'><img src=http:\/\/ski.inmontanis.info\/d\/237157-3\/DSC03148.jpg \/><\/a><br \/>\n^ Am Reschen ist schon blauer Himmel &#8211; aber leider noch kein Skigebiet offen. Hinten links vom Ortler, \u00fcber Sulden, sind dagegen noch ein paar Wolken. Waren sp\u00e4ter aber weg.<\/p>\n<p><a href='http:\/\/ski.inmontanis.info\/d\/237162-2\/DSC03150.jpg'><img src=http:\/\/ski.inmontanis.info\/d\/237161-3\/DSC03150.jpg \/><\/a><br \/>\n^ Zufahrt Sulden war etwas schneebedeckt, im Ort dann mehr. St\u00f6rt mich als Allradfahrer jetzt nicht mehr ;-)<\/p>\n<p><a href='http:\/\/ski.inmontanis.info\/d\/237166-2\/DSC03156.jpg'><img src=http:\/\/ski.inmontanis.info\/d\/237165-3\/DSC03156.jpg \/><\/a><br \/>\n^ Standortvorteil mit einem kurzen (Allrad-) Auto &#8211; direkt an der Piste ;-)<\/p>\n<p><a href='http:\/\/ski.inmontanis.info\/d\/237170-2\/DSC03157.jpg'><img src=http:\/\/ski.inmontanis.info\/d\/237169-3\/DSC03157.jpg \/><\/a><br \/>\n^ Rosim-EUB und das lange F\u00f6rderband, das einen netten alten SL ersetzt hat. St\u00fcnde noch ein SL, w\u00e4re ich ihn gefahren &#8211; das Band hab ich mir gespart. Und: Riesige Beschneiungshaufen.<\/p>\n<p><a href='http:\/\/ski.inmontanis.info\/d\/237174-2\/DSC03161.jpg'><img src=http:\/\/ski.inmontanis.info\/d\/237173-3\/DSC03161.jpg \/><\/a><br \/>\n^ Mein erster Blick r\u00fcber zum Langenstein-Bereich. Abfahrt an der DSB wohl stark planiert, die 4SB oben scheint nur noch einen Teil des (ex-) Gletscherbeckens zu erschlie\u00dfen. Dem Blick auf GE nach ist es mir aber wieder einmal nicht absch\u00e4tzbar, wo genau nur Schutt und wo noch Eis unter dem Schutt ist (Blockgletscher?) und was da oben alles in Bewegung ist. Fr\u00fcher gab es lt. einer alten Karte ja sogar 3 SL und &#8211; bekanntlich &#8211; Sommerskilauf.<\/p>\n<p><a href='http:\/\/ski.inmontanis.info\/d\/237178-2\/DSC03167.jpg'><img src=http:\/\/ski.inmontanis.info\/d\/237177-3\/DSC03167.jpg \/><\/a><br \/>\n^ Rosim-EUB Bergstation, zwei Abfahrten waren heute hier ge\u00f6ffnet.<\/p>\n<p><a href='http:\/\/ski.inmontanis.info\/d\/237182-2\/DSC03168.jpg'><img src=http:\/\/ski.inmontanis.info\/d\/237181-3\/DSC03168.jpg \/><\/a><br \/>\n^ Die Schwarze an der Rosim-EUB ist im Mittelteil schon ganz sch\u00f6n steil &#8211; und vmtl. auch dank Lanzenbeschneiung stellenweise recht eisig.<\/p>\n<p><a href='http:\/\/ski.inmontanis.info\/d\/237186-2\/DSC03169.jpg'><img src=http:\/\/ski.inmontanis.info\/d\/237185-3\/DSC03169.jpg \/><\/a><br \/>\n^ Blaue\/Rote Abfahrt an der Kanzel-DSB bzw. Rosim-EUB, hier war die Beschneiung heute aktiv.<\/p>\n<p><a href='http:\/\/ski.inmontanis.info\/d\/237190-2\/DSC03174.jpg'><img src=http:\/\/ski.inmontanis.info\/d\/237189-3\/DSC03174.jpg \/><\/a><br \/>\n^ Beschneiung<\/p>\n<p><a href='http:\/\/ski.inmontanis.info\/d\/237194-2\/DSC03176.jpg'><img src=http:\/\/ski.inmontanis.info\/d\/237193-3\/DSC03176.jpg \/><\/a><br \/>\n^ Ex-SL im Kanzelgebiet. G\u00e4be es den noch, h\u00e4tte ich noch etwas l\u00e4nger in der Sonne hier oben bleiben k\u00f6nnen.<\/p>\n<p><a href='http:\/\/ski.inmontanis.info\/d\/237198-2\/DSC03178.jpg'><img src=http:\/\/ski.inmontanis.info\/d\/237197-3\/DSC03178.jpg \/><\/a><br \/>\n^ Madritsch-KSB. Im Gegensatz zum letzten Besuch war diesmal unten weniger los als an der oberen KSB.<\/p>\n<p><a href='http:\/\/ski.inmontanis.info\/d\/237202-2\/DSC03179.jpg'><img src=http:\/\/ski.inmontanis.info\/d\/237201-3\/DSC03179.jpg \/><\/a><br \/>\n^ Standard-Pano von der Bergstation richtung (Ex-)Cevedale(-Sommerskigebiet)<\/p>\n<p><a href='http:\/\/ski.inmontanis.info\/d\/237206-2\/DSC03180.jpg'><img src=http:\/\/ski.inmontanis.info\/d\/237205-3\/DSC03180.jpg \/><\/a><br \/>\n^ Eisig kalt war&#8217;s und dazu noch starker Wind (auf der Abfahrt mehr)<\/p>\n<p><a href='http:\/\/ski.inmontanis.info\/d\/237210-2\/DSC03186.jpg'><img src=http:\/\/ski.inmontanis.info\/d\/237209-3\/DSC03186.jpg \/><\/a><br \/>\n^ Zwischen den Pisten, hier war&#8217;s offpiste aber noch etwas zu steinig.<\/p>\n<p><a href='http:\/\/ski.inmontanis.info\/d\/237214-2\/DSC03187.jpg'><img src=http:\/\/ski.inmontanis.info\/d\/237213-3\/DSC03187.jpg \/><\/a><br \/>\n^ Mittelstationsabfahrt um 13:10 Uhr<\/p>\n<p><a href='http:\/\/ski.inmontanis.info\/d\/237218-2\/DSC03188.jpg'><img src=http:\/\/ski.inmontanis.info\/d\/237217-3\/DSC03188.jpg \/><\/a><br \/>\n^ Mittelstationsabfahrt. Hm, da dr\u00fcben auf der Kanzelseite ist so sch\u00f6n Sonne, also fahr ich doch erst mal bis ins Tal runter und r\u00fcber und sp\u00e4ter die komplette Talabfahrt ein zweites Mal.<\/p>\n<p><a href='http:\/\/ski.inmontanis.info\/d\/237222-2\/DSC03189.jpg'><img src=http:\/\/ski.inmontanis.info\/d\/237221-3\/DSC03189.jpg \/><\/a><br \/>\n^ Talabfahrt<\/p>\n<p><a href='http:\/\/ski.inmontanis.info\/d\/237226-2\/DSC03191.jpg'><img src=http:\/\/ski.inmontanis.info\/d\/237225-3\/DSC03191.jpg \/><\/a><br \/>\n^ Talabfahrt<\/p>\n<p><a href='http:\/\/ski.inmontanis.info\/d\/237230-2\/DSC03192.jpg'><img src=http:\/\/ski.inmontanis.info\/d\/237229-3\/DSC03192.jpg \/><\/a><br \/>\n^ Talabfahrt Ende mit viel Fu\u00dfweg. Sp\u00e4ter bin ich noch fr\u00fcher in Schuss gefahren und musste etwas weniger gehen. \u00dcber den Parkplatz muss man aber trotzdem gehen, um zur Rosim-EUB zu kommen, aber das ist ein sch\u00f6nes St\u00fcck weniger als wenn man direkt zur PB wollte.<\/p>\n<p><a href='http:\/\/ski.inmontanis.info\/d\/237234-2\/DSC03194.jpg'><img src=http:\/\/ski.inmontanis.info\/d\/237233-3\/DSC03194.jpg \/><\/a><br \/>\n^ Jetzt w\u00e4r ich hier fast noch eingeparkt worden :)<\/p>\n<p><a href='http:\/\/ski.inmontanis.info\/d\/237238-2\/DSC03198.jpg'><img src=http:\/\/ski.inmontanis.info\/d\/237237-3\/DSC03198.jpg \/><\/a><br \/>\n^ Links Bergstation Kanzel-DSB, dahinter wohl die Ex-ESL-Bergstation, dar\u00fcber Rosim-EUB-Bergstation<\/p>\n<p><a href='http:\/\/ski.inmontanis.info\/d\/237242-2\/ge20171126b.jpg'><img src=http:\/\/ski.inmontanis.info\/d\/237241-3\/ge20171126b.jpg \/><\/a><br \/>\n^ GPS-Track 26.11.2017 (5 Stunden)<\/p>\n","protected":false},"excerpt":{"rendered":"<p>Dass es heute nach Italien gehen wird, war wetterm\u00e4\u00dfig ja klar. Beim &#8220;Wohin&#8221; gab&#8217;s f\u00fcr mich aber 3 zur Auswahl, wie schon letztes WE: Passo Rolle, Madonna di Campiglio &#8211; oder Sulden (weil Saisonkarte). Wettervorhersagem\u00e4\u00dfig waren die letzten beiden beg\u00fcnstigt und da Sulden am n\u00e4hesten liegt und ich da halt heuer die Saisonkarte habe, ging <a href=\"http:\/\/blog.inmontanis.info\/?p=4600\">[&#8230;]<\/a><\/p>\n","protected":false},"author":1,"featured_media":0,"comment_status":"closed","ping_status":"closed","sticky":false,"template":"","format":"standard","meta":{"footnotes":""},"categories":[15,25,27,386],"tags":[72,49],"class_list":["post-4600","post","type-post","status-publish","format-standard","hentry","category-italienitaly","category-noreport","category-skifahren-winterskiing-winter","category-sulden","tag-10eub","tag-4sb","odd"],"_links":{"self":[{"href":"http:\/\/blog.inmontanis.info\/index.php?rest_route=\/wp\/v2\/posts\/4600","targetHints":{"allow":["GET"]}}],"collection":[{"href":"http:\/\/blog.inmontanis.info\/index.php?rest_route=\/wp\/v2\/posts"}],"about":[{"href":"http:\/\/blog.inmontanis.info\/index.php?rest_route=\/wp\/v2\/types\/post"}],"author":[{"embeddable":true,"href":"http:\/\/blog.inmontanis.info\/index.php?rest_route=\/wp\/v2\/users\/1"}],"replies":[{"embeddable":true,"href":"http:\/\/blog.inmontanis.info\/index.php?rest_route=%2Fwp%2Fv2%2Fcomments&post=4600"}],"version-history":[{"count":3,"href":"http:\/\/blog.inmontanis.info\/index.php?rest_route=\/wp\/v2\/posts\/4600\/revisions"}],"predecessor-version":[{"id":4603,"href":"http:\/\/blog.inmontanis.info\/index.php?rest_route=\/wp\/v2\/posts\/4600\/revisions\/4603"}],"wp:attachment":[{"href":"http:\/\/blog.inmontanis.info\/index.php?rest_route=%2Fwp%2Fv2%2Fmedia&parent=4600"}],"wp:term":[{"taxonomy":"category","embeddable":true,"href":"http:\/\/blog.inmontanis.info\/index.php?rest_route=%2Fwp%2Fv2%2Fcategories&post=4600"},{"taxonomy":"post_tag","embeddable":true,"href":"http:\/\/blog.inmontanis.info\/index.php?rest_route=%2Fwp%2Fv2%2Ftags&post=4600"}],"curies":[{"name":"wp","href":"https:\/\/api.w.org\/{rel}","templated":true}]}}