{"id":4587,"date":"2017-11-18T21:31:54","date_gmt":"2017-11-18T20:31:54","guid":{"rendered":"http:\/\/blog.inmontanis.info\/?p=4587"},"modified":"2023-08-06T08:55:48","modified_gmt":"2023-08-06T06:55:48","slug":"hochjoch-montafon-18-11-2017","status":"publish","type":"post","link":"http:\/\/blog.inmontanis.info\/?p=4587","title":{"rendered":"Hochjoch (Montafon), 18.11.2017 \/ Nebelmeer"},"content":{"rendered":"<p>F\u00fcr das Wochenende sollten um die 40 Nicht-Gletscher-Skigebiete in den Alpen offen haben, die Qual der Wahl war also nicht ganz so gering. Da es aber fast \u00fcberall am Sonntag schlechter werden sollte und mir die weiter entfernten Gebiete noch nicht so lohnenswert erschienen, hatte ich mir etwas in Tagesausflugsn\u00e4he gesucht. In die n\u00e4here Auswahl kamen schlie\u00dflich:<br \/>\n&#8211; Hochjoch in Vorarlberg, TK 35,-, mit 2 8EUBs und 1 DSB genug offen (plus 8KSB ohne eigene Pisten), au\u00dferdem wollte ich diese Panorama-8EUB am Grat mal fahren (mein erster und letzter Besuch war immerhin schon 2006). Zudem waren die 3 Lifte in Reihe zu fahren und boten somit eigene Gel\u00e4ndekammern und eine S\u00fcdseite war da auch noch dabei.<br \/>\n&#8211; Zauchensee in Salzburg, TK 35,-, hatte ich schon mal zum Saisonanfang besucht und fand ich ganz nett, zudem w\u00e4re die 4 EUB offen und das allein sollte ja schon Grund genug sein. Wetterberichte meldeten allerdings teilweise mehr Wolken.<br \/>\n&#8211; Madonna di Campiglio (Trentino), TK 30,-, hatte im Grost\u00e9-Sektor das \u00fcbliche plus die Talabfahrt offen, somit ebenfalls recht lohnenswert, allerdings sind die Abfahrten vmtl. modellierter als in den beiden \u00f6sterreichischen Gebieten, zudem kommt die Autobahnmaut hinzu.<br \/>\n&#8211; Passo Rolle (Trentino), TK 28,-, wollte ich schon lange mal zum Saisonanfang besuchen, weil die immer mit als erstes aufsperren. Die drei ge\u00f6ffneten Sessellifte (4SB\/3SB\/DSB) sind allerdings allesamt eher kurz und leicht, der SL leider noch nicht offen. Zudem wurde f\u00fcr Sonntag hier auch noch sonnig gemeldet, also k\u00f6nnte ich das auch noch am Sonntag machen. (Hab&#8217;s dann aber doch nicht.)<\/p>\n<p>Ich entschied mich f\u00fcr&#8217;s Hochjoch. Als ich um kurz nach 9 Uhr am Parkplatz ankam .. oh-oh .. der Parkplatz an der Zubringer-Bahn Zamang ist schon fast voll. Da mir die Alternativen hier in der Gegend nicht sehr toll schienen (paar SL am B\u00f6dele, aber unterm Nebel; Flumserberge ohne Info ob Nachl\u00e4sse zum Normaltarif zu teuer, Pizol\/Toggenburg nicht lohnenswert offen bzw. erst gewesen), blieb ich halt doch da. Die gr\u00f6\u00dften und egtl. einzigen relevanten Wartezeiten gab es dann an der Kasse &#8211; am Automaten stand ich ziemlich exakt 30 Minuten an (Nervig: Jeder Skipass ist einzeln zu kaufen, Familien\/Gruppen k\u00f6nnen also nicht mehrere auf einmal zahlen), die Kassenr\u00e4ume innen schienen noch voller zu sein &#8211; und da dort vmtl. viele Saisonkarten verkauft werden, hoffte ich auf eine schnellere Abfertigung am Automaten. Leider konnte man online keine Tageskarten f\u00fcr den aktuellen Tag kaufen, h\u00e4tte ich das mal gestern gemacht.<\/p>\n<p>An der Talstation der 6EUB musste man dann logischerweise nur noch ein paar Gondeln warten, auch die Wartezeiten im Skigebiet waren maximal im 1-Minutenbereich. Leider war aber auch der Schnee bei weitem nicht so pulvrig wie erhofft &#8211; vmtl. viel Kunstschnee mit reingeschneit. Ich hatte die Spigolino dabei (also die neueren Allmountains), weil ich auch etwas offpiste fahren wollte. Ich \u00e4rgerte mich bei den harten Pisten zwar etwas, nicht die Racecarver dabei gehabt zu haben, aber da die Pisten stellenweise auch recht knollig schienen, w\u00e4re ich mit denen wohl auch nicht ganz gl\u00fccklich gewesen. (Mit den Spigolino ist der knollige Schnee so gut wie unproblematisch und unsp\u00fcrbar.) Offpiste war&#8217;s auch nicht ganz nach meinem Geschmack, hier und da war es aber ganz nett, wobei ich die extremeren Sachen auslassen hab. Am grausigsten waren die Pisten auf der vorderen Seite im Bereich der 8KSB, die man ja eh nicht fahren musste (bin sie nur 1x gefahren), weil man auch die EUB nehmen konnte und somit den oberen Teil auch noch hatte. Die &#8220;Buckelpiste&#8221; unter der 8KSB war aber ganz nett zu fahren.<\/p>\n<p>Um ca. 15:15 Uhr fuhr ich mit der Bahn wieder ins Tal, bin alles abgefahren, die Pisten werden auch nicht mehr besser und der Nebel im Tal wird sich wohl die n\u00e4chste Stunde auch nicht mehr lichten. Da es den ganzen Tag sonnig war und man einen sch\u00f6nen Blick auf das Nebelmeer hatte und man gut was zu tun hatte (gab mehrere ge\u00f6ffnete Variationen auf den Pisten), vermerkte ich den Skitag doch noch mit 4 von 5 Sternen. Allerdings ist die Wahrscheinlichkeit eher gering, dass ich mir das Hochjoch nochmal im November antu :)<\/p>\n<p>(Fotos anklicken zum Vergr\u00f6\u00dfern)<\/p>\n<p><a href='http:\/\/ski.inmontanis.info\/d\/237098-2\/ge20171118d.jpg'><img src=http:\/\/ski.inmontanis.info\/d\/237097-3\/ge20171118d.jpg \/><\/a><br \/>\n^ GPS-Track 18.11.2017 in Gelb. Blau vorheriger Besuch 30.4.2006.<\/p>\n<p><a href='http:\/\/ski.inmontanis.info\/d\/236974-2\/DSC03069.jpg'><img src=http:\/\/ski.inmontanis.info\/d\/236973-3\/DSC03069.jpg \/><\/a><br \/>\n^ ca. 30 Minuten Wartezeit am Skipass-Automaten<\/p>\n<p><a href='http:\/\/ski.inmontanis.info\/d\/236978-2\/DSC03070.jpg'><img src=http:\/\/ski.inmontanis.info\/d\/236977-3\/DSC03070.jpg \/><\/a><br \/>\n^ Innen an den Kassen schien aber noch mehr los zu sein, also gut, dann doch au\u00dfen am Automaten anstellen.<\/p>\n<p><a href='http:\/\/ski.inmontanis.info\/d\/236982-2\/DSC03072.jpg'><img src=http:\/\/ski.inmontanis.info\/d\/236981-3\/DSC03072.jpg \/><\/a><br \/>\n^ Pano Bergstation 8EUB Panorama vs. Grasjoch\/Hochalpila-Sektor<\/p>\n<p><a href='http:\/\/ski.inmontanis.info\/d\/236986-2\/DSC03075.jpg'><img src=http:\/\/ski.inmontanis.info\/d\/236985-3\/DSC03075.jpg \/><\/a><br \/>\n^ Blaue Abfahrt Hochalpila-EUB, gegen\u00fcber DSB Freda<\/p>\n<p><a href='http:\/\/ski.inmontanis.info\/d\/236990-2\/DSC03076.jpg'><img src=http:\/\/ski.inmontanis.info\/d\/236989-3\/DSC03076.jpg \/><\/a><br \/>\n^ Abfahrten Hochalpila, s\u00fcdseitig, kaum bis nicht modelliert, recht nett, nur der Schnee k\u00f6nnte heute besser sein<\/p>\n<p><a href='http:\/\/ski.inmontanis.info\/d\/236994-2\/DSC03077.jpg'><img src=http:\/\/ski.inmontanis.info\/d\/236993-3\/DSC03077.jpg \/><\/a><br \/>\n^ 8EUB Hochalpila. Von Innen machen die Scheiben eher eine gelberen Eindruck; ich meine, die in K\u00f6nigsleiten bzw. der Sessel in Samnaun h\u00e4tte nervigere orangene Scheiben &#8211; aber ich behielt auch die Sonnenbrille auf und h\u00f6rte viele Beschwerden in den Gondeln. Die wei\u00dfe \u00dcberklebung unten k\u00f6nnte die Sache innen auch etwas mildern. Von au\u00dfen find ich die orangenen Scheiben ja recht fotogen, aber innen st\u00f6ren die nicht nur mich, sondern anscheinend die meisten Skifahrer. Also, ich hab noch nie jemand in einem Skigebiet sagen h\u00f6ren: &#8220;Super, diese orangenen Scheiben hier in der Gondel \/ im Sessel&#8221; .. <\/p>\n<p><a href='http:\/\/ski.inmontanis.info\/d\/236998-2\/DSC03079.jpg'><img src=http:\/\/ski.inmontanis.info\/d\/236997-3\/DSC03079.jpg \/><\/a><br \/>\n^ Pano Bergstation 8EUB Hochalpila richtung Flachland und Nebelmeer<\/p>\n<p><a href='http:\/\/ski.inmontanis.info\/d\/237002-2\/DSC03320.jpg'><img src=http:\/\/ski.inmontanis.info\/d\/237001-3\/DSC03320.jpg \/><\/a><br \/>\n^ IR-Zoom zum Nebelmeer \/ ins Flachland. Unten vorne die Panorama-8EUB.<\/p>\n<p><a href='http:\/\/ski.inmontanis.info\/d\/237006-2\/DSC03082.jpg'><img src=http:\/\/ski.inmontanis.info\/d\/237005-3\/DSC03082.jpg \/><\/a><br \/>\n^ Silbertal-Bubble-DSB, jetzt quasi die 1. Sektion zur Panorama-8EUB (Talstation dahinter). Jetzt kapier ich, warum die Talstation der 8EUB hier ist..<\/p>\n<p><a href='http:\/\/ski.inmontanis.info\/d\/237010-2\/DSC03083.jpg'><img src=http:\/\/ski.inmontanis.info\/d\/237009-3\/DSC03083.jpg \/><\/a><br \/>\n^ Abfahrten Hochalpila<\/p>\n<p><a href='http:\/\/ski.inmontanis.info\/d\/237014-2\/DSC03084.jpg'><img src=http:\/\/ski.inmontanis.info\/d\/237013-3\/DSC03084.jpg \/><\/a><br \/>\n^ DSB Freda. Die Variante links f\u00fchrt dann zu etwas Aufstieg zur Talstation, das hab ich auslassen.<\/p>\n<p><a href='http:\/\/ski.inmontanis.info\/d\/237018-2\/DSC03085.jpg'><img src=http:\/\/ski.inmontanis.info\/d\/237017-3\/DSC03085.jpg \/><\/a><br \/>\n^ DSB Freda, oberer Teil. Wei\u00df nicht, ob ich ohne der DSB heute hier her gefahren w\u00e4re. Hatte dann auch durchaus noch den besten Schnee hier.<\/p>\n<p><a href='http:\/\/ski.inmontanis.info\/d\/237022-2\/DSC03086.jpg'><img src=http:\/\/ski.inmontanis.info\/d\/237021-3\/DSC03086.jpg \/><\/a><br \/>\n^ Panorama DSB Freda<\/p>\n<p><a href='http:\/\/ski.inmontanis.info\/d\/237026-2\/DSC03087.jpg'><img src=http:\/\/ski.inmontanis.info\/d\/237025-3\/DSC03087.jpg \/><\/a><br \/>\n^ DSB Freda und gegen\u00fcber Hochalpila-EUB<\/p>\n<p><a href='http:\/\/ski.inmontanis.info\/d\/237030-2\/DSC03089.jpg'><img src=http:\/\/ski.inmontanis.info\/d\/237029-3\/DSC03089.jpg \/><\/a><br \/>\n^ 8EUB Grasjoch\/Hochalpila, leider geschlossener Kurven-SL und rechts unten die DSB-Talstation<\/p>\n<p><a href='http:\/\/ski.inmontanis.info\/d\/237034-2\/DSC03090.jpg'><img src=http:\/\/ski.inmontanis.info\/d\/237033-3\/DSC03090.jpg \/><\/a><br \/>\n^ 8EUB Hochalpila<\/p>\n<p><a href='http:\/\/ski.inmontanis.info\/d\/237038-2\/DSC03092.jpg'><img src=http:\/\/ski.inmontanis.info\/d\/237037-3\/DSC03092.jpg \/><\/a><br \/>\n^ Pano Bergstation 8EUB Hochalpila<\/p>\n<p><a href='http:\/\/ski.inmontanis.info\/d\/237042-2\/DSC03093.jpg'><img src=http:\/\/ski.inmontanis.info\/d\/237041-3\/DSC03093.jpg \/><\/a><br \/>\n^ Pano Bergstation 8EUB Hochalpila<\/p>\n<p><a href='http:\/\/ski.inmontanis.info\/d\/237046-2\/DSC03094.jpg'><img src=http:\/\/ski.inmontanis.info\/d\/237045-3\/DSC03094.jpg \/><\/a><br \/>\n^ Das nervigste an der 8EUB Hochalpila sind allerdings nicht die orangenen Scheiben, sondern der Schiebe-Skiweg an der Bergstation. H\u00e4tte man auch mit etwas mehr Gef\u00e4lle anlegen k\u00f6nnen.<\/p>\n<p><a href='http:\/\/ski.inmontanis.info\/d\/237050-2\/DSC03095.jpg'><img src=http:\/\/ski.inmontanis.info\/d\/237049-3\/DSC03095.jpg \/><\/a><br \/>\n^ 8EUB Panorama &#8211; wohl eine der genialsten EUB-Trassen der Alpen. Bis auf 1x bin ich immer r\u00fcckw\u00e4rts gesessen, mit Blick auf&#8217;s Nebelmeer und Flachland.<\/p>\n<p><a href='http:\/\/ski.inmontanis.info\/d\/237054-2\/DSC03097.jpg'><img src=http:\/\/ski.inmontanis.info\/d\/237053-3\/DSC03097.jpg \/><\/a><br \/>\n^ 8EUB Panorama<\/p>\n<p><a href='http:\/\/ski.inmontanis.info\/d\/237058-2\/DSC03099.jpg'><img src=http:\/\/ski.inmontanis.info\/d\/237057-3\/DSC03099.jpg \/><\/a><br \/>\n^ 8EUB Panorama (w\u00e4re in IR vmtl. besser geworden)<\/p>\n<p><a href='http:\/\/ski.inmontanis.info\/d\/237062-2\/DSC03103.jpg'><img src=http:\/\/ski.inmontanis.info\/d\/237061-3\/DSC03103.jpg \/><\/a><br \/>\n^ 8EUB Panorama \/ die beiden Abfahrtsvarianten vor dem Skitunnel. Der Steilhang rechts ist eher schwarz als rot und war heute recht eisig. Ahja, da steht eh eine Lanze, na dann. Zudem muss man wg. des Gegenhangs zeitig in Schuss fahren. <\/p>\n<p><a href='http:\/\/ski.inmontanis.info\/d\/237066-2\/DSC03104.jpg'><img src=http:\/\/ski.inmontanis.info\/d\/237065-3\/DSC03104.jpg \/><\/a><br \/>\n^ Nach dem Skitunnel ist es eher schattig, daf\u00fcr hat man das Nebelmeer..<\/p>\n<p><a href='http:\/\/ski.inmontanis.info\/d\/237070-2\/DSC03108.jpg'><img src=http:\/\/ski.inmontanis.info\/d\/237069-3\/DSC03108.jpg \/><\/a><br \/>\n^ Panorama in der 8EUB Panorama<\/p>\n<p><a href='http:\/\/ski.inmontanis.info\/d\/237074-2\/DSC03109.jpg'><img src=http:\/\/ski.inmontanis.info\/d\/237073-3\/DSC03109.jpg \/><\/a><br \/>\n^ DSB Freda, hier oben fand ich den Offpiste-Schnee gut.<\/p>\n<p><a href='http:\/\/ski.inmontanis.info\/d\/237078-2\/DSC03111.jpg'><img src=http:\/\/ski.inmontanis.info\/d\/237077-3\/DSC03111.jpg \/><\/a><br \/>\n^ 8EUB Panorama<\/p>\n<p><a href='http:\/\/ski.inmontanis.info\/d\/237082-2\/DSC03114.jpg'><img src=http:\/\/ski.inmontanis.info\/d\/237081-3\/DSC03114.jpg \/><\/a><br \/>\n^ 8EUB Panorama \/ Tal-Berg-Tal-DSB Sennigrat<\/p>\n<p><a href='http:\/\/ski.inmontanis.info\/d\/237086-2\/DSC03117.jpg'><img src=http:\/\/ski.inmontanis.info\/d\/237085-3\/DSC03117.jpg \/><\/a><br \/>\n^ 8EUB Panorama, grad am Grat :-)<\/p>\n<p><a href='http:\/\/ski.inmontanis.info\/d\/237090-2\/DSC03119.jpg'><img src=http:\/\/ski.inmontanis.info\/d\/237089-3\/DSC03119.jpg \/><\/a><br \/>\n^ 8KSB Seebliga mit netter Buckelvariante unter der Trasse (weiter runter ebenfalls nett), nachmittags aber ein bisserl Bodenkontakt in den Mulden<\/p>\n<p><a href='http:\/\/ski.inmontanis.info\/d\/237094-2\/DSC03121.jpg'><img src=http:\/\/ski.inmontanis.info\/d\/237093-3\/DSC03121.jpg \/><\/a><br \/>\n^ Parkplatz war komplett voll, einige parkten au\u00dfen an der Stra\u00dfe<\/p>\n<p>Retrsospektiv anhand der Webcams auf Bergfex: In Madonna di Campiglio scheint weniger los gewesen zu sein, in Zauchensee war es tats\u00e4chlich viel wolkiger. Wo es n\u00e4chstes WE hingeht, wird dann wie \u00fcblich am Freitag entschieden, hoffentlich 2 sonnige Tage.<\/p>\n","protected":false},"excerpt":{"rendered":"<p>F\u00fcr das Wochenende sollten um die 40 Nicht-Gletscher-Skigebiete in den Alpen offen haben, die Qual der Wahl war also nicht ganz so gering. Da es aber fast \u00fcberall am Sonntag schlechter werden sollte und mir die weiter entfernten Gebiete noch nicht so lohnenswert erschienen, hatte ich mir etwas in Tagesausflugsn\u00e4he gesucht. In die n\u00e4here Auswahl <a href=\"http:\/\/blog.inmontanis.info\/?p=4587\">[&#8230;]<\/a><\/p>\n","protected":false},"author":1,"featured_media":0,"comment_status":"closed","ping_status":"closed","sticky":false,"template":"","format":"standard","meta":{"footnotes":""},"categories":[24,871,13,27],"tags":[53,57,38,77],"class_list":["post-4587","post","type-post","status-publish","format-standard","hentry","category-tagestour","category-hochjoch","category-austria","category-skifahren-winterskiing-winter","tag-8eub","tag-8sb","tag-dsb","tag-nebelmeer","odd"],"_links":{"self":[{"href":"http:\/\/blog.inmontanis.info\/index.php?rest_route=\/wp\/v2\/posts\/4587","targetHints":{"allow":["GET"]}}],"collection":[{"href":"http:\/\/blog.inmontanis.info\/index.php?rest_route=\/wp\/v2\/posts"}],"about":[{"href":"http:\/\/blog.inmontanis.info\/index.php?rest_route=\/wp\/v2\/types\/post"}],"author":[{"embeddable":true,"href":"http:\/\/blog.inmontanis.info\/index.php?rest_route=\/wp\/v2\/users\/1"}],"replies":[{"embeddable":true,"href":"http:\/\/blog.inmontanis.info\/index.php?rest_route=%2Fwp%2Fv2%2Fcomments&post=4587"}],"version-history":[{"count":6,"href":"http:\/\/blog.inmontanis.info\/index.php?rest_route=\/wp\/v2\/posts\/4587\/revisions"}],"predecessor-version":[{"id":9209,"href":"http:\/\/blog.inmontanis.info\/index.php?rest_route=\/wp\/v2\/posts\/4587\/revisions\/9209"}],"wp:attachment":[{"href":"http:\/\/blog.inmontanis.info\/index.php?rest_route=%2Fwp%2Fv2%2Fmedia&parent=4587"}],"wp:term":[{"taxonomy":"category","embeddable":true,"href":"http:\/\/blog.inmontanis.info\/index.php?rest_route=%2Fwp%2Fv2%2Fcategories&post=4587"},{"taxonomy":"post_tag","embeddable":true,"href":"http:\/\/blog.inmontanis.info\/index.php?rest_route=%2Fwp%2Fv2%2Ftags&post=4587"}],"curies":[{"name":"wp","href":"https:\/\/api.w.org\/{rel}","templated":true}]}}