{"id":4576,"date":"2017-11-04T18:38:03","date_gmt":"2017-11-04T17:38:03","guid":{"rendered":"http:\/\/blog.inmontanis.info\/?p=4576"},"modified":"2023-08-02T21:53:30","modified_gmt":"2023-08-02T19:53:30","slug":"schnalstaler-gletscher-vellauleiteralm-4-11-2017","status":"publish","type":"post","link":"http:\/\/blog.inmontanis.info\/?p=4576","title":{"rendered":"Schnalstaler Gletscher + Vellau\/Leiteralm, 4.11.2017"},"content":{"rendered":"<p>Nach ca. 8 Jahren ging es dank Saisonkarte heute endlich mal wieder auf den Schnalstaler Gletscher. Dass es voll werden k\u00f6nnte, hatte ich ja im Alpinforum gelesen. Gefahren bin ich jeweils \u00fcbern Jaufenpass, die Fahrt dauert dann ca. 3 Stunden f\u00fcr die ca. 160km. Die Parkpl\u00e4tze schienen relativ leer, aber es gab doch noch einige Wartezeiten. Daf\u00fcr, dass die PB lt. Homepage ab 7 Uhr f\u00e4hrt, etwas verwunderlich. Um 9:45 Uhr musste ich ca. 30 Minuten warten, bis ich in die PB gehen konnte.<\/p>\n<p>Da man in ca. 6 Minuten mit der PB oben ist, ist das in Summe aber auch nicht anders, als 10 Minuten zu warten und in 2-3 Sektionen 25 Minuten ins Skigebiet zu gondeln ;) Zumal der Anstehbereich angenehm und gut gel\u00f6st war, er war nur au\u00dfen (am Ende der Treppe konnte man gleich zur Gondel durchgehen) und die Z\u00e4une waren so eng, dass es gro\u00dfteils einspurig war, also 100x besser und angenehmer als am Pitztaler oder sonstwo. Nachmittags um 14 Uhr hatte ich dann keine Wartezeiten au\u00dfer bis die Kabine ankam, denn wie auch schon in Nordtirol aufgefallen, trainieren heutzutage fast alle Trainingsgruppen auch nachmittags &#8211; etwas leerer ist es nur zur Mittagszeit.<\/p>\n<p>Im Skigebiet selbst gab es dann leider auch so gut wie \u00fcberall Wartezeiten, am wenigsten, aber auch an der 3SB einige Minuten (weshalb ich nicht verstand, warum die parallele DSB nicht lief), mehr jedoch vormittags an der 4SB und am Finail-SL. Bis nach 12 Uhr bin ich also nur die Gletschersee-3SB gefahren, danach 5x Finail-SL und zwischendrin mal 1x 3SB+4SB. Eisplatten konnte man \u00fcberall antreffen, hier und da auch ein paar Steinchen oder knolligen Schnee, also der \u00fcbliche Herbst-Zustand auf einem Gletscher eben. Das oberste St\u00fcck an der 4SB ist allerdings derzeit un\u00fcbertroffen grausig.<\/p>\n<p>Im Alpinforum stand ja \u00f6fters, dass der 2. Finail-SL wg. zu wenig Schnee nicht offen habe. Kann ich nicht nachvollziehen. Erstens braucht ein Gletscher-SL (erst recht ein Tellerlift) gar keinen Schnee, um in Betrieb genommen zu werden. Und au\u00dferdem war genug Schnee da. Es h\u00e4tte notwendig sein k\u00f6nnen, dass man an der einen oder anderen St\u00fctze das Seil tiefer legen m\u00fcsste &#8211; ist bei den verwendeten St\u00fctzen aber kein Problem, da der Quertr\u00e4ger jeweils in oberster Position verschraubt war und somit um einiges tiefer h\u00e4tte geh\u00e4ngt werden k\u00f6nnen, m.E. tiefer als die linke, offene Spur durch ein bisschen Schnee auf der Trasse erh\u00f6ht war. Zudem standen die rechten St\u00fctzen eh oft tiefer als die am linken SL. Und zur Not muss man die St\u00fctze halt von dem riesigen Eissockel nehmen und anders platzieren. Macht ja keinen Sinn, den Lift noch jahrelang auf diesen mattenbedeckten Sockeln stehen zu lassen, wenn man irgendwann meterweise Schnee f\u00fcr die Trasse braucht?! Das h\u00e4tte man zum Saisonbeginn im August ja wohl korrigieren k\u00f6nnen!<\/p>\n<p>Richtig nervig war auch, dass der Finail-SL so oft stehen blieb, 2x, 6x, sogar noch \u00f6fters bei einer Fahrt. Dann hatte ich den Grund gecheckt: Insb. die Anf\u00e4nger (aber nicht nur) meiden das oberste, steilere St\u00fcck und steigen nach der vorletzten St\u00fctze aus. Da ist man ziemlich tief und sollte den Teller aber zumindest geradlinig los lassen &#8211; viele fahren halt erst mal nach rechts und lassen den Teller zu sp\u00e4t los. Damit sich das beim Aufrollen nicht mit den talw\u00e4rtsfahrenden Tellern verheddert, dr\u00fcckt der Liftler oben halt auf Stopp. Dann dauersts wieder ein paar Sekunden, bis man weiter fahren kann. Bis gleich wieder das n\u00e4chste A*loch dort so beschissen abb\u00fcgelt. BOAH!!!<\/p>\n<p>Ansonsten ist mir noch aufgefallen, dass viele Skifahrer Carpani-Ski hatten, nicht nur Rennfahrer. (Ich hatte heute keine dabei.) Und es waren u.a. kleine Rennkids aus Russland da, lt. Schriftzug auf ihrer Kleidung. Auch irgendein US-Skiteam lt. Autoschriftzug.<\/p>\n<p>(Fotos anklicken zum Vergr\u00f6\u00dfern)<\/p>\n<p><a href='http:\/\/ski.inmontanis.info\/d\/236790-2\/DSC02828.jpg'><img src=http:\/\/ski.inmontanis.info\/d\/236789-3\/DSC02828.jpg \/><\/a><br \/>\n^ Stausee im Schnalstal<\/p>\n<p><a href='http:\/\/ski.inmontanis.info\/d\/236794-2\/DSC02833.jpg'><img src=http:\/\/ski.inmontanis.info\/d\/236793-3\/DSC02833.jpg \/><\/a><br \/>\n^ Stausee im Schnalstal<\/p>\n<p><a href='http:\/\/ski.inmontanis.info\/d\/236798-2\/DSC02842.jpg'><img src=http:\/\/ski.inmontanis.info\/d\/236797-3\/DSC02842.jpg \/><\/a><br \/>\n^ Kurzras, die Parkpl\u00e4tze sind egtl. recht leer ..<\/p>\n<p><a href='http:\/\/ski.inmontanis.info\/d\/236802-2\/DSC02844.jpg'><img src=http:\/\/ski.inmontanis.info\/d\/236801-3\/DSC02844.jpg \/><\/a><br \/>\n^ .. aber es gab dann doch noch ca. 30 Minuten Wartezeit um 9:45 Uhr. (Wenn auch unproblematisch, innen war nichts und mit der PB ist man ja schnell oben)<\/p>\n<p><a href='http:\/\/ski.inmontanis.info\/d\/236806-2\/DSC02849.jpg'><img src=http:\/\/ski.inmontanis.info\/d\/236805-3\/DSC02849.jpg \/><\/a><br \/>\n^ 1200 hm in ca. 6 Minuten. Lieber 30 min ruhig und mit Platz anstehen + 6min Sardienenb\u00fcchse als umgekehrt ;-) Wobei, so eng war&#8217;s in der Kabine gar nicht, vmtl. werden die 80er Kabinen derzeit nur mit ca. 60 Personen bef\u00fcllt, erstens wg. den gro\u00dfen R\u00fccks\u00e4cken der Rennmannschaften und 2. um z\u00fcgiger fahren zu k\u00f6nnen anstatt 2 Minuten extra zu warten, bis auch ja der letzte irgendwie reingequetscht wurde.<\/p>\n<p><a href='http:\/\/ski.inmontanis.info\/d\/236810-2\/DSC02855.jpg'><img src=http:\/\/ski.inmontanis.info\/d\/236809-3\/DSC02855.jpg \/><\/a><br \/>\n^ Pano PB-Bergstation<\/p>\n<p><a href='http:\/\/ski.inmontanis.info\/d\/236814-2\/DSC02857.jpg'><img src=http:\/\/ski.inmontanis.info\/d\/236813-3\/DSC02857.jpg \/><\/a><br \/>\n^ PB-Strecke<\/p>\n<p><a href='http:\/\/ski.inmontanis.info\/d\/236898-2\/ge20171104a.jpg'><img src=http:\/\/ski.inmontanis.info\/d\/236897-3\/ge20171104a.jpg \/><\/a><br \/>\n^ GPS-Track 4.11.2017 in Blau, Orange mein vorheriger Besuch am 12.7.2009 &#8211; mittlerweile gibt es ja keinen Skibetrieb im Sommer mehr. Gut zusehen die Verk\u00fcrzung der Finail-SL. Sat-Bild \/ Gletscherstand im Bild von 2003, also lang nicht mehr aktuell.<\/p>\n<p><a href='http:\/\/ski.inmontanis.info\/d\/236818-2\/DSC02858.jpg'><img src=http:\/\/ski.inmontanis.info\/d\/236817-3\/DSC02858.jpg \/><\/a><br \/>\n^ 4SB und Gletscherskigebiet<\/p>\n<p>Vergleichsbild von Juli 2009:<br \/>\n<a href='http:\/\/ski.inmontanis.info\/d\/101208-3\/P1380724.JPG'><img src=http:\/\/ski.inmontanis.info\/d\/101207-4\/P1380724.JPG \/><\/a><\/p>\n<p>Vergleichsbild August 1995, wenn auch anderer Standort:<br \/>\n<img src=http:\/\/ski.inmontanis.info\/d\/101200-3\/old1995_Schnalstal2.JPG \/><\/p>\n<p>&#8211;<\/p>\n<p><a href='http:\/\/ski.inmontanis.info\/d\/236822-2\/DSC02859.jpg'><img src=http:\/\/ski.inmontanis.info\/d\/236821-3\/DSC02859.jpg \/><\/a><br \/>\n^ Irgendwo muss da die Piste sein ..<\/p>\n<p><a href='http:\/\/ski.inmontanis.info\/d\/236826-2\/DSC02860.jpg'><img src=http:\/\/ski.inmontanis.info\/d\/236825-3\/DSC02860.jpg \/><\/a><br \/>\n^ Grauenhafter Starthang an der 4SB. Nachmittags dann gro\u00dfe Eisplatten und mehr Steine. Nix f\u00fcr Anf\u00e4nger.<\/p>\n<p><a href='http:\/\/ski.inmontanis.info\/d\/236830-2\/DSC02863.jpg'><img src=http:\/\/ski.inmontanis.info\/d\/236829-3\/DSC02863.jpg \/><\/a><br \/>\n^ Finail-SL, wird durch den Gletscherschwund auch immer steiler.<\/p>\n<p><a href='http:\/\/ski.inmontanis.info\/d\/236834-2\/DSC02866.jpg'><img src=http:\/\/ski.inmontanis.info\/d\/236833-3\/DSC02866.jpg \/><\/a><br \/>\n^ Abfahrt zu den Gletschersee-SB<\/p>\n<p><a href='http:\/\/ski.inmontanis.info\/d\/236838-2\/DSC02867.jpg'><img src=http:\/\/ski.inmontanis.info\/d\/236837-3\/DSC02867.jpg \/><\/a><br \/>\n^ Leo-Gurschler-Trainingspiste<\/p>\n<p><a href='http:\/\/ski.inmontanis.info\/d\/236842-2\/DSC02871.jpg'><img src=http:\/\/ski.inmontanis.info\/d\/236841-3\/DSC02871.jpg \/><\/a><br \/>\n^ Von der Publikumspiste an der 4SB kommt man kaum ohne Schieben zur 4SB-Talstation<\/p>\n<p><a href='http:\/\/ski.inmontanis.info\/d\/236846-2\/DSC02872.jpg'><img src=http:\/\/ski.inmontanis.info\/d\/236845-3\/DSC02872.jpg \/><\/a><br \/>\n^ Finail-SL<\/p>\n<p><a href='http:\/\/ski.inmontanis.info\/d\/236850-2\/DSC02873.jpg'><img src=http:\/\/ski.inmontanis.info\/d\/236849-3\/DSC02873.jpg \/><\/a><br \/>\n^ Auf der Abfahrt zu den Gletscher-SB gibts mittlerweile ein Steinfeld und Schneedepots. Vor wenigen Jahren reichte der Gletscher noch bis zum Skiweg<\/p>\n<p>Vergleichsbild Juni 2003:<br \/>\n<img src=http:\/\/ski.inmontanis.info\/d\/101292-3\/06210005.JPG \/><\/p>\n<p>&#8211;<\/p>\n<p><a href='http:\/\/ski.inmontanis.info\/d\/236854-2\/DSC02874.jpg'><img src=http:\/\/ski.inmontanis.info\/d\/236853-3\/DSC02874.jpg \/><\/a><br \/>\n^ Bissl offpiste konnte man an der Abfahrt zu den Gletschersee-SB auch fahren, hier ging&#8217;s besser.<\/p>\n<p><a href='http:\/\/ski.inmontanis.info\/d\/236858-2\/DSC02876.jpg'><img src=http:\/\/ski.inmontanis.info\/d\/236857-3\/DSC02876.jpg \/><\/a><br \/>\n^ Andere Seite war etwas schwieriger und es gab auch eine tiefe Rinne (weiter unten konnte man sie einfacher queren)<\/p>\n<p><a href='http:\/\/ski.inmontanis.info\/d\/236862-2\/DSC02878.jpg'><img src=http:\/\/ski.inmontanis.info\/d\/236861-3\/DSC02878.jpg \/><\/a><br \/>\n^ Neben der Abfahrt geht der Gletscher aber wenigstens doch noch bis in den Talboden.<\/p>\n<p><a href='http:\/\/ski.inmontanis.info\/d\/236866-2\/DSC02880.jpg'><img src=http:\/\/ski.inmontanis.info\/d\/236865-3\/DSC02880.jpg \/><\/a><br \/>\n^ Nach Mittag zwar nicht mehr so viel los am SL, aber doch sehr chaotisches Anstehen, da keinerlei Zaun aufgestellt war. (Sp\u00e4ter dann schon.)<\/p>\n<p><a href='http:\/\/ski.inmontanis.info\/d\/236870-2\/DSC02881.jpg'><img src=http:\/\/ski.inmontanis.info\/d\/236869-3\/DSC02881.jpg \/><\/a><br \/>\n^ Finail-SL, leider nur einer ge\u00f6ffnet.<\/p>\n<p><a href='http:\/\/ski.inmontanis.info\/d\/236874-2\/DSC02883.jpg'><img src=http:\/\/ski.inmontanis.info\/d\/236873-3\/DSC02883.jpg \/><\/a><br \/>\n^ Finail-SL, Bergstation<\/p>\n<p><a href='http:\/\/ski.inmontanis.info\/d\/236878-2\/DSC02884.jpg'><img src=http:\/\/ski.inmontanis.info\/d\/236877-3\/DSC02884.jpg \/><\/a><br \/>\n^ Linke Finail-SL-Abfahrt. Stellenweise etwas eisig, aber Rand ging gut. Und anderswo war&#8217;s auch eisig.<\/p>\n<p><a href='http:\/\/ski.inmontanis.info\/d\/236882-2\/DSC02886.jpg'><img src=http:\/\/ski.inmontanis.info\/d\/236881-3\/DSC02886.jpg \/><\/a><br \/>\n^ Grawand-4SB mit ihren mittlerweile eigentlich \u00fcberfl\u00fcssigen Gletscherst\u00fctzen<\/p>\n<p>Vergleichsbild Juli 2001:<br \/>\n<a href='http:\/\/ski.inmontanis.info\/d\/101276-3\/schnalstal20010721_grawandlift.jpg'><img src=http:\/\/ski.inmontanis.info\/d\/101275-4\/schnalstal20010721_grawandlift.jpg \/><\/a><\/p>\n<p>&#8211;<\/p>\n<p><a href='http:\/\/ski.inmontanis.info\/d\/236886-2\/DSC02888.jpg'><img src=http:\/\/ski.inmontanis.info\/d\/236885-3\/DSC02888.jpg \/><\/a><br \/>\n^ Blick vom Finail-SL zu den Grawand-H\u00e4ngen, die wohl ganztags im Schatten liegen.<\/p>\n<p>Vergleichsbild Juli 2001:<br \/>\n<img src=http:\/\/ski.inmontanis.info\/d\/101224-3\/schnalstal20010721_bergstation.jpg \/><\/p>\n<p>&#8211;<\/p>\n<p><a href='http:\/\/ski.inmontanis.info\/d\/236890-2\/DSC02890.jpg'><img src=http:\/\/ski.inmontanis.info\/d\/236889-3\/DSC02890.jpg \/><\/a><br \/>\n^ Rechte Abfahrt Finail-SL und Querung zur 4SB r\u00fcber. Wird wohl nicht mehr ohne Schieben\/Aufstieg machbar sein, aber muss man ja auch nicht machen.<\/p>\n<p><a href='http:\/\/ski.inmontanis.info\/d\/236894-2\/DSC02891.jpg'><img src=http:\/\/ski.inmontanis.info\/d\/236893-3\/DSC02891.jpg \/><\/a><br \/>\n^ An der vorletzten St\u00fctze sind leider immer wieder welche ausgestiegen und der SL wurde dann angehalten, schlimmstenfalls hatte ich 6 oder mehr Stopps bei einer Auffahrt.<\/p>\n<p>Fazit: Weder von den Wartezeiten noch von den Pistenzust\u00e4nden ein sonderlicher Unterschied zu den nortdtiroler Gletschern. Mein n\u00e4chster Besuch wird hier aber wohl erst sein, wenn noch etwas mehr aufgeht.<\/p>\n<p>Da ich um 14 Uhr runter bin, ging es auf dem Heimweg noch beim ESL+Korblift Algund\/Vellau\/Leiteralm vorbei, wollte ich auch schon lang mal wieder hin und hatte ich mir f\u00fcr heute auch vorgenommen.<\/p>\n<p><a href='http:\/\/extra.inmontanis.info\/d\/45045-2\/DSC02900.jpg'><img src=http:\/\/extra.inmontanis.info\/d\/45043-3\/DSC02900.jpg \/><\/a><br \/>\n^ ESL Vellau<\/p>\n<p><a href='http:\/\/extra.inmontanis.info\/d\/45049-2\/DSC02903.jpg'><img src=http:\/\/extra.inmontanis.info\/d\/45048-3\/DSC02903.jpg \/><\/a><br \/>\n^ Nach wie vor sehr verwachsene Trasse<\/p>\n<p><a href='http:\/\/extra.inmontanis.info\/d\/45053-2\/DSC02911.jpg'><img src=http:\/\/extra.inmontanis.info\/d\/45052-3\/DSC02911.jpg \/><\/a><br \/>\n^ Mittelstation, hier hei\u00dft&#8217;s neu zahlen.<\/p>\n<p><a href='http:\/\/extra.inmontanis.info\/d\/45057-2\/DSC02914.jpg'><img src=http:\/\/extra.inmontanis.info\/d\/45056-3\/DSC02914.jpg \/><\/a><br \/>\n^ Talblick mit ESL<\/p>\n<p><a href='http:\/\/extra.inmontanis.info\/d\/45061-2\/DSC02916.jpg'><img src=http:\/\/extra.inmontanis.info\/d\/45060-3\/DSC02916.jpg \/><\/a><br \/>\n^ Talstation Korblift Leiter-Alm<\/p>\n<p><a href='http:\/\/extra.inmontanis.info\/d\/45065-2\/DSC02917.jpg'><img src=http:\/\/extra.inmontanis.info\/d\/45064-3\/DSC02917.jpg \/><\/a><br \/>\n^ Korblift<\/p>\n<p><a href='http:\/\/extra.inmontanis.info\/d\/45069-2\/DSC02921.jpg'><img src=http:\/\/extra.inmontanis.info\/d\/45068-3\/DSC02921.jpg \/><\/a><br \/>\n^ Talstation Korblift<\/p>\n<p><a href='http:\/\/extra.inmontanis.info\/d\/45073-2\/DSC02926.jpg'><img src=http:\/\/extra.inmontanis.info\/d\/45072-3\/DSC02926.jpg \/><\/a><br \/>\n^ St\u00fctze 4, netter Portalniederhalter<\/p>\n<p><a href='http:\/\/extra.inmontanis.info\/d\/45077-2\/DSC02945.jpg'><img src=http:\/\/extra.inmontanis.info\/d\/45076-3\/DSC02945.jpg \/><\/a><br \/>\n^ Korblift mit Talblick<\/p>\n<p><a href='http:\/\/extra.inmontanis.info\/d\/45081-2\/DSC02946.jpg'><img src=http:\/\/extra.inmontanis.info\/d\/45080-3\/DSC02946.jpg \/><\/a><br \/>\n^ Kurz vor der Bergstation<\/p>\n<p><a href='http:\/\/extra.inmontanis.info\/d\/45085-2\/DSC02953.jpg'><img src=http:\/\/extra.inmontanis.info\/d\/45084-3\/DSC02953.jpg \/><\/a><br \/>\n^ Bergstation Korblift<\/p>\n<p><a href='http:\/\/extra.inmontanis.info\/d\/45089-2\/DSC02955.jpg'><img src=http:\/\/extra.inmontanis.info\/d\/45088-3\/DSC02955.jpg \/><\/a><br \/>\n^ Bergstation Korblift<\/p>\n<p><a href='http:\/\/extra.inmontanis.info\/d\/45093-2\/DSC02956.jpg'><img src=http:\/\/extra.inmontanis.info\/d\/45092-3\/DSC02956.jpg \/><\/a><\/p>\n<p><a href='http:\/\/extra.inmontanis.info\/d\/45097-2\/DSC02959.jpg'><img src=http:\/\/extra.inmontanis.info\/d\/45096-3\/DSC02959.jpg \/><\/a><br \/>\n^ Nicht sehr einladender Eingang zur Talfahrt<\/p>\n<p><a href='http:\/\/extra.inmontanis.info\/d\/45101-2\/DSC02962.jpg'><img src=http:\/\/extra.inmontanis.info\/d\/45100-3\/DSC02962.jpg \/><\/a><br \/>\n^ Versteckte Bergstation<\/p>\n<p><a href='http:\/\/extra.inmontanis.info\/d\/45105-2\/DSC02960.jpg'><img src=http:\/\/extra.inmontanis.info\/d\/45104-3\/DSC02960.jpg \/><\/a><br \/>\n^ Almgel\u00e4nde oben. Irgendwo gab&#8217;s ja mal einen SL<\/p>\n<p><a href='http:\/\/extra.inmontanis.info\/d\/45109-2\/DSC02964.jpg'><img src=http:\/\/extra.inmontanis.info\/d\/45108-3\/DSC02964.jpg \/><\/a><br \/>\n^ Almgel\u00e4nde oben. Irgendwo gab&#8217;s ja mal einen SL. S\u00e4he nett aus.<\/p>\n<p><a href='http:\/\/extra.inmontanis.info\/d\/45113-2\/DSC02965.jpg'><img src=http:\/\/extra.inmontanis.info\/d\/45112-3\/DSC02965.jpg \/><\/a><br \/>\n^ Bergstation Korblift, die T\u00fcren hier unten wurden wohl schon l\u00e4nger nicht mehr ge\u00f6ffnet<\/p>\n<p><a href='http:\/\/extra.inmontanis.info\/d\/45117-2\/DSC02966.jpg'><img src=http:\/\/extra.inmontanis.info\/d\/45116-3\/DSC02966.jpg \/><\/a><br \/>\n^ .. vmtl. auch die Toiletten nicht. T\u00fcren waren abgesperrt.<\/p>\n<p><a href='http:\/\/extra.inmontanis.info\/d\/45121-2\/DSC02967.jpg'><img src=http:\/\/extra.inmontanis.info\/d\/45120-3\/DSC02967.jpg \/><\/a><br \/>\n^ Zugang<\/p>\n<p><a href='http:\/\/extra.inmontanis.info\/d\/45125-2\/DSC02970.jpg'><img src=http:\/\/extra.inmontanis.info\/d\/45124-3\/DSC02970.jpg \/><\/a><br \/>\n^ Einer der R\u00e4ume der Bergstation<\/p>\n<p><a href='http:\/\/extra.inmontanis.info\/d\/45129-2\/DSC02971.jpg'><img src=http:\/\/extra.inmontanis.info\/d\/45128-3\/DSC02971.jpg \/><\/a><br \/>\n^ Talw\u00e4rts<\/p>\n<p><a href='http:\/\/extra.inmontanis.info\/d\/45133-2\/DSC02972.jpg'><img src=http:\/\/extra.inmontanis.info\/d\/45132-3\/DSC02972.jpg \/><\/a><\/p>\n<p><a href='http:\/\/extra.inmontanis.info\/d\/45137-2\/DSC02975.jpg'><img src=http:\/\/extra.inmontanis.info\/d\/45136-3\/DSC02975.jpg \/><\/a><br \/>\n^ St\u00fctze 11<\/p>\n<p><a href='http:\/\/extra.inmontanis.info\/d\/45141-2\/DSC02979.jpg'><img src=http:\/\/extra.inmontanis.info\/d\/45140-3\/DSC02979.jpg \/><\/a><br \/>\n^ Der Lift hier verdient jedenfalls die Bezeichnung Korb-Lift ;-)<\/p>\n<p><a href='http:\/\/extra.inmontanis.info\/d\/45145-2\/DSC02986.jpg'><img src=http:\/\/extra.inmontanis.info\/d\/45144-3\/DSC02986.jpg \/><\/a><br \/>\n^ St\u00fctze 6. Rollen-Schr\u00e4glage k\u00f6nnte am Objektiv liegen.<\/p>\n<p><a href='http:\/\/extra.inmontanis.info\/d\/45149-2\/DSC02989.jpg'><img src=http:\/\/extra.inmontanis.info\/d\/45148-3\/DSC02989.jpg \/><\/a><br \/>\n^ Talblick nach Meran &amp; Co<\/p>\n<p><a href='http:\/\/extra.inmontanis.info\/d\/45153-2\/DSC02996.jpg'><img src=http:\/\/extra.inmontanis.info\/d\/45152-3\/DSC02996.jpg \/><\/a><br \/>\n^ Talstation Korblift<\/p>\n<p><a href='http:\/\/extra.inmontanis.info\/d\/45157-2\/DSC02998.jpg'><img src=http:\/\/extra.inmontanis.info\/d\/45156-3\/DSC02998.jpg \/><\/a><\/p>\n<p><a href='http:\/\/extra.inmontanis.info\/d\/45161-2\/DSC03000.jpg'><img src=http:\/\/extra.inmontanis.info\/d\/45160-3\/DSC03000.jpg \/><\/a><br \/>\n^ Talstation Korblift<\/p>\n<p><a href='http:\/\/extra.inmontanis.info\/d\/45165-2\/DSC03001.jpg'><img src=http:\/\/extra.inmontanis.info\/d\/45164-3\/DSC03001.jpg \/><\/a><br \/>\n^ Bergstation ESL<\/p>\n<p><a href='http:\/\/extra.inmontanis.info\/d\/45169-2\/DSC03003.jpg'><img src=http:\/\/extra.inmontanis.info\/d\/45168-3\/DSC03003.jpg \/><\/a><br \/>\n^ Bergstation ESL<\/p>\n<p><a href='http:\/\/extra.inmontanis.info\/d\/45173-2\/DSC03010.jpg'><img src=http:\/\/extra.inmontanis.info\/d\/45172-3\/DSC03010.jpg \/><\/a><br \/>\n^ Talpano<\/p>\n<p><a href='http:\/\/extra.inmontanis.info\/d\/45177-2\/DSC03011.jpg'><img src=http:\/\/extra.inmontanis.info\/d\/45176-3\/DSC03011.jpg \/><\/a><br \/>\n^ Talfahrt ESL<\/p>\n<p><a href='http:\/\/extra.inmontanis.info\/d\/45181-2\/DSC03016.jpg'><img src=http:\/\/extra.inmontanis.info\/d\/45180-3\/DSC03016.jpg \/><\/a><br \/>\n^ Teils haben die St\u00fctzen nur 2 Seilrollen pro Seite<\/p>\n<p><a href='http:\/\/extra.inmontanis.info\/d\/45185-2\/DSC03020.jpg'><img src=http:\/\/extra.inmontanis.info\/d\/45184-3\/DSC03020.jpg \/><\/a><br \/>\n^ .. teils aber auch 4.<\/p>\n<p><a href='http:\/\/extra.inmontanis.info\/d\/45189-2\/DSC03028.jpg'><img src=http:\/\/extra.inmontanis.info\/d\/45188-3\/DSC03028.jpg \/><\/a><br \/>\n^ ESL Talstation<\/p>\n<p><a href='http:\/\/extra.inmontanis.info\/d\/45193-2\/DSC03032.jpg'><img src=http:\/\/extra.inmontanis.info\/d\/45192-3\/DSC03032.jpg \/><\/a><br \/>\n^ ESL Talstation<\/p>\n<p><a href='http:\/\/extra.inmontanis.info\/d\/45197-2\/DSC03035.jpg'><img src=http:\/\/extra.inmontanis.info\/d\/45196-3\/DSC03035.jpg \/><\/a><br \/>\n^ Zugang ESL. Es steht gleich 2x da, dass es keine Gratis-Fahrten gibt. Wer erwartet das denn?<\/p>\n<p><a href='http:\/\/extra.inmontanis.info\/d\/45201-2\/DSC03037.jpg'><img src=http:\/\/extra.inmontanis.info\/d\/45200-3\/DSC03037.jpg \/><\/a><br \/>\n^ ESL, geht unten gleich steil rauf<\/p>\n","protected":false},"excerpt":{"rendered":"<p>Nach ca. 8 Jahren ging es dank Saisonkarte heute endlich mal wieder auf den Schnalstaler Gletscher. Dass es voll werden k\u00f6nnte, hatte ich ja im Alpinforum gelesen. Gefahren bin ich jeweils \u00fcbern Jaufenpass, die Fahrt dauert dann ca. 3 Stunden f\u00fcr die ca. 160km. Die Parkpl\u00e4tze schienen relativ leer, aber es gab doch noch einige <a href=\"http:\/\/blog.inmontanis.info\/?p=4576\">[&#8230;]<\/a><\/p>\n","protected":false},"author":1,"featured_media":0,"comment_status":"closed","ping_status":"closed","sticky":false,"template":"","format":"standard","meta":{"footnotes":""},"categories":[15,459,59,25,397,27],"tags":[49,35,54,63,52,45,47],"class_list":["post-4576","post","type-post","status-publish","format-standard","hentry","category-italienitaly","category-meran","category-nostalgie","category-noreport","category-schnalstal","category-skifahren-winterskiing-winter","tag-4sb","tag-esl","tag-gletschervergleich","tag-korblift","tag-pb","tag-see","tag-sl","odd"],"_links":{"self":[{"href":"http:\/\/blog.inmontanis.info\/index.php?rest_route=\/wp\/v2\/posts\/4576","targetHints":{"allow":["GET"]}}],"collection":[{"href":"http:\/\/blog.inmontanis.info\/index.php?rest_route=\/wp\/v2\/posts"}],"about":[{"href":"http:\/\/blog.inmontanis.info\/index.php?rest_route=\/wp\/v2\/types\/post"}],"author":[{"embeddable":true,"href":"http:\/\/blog.inmontanis.info\/index.php?rest_route=\/wp\/v2\/users\/1"}],"replies":[{"embeddable":true,"href":"http:\/\/blog.inmontanis.info\/index.php?rest_route=%2Fwp%2Fv2%2Fcomments&post=4576"}],"version-history":[{"count":4,"href":"http:\/\/blog.inmontanis.info\/index.php?rest_route=\/wp\/v2\/posts\/4576\/revisions"}],"predecessor-version":[{"id":4580,"href":"http:\/\/blog.inmontanis.info\/index.php?rest_route=\/wp\/v2\/posts\/4576\/revisions\/4580"}],"wp:attachment":[{"href":"http:\/\/blog.inmontanis.info\/index.php?rest_route=%2Fwp%2Fv2%2Fmedia&parent=4576"}],"wp:term":[{"taxonomy":"category","embeddable":true,"href":"http:\/\/blog.inmontanis.info\/index.php?rest_route=%2Fwp%2Fv2%2Fcategories&post=4576"},{"taxonomy":"post_tag","embeddable":true,"href":"http:\/\/blog.inmontanis.info\/index.php?rest_route=%2Fwp%2Fv2%2Ftags&post=4576"}],"curies":[{"name":"wp","href":"https:\/\/api.w.org\/{rel}","templated":true}]}}