{"id":4567,"date":"2017-11-01T22:51:40","date_gmt":"2017-11-01T21:51:40","guid":{"rendered":"http:\/\/blog.inmontanis.info\/?p=4567"},"modified":"2023-07-31T19:54:41","modified_gmt":"2023-07-31T17:54:41","slug":"sulden-1-11-2017","status":"publish","type":"post","link":"http:\/\/blog.inmontanis.info\/?p=4567","title":{"rendered":"Sulden, 1.11.2017"},"content":{"rendered":"<p>Sulden startete heute in die Skisaison mit einem wie \u00fcblich recht ansehnlichem Programm, zumindest im Vergleich zu den bisher ge\u00f6ffneten sonstigen Nicht-Gletscherskigebieten. Die vielen ge\u00f6ffneten Pistennummern bedeuteten schlussendlich aber doch nur 3 offene Abfahrten, je 1 pro Lift. Dazu noch 2 Rennstrecken, wobei die rechte \u00fcber Mittag fast-stangerlfrei und somit fahrbar war. Leider war es die meiste Zeit bedeckt, Sonne gab es also bei weitem nicht so viel wie gemeldet.<\/p>\n<p>Schneem\u00e4\u00dfig gab es alles m\u00f6gliche, von griffig-gut \u00fcber eisig-harten Kunstschnee bis zu nervigen Knollen-Abschnitten, aber auch sch\u00f6n weichen St\u00fccken. Steine und Steinchen gab&#8217;s auch, konnten meist problemlos umfahren werden, gr\u00f6\u00dfere zumindest dann, sobald sie gut sichtbar waren, davor blieb ich mal an einem etwas h\u00e4ngen. Auf Wellen und L\u00f6cher musste man hier und da auch noch aufpassen. Verglichen mit meinen anderen Gletscherskitagen des heurigen Herbstes die schlechtesten Schneeverh\u00e4ltnisse, aber daf\u00fcr war nichts los (war fast immer alleine im Sessellift), und das ist mir zumeist wichtiger. <\/p>\n<p>Hatte ich mir w\u00e4hrend des Skifahrens auch mal wieder \u00fcberlegt, wie meine momentanen Priorit\u00e4ten sind, absteigend sortiert:<\/p>\n<p>&#8211; Preis: Killer-Kriterium, wenn das Preis-Verh\u00e4ltnis mir nicht passt, ist alles andere egal. Die anderen wichtigen Sachen k\u00f6nnen, wenn sie nicht passen aber stattdessen mehrere andere passen, auch mal \u00fcberstimmt werden.<br \/>\n&#8211; Keine Wartezeiten an den Liften: sehr wichtig<br \/>\n&#8211; Wetter: sehr wichtig (je sonniger und w\u00e4rmer, desto besser)<br \/>\n&#8211; Panorama: sehr wichtig (m\u00f6glichst weit \/ Flachland)<br \/>\n&#8211; Pisten: sehr wichtig (m\u00f6glichst unmodelliert und abwechslungsreich)<br \/>\n&#8211; Lifte: wichtig (m\u00f6glichst unmodern, aber bei der Wahl zwischen alten Liften mit flachen uninteressanten Pisten ohne Panorama versus neue Lifte mit Hammerpano und interessanteren Pisten, ziehe ich dann doch letzteres vor.)<br \/>\n&#8211; Leere Pisten: nice to have, aber verglichen mit den anderen Punkten eher weniger wichtig, denn wenn die Pisten voll sind, fahr ich halt daneben ;-)<br \/>\n&#8211; Schneequalit\u00e4t\/Pistenzustand: im Prinzip weniger wichtig, es gibt aber einige Schneezust\u00e4nde, die k\u00f6nnen mir alles Positive vermie\u00dfen: zu eisig, zu knollig, zu pappig. Umgekehrt kann ein toller Firn auch alle anderen negativen Punkte wiedergutmachen. Aber ich w\u00fcrde z.B. nicht f\u00fcr wesentlich bessere Pisten an den Liften anstehen wollen. Dann lieber keine Wartezeiten und etwas schlechtere Pisten.<\/p>\n<p>\u00dcbrigens: Der h\u00f6chste Punkt im Skigebiet Sulden liegt auf 3215m lt. GE und damit h\u00f6her als am Schnalstaler Gletscher (3180m) oder Kaunertaler Gletscher (3110m).<\/p>\n<p>(Fotos anklicken zum Vergr\u00f6\u00dfern.)<\/p>\n<p><a href='http:\/\/ski.inmontanis.info\/d\/236363-2\/DSC02772.jpg'><img src=http:\/\/ski.inmontanis.info\/d\/236362-3\/DSC02772.jpg \/><\/a><br \/>\n^ PB Talstation. F\u00e4hrt wohl ca. alle 10-15min, entsprechend muss man auch an der Mittelstation immer ein paar Minuten warten.<\/p>\n<p><a href='http:\/\/ski.inmontanis.info\/d\/236367-2\/DSC02773.jpg'><img src=http:\/\/ski.inmontanis.info\/d\/236366-3\/DSC02773.jpg \/><\/a><br \/>\n^ Wie sich sp\u00e4ter zeigen sollte: Alte Sessel der Sch\u00f6ntauf-II-KSB, da h\u00e4ngen jetzt neue mit blauen Scheiben<\/p>\n<p><a href='http:\/\/ski.inmontanis.info\/d\/236371-2\/DSC02775.jpg'><img src=http:\/\/ski.inmontanis.info\/d\/236370-3\/DSC02775.jpg \/><\/a><br \/>\n^ Die Parkpl\u00e4tze waren um 9:45 Uhr noch alles andere als voll. Auf den schmalen und wenigen Pisten war&#8217;s aber dann doch \u00f6fters mal ausreichend voll.<\/p>\n<p><a href='http:\/\/ski.inmontanis.info\/d\/236375-2\/DSC02776.jpg'><img src=http:\/\/ski.inmontanis.info\/d\/236374-3\/DSC02776.jpg \/><\/a><br \/>\n^ Abfahrt Rosim-EUB<\/p>\n<p><a href='http:\/\/ski.inmontanis.info\/d\/236379-2\/DSC02779.jpg'><img src=http:\/\/ski.inmontanis.info\/d\/236378-3\/DSC02779.jpg \/><\/a><br \/>\n^ PB Mittelstation<\/p>\n<p><a href='http:\/\/ski.inmontanis.info\/d\/236383-2\/DSC02783.jpg'><img src=http:\/\/ski.inmontanis.info\/d\/236382-3\/DSC02783.jpg \/><\/a><br \/>\n^ Auch wenn der Gletscher da links der Bildmitte keine direkte Verbindung mehr ins Becken hat, unter dem ganzen Schutt m\u00fcsste doch nach wie vor noch einiges an Gletscher sein?<\/p>\n<p><a href='http:\/\/ski.inmontanis.info\/d\/236387-2\/DSC02784.jpg'><img src=http:\/\/ski.inmontanis.info\/d\/236386-3\/DSC02784.jpg \/><\/a><br \/>\n^ Madritsch-KSB. Viel voller wurde es an der heute nur selten ;-)<\/p>\n<p><a href='http:\/\/ski.inmontanis.info\/d\/236391-2\/DSC02789.jpg'><img src=http:\/\/ski.inmontanis.info\/d\/236390-3\/DSC02789.jpg \/><\/a><br \/>\n^ 4KSB Sch\u00f6ntauf II. Teilweise wurden die Sessel samt Hauben zwangs geschlossen und zwangs verriegelt &#8211; andere dagegen waren frei zu schlie\u00dfen und zu \u00f6ffnen. Hinten oben der Ex-Sommerski-Cevedale-Gletscher<\/p>\n<p><a href='http:\/\/ski.inmontanis.info\/d\/236395-2\/DSC02790.jpg'><img src=http:\/\/ski.inmontanis.info\/d\/236394-3\/DSC02790.jpg \/><\/a><br \/>\n^ Gesamtes Skigebiet<\/p>\n<p><a href='http:\/\/ski.inmontanis.info\/d\/236399-2\/DSC02791.jpg'><img src=http:\/\/ski.inmontanis.info\/d\/236398-3\/DSC02791.jpg \/><\/a><br \/>\n^ Obwohl sich Sulden nicht Gletscherskigebiet nennt, scheint es sogar noch eine Gletscherpiste zu geben (zus\u00e4tzlich evtl. der zur Mittelstation \u00fcber den Schutt, wei\u00df nicht, ob die mittlerweile noch auf Gletscher verl\u00e4uft), hier sah man Eis. Wird die Piste abgedeckt, hat sich das erst in den letzten Jahren entwickelt oder ist das tats\u00e4chlich noch der Rest vom einst gr\u00f6\u00dferen Gletscher hier?<\/p>\n<p><a href='http:\/\/ski.inmontanis.info\/d\/236403-2\/DSC02793.jpg'><img src=http:\/\/ski.inmontanis.info\/d\/236402-3\/DSC02793.jpg \/><\/a><br \/>\n^ Die direkte Abfahrt an der unteren KSB war im oberen Teil noch nicht ge\u00f6ffnet, daher musste man \u00fcber den Skiweg, aber kein Problem.<\/p>\n<p><a href='http:\/\/ski.inmontanis.info\/d\/236407-2\/DSC02794.jpg'><img src=http:\/\/ski.inmontanis.info\/d\/236406-3\/DSC02794.jpg \/><\/a><br \/>\n^ Eine der beiden Trainingsabfahrten<\/p>\n<p><a href='http:\/\/ski.inmontanis.info\/d\/236411-2\/DSC02795.jpg'><img src=http:\/\/ski.inmontanis.info\/d\/236410-3\/DSC02795.jpg \/><\/a><\/p>\n<p><a href='http:\/\/ski.inmontanis.info\/d\/236415-2\/DSC02796.jpg'><img src=http:\/\/ski.inmontanis.info\/d\/236414-3\/DSC02796.jpg \/><\/a><br \/>\n^ Madritschh\u00fctte, ein dunkleres Holz \/ Anstrich h\u00e4tte f\u00fcr den neuen Anbau aber schon etwas besser zum alten Ensemble gepasst?!<\/p>\n<p><a href='http:\/\/ski.inmontanis.info\/d\/236419-2\/DSC02802.jpg'><img src=http:\/\/ski.inmontanis.info\/d\/236418-3\/DSC02802.jpg \/><\/a><br \/>\n^ Talblick und hartn\u00e4ckige Wolkendecke<\/p>\n<p><a href='http:\/\/ski.inmontanis.info\/d\/236423-2\/DSC02804.jpg'><img src=http:\/\/ski.inmontanis.info\/d\/236422-3\/DSC02804.jpg \/><\/a><br \/>\n^ \u00dcber Mittag war dann eine der beiden Trainingspisten halb frei und somit fahrbar, sp\u00e4ter wurde wieder ein Kurs gesteckt<\/p>\n<p><a href='http:\/\/ski.inmontanis.info\/d\/236427-2\/DSC02805.jpg'><img src=http:\/\/ski.inmontanis.info\/d\/236426-3\/DSC02805.jpg \/><\/a><br \/>\n^ Abfahrt rechts der Sch\u00f6ntauf-4SB, derzeit nur von der 4SB, nicht von der 4KSB erreichbar, da der Skiweg oben noch keinen Schnee hat (links au\u00dferhalb des Bildes)<\/p>\n<p><a href='http:\/\/ski.inmontanis.info\/d\/236431-2\/DSC02810.jpg'><img src=http:\/\/ski.inmontanis.info\/d\/236430-3\/DSC02810.jpg \/><\/a><br \/>\n^ So leer war&#8217;s an den beiden oberen Sesselbahnen den ganzen Tag.<\/p>\n<p><a href='http:\/\/ski.inmontanis.info\/d\/236435-2\/DSC02811.jpg'><img src=http:\/\/ski.inmontanis.info\/d\/236434-3\/DSC02811.jpg \/><\/a><br \/>\n^ Skiweg von der oberen 4KSB zu den rechten Abfahrten noch schneelos und somit gesperrt.<\/p>\n<p><a href='http:\/\/ski.inmontanis.info\/d\/236439-2\/DSC02818.jpg'><img src=http:\/\/ski.inmontanis.info\/d\/236438-3\/DSC02818.jpg \/><\/a><br \/>\n^ Hm. Ich kann mir bei dem heurigen Sommer ja nicht vorstellen, dass da ein so gro\u00dfes Altschneefeld vom letzten Winter \u00fcberlebt haben soll, auch wenn&#8217;s sehr danach ausschaut?!<\/p>\n<p><a href='http:\/\/ski.inmontanis.info\/d\/236443-2\/DSC02819.jpg'><img src=http:\/\/ski.inmontanis.info\/d\/236442-3\/DSC02819.jpg \/><\/a><br \/>\n^ F\u00fcr die Zutrittsschranken an der PB ist wohl noch ein alter Windows 95- oder 98 &#8211; oder 2000-PC samt altem 14- oder 15&quot;-CRT zust\u00e4ndig.<\/p>\n<p><a href='http:\/\/ski.inmontanis.info\/d\/236447-2\/DSC02820.jpg'><img src=http:\/\/ski.inmontanis.info\/d\/236446-3\/DSC02820.jpg \/><\/a><br \/>\n^ PB unterer Teil mit dem nach wie vor \u00fcberraschend gering verbauten Talboden<\/p>\n<p><a href='http:\/\/ski.inmontanis.info\/d\/236451-2\/ge20171101a.jpg'><img src=http:\/\/ski.inmontanis.info\/d\/236450-3\/ge20171101a.jpg \/><\/a><br \/>\n^ GPS-Track 1.11.2017<\/p>\n<p>Fazit: Mit etwas mehr Sonne w\u00e4re es heute angenehmer gewesen. Am Samstag geht&#8217;s dann wohl Schnalstaler, das WE drauf vermutlich wieder Sulden, bis dahin hoffentlich mit etwas mehr Schnee und ein paar zus\u00e4tzlichen Abfahrten.<\/p>\n<p>Wieso? Ok: Eigentlich wollte ich ja heuer im Winter keine Saisonkarte kaufen, weil ich mir die Sommersaisonkarte am Hintertuxer n\u00e4chsten Sommer vorgenommen habe. Oder maximal eine kleine, g\u00fcnstige f\u00fcr diesen Winter, wie Achensee oder Glungezer. Haben jeweils aber den Nachteil, dass die g\u00fcnstigen Karten oft deshalb so g\u00fcnstig sind, weil die Gebiete nicht sehr lange ge\u00f6ffnet sind. Und in der Hoch-Saison ich ja doch lieber wieder unterwegs sein m\u00f6chte.. Ohne Saisonkarte hatte ich mir auch vorgenommen, mal wieder ein paar Skigebiete in S\u00fcdtirol zu besuchen, an den Tagen, wo ich nicht zu lang oder das ganze WE weiter weg fahren will, evtl. Sulden im Herbst, Rosskopf\/Sterzing (weil schnell anzufahren, wenn&#8217;s da grad sonniger ist), Ritten (weil die beiden SL so sch\u00f6n nostalgisch sind), Minschuns wollte ich auch schon lange mal wieder besuchen und Meran laufe ich auch schon lange hinterher, wird aber wie so viele Gebiete auch immer uninteressanter mit diversen Liftersetzungen. Haideralm sollte man wohl auch nochmal besuchen, bevor es nicht mehr existiert.<\/p>\n<p>In meiner Saisonkarten\u00fcberlegung im Fr\u00fchjahr hatte ich eine Saisonkarte \u00fcbersehen bzw. zu wenig beachtet oder gar nicht genau gewusst, ob es in dem Skigebietsverbund eine Saisonkarte gibt, so genau wei\u00df ich das nicht mehr &#8211; im Zuge der Kartenverbunds\u00fcbersicht im DSV-Skimagazin bin ich nun wieder darauf gesto\u00dfen: Ortler-Skiarena, Vorverkauf 459,- \u20ac, g\u00fcltig ab Ende Oktober bis Anfang Mai, sowohl Sulden wie auch Schnalstaler fallen in den erweiterten Saisonzeitraum. Und wenn ich eh schon ein paar Skitage in den Gebieten da geplant h\u00e4tte, k\u00f6nnte man ja auch mal diese Saisonkarte nehmen. Die +\/- Liste ergab dann:<\/p>\n<p>+ ca. 180,- \u20ac h\u00e4tte ich in den Gebieten heuer eh ausgeben wollen f\u00fcr Tageskarten<br \/>\n+ mit Schnalstaler Gletscher und Sulden eine Saisonverl\u00e4ngerung von Ende Oktober bis Anfang Mai<br \/>\n+ mit Sterzing und Ladurns zwei relativ nahe Skigebiete zu Innsbruck<br \/>\n+ mit Minschuns und Vigiljoch zwei Nostalgiegebiete (und Rittner Horn und Haideralm bieten auch noch nette SL)<br \/>\n+ einige Gebiete kenne ich noch nicht oder noch nicht so genau<br \/>\n+ f\u00fcr gew\u00f6hnlich sonnigeres Wetter als in Nordtirol<br \/>\n+ zweigeteilte Anfahrt, die einen Gebiete \u00fcber&#8217;s Inntal\/Reschen, die anderen \u00fcber Brenner (Gegensatz zu z.B. Kitzb\u00fcheler Alpen, h\u00e4tte immer das gleiche Anfahrtsst\u00fcck am Morgen)<br \/>\n&#8211; leider s\u00fcdtiroltypisch viel moderne Lifte und modellierte Abfahrten<br \/>\n&#8211; tw. recht lange Anfahrtszeiten (insb. zu den saisonverl\u00e4ngerten Gebieten Sulden + Schnalstaler, 2x an einem WE w\u00fcrde ich nicht bis in diese Gebiete fahren wollen, im Fr\u00fchjahr kann ich dann im Qubo schlafen<br \/>\n&#8211; IT-Autobahn-Maut und Stau, wenn man die Gebiete um Bozen\/Meran \u00fcber&#8217;n Brenner anf\u00e4hrt (Brenner Jahresmaut auf AT-Seite hab ich ja eh, Alternative auf Italienseite w\u00e4re dann ggf. die Fahrt \u00fcber&#8217;n Jaufenpass, k\u00fcrzer und g\u00fcnstiger, zeitlich l\u00e4nger, im Winter Nachtsperre), wobei es auch \u00fcbern Reschen um Prutz samstags abends oftmals staut.<\/p>\n<p>Gekauft hab ich die Saisonkarte also heute, inkludiert sind folgende Skigebiete:<br \/>\n&#8211; Ladurns: Fand ich mal ganz nett, ist von Innsbruck \u00fcbern Brenner schnell anzufahren, kann man halben Tag mit Rosskopf kombinieren<br \/>\n&#8211; Rosskopf\/Sterzing: Fand ich mal ganz nett, seitdem hat&#8217;s aber einen Sessellift weniger und die Talskiroute gibt&#8217;s auch nicht mehr. Kann man halbtags mit Ladurns kombinieren<br \/>\n(- Geografisch das n\u00e4chste Skigebiet, aber nicht im Verbund: Ratschings. War ich nie so ein Fan von, vermisse ich also nicht. Brixen als n\u00e4chstes liegt auf der falschen Seite des Tals und ist nat\u00fcrlich auch nicht dabei.)<br \/>\n&#8211; Rittnerhorn, die beiden SL oben fand ich sch\u00f6n nostalgisch, w\u00fcrd ich gern mehr als 1x besuchen, evtl. halbtags kombiniert mit Reinswald oder Vigiljoch<br \/>\n&#8211; Reinswald, war ich noch nie, hatte es mir zwar \u00f6fters \u00fcberlegt, die Abfahrten schienen mir aber zu modelliert &#8211; aber mit der Saisonkarte werd ich&#8217;s mir nat\u00fcrlich mal anschauen.<br \/>\n&#8211; Schwemmalm, da gilt das gleiche: war ich noch nie, hatte es mir zwar \u00f6fters \u00fcberlegt, die Abfahrten schienen mir aber zu modelliert &#8211; aber mit der Saisonkarte werd ich&#8217;s mir nat\u00fcrlich mal anschauen.<br \/>\n&#8211; Vigiljoch, mit ESL+SL zwar toll nostalgisch, aber die Abfahrten etwas zu leicht und uninteressant, der interessanteste SL wurde ja leider vor Jahrzehnten eliminiert. W\u00fcrd ich trotzdem gern mehr als einmal besuchen, aber wohl eher f\u00fcr halbe Tage in Kombination mit anderen. Jedenfalls sch\u00f6n, dass es dieses Skigebiet \u00fcberhaupt noch gibt.<br \/>\n&#8211; Meran 2000, war ich noch nie, wollte ich schon l\u00e4nger mal hin, auch wenn die interessanten Lifte mittlerweile alle ersetzt sind<br \/>\n&#8211; Pfelders, war ich noch nie. Neue Kombibahn und Anschluss-Sessel, wohl arg modelliert, Skipass w\u00fcrde ich mir da wohl nicht kaufen, vielleicht kann es mit der Saisonkarte doch noch mit irgendwas irgendwie \u00fcberzeugen. Bei der geringen Erwartung, die ich hier hab, k\u00f6nnte das durchaus funktionieren.<br \/>\n&#8211; Schnalstaler Gletscher, kenne ich bisher nur den Gletscher-Teil, den Rest h\u00e4tte ich auch schon lange mal gern besucht.<br \/>\n&#8211; Sulden, hier kenne ich die zwei kleinen Seitengebiete auch noch nicht; mit den SL-Ersetzungen leider f\u00fcr mich nicht interessanter, au\u00dferdem im Hochwinter zu schattig, tendenziell also eher ab Anfang M\u00e4rz.<br \/>\n&#8211; Trafoi, war ich erst einmal und wurde damals entt\u00e4uscht. Seitdem ist ein SL mit einer SB ersetzt worden, was die Sache f\u00fcr mich ja nicht interessanter macht. Aber besuch ich trotzdem gerne mal wieder.<br \/>\n&#8211; Minschuns (Schweiz), eines dieser tollen 3-SL-Gebiete, hatte mir bei meinem Besuch damals recht gut gefallen, hab&#8217;s leider bisher nicht nochmal hin geschafft. Geht sich hoffentlich heuer auch mehr als nur einmal aus und kann abwechslungshalber \u00fcber&#8217;s Inntal \/ Ofenpass angefahren werden statt Reschen wie der Rest.<br \/>\n&#8211; Watles, war ich auch noch nie und wei\u00df ich trotz diverser Berichte noch nicht so ganz, ob es mir taugen wird oder nicht. Zur Not halbtags kombiniertbar mit anderen Gebieten in der Gegend<br \/>\n&#8211; Haider Alm, gefiel mir damals recht gut, insb. die beiden SL (keine Ahnung, ob die beide noch laufen) und die nette, abwechslungsreiche Talabfahrt mit See-Pano.<br \/>\n&#8211; Sch\u00f6neben, br\u00e4uchte ich wie Ratschings gar nicht, zu modern, zu voll, werd&#8217;s aber in Halbtageskombi mit Haideralm oder Nauders zumindest einmal besuchen.<br \/>\n&#8211; Nauders (\u00d6sterreich), ist mittlerweile auch dabei und kenn ich nat\u00fcrlich von meinen diversen Nordtiroler Saisonkarten, die anderen Gebiete haben daher eine h\u00f6here Priorit\u00e4t. Geh\u00f6rt per se auch nicht zu meinen Lieblingsgebieten, ist aber meist doch ganz nett und der Gipfelgrat-SL, wenn er denn mal l\u00e4uft, ist nat\u00fcrlich genial. <\/p>\n<p>Fazit: Eine Sammlung von 16 zumeist eher kleinen Skigebieten, von denen ich die H\u00e4lfte gar nicht oder nur teilweise kenne, verspricht also interessant zu werden oder zumindest mehr Abwechslung. (Und vielleicht dann n\u00e4chsten Winter ohne Saisonkarte?)<\/p>\n","protected":false},"excerpt":{"rendered":"<p>Sulden startete heute in die Skisaison mit einem wie \u00fcblich recht ansehnlichem Programm, zumindest im Vergleich zu den bisher ge\u00f6ffneten sonstigen Nicht-Gletscherskigebieten. Die vielen ge\u00f6ffneten Pistennummern bedeuteten schlussendlich aber doch nur 3 offene Abfahrten, je 1 pro Lift. Dazu noch 2 Rennstrecken, wobei die rechte \u00fcber Mittag fast-stangerlfrei und somit fahrbar war. Leider war es <a href=\"http:\/\/blog.inmontanis.info\/?p=4567\">[&#8230;]<\/a><\/p>\n","protected":false},"author":1,"featured_media":0,"comment_status":"closed","ping_status":"closed","sticky":false,"template":"","format":"standard","meta":{"footnotes":""},"categories":[24,15,27,386],"tags":[49,52],"class_list":["post-4567","post","type-post","status-publish","format-standard","hentry","category-tagestour","category-italienitaly","category-skifahren-winterskiing-winter","category-sulden","tag-4sb","tag-pb","odd"],"_links":{"self":[{"href":"http:\/\/blog.inmontanis.info\/index.php?rest_route=\/wp\/v2\/posts\/4567","targetHints":{"allow":["GET"]}}],"collection":[{"href":"http:\/\/blog.inmontanis.info\/index.php?rest_route=\/wp\/v2\/posts"}],"about":[{"href":"http:\/\/blog.inmontanis.info\/index.php?rest_route=\/wp\/v2\/types\/post"}],"author":[{"embeddable":true,"href":"http:\/\/blog.inmontanis.info\/index.php?rest_route=\/wp\/v2\/users\/1"}],"replies":[{"embeddable":true,"href":"http:\/\/blog.inmontanis.info\/index.php?rest_route=%2Fwp%2Fv2%2Fcomments&post=4567"}],"version-history":[{"count":3,"href":"http:\/\/blog.inmontanis.info\/index.php?rest_route=\/wp\/v2\/posts\/4567\/revisions"}],"predecessor-version":[{"id":4570,"href":"http:\/\/blog.inmontanis.info\/index.php?rest_route=\/wp\/v2\/posts\/4567\/revisions\/4570"}],"wp:attachment":[{"href":"http:\/\/blog.inmontanis.info\/index.php?rest_route=%2Fwp%2Fv2%2Fmedia&parent=4567"}],"wp:term":[{"taxonomy":"category","embeddable":true,"href":"http:\/\/blog.inmontanis.info\/index.php?rest_route=%2Fwp%2Fv2%2Fcategories&post=4567"},{"taxonomy":"post_tag","embeddable":true,"href":"http:\/\/blog.inmontanis.info\/index.php?rest_route=%2Fwp%2Fv2%2Ftags&post=4567"}],"curies":[{"name":"wp","href":"https:\/\/api.w.org\/{rel}","templated":true}]}}