{"id":4541,"date":"2017-09-30T21:46:03","date_gmt":"2017-09-30T19:46:03","guid":{"rendered":"http:\/\/blog.inmontanis.info\/?p=4541"},"modified":"2023-08-06T10:50:16","modified_gmt":"2023-08-06T08:50:16","slug":"stubaier-gletscher-30-9-2017","status":"publish","type":"post","link":"http:\/\/blog.inmontanis.info\/?p=4541","title":{"rendered":"Stubaier Gletscher, 30.9.2017"},"content":{"rendered":"<p><strong>30.9.2017<\/strong><\/p>\n<p>Skitag Nr. 116 und letzter der Saison, heute ist der letzte G\u00fcltigkeitstag meines Freizeittickets. Gegen 8:10 Uhr war ich am Parkplatz an der Eisgratbahn, wo es Durchsagen gab, dass selbige wegen eines technischen Defekts momentan nicht in Betrieb sei und man zur Gamsgartenbahn solle. Horden von Skifahrern machten sich zu Fu\u00df auf den Weg, ich bin einfach mit dem Auto weiter gefahren. Dennoch waren um 8:15 in der Talstation schon einige vor mir, genauer gesagt war ich so ca. in der Mitte des Stromes. 10 Minuten ging gar nichts, vmtl. weil die Gondeln noch nicht komplett ausgefahren waren. Danach sollte es noch ca. eine viertel Stunde dauern, bis ich endlich in der Kabine war, die heute tats\u00e4chlich fast ausnahmslos mit 5 oder 6 Personen besetzt wurden &#8211; trotz der riesigen Rucks\u00e4cke der Rennkids.<\/p>\n<p>Allerdings war das Einsteigen ein komplettes Chaos, da weder die Zutrittsschranken reguliert wurden, noch der Strom \u00fcber den \u00e4u\u00dferen Zugang gelenkt wurde, so dass man bereits ab der Kurve direkt an den Gondeln stand, so dass au\u00dfer einer Gondel eigentlich nichts mehr an einem vorbei kam. Da die Kids aber nat\u00fcrlich gruppenweise einsteigen wollen, k\u00e4mpften sie sich ihren Weg zwischen den Gondeln und der Menschenmasse &#8211; wo, wie ich bereits sagte &#8211; kein Platz war, erst recht nicht f\u00fcr diese dicken Rucks\u00e4cke. Zusteigen war dann nicht mehr m\u00f6glich, einerseits weil eben von vorne her alle gut eingestiegen sind, andererseits weil diejenigen, die unbedingt noch in die Gondel einsteigen wollten, sich wieder bis zur Kurve durchk\u00e4mpfen mussten. Boah!!<\/p>\n<p>Nachmittags war es dann wohl g\u00fcnstiger, einen Parkplatzpendelbus einzurichten, als die Gamsgarten I in Betrieb zu lassen. H\u00e4tte ich auch &#8216;ne Stunde sp\u00e4ter kommen k\u00f6nnen, sp\u00e4testens dann war die Eisgratbahn n\u00e4mlich wieder in Betrieb.<\/p>\n<p>Davon abgesehen war es heute ganz gut oben, Pistenverh\u00e4ltnisse wesentlich besser as letztes WE und der Mix aus Wolken und Sonne brachte den ganzen Tag \u00fcber passables Wetter, nur um 14:30 gab es mal ein kurzes bisschen Eisregen. In Betrieb genommen wurde mittlerweile der SL Daunscharte, der insb. morgens dank schon weicher Piste gut ging. Auch die gesperrte Abfahrt zum Gamsgarten war noch problemlos m\u00f6glich und selbige stritt sich mit dem Skiweg vom Rotadl zum Eisgrat und dem Skiweg vom Schaufeljoch zur Jochdohle um die Piste mit den meisten Steinen &#8211; aber im Prinzip unproblematisch heute, weil der Schnee insb. an diesen steinigen Teilen recht weich war.<\/p>\n<p>(Fotos anklicken zum Vergr\u00f6\u00dfern)<\/p>\n<p><a href='http:\/\/ski.inmontanis.info\/d\/236065-2\/DSC02221.jpg'><img src=http:\/\/ski.inmontanis.info\/d\/236064-3\/DSC02221.jpg \/><\/a><br \/>\n^ In der Mitte der Schlange ..<\/p>\n<p><a href='http:\/\/ski.inmontanis.info\/d\/236069-2\/DSC02222.jpg'><img src=http:\/\/ski.inmontanis.info\/d\/236068-3\/DSC02222.jpg \/><\/a><br \/>\n^ Daunferner \/ Daunscharte<\/p>\n<p><a href='http:\/\/ski.inmontanis.info\/d\/236073-2\/DSC02225.jpg'><img src=http:\/\/ski.inmontanis.info\/d\/236072-3\/DSC02225.jpg \/><\/a><br \/>\n^ SL Gai\u00dfkar, evtl. bis n\u00e4chstem WE, sp\u00e4testens \u00fcbern\u00e4chstem in Betrieb.<\/p>\n<p><a href='http:\/\/ski.inmontanis.info\/d\/236077-2\/DSC02226.jpg'><img src=http:\/\/ski.inmontanis.info\/d\/236076-3\/DSC02226.jpg \/><\/a><br \/>\n^ Rechts vom Skiweg kullerten den ganzen Tag Steine runter ..<\/p>\n<p><a href='http:\/\/ski.inmontanis.info\/d\/236081-2\/DSC02228.jpg'><img src=http:\/\/ski.inmontanis.info\/d\/236080-3\/DSC02228.jpg \/><\/a><br \/>\n^ Ab 10 Uhr wurde es sonniger<\/p>\n<p><a href='http:\/\/ski.inmontanis.info\/d\/236085-2\/DSC02230.jpg'><img src=http:\/\/ski.inmontanis.info\/d\/236084-3\/DSC02230.jpg \/><\/a><br \/>\n^ Daunferner-Gamsgarten<\/p>\n<p><a href='http:\/\/ski.inmontanis.info\/d\/236089-2\/DSC02231.jpg'><img src=http:\/\/ski.inmontanis.info\/d\/236088-3\/DSC02231.jpg \/><\/a><br \/>\n^ Spaltenfeld neben SL Daunscharte<\/p>\n<p><a href='http:\/\/ski.inmontanis.info\/d\/236093-2\/DSC02232.jpg'><img src=http:\/\/ski.inmontanis.info\/d\/236092-3\/DSC02232.jpg \/><\/a><br \/>\n^ SL Daunscharte, hier gab&#8217;s heute keine Wartezeiten.<\/p>\n<p><a href='http:\/\/ski.inmontanis.info\/d\/236097-2\/DSC02234.jpg'><img src=http:\/\/ski.inmontanis.info\/d\/236096-3\/DSC02234.jpg \/><\/a><br \/>\n^ Rotadl-Eisjoch<\/p>\n<p><a href='http:\/\/ski.inmontanis.info\/d\/236101-2\/DSC02235.jpg'><img src=http:\/\/ski.inmontanis.info\/d\/236100-3\/DSC02235.jpg \/><\/a><br \/>\n^ Dr. Heinrich Klier zum 90. Geburtstag. (Hatte ich glaub ich noch nicht explizit fotografiert.)<\/p>\n<p><a href='http:\/\/ski.inmontanis.info\/d\/236105-2\/DSC02237.jpg'><img src=http:\/\/ski.inmontanis.info\/d\/236104-3\/DSC02237.jpg \/><\/a><br \/>\n^ Die Steine neben der Schaufeljochbahn werden noch weiter an den Rand verschoben<\/p>\n<p><a href='http:\/\/ski.inmontanis.info\/d\/236109-2\/DSC02239.jpg'><img src=http:\/\/ski.inmontanis.info\/d\/236108-3\/DSC02239.jpg \/><\/a><br \/>\n^ Fast immer kann man sich am Stubaier Gletscher auf besseres Wetter als am Hintertuxer freuen :) Dort im Wipptal und Olperer dahinter h\u00e4ngen schon wieder die tiefen Wolken drin.<\/p>\n<p><a href='http:\/\/ski.inmontanis.info\/d\/236113-2\/DSC02240.jpg'><img src=http:\/\/ski.inmontanis.info\/d\/236112-3\/DSC02240.jpg \/><\/a><br \/>\n^ Der lange Daunferner-SL war wieder eine Zeit lang heute in Betrieb, wurde aber wohl etwas zu fr\u00fch eingestellt. Egal, wollte eh Gamsgarten fahren.<\/p>\n<p><a href='http:\/\/ski.inmontanis.info\/d\/236117-2\/DSC02241.jpg'><img src=http:\/\/ski.inmontanis.info\/d\/236116-3\/DSC02241.jpg \/><\/a><br \/>\n^ Abfahrt Gamsgarten weiterhin viel befahren, etwas steiniger als letztes WE, aber doch noch relativ problemlos.<\/p>\n<p><a href='http:\/\/ski.inmontanis.info\/d\/236121-2\/DSC02244.jpg'><img src=http:\/\/ski.inmontanis.info\/d\/236120-3\/DSC02244.jpg \/><\/a><br \/>\n^ Irgendwelche Bauarbeiten<\/p>\n<p><a href='http:\/\/ski.inmontanis.info\/d\/236057-2\/DSC02246.jpg'><img src=http:\/\/ski.inmontanis.info\/d\/236056-3\/DSC02246.jpg \/><\/a><br \/>\n^ Zoom \u00d6tztaler\/Tiefenbachferner vom Stubaier<\/p>\n<p><a href='http:\/\/ski.inmontanis.info\/d\/236061-2\/DSC02247.jpg'><img src=http:\/\/ski.inmontanis.info\/d\/236060-3\/DSC02247.jpg \/><\/a><br \/>\n^ Zoom \u00d6tztaler\/Tiefenbachferner\/Rettenbachferner \/ Pitztaler vom Stubaier<\/p>\n<p><a href='http:\/\/ski.inmontanis.info\/d\/236125-2\/DSC02248.jpg'><img src=http:\/\/ski.inmontanis.info\/d\/236124-3\/DSC02248.jpg \/><\/a><br \/>\n^ Abschiedsfoto f\u00fcr diesen Herbst<\/p>\n<p><a href='http:\/\/ski.inmontanis.info\/d\/236129-2\/ge20170916-30b.jpg'><img src=http:\/\/ski.inmontanis.info\/d\/236128-3\/ge20170916-30b.jpg \/><\/a><br \/>\n^ GPS-Track der 3 September-Wochenenden 16.-30.9.2017 (Gelb -> Rot -> Blau)<\/p>\n<p>Damit beende ich meine diesj\u00e4hrigen Stubai-Berichte. Ab morgen beginnt die neue Skisaison 2017\/18 &#8211; seit langem mal wieder ohne einer gro\u00dfen Gletscher-Saisonkarte. Nat\u00fcrlich wird mir der Stubaier im Herbst und Fr\u00fchjahr fehlen, aber ich m\u00f6chte n\u00e4chsten Sommer mal wieder die Hintertuxer Sommersaisonkarte &#8211; und die lohnt sich nicht, wenn ich bis Juni am Stubaier fahre. Und die teure TSC lohnt sich f\u00fcr mich schon gleich gar nicht &#8211; da besuche ich lieber im Winter jedes Wochenende die netten Nostalgieskigebiete in Italien, Bayern, Schweiz, etc. &#8211; und falls das Wetter mal in allen Richtungen schlecht wird, wird der Skitag eben im Sommer am Hintertuxer nachgeholt :-)<br \/>\nUnd was die n\u00e4chsten 2 Monate angeht &#8211; der eine oder andere Skitag wird schon irgendwo drin sein. Aber egtl. wollte ich noch ein paar andere Sachen besuchen ..<\/p>\n","protected":false},"excerpt":{"rendered":"<p>30.9.2017<\/p>\n<p>Skitag Nr. 116 und letzter der Saison, heute ist der letzte G\u00fcltigkeitstag meines Freizeittickets. Gegen 8:10 Uhr war ich am Parkplatz an der Eisgratbahn, wo es Durchsagen gab, dass selbige wegen eines technischen Defekts momentan nicht in Betrieb sei und man zur Gamsgartenbahn solle. Horden von Skifahrern machten sich zu Fu\u00df auf den Weg, <a href=\"http:\/\/blog.inmontanis.info\/?p=4541\">[&#8230;]<\/a><\/p>\n","protected":false},"author":1,"featured_media":0,"comment_status":"closed","ping_status":"closed","sticky":false,"template":"","format":"standard","meta":{"footnotes":""},"categories":[25,13,28,895],"tags":[47],"class_list":["post-4541","post","type-post","status-publish","format-standard","hentry","category-noreport","category-austria","category-skifahren-sommer","category-stubaier-gletscher","tag-sl","odd"],"_links":{"self":[{"href":"http:\/\/blog.inmontanis.info\/index.php?rest_route=\/wp\/v2\/posts\/4541","targetHints":{"allow":["GET"]}}],"collection":[{"href":"http:\/\/blog.inmontanis.info\/index.php?rest_route=\/wp\/v2\/posts"}],"about":[{"href":"http:\/\/blog.inmontanis.info\/index.php?rest_route=\/wp\/v2\/types\/post"}],"author":[{"embeddable":true,"href":"http:\/\/blog.inmontanis.info\/index.php?rest_route=\/wp\/v2\/users\/1"}],"replies":[{"embeddable":true,"href":"http:\/\/blog.inmontanis.info\/index.php?rest_route=%2Fwp%2Fv2%2Fcomments&post=4541"}],"version-history":[{"count":3,"href":"http:\/\/blog.inmontanis.info\/index.php?rest_route=\/wp\/v2\/posts\/4541\/revisions"}],"predecessor-version":[{"id":4544,"href":"http:\/\/blog.inmontanis.info\/index.php?rest_route=\/wp\/v2\/posts\/4541\/revisions\/4544"}],"wp:attachment":[{"href":"http:\/\/blog.inmontanis.info\/index.php?rest_route=%2Fwp%2Fv2%2Fmedia&parent=4541"}],"wp:term":[{"taxonomy":"category","embeddable":true,"href":"http:\/\/blog.inmontanis.info\/index.php?rest_route=%2Fwp%2Fv2%2Fcategories&post=4541"},{"taxonomy":"post_tag","embeddable":true,"href":"http:\/\/blog.inmontanis.info\/index.php?rest_route=%2Fwp%2Fv2%2Ftags&post=4541"}],"curies":[{"name":"wp","href":"https:\/\/api.w.org\/{rel}","templated":true}]}}