{"id":4536,"date":"2017-08-28T06:22:19","date_gmt":"2017-08-28T04:22:19","guid":{"rendered":"http:\/\/blog.inmontanis.info\/?p=4536"},"modified":"2022-09-16T18:32:31","modified_gmt":"2022-09-16T16:32:31","slug":"llandudno-28-8-2017","status":"publish","type":"post","link":"http:\/\/blog.inmontanis.info\/?p=4536","title":{"rendered":"Llandudno, 28.8.2017"},"content":{"rendered":"<p><strong>Mini-UK-Tram-Tour, Tag 3 Teil 1: 28.8.2017 &#8211; Llandudno<\/strong><\/p>\n<p>Wenn ich schon halbwegs in der Gegend bin, wollte ich auch mal wieder mein Gl\u00fcck mit der 4EUB in Llandudno versuchen. Von den ca. 5-10x, wo ich hier in der Gegend war, hatte ich ja leider nur 1x das Gl\u00fcck, mit der Gondelbahn fahren zu k\u00f6nnen &#8211; und leider auch nur bergw\u00e4rts, weil talw\u00e4rts war so eine Schlange, dass ich es damals nicht mehr rechtzeitig bis zur Abholung durch das Werkstattpersonal (mein Fusion hatte damals ein Problem) geschafft h\u00e4tte &#8211; und mich von oben abholen lassen musste. Ansonsten war sie immer wegen Schlechtwetters, haupts\u00e4chlich wegen Wind, geschlossen. Auch die heute gemeldeten Windgeschwindigkeiten waren im Grenzbereich f\u00fcr die 4EUB, die trotz offener Gondeln bereits bei ca. 20-30 km\/h schlie\u00dfen muss. Da ich die SSB-Tram ja seitdem auch nicht mehr gefahren bin und mal wieder fahren wollte, w\u00fcrde der Umweg heute nicht umsonst sein. Sollte die 4EUB gleich fahren, w\u00fcrd ich mit ihr rauf und runter. Ansonsten w\u00fcrde ich erst mal mit der SSB rauf und dann mit der Gondel runder, falls sie f\u00e4hrt &#8211; oder halt mit der SSB wieder runter.<\/p>\n<p>Zus\u00e4tzlich zur SSB\/Tram gab es fr\u00fcher ja auch noch die Colwyn-Llandudno-Stra\u00dfenbahn, die tw. direkt am Meer verlief und als eine der letzten in UK geschlossen wurde, hier einige Fotos vom Museum in Birkenhead vom letzten Jahr:<\/p>\n<p><a href='http:\/\/extra.inmontanis.info\/d\/39097-3\/DSC08197.jpg'><img src=http:\/\/extra.inmontanis.info\/d\/39096-4\/DSC08197.jpg \/><\/a><br \/>\n^ Auch Llandudno hatte einst eine Stra\u00dfenbahn (abgesehen von der heute noch existieren auf den Great Orme, links unten), und zwar eine \u00dcberland-Tram \u00fcber Penrhyn bis Colwyn Bay, inkl. einiger K\u00fcstenabschnitte<\/p>\n<p><a href='http:\/\/extra.inmontanis.info\/d\/39105-3\/DSC08199.jpg'><img src=http:\/\/extra.inmontanis.info\/d\/39104-4\/DSC08199.jpg \/><\/a><br \/>\n^ Weitere Einblicke der Tram von Llandudno.<\/p>\n<p><a href='http:\/\/extra.inmontanis.info\/d\/39101-3\/DSC08198.jpg'><img src=http:\/\/extra.inmontanis.info\/d\/39100-4\/DSC08198.jpg \/><\/a><br \/>\n^ Letzer Tram-Tag in Llandudno, 24.3.1956<\/p>\n<p>Da ich recht fr\u00fch ins Bett bin und somit recht fr\u00fch raus, ging&#8217;s erst mal \u00fcber diese K\u00fcstenstra\u00dfe, wo die Stra\u00dfenbahn fr\u00fcher fuhr, nach Llandudno. Dort ein Fr\u00fchst\u00fcck im McDonalds und in den gro\u00dfen Asda-Supermarkt f\u00fcr einen nicht zu gro\u00dfen Einkauf. Da ich keine Ahnung hatte, wieviel wo die Parkpl\u00e4tze in Llandudno kosten (und gestern Abend eh alles in den Stra\u00dfen voll war), nahm ich einen der gr\u00f6\u00dferen Parkpl\u00e4tze in der n\u00e4he der Tram\/4EUB und besuchte erst mal den Pier, da bis zum Betriebsbeginn um 10 Uhr an den Seilbahnen immer noch Zeit war. Wobei mir der genaue Start der 4EUB nicht bekannt war, da es im Netz keine aktuellen Informationen bzw. keine Homepage gibt.<\/p>\n<p>(Fotos anklicken zum Vergr\u00f6\u00dfern)<\/p>\n<p><a href='http:\/\/extra.inmontanis.info\/d\/44182-2\/ge20170825-29b.jpg'><img src=http:\/\/extra.inmontanis.info\/d\/44181-3\/ge20170825-29b.jpg \/><\/a><br \/>\nT\u00fcrkis: Strecke 28.8.2017<br \/>\nD) Llandudno<\/p>\n<p><a href='http:\/\/extra.inmontanis.info\/d\/44534-2\/DSC01682.jpg'><img src=http:\/\/extra.inmontanis.info\/d\/44533-3\/DSC01682.jpg \/><\/a><br \/>\n^ Sonnenaufgang (Ort vor Llandudno, wo fr\u00fcher auch die Stra\u00dfenbahn nach Llandudno fuhr)<\/p>\n<p><a href='http:\/\/extra.inmontanis.info\/d\/44538-2\/DSC01691.jpg'><img src=http:\/\/extra.inmontanis.info\/d\/44537-3\/DSC01691.jpg \/><\/a><br \/>\n^ Parkgeb\u00fchren in Lladudno &#8211; hier 4,50 f\u00fcr 4 Stunden<\/p>\n<p><a href='http:\/\/extra.inmontanis.info\/d\/44542-2\/DSC01692.jpg'><img src=http:\/\/extra.inmontanis.info\/d\/44541-3\/DSC01692.jpg \/><\/a><br \/>\n^ Parkgeb\u00fchren in Lladudno &#8211; hier an der Promenade nur 3,- f\u00fcr 4 Stunden<\/p>\n<p><a href='http:\/\/extra.inmontanis.info\/d\/44546-2\/DSC01695.jpg'><img src=http:\/\/extra.inmontanis.info\/d\/44545-3\/DSC01695.jpg \/><\/a><br \/>\n^ Promenade und Blick richtung Great Orme Gipfel<\/p>\n<p><a href='http:\/\/extra.inmontanis.info\/d\/44550-2\/DSC01696.jpg'><img src=http:\/\/extra.inmontanis.info\/d\/44549-3\/DSC01696.jpg \/><\/a><br \/>\n^ Nord\/Ostk\u00fcste von Lladudno<\/p>\n<p><a href='http:\/\/extra.inmontanis.info\/d\/44554-2\/DSC01699.jpg'><img src=http:\/\/extra.inmontanis.info\/d\/44553-3\/DSC01699.jpg \/><\/a><br \/>\n^ Weg zum Pier, Grand Hotel und daneben \u00dcberbleibsel aus alten Tagen<\/p>\n<p><a href='http:\/\/extra.inmontanis.info\/d\/44558-2\/DSC01702.jpg'><img src=http:\/\/extra.inmontanis.info\/d\/44557-3\/DSC01702.jpg \/><\/a><br \/>\n^ Pier(fortsatz)<\/p>\n<p><a href='http:\/\/extra.inmontanis.info\/d\/44562-2\/DSC01703.jpg'><img src=http:\/\/extra.inmontanis.info\/d\/44561-3\/DSC01703.jpg \/><\/a><br \/>\n^ Pier<\/p>\n<p><a href='http:\/\/extra.inmontanis.info\/d\/44566-2\/DSC01704.jpg'><img src=http:\/\/extra.inmontanis.info\/d\/44565-3\/DSC01704.jpg \/><\/a><br \/>\n^ Pier<\/p>\n<p><a href='http:\/\/extra.inmontanis.info\/d\/44570-2\/DSC01708.jpg'><img src=http:\/\/extra.inmontanis.info\/d\/44569-3\/DSC01708.jpg \/><\/a><br \/>\n^ Blick zur Mautstra\u00dfe um den Great Orme<\/p>\n<p><a href='http:\/\/extra.inmontanis.info\/d\/44574-2\/DSC01709.jpg'><img src=http:\/\/extra.inmontanis.info\/d\/44573-3\/DSC01709.jpg \/><\/a><br \/>\n^ Den Hinweis w\u00fcrde man sich bei manchen Bergbahnen auch w\u00fcnschen ;-)<\/p>\n<p><a href='http:\/\/extra.inmontanis.info\/d\/44578-2\/DSC01712.jpg'><img src=http:\/\/extra.inmontanis.info\/d\/44577-3\/DSC01712.jpg \/><\/a><br \/>\n^ Verzierungen<\/p>\n<p><a href='http:\/\/extra.inmontanis.info\/d\/44582-2\/DSC01716.jpg'><img src=http:\/\/extra.inmontanis.info\/d\/44581-3\/DSC01716.jpg \/><\/a><br \/>\n^ Pier mit Blick zur Gondel, 2 fuhren zu Testzwecken, leider blieb sie dann windbedingt geschlossen.<\/p>\n<p><a href='http:\/\/extra.inmontanis.info\/d\/44586-2\/DSC01718.jpg'><img src=http:\/\/extra.inmontanis.info\/d\/44585-3\/DSC01718.jpg \/><\/a><br \/>\n^ Pier<\/p>\n<p><a href='http:\/\/extra.inmontanis.info\/d\/44590-2\/DSC01719.jpg'><img src=http:\/\/extra.inmontanis.info\/d\/44589-3\/DSC01719.jpg \/><\/a><br \/>\n^ Pier, morgens um 8:30 Uhr nat\u00fcrlich noch recht ausgestorben<\/p>\n<p><a href='http:\/\/extra.inmontanis.info\/d\/44594-2\/DSC01721.jpg'><img src=http:\/\/extra.inmontanis.info\/d\/44593-3\/DSC01721.jpg \/><\/a><br \/>\n^ Am Ende vom Pier gibt es eine Plattform, die nur f\u00fcr Angler ist. Fr\u00fcher haben hier vielleicht mal Schiffe angelegt, heute schaut der untere Stock unbenutzt aus.<\/p>\n<p><a href='http:\/\/extra.inmontanis.info\/d\/44598-2\/DSC01722.jpg'><img src=http:\/\/extra.inmontanis.info\/d\/44597-3\/DSC01722.jpg \/><\/a><br \/>\n^ Leider nur f\u00fcr Angler<\/p>\n<p><a href='http:\/\/extra.inmontanis.info\/d\/44602-3\/DSC01724.jpg'><img src=http:\/\/extra.inmontanis.info\/d\/44601-3\/DSC01724.jpg \/><\/a><br \/>\n^ So sehr das Niedrigwasser am Pier und an der K\u00fcste oft st\u00f6rt, umso interessantere Einblicke hat man dadurch in die unteren Ebenen solcher Piers<\/p>\n<p><a href='http:\/\/extra.inmontanis.info\/d\/44606-2\/DSC01727.jpg'><img src=http:\/\/extra.inmontanis.info\/d\/44605-3\/DSC01727.jpg \/><\/a><\/p>\n<p><a href='http:\/\/extra.inmontanis.info\/d\/44610-2\/DSC01728.jpg'><img src=http:\/\/extra.inmontanis.info\/d\/44609-3\/DSC01728.jpg \/><\/a><\/p>\n<p><a href='http:\/\/extra.inmontanis.info\/d\/44614-2\/DSC01730.jpg'><img src=http:\/\/extra.inmontanis.info\/d\/44613-3\/DSC01730.jpg \/><\/a><br \/>\n^ Talstation 4EUB<\/p>\n<p><a href='http:\/\/extra.inmontanis.info\/d\/44618-2\/DSC01731.jpg'><img src=http:\/\/extra.inmontanis.info\/d\/44617-3\/DSC01731.jpg \/><\/a><br \/>\n^ Geb\u00e4ude am Pier Head<\/p>\n<p><a href='http:\/\/extra.inmontanis.info\/d\/44622-2\/DSC01735.jpg'><img src=http:\/\/extra.inmontanis.info\/d\/44621-3\/DSC01735.jpg \/><\/a><br \/>\n^ Pier Eingang<\/p>\n<p><a href='http:\/\/extra.inmontanis.info\/d\/44626-2\/DSC01736.jpg'><img src=http:\/\/extra.inmontanis.info\/d\/44625-3\/DSC01736.jpg \/><\/a><br \/>\n^ Pier Fortsetzung (ohne Absperrungen)<\/p>\n<p><a href='http:\/\/extra.inmontanis.info\/d\/44630-2\/DSC01741.jpg'><img src=http:\/\/extra.inmontanis.info\/d\/44629-3\/DSC01741.jpg \/><\/a><br \/>\n^ Fu\u00dfweg zur Gondelbahn<\/p>\n<p><a href='http:\/\/extra.inmontanis.info\/d\/44634-2\/DSC01742.jpg'><img src=http:\/\/extra.inmontanis.info\/d\/44633-3\/DSC01742.jpg \/><\/a><br \/>\n^ Hier neben dem Grand Hotel k\u00f6nnte mal eine Terrasse oder so gewesen sein, am Rand gibt&#8217;s ja noch diese viktorianischen Masten<\/p>\n<p><a href='http:\/\/extra.inmontanis.info\/d\/44638-2\/DSC01744.jpg'><img src=http:\/\/extra.inmontanis.info\/d\/44637-3\/DSC01744.jpg \/><\/a><br \/>\n^ Parkgeb\u00fchren in Llandudno Teil 3 &#8211; hier oben ist es sogar noch g\u00fcnstiger, nur 2,- f\u00fcr 4 Stunden. Aber w\u00e4r eh alles voll gewesen.<\/p>\n<p>Da ich nicht umsonst bis 10 Uhr an der Gondelbahn warten wollte und bef\u00fcrchtete, die Tram h\u00e4tte danach gr\u00f6\u00dfere Wartezeiten, ging ich also doch gleich r\u00fcber und fuhr erst mal mit der Tram rauf.<\/p>\n<p><a href='http:\/\/extra.inmontanis.info\/d\/44642-2\/DSC01748.jpg'><img src=http:\/\/extra.inmontanis.info\/d\/44641-3\/DSC01748.jpg \/><\/a><br \/>\n^ Talstation Great Orme Tramway (egtl. eine SSB), dauert noch eine halbe Stunde bis zur ersten Fahrt um 10 Uhr<\/p>\n<p><a href='http:\/\/extra.inmontanis.info\/d\/44646-2\/DSC01750.jpg'><img src=http:\/\/extra.inmontanis.info\/d\/44645-3\/DSC01750.jpg \/><\/a><br \/>\n^ Talstation Great Orme Tramway<\/p>\n<p><a href='http:\/\/extra.inmontanis.info\/d\/44650-2\/DSC01752.jpg'><img src=http:\/\/extra.inmontanis.info\/d\/44649-3\/DSC01752.jpg \/><\/a><br \/>\n^ Talstation Great Orme Tramway. Interessant ist, dass man das Seil hier unter dem Wagen nicht sieht?! Leider mir vor Ort nicht aufgefallen.<\/p>\n<p><a href='http:\/\/extra.inmontanis.info\/d\/44654-2\/DSC01753.jpg'><img src=http:\/\/extra.inmontanis.info\/d\/44653-3\/DSC01753.jpg \/><\/a><br \/>\n^ Erster Streckenabschnitt<\/p>\n<p><a href='http:\/\/extra.inmontanis.info\/d\/44658-2\/DSC01756.jpg'><img src=http:\/\/extra.inmontanis.info\/d\/44657-3\/DSC01756.jpg \/><\/a><br \/>\n^ Talstation und Wagen 4 (die Wagen 1-3 gibt es nicht mehr, waren G\u00fcterwagen, z.B. Kohletransport f\u00fcr das Kraftwerk weiter oben). Die Trolley Poles sind auch schon lange nicht mehr in Verwendung.<\/p>\n<p><a href='http:\/\/extra.inmontanis.info\/d\/44662-2\/DSC01759.jpg'><img src=http:\/\/extra.inmontanis.info\/d\/44661-3\/DSC01759.jpg \/><\/a><br \/>\n^ Die rote Transport Trust Plakette steht hier f\u00fcr die einzige \u00fcberlebende britische Cable Street Tramway (BJ 1902)<\/p>\n<p><a href='http:\/\/extra.inmontanis.info\/d\/44666-2\/DSC01760.jpg'><img src=http:\/\/extra.inmontanis.info\/d\/44665-3\/DSC01760.jpg \/><\/a><br \/>\n^ Alle W\u00e4gen sind seitlich offen, also ohne Fensterglas. Gibt wenigstens keine Diskussionen, aber k\u00fchl war&#8217;s heute schon mit dem Wind.<\/p>\n<p><a href='http:\/\/extra.inmontanis.info\/d\/44670-2\/DSC01761.jpg'><img src=http:\/\/extra.inmontanis.info\/d\/44669-3\/DSC01761.jpg \/><\/a><br \/>\n^ Unterer Streckenteil und der Grund, warum man sich Kabelstra\u00dfenbahn nennen darf &#8211; und nicht einfach Standseilbahn ..<\/p>\n<p><a href='http:\/\/extra.inmontanis.info\/d\/44674-2\/DSC01763.jpg'><img src=http:\/\/extra.inmontanis.info\/d\/44673-3\/DSC01763.jpg \/><\/a><br \/>\n^ Unterer Streckenteil<\/p>\n<p><a href='http:\/\/extra.inmontanis.info\/d\/44678-2\/DSC01766.jpg'><img src=http:\/\/extra.inmontanis.info\/d\/44677-3\/DSC01766.jpg \/><\/a><br \/>\n^ Ausweiche<\/p>\n<p><a href='http:\/\/extra.inmontanis.info\/d\/44682-2\/DSC01767.jpg'><img src=http:\/\/extra.inmontanis.info\/d\/44681-3\/DSC01767.jpg \/><\/a><br \/>\n^ Oberhalb der Ausweiche geht es 1,5-spurig weiter, was auch immer der Grund daf\u00fcr sein mag&#8230;<\/p>\n<p><a href='http:\/\/extra.inmontanis.info\/d\/44686-2\/DSC01768.jpg'><img src=http:\/\/extra.inmontanis.info\/d\/44685-3\/DSC01768.jpg \/><\/a><br \/>\n^ &#8230; vmtl. wegen dieser steilen Kurve.<\/p>\n<p><a href='http:\/\/extra.inmontanis.info\/d\/44690-2\/DSC01770.jpg'><img src=http:\/\/extra.inmontanis.info\/d\/44689-3\/DSC01770.jpg \/><\/a><br \/>\n^ Mittelstation bzw. Bergstation Sektion I<\/p>\n<p><a href='http:\/\/extra.inmontanis.info\/d\/44694-2\/DSC01771.jpg'><img src=http:\/\/extra.inmontanis.info\/d\/44693-3\/DSC01771.jpg \/><\/a><br \/>\n^ Mittelstation bzw. Bergstation Sektion I<\/p>\n<p><a href='http:\/\/extra.inmontanis.info\/d\/44698-2\/DSC01772.jpg'><img src=http:\/\/extra.inmontanis.info\/d\/44697-3\/DSC01772.jpg \/><\/a><br \/>\n^ Mittelstation bzw. Bergstation Sektion I<\/p>\n<p><a href='http:\/\/extra.inmontanis.info\/d\/44702-2\/DSC01773.jpg'><img src=http:\/\/extra.inmontanis.info\/d\/44701-3\/DSC01773.jpg \/><\/a><br \/>\n^ Mittelstation. Mehr Bilder von hier gibts in meinem vorherigen Bericht von 2009.<\/p>\n<p><a href='http:\/\/extra.inmontanis.info\/d\/44706-2\/DSC01779.jpg'><img src=http:\/\/extra.inmontanis.info\/d\/44705-3\/DSC01779.jpg \/><\/a><br \/>\n^ Mittelstation bzw. Talstation Sektion II<\/p>\n<p><a href='http:\/\/extra.inmontanis.info\/d\/44710-2\/DSC01780.jpg'><img src=http:\/\/extra.inmontanis.info\/d\/44709-3\/DSC01780.jpg \/><\/a><br \/>\n^ Mittelstation bzw. Talstation Sektion II<\/p>\n<p><a href='http:\/\/extra.inmontanis.info\/d\/44714-2\/DSC01788.jpg'><img src=http:\/\/extra.inmontanis.info\/d\/44713-3\/DSC01788.jpg \/><\/a><br \/>\n^ Ausweiche Sektion II (Wagen 6 und 7)<\/p>\n<p><a href='http:\/\/extra.inmontanis.info\/d\/44718-2\/DSC01791.jpg'><img src=http:\/\/extra.inmontanis.info\/d\/44717-3\/DSC01791.jpg \/><\/a><br \/>\n^ Schafe und Meer<\/p>\n<p><a href='http:\/\/extra.inmontanis.info\/d\/44722-2\/DSC01795.jpg'><img src=http:\/\/extra.inmontanis.info\/d\/44721-3\/DSC01795.jpg \/><\/a><br \/>\n^ Bergstation Sektion II<\/p>\n<p><a href='http:\/\/extra.inmontanis.info\/d\/44726-2\/DSC01799.jpg'><img src=http:\/\/extra.inmontanis.info\/d\/44725-3\/DSC01799.jpg \/><\/a><br \/>\n^ Bergstation Great Orme Tramway und Meerblick<\/p>\n<p><a href='http:\/\/extra.inmontanis.info\/d\/44730-2\/DSC01800.jpg'><img src=http:\/\/extra.inmontanis.info\/d\/44729-3\/DSC01800.jpg \/><\/a><br \/>\n^ Great Orme Gipfelpano, mehr dazu in meinem vorherigen Bericht.<\/p>\n<p><a href='http:\/\/extra.inmontanis.info\/d\/44734-2\/DSC01801.jpg'><img src=http:\/\/extra.inmontanis.info\/d\/44733-3\/DSC01801.jpg \/><\/a><br \/>\n^ Bergstation Great Orme Tramway und Meerblick<\/p>\n<p><a href='http:\/\/extra.inmontanis.info\/d\/44738-2\/DSC03316.jpg'><img src=http:\/\/extra.inmontanis.info\/d\/44737-3\/DSC03316.jpg \/><\/a><br \/>\n^ IR-Pano vom Gipfel<\/p>\n<p>Oben am Gipfel hielt ich mich nicht all zu lang auf, es gab im Restaurant zuf\u00e4llig verschiedene Pasties, weshalb ich nat\u00fcrlich eines essen musste ;-)<\/p>\n<p><a href='http:\/\/extra.inmontanis.info\/d\/44742-2\/DSC01804.jpg'><img src=http:\/\/extra.inmontanis.info\/d\/44741-3\/DSC01804.jpg \/><\/a><br \/>\n^ Meerpano vom Gipfel<\/p>\n<p><a href='http:\/\/extra.inmontanis.info\/d\/44746-2\/DSC01805.jpg'><img src=http:\/\/extra.inmontanis.info\/d\/44745-3\/DSC01805.jpg \/><\/a><br \/>\n^ 4EUB Bergstation ..<\/p>\n<p><a href='http:\/\/extra.inmontanis.info\/d\/44750-2\/DSC01808.jpg'><img src=http:\/\/extra.inmontanis.info\/d\/44749-3\/DSC01808.jpg \/><\/a><br \/>\n^ .. leider derzeit wegen Wind geschlossen. Also ging&#8217;s mit der Tram-SSB wieder runter.<\/p>\n<p>F\u00fcr die Talfahrt lie\u00df ich mein 50mm Objektiv dran.<\/p>\n<p><a href='http:\/\/extra.inmontanis.info\/d\/44754-2\/DSC01810.jpg'><img src=http:\/\/extra.inmontanis.info\/d\/44753-3\/DSC01810.jpg \/><\/a><br \/>\n^ 4EUB Bergstation und Meerpano<\/p>\n<p><a href='http:\/\/extra.inmontanis.info\/d\/44758-2\/DSC01812.jpg'><img src=http:\/\/extra.inmontanis.info\/d\/44757-3\/DSC01812.jpg \/><\/a><br \/>\n^ Bergstation Great Orme Tramway<\/p>\n<p><a href='http:\/\/extra.inmontanis.info\/d\/44762-2\/DSC01814.jpg'><img src=http:\/\/extra.inmontanis.info\/d\/44761-3\/DSC01814.jpg \/><\/a><br \/>\n^ Bergstation Great Orme Tramway<\/p>\n<p><a href='http:\/\/extra.inmontanis.info\/d\/44766-2\/DSC01816.jpg'><img src=http:\/\/extra.inmontanis.info\/d\/44765-3\/DSC01816.jpg \/><\/a><\/p>\n<p><a href='http:\/\/extra.inmontanis.info\/d\/44770-2\/DSC01817.jpg'><img src=http:\/\/extra.inmontanis.info\/d\/44769-3\/DSC01817.jpg \/><\/a><\/p>\n<p><a href='http:\/\/extra.inmontanis.info\/d\/44774-2\/DSC01819.jpg'><img src=http:\/\/extra.inmontanis.info\/d\/44773-3\/DSC01819.jpg \/><\/a><br \/>\n^ Sektion II Wagen 6 und die aktuell noch geschlossene 4EUB<\/p>\n<p><a href='http:\/\/extra.inmontanis.info\/d\/44778-2\/DSC01822.jpg'><img src=http:\/\/extra.inmontanis.info\/d\/44777-3\/DSC01822.jpg \/><\/a><br \/>\n^ Mittelstation<\/p>\n<p><a href='http:\/\/extra.inmontanis.info\/d\/44782-2\/DSC01829.jpg'><img src=http:\/\/extra.inmontanis.info\/d\/44781-3\/DSC01829.jpg \/><\/a><br \/>\n^ Steilst\u00fcck der 1. Sektion<\/p>\n<p><a href='http:\/\/extra.inmontanis.info\/d\/44786-2\/DSC01830.jpg'><img src=http:\/\/extra.inmontanis.info\/d\/44785-3\/DSC01830.jpg \/><\/a><br \/>\n^ Steilst\u00fcck der 1. Sektion; die Masten der ehemaligen Oberleitung (Trolley Poles!) stehen hier noch.<\/p>\n<p><a href='http:\/\/extra.inmontanis.info\/d\/44790-2\/DSC01831.jpg'><img src=http:\/\/extra.inmontanis.info\/d\/44789-3\/DSC01831.jpg \/><\/a><br \/>\n^ Blick runter zur Sea Front, nat\u00fcrlich viel ruhiger\/langweiliger als in Blackpool.<\/p>\n<p><a href='http:\/\/extra.inmontanis.info\/d\/44794-2\/DSC01832.jpg'><img src=http:\/\/extra.inmontanis.info\/d\/44793-3\/DSC01832.jpg \/><\/a><br \/>\n^ Steile, enge Kurve<\/p>\n<p><a href='http:\/\/extra.inmontanis.info\/d\/44798-2\/DSC01834.jpg'><img src=http:\/\/extra.inmontanis.info\/d\/44797-3\/DSC01834.jpg \/><\/a><br \/>\n^ Wagen 4 an der Ausweiche<\/p>\n<p><a href='http:\/\/extra.inmontanis.info\/d\/44802-2\/DSC01838.jpg'><img src=http:\/\/extra.inmontanis.info\/d\/44801-3\/DSC01838.jpg \/><\/a><br \/>\n^ Ausweiche Sektion 1<\/p>\n<p><a href='http:\/\/extra.inmontanis.info\/d\/44806-2\/DSC01840.jpg'><img src=http:\/\/extra.inmontanis.info\/d\/44805-3\/DSC01840.jpg \/><\/a><br \/>\n^ Unterer, steiler Stra\u00dfen-Streckenteil<\/p>\n<p><a href='http:\/\/extra.inmontanis.info\/d\/44810-2\/DSC01846.jpg'><img src=http:\/\/extra.inmontanis.info\/d\/44809-3\/DSC01846.jpg \/><\/a><\/p>\n<p><a href='http:\/\/extra.inmontanis.info\/d\/44814-2\/DSC01848.jpg'><img src=http:\/\/extra.inmontanis.info\/d\/44813-3\/DSC01848.jpg \/><\/a><br \/>\n^ Jetzt um 11 Uhr gibt&#8217;s schon  mehr Wartezeiten unten.<\/p>\n<p>Paar Filmschnitte:<br \/>\n<object style=\"height: 500px; width: 900px\"><param name=\"movie\" value=\"http:\/\/www.youtube.com\/v\/9Bv-rnIxEUk\"><\/param><param name=\"wmode\" value=\"transparent\"><\/param><embed src=\"http:\/\/www.youtube.com\/v\/9Bv-rnIxEUk\" type=\"application\/x-shockwave-flash\" wmode=\"transparent\"  width=\"900\" height=\"480\"><\/embed><\/object><\/p>\n<p>Weiter ging&#8217;s (zu einem Wiederholungsbesuch) ins Stra\u00dfenbahnmuseum nach Crich.<\/p>\n<p>(Fortsetzung folgt.)<\/p>\n","protected":false},"excerpt":{"rendered":"<p>Mini-UK-Tram-Tour, Tag 3 Teil 1: 28.8.2017 &#8211; Llandudno<\/p>\n<p>Wenn ich schon halbwegs in der Gegend bin, wollte ich auch mal wieder mein Gl\u00fcck mit der 4EUB in Llandudno versuchen. Von den ca. 5-10x, wo ich hier in der Gegend war, hatte ich ja leider nur 1x das Gl\u00fcck, mit der Gondelbahn fahren zu k\u00f6nnen &#8211; <a href=\"http:\/\/blog.inmontanis.info\/?p=4536\">[&#8230;]<\/a><\/p>\n","protected":false},"author":1,"featured_media":0,"comment_status":"closed","ping_status":"closed","sticky":false,"template":"","format":"standard","meta":{"footnotes":""},"categories":[163,21,194,59],"tags":[42,51,37,46,40],"class_list":["post-4536","post","type-post","status-publish","format-standard","hentry","category-2017-08-trams-herbst","category-britain","category-llandudno","category-nostalgie","tag-4eub","tag-architektur","tag-meer","tag-ssb","tag-strasenbahn","odd"],"_links":{"self":[{"href":"http:\/\/blog.inmontanis.info\/index.php?rest_route=\/wp\/v2\/posts\/4536","targetHints":{"allow":["GET"]}}],"collection":[{"href":"http:\/\/blog.inmontanis.info\/index.php?rest_route=\/wp\/v2\/posts"}],"about":[{"href":"http:\/\/blog.inmontanis.info\/index.php?rest_route=\/wp\/v2\/types\/post"}],"author":[{"embeddable":true,"href":"http:\/\/blog.inmontanis.info\/index.php?rest_route=\/wp\/v2\/users\/1"}],"replies":[{"embeddable":true,"href":"http:\/\/blog.inmontanis.info\/index.php?rest_route=%2Fwp%2Fv2%2Fcomments&post=4536"}],"version-history":[{"count":4,"href":"http:\/\/blog.inmontanis.info\/index.php?rest_route=\/wp\/v2\/posts\/4536\/revisions"}],"predecessor-version":[{"id":4540,"href":"http:\/\/blog.inmontanis.info\/index.php?rest_route=\/wp\/v2\/posts\/4536\/revisions\/4540"}],"wp:attachment":[{"href":"http:\/\/blog.inmontanis.info\/index.php?rest_route=%2Fwp%2Fv2%2Fmedia&parent=4536"}],"wp:term":[{"taxonomy":"category","embeddable":true,"href":"http:\/\/blog.inmontanis.info\/index.php?rest_route=%2Fwp%2Fv2%2Fcategories&post=4536"},{"taxonomy":"post_tag","embeddable":true,"href":"http:\/\/blog.inmontanis.info\/index.php?rest_route=%2Fwp%2Fv2%2Ftags&post=4536"}],"curies":[{"name":"wp","href":"https:\/\/api.w.org\/{rel}","templated":true}]}}