{"id":4532,"date":"2017-09-24T17:02:39","date_gmt":"2017-09-24T15:02:39","guid":{"rendered":"http:\/\/blog.inmontanis.info\/?p=4532"},"modified":"2023-08-06T10:50:20","modified_gmt":"2023-08-06T08:50:20","slug":"stubaier-gletscher-23-24-9-2017","status":"publish","type":"post","link":"http:\/\/blog.inmontanis.info\/?p=4532","title":{"rendered":"Stubaier Gletscher 23.+24.9.2017"},"content":{"rendered":"<p><strong>23.+24.9.2017<\/strong><\/p>\n<p>Wie letztes WE gehofft und etwas erwartet, wurde im Laufe der Woche einiges ge\u00f6ffnet &#8211; SL Eisjoch, 8EUB Schaufeljoch, SL Windachferner, DSB Wildspitz .. und die 8KSB Rotadl blieb auch noch in Betrieb, so dass man die noch geschlossenen Abfahrten zum Gamsgarten fahren konnte. F\u00fcr Mitte\/Ende September also ein nicht ganz allj\u00e4hrliches Angebot.<\/p>\n<p>Die Wettervorhersagen waren etwas unsicher, der Samstag war der wesentlich sonnigere Tag (nach Mittag dann bedeckt), der Sonntag dagegen brachte leider \u00fcber Nacht Neuschnee und ab Mittag Nebel und Schneefall\/Eisregen. Pisten waren somit am Samstag wesentlich besser, mir pers\u00f6nlich gefielen sie mir letzte Woche aber teils viel besser. Au\u00dfer dann nachmittags in den Trainingsbereichen, aber da ich bereits gegen 8:20 Uhr da war, bin ich um 14 Uhr wieder runter und wollte daf\u00fcr am Sonntag sp\u00e4ter rauf und nachmittags l\u00e4nger bleiben &#8211; da war das mit dem Neuschnee \u00fcber Nacht und dem schlechteren Wetter am Sonntag auch noch nicht so klar gewesen. So bin ich am Sonntag zwar erst um 11 Uhr oben gewesen, aber um 14 Uhr bei dichtem Nebel und Schneefall wieder runter.<\/p>\n<p>Los war am Samstag auch einiges, so dass der lange SL Daunferner vormittags f\u00fcr 1-2 Stunden in Betrieb genommen wurde (obwohl die Abfahrt weiterhin mit den Schildern abgesperrt war ;) ). Die Abfahrt(en) zum Gamsgarten waren steinm\u00e4\u00dfig problemlos &#8211; mehr Steine hatte es dann auf dem Skiweg vom Rotadl\/Daunferner zum Eisgrat. Am Sonntag bin ich sie aber nicht gefahren, weil die Pisten am Samstag nachmittag so weich waren, dass ich bef\u00fcrchtete, dass es am Sonntag ohne frische Pr\u00e4parierung ziemlich grausig werden w\u00fcrde. Und nachmittags war&#8217;s eh neblig.<\/p>\n<p>(Fotos anklicken zum Vergr\u00f6\u00dfern, bis auf das letzte alle vom Samstag)<\/p>\n<p><a href='http:\/\/ski.inmontanis.info\/d\/235957-2\/DSC02163.jpg'><img src=http:\/\/ski.inmontanis.info\/d\/235956-3\/DSC02163.jpg \/><\/a><br \/>\n^ In den letzten Tagen sind einige zur Mittelstation gefahren. Ich h\u00e4tte zwar heute auch die passenden Ski daf\u00fcr dabei gehabt, hab aber doch davon abgesehen.<\/p>\n<p><a href='http:\/\/ski.inmontanis.info\/d\/235961-2\/DSC02165.jpg'><img src=http:\/\/ski.inmontanis.info\/d\/235960-3\/DSC02165.jpg \/><\/a><br \/>\n^ Gamsgarten<\/p>\n<p><a href='http:\/\/ski.inmontanis.info\/d\/235965-2\/DSC02167.jpg'><img src=http:\/\/ski.inmontanis.info\/d\/235964-3\/DSC02167.jpg \/><\/a><br \/>\n^ 8KSB Rotadl, die Abfahrt links sind auch einige runter. Heute aber wohl erst ab ca. Mittag fahrbar, da der Schnee offpiste etwas angefroren war. Nachmittags dann angenehm weich, aber einmal hatte mir gereicht.<\/p>\n<p><a href='http:\/\/ski.inmontanis.info\/d\/235969-2\/DSC02169.jpg'><img src=http:\/\/ski.inmontanis.info\/d\/235968-3\/DSC02169.jpg \/><\/a><br \/>\n^ Noch geschlossene, aber bereits rege befahrene Abfahrt Daunferner-Gamsgarten, steinm\u00e4\u00dfig kein Problem, morgens aber teils unsch\u00f6n angefroren, sp\u00e4ter angenehmer. Die beiden Depots im Bild sind noch nicht verteilt.<\/p>\n<p><a href='http:\/\/ski.inmontanis.info\/d\/235973-2\/DSC02172.jpg'><img src=http:\/\/ski.inmontanis.info\/d\/235972-3\/DSC02172.jpg \/><\/a><br \/>\n^ Steilhang am Eisgrat, man beachte auch das Loch auf der Abfahrt vom Eisgrat her runter &#8211; deshalb war es wohl n\u00f6tig, den Weg zu baggern.<\/p>\n<p>Vergleichsfoto 1.10.2016, da ist doch einiges weniger heuer, insb. im linken Bereich, wo jetzt der Weg ist:<br \/>\n<a href='http:\/\/ski.inmontanis.info\/d\/218501-3\/DSC09175_001.jpg'><img src=http:\/\/ski.inmontanis.info\/d\/218500-4\/DSC09175_001.jpg \/><\/a><\/p>\n<p><a href='http:\/\/ski.inmontanis.info\/d\/235977-2\/DSC02176.jpg'><img src=http:\/\/ski.inmontanis.info\/d\/235976-3\/DSC02176.jpg \/><\/a><br \/>\n^ SL Eisjoch<\/p>\n<p><a href='http:\/\/ski.inmontanis.info\/d\/235981-2\/DSC02179.jpg'><img src=http:\/\/ski.inmontanis.info\/d\/235980-3\/DSC02179.jpg \/><\/a><br \/>\n^ Blick richtung Fernau \/ Mittelstationsabfahrt. Am Depot war ein Bagger besch\u00e4ftigt.<\/p>\n<p><a href='http:\/\/ski.inmontanis.info\/d\/235985-2\/DSC02181.jpg'><img src=http:\/\/ski.inmontanis.info\/d\/235984-3\/DSC02181.jpg \/><\/a><br \/>\n^ Verbindung Daunferner-Eisgrat, waren auch schon etliche offpiste unterwegs<\/p>\n<p><a href='http:\/\/ski.inmontanis.info\/d\/235989-2\/DSC02182.jpg'><img src=http:\/\/ski.inmontanis.info\/d\/235988-3\/DSC02182.jpg \/><\/a><br \/>\n^ Schaufeljoch-Jochdohle, der neu verbreiterte Skiweg<\/p>\n<p>Vergleich 23.7.2017:<br \/>\n<a href='http:\/\/ski.inmontanis.info\/d\/234995-3\/DSC00681.jpg'><img src=http:\/\/ski.inmontanis.info\/d\/234994-4\/DSC00681.jpg \/><\/a><\/p>\n<p><a href='http:\/\/ski.inmontanis.info\/d\/235993-2\/DSC02184.jpg'><img src=http:\/\/ski.inmontanis.info\/d\/235992-3\/DSC02184.jpg \/><\/a><br \/>\n^ Gai\u00dfkarferner<\/p>\n<p><a href='http:\/\/ski.inmontanis.info\/d\/235997-2\/DSC02185.jpg'><img src=http:\/\/ski.inmontanis.info\/d\/235996-3\/DSC02185.jpg \/><\/a><br \/>\n^ Schaufeljoch-Jochdohle<\/p>\n<p>Vergleich 18.6.2017:<br \/>\n<a href='http:\/\/ski.inmontanis.info\/d\/233855-3\/DSC00497.jpg'><img src=http:\/\/ski.inmontanis.info\/d\/233854-4\/DSC00497.jpg \/><\/a><\/p>\n<p><a href='http:\/\/ski.inmontanis.info\/d\/236001-2\/DSC02186.jpg'><img src=http:\/\/ski.inmontanis.info\/d\/236000-3\/DSC02186.jpg \/><\/a><br \/>\n^ Gai\u00dfkar \/ Pfaffengrat \/ Fernau<\/p>\n<p><a href='http:\/\/ski.inmontanis.info\/d\/236005-2\/DSC02187.jpg'><img src=http:\/\/ski.inmontanis.info\/d\/236004-3\/DSC02187.jpg \/><\/a><br \/>\n^ Jochdohle. Irgendwo fehlt der Schnee dann doch, wenn der Eingang so gerade ist wie am vorherigen Bild ;-)<\/p>\n<p><a href='http:\/\/ski.inmontanis.info\/d\/236009-2\/DSC02189.jpg'><img src=http:\/\/ski.inmontanis.info\/d\/236008-3\/DSC02189.jpg \/><\/a><br \/>\n^ SL Windachferner<\/p>\n<p><a href='http:\/\/ski.inmontanis.info\/d\/236013-2\/DSC02192.jpg'><img src=http:\/\/ski.inmontanis.info\/d\/236012-3\/DSC02192.jpg \/><\/a><br \/>\n^ S\u00fcdtirol-Pano<\/p>\n<p><a href='http:\/\/ski.inmontanis.info\/d\/236017-2\/DSC02195.jpg'><img src=http:\/\/ski.inmontanis.info\/d\/236016-3\/DSC02195.jpg \/><\/a><br \/>\n^ Depot an der Abfahrt zum Gamsgarten<\/p>\n<p><a href='http:\/\/ski.inmontanis.info\/d\/236021-2\/DSC02196.jpg'><img src=http:\/\/ski.inmontanis.info\/d\/236020-3\/DSC02196.jpg \/><\/a><br \/>\n^ Vom Rotadl zum Eisgrat<\/p>\n<p><a href='http:\/\/ski.inmontanis.info\/d\/236025-2\/DSC02199.jpg'><img src=http:\/\/ski.inmontanis.info\/d\/236024-3\/DSC02199.jpg \/><\/a><br \/>\n^ Auch einige Spalten hier in dem Offpistebereich. Zeitweise waren heute sogar beide Daunferner-SL in Betrieb, standardm\u00e4\u00dfig aber nur der k\u00fcrzere.<\/p>\n<p><a href='http:\/\/ski.inmontanis.info\/d\/236029-2\/DSC02200.jpg'><img src=http:\/\/ski.inmontanis.info\/d\/236028-3\/DSC02200.jpg \/><\/a><br \/>\n^ SL Daunscharte mit Spalten und links die bereits befahrenen Offpisteh\u00e4nge.<\/p>\n<p><a href='http:\/\/ski.inmontanis.info\/d\/236033-2\/DSC02201.jpg'><img src=http:\/\/ski.inmontanis.info\/d\/236032-3\/DSC02201.jpg \/><\/a><br \/>\n^ Standardbild vom Eisgrat zu Eisjoch \/ Schaufeljoch<\/p>\n<p><a href='http:\/\/ski.inmontanis.info\/d\/236037-2\/DSC02204.jpg'><img src=http:\/\/ski.inmontanis.info\/d\/236036-3\/DSC02204.jpg \/><\/a><br \/>\n^ Gr\u00f6\u00dfere Spalten heuer rechts vom SL Windachferner<\/p>\n<p><a href='http:\/\/ski.inmontanis.info\/d\/236041-2\/DSC02205.jpg'><img src=http:\/\/ski.inmontanis.info\/d\/236040-3\/DSC02205.jpg \/><\/a><br \/>\n^ Eisjoch und verteiltes Depot<\/p>\n<p><a href='http:\/\/ski.inmontanis.info\/d\/236045-2\/DSC02206.jpg'><img src=http:\/\/ski.inmontanis.info\/d\/236044-3\/DSC02206.jpg \/><\/a><br \/>\n^ Abfahrten am Windachferner eher sehr hart<\/p>\n<p><a href='http:\/\/ski.inmontanis.info\/d\/236049-2\/DSC02208.jpg'><img src=http:\/\/ski.inmontanis.info\/d\/236048-3\/DSC02208.jpg \/><\/a><br \/>\n^ Noch geschlossene Eisjochpiste zum Gamsgarten, ab mittags angenehm weich<\/p>\n<p><a href='http:\/\/ski.inmontanis.info\/d\/236053-2\/DSC02219.jpg'><img src=http:\/\/ski.inmontanis.info\/d\/236052-3\/DSC02219.jpg \/><\/a><br \/>\n^ Alter Plan (Bergstation Schaufeljochbahn) noch ohne die ganzen KSBs (au\u00dfer Rotadl) und mit nicht mehr aktuellen Gletscherst\u00e4nden und den im Vergleich zu den Liften teils etwas ungew\u00f6hnlich klingenden Gletschernamen (Windacher Ferner, Daunkogelferner, Bildst\u00f6cklferner)<\/p>\n","protected":false},"excerpt":{"rendered":"<p>23.+24.9.2017<\/p>\n<p>Wie letztes WE gehofft und etwas erwartet, wurde im Laufe der Woche einiges ge\u00f6ffnet &#8211; SL Eisjoch, 8EUB Schaufeljoch, SL Windachferner, DSB Wildspitz .. und die 8KSB Rotadl blieb auch noch in Betrieb, so dass man die noch geschlossenen Abfahrten zum Gamsgarten fahren konnte. F\u00fcr Mitte\/Ende September also ein nicht ganz allj\u00e4hrliches Angebot.<\/p>\n<p>Die <a href=\"http:\/\/blog.inmontanis.info\/?p=4532\">[&#8230;]<\/a><\/p>\n","protected":false},"author":1,"featured_media":0,"comment_status":"closed","ping_status":"closed","sticky":false,"template":"","format":"standard","meta":{"footnotes":""},"categories":[25,13,28,895],"tags":[],"class_list":["post-4532","post","type-post","status-publish","format-standard","hentry","category-noreport","category-austria","category-skifahren-sommer","category-stubaier-gletscher","odd"],"_links":{"self":[{"href":"http:\/\/blog.inmontanis.info\/index.php?rest_route=\/wp\/v2\/posts\/4532","targetHints":{"allow":["GET"]}}],"collection":[{"href":"http:\/\/blog.inmontanis.info\/index.php?rest_route=\/wp\/v2\/posts"}],"about":[{"href":"http:\/\/blog.inmontanis.info\/index.php?rest_route=\/wp\/v2\/types\/post"}],"author":[{"embeddable":true,"href":"http:\/\/blog.inmontanis.info\/index.php?rest_route=\/wp\/v2\/users\/1"}],"replies":[{"embeddable":true,"href":"http:\/\/blog.inmontanis.info\/index.php?rest_route=%2Fwp%2Fv2%2Fcomments&post=4532"}],"version-history":[{"count":2,"href":"http:\/\/blog.inmontanis.info\/index.php?rest_route=\/wp\/v2\/posts\/4532\/revisions"}],"predecessor-version":[{"id":4534,"href":"http:\/\/blog.inmontanis.info\/index.php?rest_route=\/wp\/v2\/posts\/4532\/revisions\/4534"}],"wp:attachment":[{"href":"http:\/\/blog.inmontanis.info\/index.php?rest_route=%2Fwp%2Fv2%2Fmedia&parent=4532"}],"wp:term":[{"taxonomy":"category","embeddable":true,"href":"http:\/\/blog.inmontanis.info\/index.php?rest_route=%2Fwp%2Fv2%2Fcategories&post=4532"},{"taxonomy":"post_tag","embeddable":true,"href":"http:\/\/blog.inmontanis.info\/index.php?rest_route=%2Fwp%2Fv2%2Ftags&post=4532"}],"curies":[{"name":"wp","href":"https:\/\/api.w.org\/{rel}","templated":true}]}}