{"id":4511,"date":"2017-08-15T19:26:28","date_gmt":"2017-08-15T17:26:28","guid":{"rendered":"http:\/\/blog.inmontanis.info\/?p=4511"},"modified":"2023-08-01T21:24:00","modified_gmt":"2023-08-01T19:24:00","slug":"rimasco-15-8-2017","status":"publish","type":"post","link":"http:\/\/blog.inmontanis.info\/?p=4511","title":{"rendered":"Rimasco, 15.8.2017"},"content":{"rendered":"<p><strong>Di, 15.8.2017 &#8211; Belgien-Vogesen-Italien Tag 4<\/strong><\/p>\n<p>Es klarte \u00fcber Nacht tats\u00e4chlich auf und ich freute mich auf einen sommerlichen, wenn auch k\u00fchlen, Skitag in Cervina \/ Plateau Rosa. Da es morgens hier ja gerne mal Probleme gibt, bis die Schweizer ihr OK geben, bin ich ca. 15 min nach Kassen\u00f6ffnung (7 Uhr -> also ca. 7:15 Uhr) an den neuen Kassen gewesen. Als ich die Wartezeiten an den Schaltern sah, wusste ich schon, dass ich nicht zu sp\u00e4t bin. Da ich recht weit vorne stand, bekam ich von den Umliegenden und von vorne einiges mit, um 7:20 sagte einer der Kassierer, dass es in 30min n\u00e4here Infos g\u00e4be. Aber um 7:50 gab es keine neuen Infos.<\/p>\n<p>Auch nicht um 8 Uhr. Um 8:25 Uhr kam dann eine Durchsage per Lautsprecher, dass es um 8:30 Uhr eine neue Info g\u00e4be. Die Lifttafel rechts au\u00dferhalb des Geb\u00e4udes zeigte bei den Liften am Plateau Rosa Orange an. Ich checkte die Webseiten von Zermatt und die Webcams auf Bergfex &#8211; demnach sollten die Lifte in Betrieb sein, es schienen mir auch bereits Leute an den Liften. Auch um 8:30 Uhr gab es wieder keine n\u00e4heren Infos. Um 8:50 hat dann eine der Kassiererinnen einen handschriftlichen Zettel geschrieben, demnach es um 9 Uhr neue Informationen geben sollte. Nun, ich bin gegangen, 1,5h Warten reicht und bei dem Ende um Mittag lohnt sich das jetzt eh schon langsam nicht mehr. Dass man au\u00dferdem keine Nicht-Skifahrer hoch lie\u00df, deutete ja eher an ein Problem auf italienischer Seite hin &#8211; aber warum ist dann die Kommunikation so grottig?! Soviel also zu meinem genialen Plan, auf dem R\u00fcckweg von Belgien in Italien Ski zu fahren :-( Da h\u00e4tte ich gestern auch genauso gut (bzw.: besser) heim fahren und heute am Hintertuxer fahren k\u00f6nnen.<\/p>\n<p>Jedenfalls war&#8217;s das jetzt mit mir und Cervinia f\u00fcr die n\u00e4chste Zeit, oft genug hab ich mich ge\u00e4rgert, erst vor kurzem wartete ich an der ersten Mittelstation und musste wieder runter, weil da irgendein Defekt an der Bahn war. Im Herbst oder Winter kann man ja ein anderes Skigebiet besuchen, im Sommer dagegen nicht, erst recht nicht, wenn blo\u00df bis Mittag Betrieb ist.<\/p>\n<p>Am Heimweg nahm ich als Alternativziel noch die DSB in Rimasco mit, das Skigebiet selbst ist ja leider mittlerweile geschlossen. Da ich nun au\u00dferdem genug Zeit hatte, mied ich jeweils die mautpflichtigen Autobahnen. <\/p>\n<p>(Fotos anklicken zum Vergr\u00f6\u00dfern)<\/p>\n<p><a href='http:\/\/extra.inmontanis.info\/d\/44038-2\/ge20170815c.jpg'><img src=http:\/\/extra.inmontanis.info\/d\/44037-3\/ge20170815c.jpg \/><\/a><br \/>\n^ Hellblau: Strecke 15.8.2017<br \/>\nD) Cervinia<br \/>\nE) Rimasco \/ Alpe Campo<\/p>\n<p><a href='http:\/\/ski.inmontanis.info\/d\/235677-2\/DSC01209.jpg'><img src=http:\/\/ski.inmontanis.info\/d\/235676-3\/DSC01209.jpg \/><\/a><br \/>\n^ Talstation<\/p>\n<p><a href='http:\/\/ski.inmontanis.info\/d\/235681-2\/DSC01210.jpg'><img src=http:\/\/ski.inmontanis.info\/d\/235680-3\/DSC01210.jpg \/><\/a><br \/>\n^ Neue Kassenhalle<\/p>\n<p>Talausw\u00e4rts im gleichen Ort wie gestern Abend nochmal irgendein Umzug wg. des Feiertags, nat\u00fcrlich auf der Hauptstra\u00dfe und selbige gesperrt, Wartezeiten. Warum muss man das immer dort machen, wo es keine Umfahrung gibt? Ist in Tirol ja nicht anders und nervt. In der Po-Ebene hielt ich noch zum Einkaufen an einem Bennet &#8211; boah, was f\u00fcr eine Hitze. Jedenfalls schon mal wieder interessant der Unterschied zum Geant Casino gestern in Frankreich, bei vielleicht etwa gleich gro\u00dfem Hypermarkt: Auto\/Elektronik\/Kleidung\/.. ungef\u00e4hr gleich. Italien: Mehr Haushalts- und Drogerieartikel, weniger Lebensmittel, vielleicht die H\u00e4lfte des ganzen Supermarkts oder weniger. Frankreich: Viel mehr Lebensmittel, im Gesamten und nat\u00fcrlich insb. in manchen Details wie Fertiggerichte, gek\u00fchlt wie ungek\u00fchlt, \u00fcberhaupt gek\u00fchlte Lebensmittel, in Italien vieleicht 1-2 G\u00e4nge und in Frankreich doppelt bis drei mal so viel.<\/p>\n<p>In Rimasco dann die Berg- und Talfahrt mit der DSB bezahlt, da mir die alte Nascivera-DSB nat\u00fcrlich wichtiger ist als diese steile Sommerrodelbahn. Oben &#8220;leider&#8221; sehr voll gewesen, so dass ich mich liftm\u00e4\u00dfig mit dem Fotografieren zur\u00fcckgehalten hab..<\/p>\n<p><a href='http:\/\/ski.inmontanis.info\/d\/235685-2\/DSC01215.jpg'><img src=http:\/\/ski.inmontanis.info\/d\/235684-3\/DSC01215.jpg \/><\/a><br \/>\n^ Rimasco, die DSB startet etwas hinterm Ortskern<\/p>\n<p><a href='http:\/\/ski.inmontanis.info\/d\/235689-2\/DSC01218.jpg'><img src=http:\/\/ski.inmontanis.info\/d\/235688-3\/DSC01218.jpg \/><\/a><br \/>\n^ Strecke DSB<\/p>\n<p><a href='http:\/\/ski.inmontanis.info\/d\/235693-2\/DSC01220.jpg'><img src=http:\/\/ski.inmontanis.info\/d\/235692-3\/DSC01220.jpg \/><\/a><br \/>\n^ DSB Talstation und die quasi komplette Strecke<\/p>\n<p><a href='http:\/\/ski.inmontanis.info\/d\/235697-2\/DSC01221.jpg'><img src=http:\/\/ski.inmontanis.info\/d\/235696-3\/DSC01221.jpg \/><\/a><br \/>\n^ DSB Talstation und Sommerrodelbahn<\/p>\n<p><a href='http:\/\/ski.inmontanis.info\/d\/235701-2\/DSC01222.jpg'><img src=http:\/\/ski.inmontanis.info\/d\/235700-3\/DSC01222.jpg \/><\/a><br \/>\n^ DSB quert Fluss<\/p>\n<p><a href='http:\/\/ski.inmontanis.info\/d\/235705-2\/DSC01223.jpg'><img src=http:\/\/ski.inmontanis.info\/d\/235704-3\/DSC01223.jpg \/><\/a><br \/>\n^ Nascivera-Sessel, umgebaut zum Sommerrodeltransport. Somit nur noch halbe F\u00f6rderleistung.<\/p>\n<p><a href='http:\/\/ski.inmontanis.info\/d\/235709-2\/DSC01228.jpg'><img src=http:\/\/ski.inmontanis.info\/d\/235708-3\/DSC01228.jpg \/><\/a><br \/>\n^ Sommerrodelbahn<\/p>\n<p><a href='http:\/\/ski.inmontanis.info\/d\/235713-2\/DSC01231.jpg'><img src=http:\/\/ski.inmontanis.info\/d\/235712-3\/DSC01231.jpg \/><\/a><br \/>\n^ St\u00fctze 4, der dritte Niederhalter<\/p>\n<p><a href='http:\/\/ski.inmontanis.info\/d\/235717-2\/DSC01232.jpg'><img src=http:\/\/ski.inmontanis.info\/d\/235716-3\/DSC01232.jpg \/><\/a><br \/>\n^ Steile Sommerrodelbahn<\/p>\n<p><a href='http:\/\/ski.inmontanis.info\/d\/235721-2\/DSC01237.jpg'><img src=http:\/\/ski.inmontanis.info\/d\/235720-3\/DSC01237.jpg \/><\/a><br \/>\n^ DSB unterer Teil<\/p>\n<p><a href='http:\/\/ski.inmontanis.info\/d\/235725-2\/DSC01238.jpg'><img src=http:\/\/ski.inmontanis.info\/d\/235724-3\/DSC01238.jpg \/><\/a><br \/>\n^ Steile DSB und Sommerrodelbahn<\/p>\n<p><a href='http:\/\/ski.inmontanis.info\/d\/235729-2\/DSC01240.jpg'><img src=http:\/\/ski.inmontanis.info\/d\/235728-3\/DSC01240.jpg \/><\/a><br \/>\n^ DSB und Sommerrodelbahn<\/p>\n<p><a href='http:\/\/ski.inmontanis.info\/d\/235733-2\/DSC01241.jpg'><img src=http:\/\/ski.inmontanis.info\/d\/235732-3\/DSC01241.jpg \/><\/a><br \/>\n^ Steile DSB und Sommerrodelbahn<\/p>\n<p><a href='http:\/\/ski.inmontanis.info\/d\/235737-2\/DSC01244.jpg'><img src=http:\/\/ski.inmontanis.info\/d\/235736-3\/DSC01244.jpg \/><\/a><br \/>\n^ DSB Blick nach unten<\/p>\n<p><a href='http:\/\/ski.inmontanis.info\/d\/235741-2\/DSC01245.jpg'><img src=http:\/\/ski.inmontanis.info\/d\/235740-3\/DSC01245.jpg \/><\/a><br \/>\n^ Sommerrodelbahn<\/p>\n<p><a href='http:\/\/ski.inmontanis.info\/d\/235745-2\/DSC01246.jpg'><img src=http:\/\/ski.inmontanis.info\/d\/235744-3\/DSC01246.jpg \/><\/a><br \/>\n^ DSB kurz vor Bergstation<\/p>\n<p><a href='http:\/\/ski.inmontanis.info\/d\/235749-2\/DSC01247.jpg'><img src=http:\/\/ski.inmontanis.info\/d\/235748-3\/DSC01247.jpg \/><\/a><br \/>\n^ DSB-Bergstation, die beiden SL sind mittlerweile leider stillgelegt, links der kurze Babylift, rechts der lange.<\/p>\n<p><a href='http:\/\/ski.inmontanis.info\/d\/235753-2\/DSC01248.jpg'><img src=http:\/\/ski.inmontanis.info\/d\/235752-3\/DSC01248.jpg \/><\/a><br \/>\n^ DSB<\/p>\n<p><a href='http:\/\/ski.inmontanis.info\/d\/235757-2\/DSC01250.jpg'><img src=http:\/\/ski.inmontanis.info\/d\/235756-3\/DSC01250.jpg \/><\/a><br \/>\n^ Talstation kurzer SL<\/p>\n<p><a href='http:\/\/ski.inmontanis.info\/d\/235761-2\/DSC01251.jpg'><img src=http:\/\/ski.inmontanis.info\/d\/235760-3\/DSC01251.jpg \/><\/a><br \/>\n^ Kurzer SL<\/p>\n<p><a href='http:\/\/ski.inmontanis.info\/d\/235765-2\/DSC01254.jpg'><img src=http:\/\/ski.inmontanis.info\/d\/235764-3\/DSC01254.jpg \/><\/a><br \/>\n^ Talblick<\/p>\n<p><a href='http:\/\/ski.inmontanis.info\/d\/235769-2\/DSC01255.jpg'><img src=http:\/\/ski.inmontanis.info\/d\/235768-3\/DSC01255.jpg \/><\/a><br \/>\n^ Ex-Skigebiet<\/p>\n<p><a href='http:\/\/ski.inmontanis.info\/d\/235773-2\/DSC01256.jpg'><img src=http:\/\/ski.inmontanis.info\/d\/235772-3\/DSC01256.jpg \/><\/a><br \/>\n^ Zur linken schaut aus wie eine ehemalige Lifttalstation, allerdings ging der Lift dann wohl ziemlich anders..<\/p>\n<p><a href='http:\/\/ski.inmontanis.info\/d\/235777-2\/DSC01257.jpg'><img src=http:\/\/ski.inmontanis.info\/d\/235776-3\/DSC01257.jpg \/><\/a><br \/>\n^ Evtl. ehemaliger Lift<\/p>\n<p><a href='http:\/\/ski.inmontanis.info\/d\/235781-2\/DSC01258.jpg'><img src=http:\/\/ski.inmontanis.info\/d\/235780-3\/DSC01258.jpg \/><\/a><br \/>\n^ DSB-Bergstation<\/p>\n<p><a href='http:\/\/ski.inmontanis.info\/d\/235785-2\/DSC01259.jpg'><img src=http:\/\/ski.inmontanis.info\/d\/235784-3\/DSC01259.jpg \/><\/a><br \/>\n^ Talstation des langen SL<\/p>\n<p><a href='http:\/\/ski.inmontanis.info\/d\/235789-2\/DSC01261.jpg'><img src=http:\/\/ski.inmontanis.info\/d\/235788-3\/DSC01261.jpg \/><\/a><br \/>\n^ Leider konnte ich den langen SL damals nicht fahren (war nur sonntags in Betrieb) &#8211; bin dann zu Fu\u00df aufgestiegen, Lift und Abfahrt w\u00e4ren genial gewesen.<\/p>\n<p><a href='http:\/\/ski.inmontanis.info\/d\/235793-2\/DSC01262.jpg'><img src=http:\/\/ski.inmontanis.info\/d\/235792-3\/DSC01262.jpg \/><\/a><br \/>\n^ DSB-Bergstation und Sommerrodelbahn<\/p>\n<p><a href='http:\/\/ski.inmontanis.info\/d\/235797-2\/DSC01264.jpg'><img src=http:\/\/ski.inmontanis.info\/d\/235796-3\/DSC01264.jpg \/><\/a><br \/>\n^ Sommerrodel am Sessel<\/p>\n<p><a href='http:\/\/ski.inmontanis.info\/d\/235801-2\/DSC01272.jpg'><img src=http:\/\/ski.inmontanis.info\/d\/235800-3\/DSC01272.jpg \/><\/a><br \/>\n^ DSB Tal<\/p>\n<p><a href='http:\/\/ski.inmontanis.info\/d\/235805-2\/DSC01273.jpg'><img src=http:\/\/ski.inmontanis.info\/d\/235804-3\/DSC01273.jpg \/><\/a><br \/>\n^ Niederhalter-St\u00fctzen 2 und 3, sowie Flussquerung<\/p>\n<p><a href='http:\/\/ski.inmontanis.info\/d\/235809-2\/DSC01276.jpg'><img src=http:\/\/ski.inmontanis.info\/d\/235808-3\/DSC01276.jpg \/><\/a><br \/>\n^ Flussquerung<\/p>\n<p><a href='http:\/\/ski.inmontanis.info\/d\/235813-2\/DSC01279.jpg'><img src=http:\/\/ski.inmontanis.info\/d\/235812-3\/DSC01279.jpg \/><\/a><br \/>\n^ Abspannung und Hersteller<\/p>\n<p>Paar Videomitschnitte:<br \/>\n<object style=\"height: 500px; width: 900px\"><param name=\"movie\" value=\"http:\/\/www.youtube.com\/v\/EBTqC4zA2qI\"><\/param><param name=\"wmode\" value=\"transparent\"><\/param><embed src=\"http:\/\/www.youtube.com\/v\/EBTqC4zA2qI\" type=\"application\/x-shockwave-flash\" wmode=\"transparent\"  width=\"900\" height=\"480\"><\/embed><\/object><\/p>\n<p>Heimw\u00e4rts dann wie gesagt weiterhin mautfrei und via St. Moritz, mit einem kurzen Stopp an einer Pizzeria vor Chiavenna. Der Pizzakarton kostete \u00fcbrigens 0,50 Cent extra. Naja, daf\u00fcr sind die Pizzen ja recht g\u00fcnstig.<\/p>\n<p>Kleines Dashcam-Video:<br \/>\n<object style=\"height: 500px; width: 900px\"><param name=\"movie\" value=\"http:\/\/www.youtube.com\/v\/bJ5azk-48wQ\"><\/param><param name=\"wmode\" value=\"transparent\"><\/param><embed src=\"http:\/\/www.youtube.com\/v\/bJ5azk-48wQ\" type=\"application\/x-shockwave-flash\" wmode=\"transparent\"  width=\"900\" height=\"480\"><\/embed><\/object><\/p>\n<p>## Ende des 4-t\u00e4gigen Belgien-Vogesen-Italien-Wochenendes ##<\/p>\n","protected":false},"excerpt":{"rendered":"<p>Di, 15.8.2017 &#8211; Belgien-Vogesen-Italien Tag 4<\/p>\n<p>Es klarte \u00fcber Nacht tats\u00e4chlich auf und ich freute mich auf einen sommerlichen, wenn auch k\u00fchlen, Skitag in Cervina \/ Plateau Rosa. Da es morgens hier ja gerne mal Probleme gibt, bis die Schweizer ihr OK geben, bin ich ca. 15 min nach Kassen\u00f6ffnung (7 Uhr -> also ca. <a href=\"http:\/\/blog.inmontanis.info\/?p=4511\">[&#8230;]<\/a><\/p>\n","protected":false},"author":1,"featured_media":0,"comment_status":"closed","ping_status":"closed","sticky":false,"template":"","format":"standard","meta":{"footnotes":""},"categories":[163,15,59,412],"tags":[38],"class_list":["post-4511","post","type-post","status-publish","format-standard","hentry","category-2017-08-trams-herbst","category-italienitaly","category-nostalgie","category-rimasco","tag-dsb","odd"],"_links":{"self":[{"href":"http:\/\/blog.inmontanis.info\/index.php?rest_route=\/wp\/v2\/posts\/4511","targetHints":{"allow":["GET"]}}],"collection":[{"href":"http:\/\/blog.inmontanis.info\/index.php?rest_route=\/wp\/v2\/posts"}],"about":[{"href":"http:\/\/blog.inmontanis.info\/index.php?rest_route=\/wp\/v2\/types\/post"}],"author":[{"embeddable":true,"href":"http:\/\/blog.inmontanis.info\/index.php?rest_route=\/wp\/v2\/users\/1"}],"replies":[{"embeddable":true,"href":"http:\/\/blog.inmontanis.info\/index.php?rest_route=%2Fwp%2Fv2%2Fcomments&post=4511"}],"version-history":[{"count":4,"href":"http:\/\/blog.inmontanis.info\/index.php?rest_route=\/wp\/v2\/posts\/4511\/revisions"}],"predecessor-version":[{"id":4515,"href":"http:\/\/blog.inmontanis.info\/index.php?rest_route=\/wp\/v2\/posts\/4511\/revisions\/4515"}],"wp:attachment":[{"href":"http:\/\/blog.inmontanis.info\/index.php?rest_route=%2Fwp%2Fv2%2Fmedia&parent=4511"}],"wp:term":[{"taxonomy":"category","embeddable":true,"href":"http:\/\/blog.inmontanis.info\/index.php?rest_route=%2Fwp%2Fv2%2Fcategories&post=4511"},{"taxonomy":"post_tag","embeddable":true,"href":"http:\/\/blog.inmontanis.info\/index.php?rest_route=%2Fwp%2Fv2%2Ftags&post=4511"}],"curies":[{"name":"wp","href":"https:\/\/api.w.org\/{rel}","templated":true}]}}