{"id":4507,"date":"2017-08-14T20:36:39","date_gmt":"2017-08-14T18:36:39","guid":{"rendered":"http:\/\/blog.inmontanis.info\/?p=4507"},"modified":"2017-09-12T20:46:58","modified_gmt":"2017-09-12T18:46:58","slug":"vogesen-14-8-2017","status":"publish","type":"post","link":"http:\/\/blog.inmontanis.info\/?p=4507","title":{"rendered":"Vogesen, 14.8.2017"},"content":{"rendered":"<p><strong>Mo, 14.8.2017 &#8211; Belgien-Vogesen-Italien Tag 3<\/strong><\/p>\n<p>Auf dem Weg von Belgien nach Italien fuhr ich maut- und staufrei \u00fcber Frankreich und die Schweiz. So konnte ich endlich mal die Vogesen besuchen, ein recht alpines Mittelgebirge (mit waldfreien Gipfeln, trotz H\u00f6he von nur 1300-1400m) mit einer kuriosen Mischung aus deutschen und franz\u00f6sischen Namen. Ich suchte mir auf der Karte nach gut Gl\u00fcck eine interessante Stra\u00dfe aus und erwischte die &#8220;Kamm&#8221;-Stra\u00dfe, die die Vogesen von Nord nach S\u00fcd verbindet, zumindest im Sommer. Im Winter scheint sie abschnittsweise gesperrt zu sein.<\/p>\n<p>Gleich nach dem Aufstehen entdeckte ich eine schmale Gipfelstra\u00dfe (zum Hohneck-Gipfel), die ich nat\u00fcrlich nicht auslie\u00df.<\/p>\n<p>(Fotos anklicken zum Vergr\u00f6\u00dfern)<\/p>\n<p><a href='http:\/\/extra.inmontanis.info\/d\/44038-2\/ge20170815c.jpg'><img src=http:\/\/extra.inmontanis.info\/d\/44037-3\/ge20170815c.jpg \/><\/a><br \/>\n^ Rot: Strecke 14.8.2017<br \/>\nC) Vogesen (Hohneck)<br \/>\nD) Cervinia<\/p>\n<p><a href='http:\/\/ski.inmontanis.info\/d\/235587-2\/DSC01112.jpg'><img src=http:\/\/ski.inmontanis.info\/d\/235584-3\/DSC01112.jpg \/><\/a><br \/>\n^ Sessellift in La Schlucht, lohnt wohl eher nicht.<\/p>\n<p><a href='http:\/\/ski.inmontanis.info\/d\/235591-2\/DSC01114.jpg'><img src=http:\/\/ski.inmontanis.info\/d\/235590-3\/DSC01114.jpg \/><\/a><br \/>\n^ Lifte zwischen La Schlucht und Hohneck<\/p>\n<p>Leider sind die Gipfel am &#8220;Hauptkamm&#8221; wohl leider meist nicht mit Liften erschlossen. Naja, wird vmtl. sehr windig sein hier oben.<\/p>\n<p><a href='http:\/\/ski.inmontanis.info\/d\/235595-2\/DSC01120.jpg'><img src=http:\/\/ski.inmontanis.info\/d\/235594-3\/DSC01120.jpg \/><\/a><br \/>\n^ Hohneck-Gipfelstra\u00dfe<\/p>\n<p><a href='http:\/\/ski.inmontanis.info\/d\/235599-2\/DSC01121.jpg'><img src=http:\/\/ski.inmontanis.info\/d\/235598-3\/DSC01121.jpg \/><\/a><br \/>\n^ Hohneck-Gipfelstra\u00dfe<\/p>\n<p><a href='http:\/\/ski.inmontanis.info\/d\/235603-2\/DSC01123.jpg'><img src=http:\/\/ski.inmontanis.info\/d\/235602-3\/DSC01123.jpg \/><\/a><br \/>\n^ Hohneck-Gipfelstra\u00dfe<\/p>\n<p><a href='http:\/\/ski.inmontanis.info\/d\/235607-2\/DSC01124.jpg'><img src=http:\/\/ski.inmontanis.info\/d\/235606-3\/DSC01124.jpg \/><\/a><br \/>\n^ Hohneck-Gipfelstra\u00dfe \/ Parkplatz<\/p>\n<p><a href='http:\/\/ski.inmontanis.info\/d\/235611-2\/DSC01125.jpg'><img src=http:\/\/ski.inmontanis.info\/d\/235610-3\/DSC01125.jpg \/><\/a><br \/>\n^ Hohneck-Gipfelstra\u00dfe \/ Parkplatz Panorama<\/p>\n<p><a href='http:\/\/ski.inmontanis.info\/d\/235615-2\/DSC01127.jpg'><img src=http:\/\/ski.inmontanis.info\/d\/235614-3\/DSC01127.jpg \/><\/a><br \/>\n^ Hohneck-Panorama<\/p>\n<p><a href='http:\/\/ski.inmontanis.info\/d\/235619-2\/DSC01128.jpg'><img src=http:\/\/ski.inmontanis.info\/d\/235618-3\/DSC01128.jpg \/><\/a><br \/>\n^ Hohneck-Panorama<\/p>\n<p><a href='http:\/\/ski.inmontanis.info\/d\/235623-2\/DSC01129.jpg'><img src=http:\/\/ski.inmontanis.info\/d\/235622-3\/DSC01129.jpg \/><\/a><br \/>\n^ Hohneck-Panorama mit netter Steilwand\/Schlucht<\/p>\n<p><a href='http:\/\/ski.inmontanis.info\/d\/235627-2\/DSC01132.jpg'><img src=http:\/\/ski.inmontanis.info\/d\/235626-3\/DSC01132.jpg \/><\/a><br \/>\n^ Hohneck-Panorama<\/p>\n<p><a href='http:\/\/ski.inmontanis.info\/d\/235631-2\/DSC01133.jpg'><img src=http:\/\/ski.inmontanis.info\/d\/235630-3\/DSC01133.jpg \/><\/a><br \/>\n^ Hohneck-Panoramatafel, man kann bis in die schweizer Alpen (Aletsch\/M\u00f6nch, 180km entfernt) schauen. Heute wohl leider nicht.<\/p>\n<p><a href='http:\/\/ski.inmontanis.info\/d\/235635-2\/DSC01137.jpg'><img src=http:\/\/ski.inmontanis.info\/d\/235634-3\/DSC01137.jpg \/><\/a><br \/>\n^ Skigebiet La Bresse Hohneck. Schaut recht nett aus.<\/p>\n<p><a href='http:\/\/ski.inmontanis.info\/d\/235639-2\/DSC01138.jpg'><img src=http:\/\/ski.inmontanis.info\/d\/235638-3\/DSC01138.jpg \/><\/a><br \/>\n^ Skigebiet La Bresse Hohneck. Doppel-KSSL Kastelberg<\/p>\n<p><a href='http:\/\/ski.inmontanis.info\/d\/235643-2\/DSC01140.jpg'><img src=http:\/\/ski.inmontanis.info\/d\/235642-3\/DSC01140.jpg \/><\/a><br \/>\n^ Skigebiet La Bresse Hohneck. Doppel-KSSL Kastelberg<\/p>\n<p><a href='http:\/\/ski.inmontanis.info\/d\/235647-2\/DSC01143.jpg'><img src=http:\/\/ski.inmontanis.info\/d\/235646-3\/DSC01143.jpg \/><\/a><br \/>\n^ D430 \/ Talblick unweit entfernt<\/p>\n<p><a href='http:\/\/extra.inmontanis.info\/d\/43978-2\/DSC01144.jpg'><img src=http:\/\/extra.inmontanis.info\/d\/43977-3\/DSC01144.jpg \/><\/a><br \/>\n^ D430<\/p>\n<p><a href='http:\/\/ski.inmontanis.info\/d\/235653-2\/DSC01146.jpg'><img src=http:\/\/ski.inmontanis.info\/d\/235651-3\/DSC01146.jpg \/><\/a><br \/>\n^ Skigebiet Le Markstein &#8211; Baumfrei trotz Bergstationen um 1250m, irgendwie nett.<\/p>\n<p><a href='http:\/\/ski.inmontanis.info\/d\/235657-2\/DSC01149.jpg'><img src=http:\/\/ski.inmontanis.info\/d\/235656-3\/DSC01149.jpg \/><\/a><br \/>\n^ Skigebiet Le Markstein<\/p>\n<p><a href='http:\/\/ski.inmontanis.info\/d\/235661-2\/DSC01150.jpg'><img src=http:\/\/ski.inmontanis.info\/d\/235660-3\/DSC01150.jpg \/><\/a><br \/>\n^ Skigebiet Le Markstein &#8211; nette Abfahrt<\/p>\n<p><a href='http:\/\/ski.inmontanis.info\/d\/235665-2\/DSC01156.jpg'><img src=http:\/\/ski.inmontanis.info\/d\/235664-3\/DSC01156.jpg \/><\/a><br \/>\n^ D431 &#8211; Tal\/Flachlandpano vom Skigebiet Grand-Ballon aus<\/p>\n<p><a href='http:\/\/ski.inmontanis.info\/d\/235669-2\/DSC01158.jpg'><img src=http:\/\/ski.inmontanis.info\/d\/235668-3\/DSC01158.jpg \/><\/a><br \/>\n^ D431 &#8211; Tal\/Flachlandpano<\/p>\n<p><a href='http:\/\/ski.inmontanis.info\/d\/235673-2\/DSC01159.jpg'><img src=http:\/\/ski.inmontanis.info\/d\/235672-3\/DSC01159.jpg \/><\/a><br \/>\n^ Skigebiet Grand Ballon<\/p>\n<p><a href='http:\/\/extra.inmontanis.info\/d\/43982-2\/DSC01162.jpg'><img src=http:\/\/extra.inmontanis.info\/d\/43981-3\/DSC01162.jpg \/><\/a><br \/>\n^ D431 \/ Seiten- oder R\u00fcckblick<\/p>\n<p>Weiter ging&#8217;s zum und \u00fcber das Jura-Gebirge in die Schweiz, wobei ich leider keine Zeit mehr hatte, im Jura nach besonderen Stra\u00dfen Ausschau zu halten oder an Skigebieten vorbei zu fahren. Da meine schweizer Autobahnvignette auf meinem Ignis klebt und ich nat\u00fcrlich keine Lust hatte, f\u00fcr meinen Qubo eine zweite Vignette zu kaufen, suchte ich mir eine mautfreie Variante zum Grand-Saint-Bernard-Pass und zwar so, dass ich nicht unbedingt in die stauanf\u00e4lligen Gebiete am Genfersee (Montreux) muss. <\/p>\n<p><a href='http:\/\/extra.inmontanis.info\/d\/43986-2\/DSC01164.jpg'><img src=http:\/\/extra.inmontanis.info\/d\/43985-3\/DSC01164.jpg \/><\/a><br \/>\n^ A36 (hier mautfrei)<\/p>\n<p><a href='http:\/\/extra.inmontanis.info\/d\/43990-2\/DSC01167.jpg'><img src=http:\/\/extra.inmontanis.info\/d\/43989-3\/DSC01167.jpg \/><\/a><br \/>\n^ D437 \/ Colombi\u00e8re<\/p>\n<p><a href='http:\/\/extra.inmontanis.info\/d\/43994-2\/DSC01168.jpg'><img src=http:\/\/extra.inmontanis.info\/d\/43993-3\/DSC01168.jpg \/><\/a><br \/>\n^ D437 \/ Republique du Saugeais &#8211; von der hab ich bisher auch noch nix geh\u00f6rt<br \/>\n-> <a href='https:\/\/de.wikipedia.org\/wiki\/Freie_Republik_Saugeais'>https:\/\/de.wikipedia.org\/wiki\/Freie_Republik_Saugeais<\/a><\/p>\n<p><a href='http:\/\/extra.inmontanis.info\/d\/43998-2\/IMG_3664.jpg'><img src=http:\/\/extra.inmontanis.info\/d\/43997-3\/IMG_3664.jpg \/><\/a><br \/>\n^ \u00c4hja, ich h\u00e4tte ja nicht gedacht, dass die momentan in der Pataterie erh\u00e4ltliche 3-K\u00e4se-Ofenkartoffel aus so gro\u00dfen Kartoffelh\u00e4lften besteht. War mir dann doch zu viel. Au\u00dferdem wollte ich doch noch einen Nachtisch essen, wenigsten ein Profiterol..<\/p>\n<p>Nat\u00fcrlich ging ich in Frankreich noch etwas Einkaufen, allerdings durfte ich ja keinen Pass mehr mit Schnee erwarten, so dass ich die K\u00fchlbox elektrisch betreiben musste &#8211; und das nicht k\u00f6nnen werde, wenn ich morgen Ski fahre &#8211; kurz gesagt, ich kaufte nicht all zu viel. <\/p>\n<p>Die Durchfahrt durch die Schweiz war dann ebenso problemlos, erst vor Cervinia hatte ich wg. eines Umzugs (Feiertag morgen) eine kurze Wartezeit. In Cervinia angekommen war es sehr nass und ich hatte so meine Zweifel, ob das Wetter morgen tats\u00e4chlich wie gemeldet sch\u00f6n werden w\u00fcrde&#8230;<\/p>\n<p><a href='http:\/\/extra.inmontanis.info\/d\/44002-2\/DSC01173.jpg'><img src=http:\/\/extra.inmontanis.info\/d\/44001-3\/DSC01173.jpg \/><\/a><br \/>\n^ Regenbogen auf der Gr-St-Bernard-Stra\u00dfe<\/p>\n<p><a href='http:\/\/extra.inmontanis.info\/d\/44006-2\/DSC01177.jpg'><img src=http:\/\/extra.inmontanis.info\/d\/44005-3\/DSC01177.jpg \/><\/a><br \/>\n^ Tunnel du Grand-Saint-Bernard, Einfahrt Schweiz. Ich kann endlich mal wieder \u00fcber den Pass fahren &#8211; die letzten Male war ich ja immer im Winter hier und musste den Tunnel fahren.<\/p>\n<p><a href='http:\/\/extra.inmontanis.info\/d\/44010-2\/DSC01180.jpg'><img src=http:\/\/extra.inmontanis.info\/d\/44009-3\/DSC01180.jpg \/><\/a><br \/>\n^ Grand-Saint-Bernard &#8211; Passstra\u00dfe, Schweizer Seite<\/p>\n<p><a href='http:\/\/extra.inmontanis.info\/d\/44014-2\/DSC01184.jpg'><img src=http:\/\/extra.inmontanis.info\/d\/44013-3\/DSC01184.jpg \/><\/a><br \/>\n^ Grand-Saint-Bernard &#8211; Passstra\u00dfe, Schweizer Seite. Landschaftlich sehr nett.<\/p>\n<p><a href='http:\/\/extra.inmontanis.info\/d\/44018-2\/DSC01186.jpg'><img src=http:\/\/extra.inmontanis.info\/d\/44017-3\/DSC01186.jpg \/><\/a><br \/>\n^ Grand-Saint-Bernard &#8211; Passstra\u00dfe, Schweizer Seite<\/p>\n<p><a href='http:\/\/extra.inmontanis.info\/d\/44022-2\/DSC01191.jpg'><img src=http:\/\/extra.inmontanis.info\/d\/44021-3\/DSC01191.jpg \/><\/a><br \/>\n^ Grand-Saint-Bernard &#8211; Passstra\u00dfe, Schweizer Seite<\/p>\n<p><a href='http:\/\/extra.inmontanis.info\/d\/44026-2\/DSC01195.jpg'><img src=http:\/\/extra.inmontanis.info\/d\/44025-3\/DSC01195.jpg \/><\/a><br \/>\n^ Col du Grand-Saint-Bernard &#8211; Passh\u00f6he<\/p>\n<p><a href='http:\/\/extra.inmontanis.info\/d\/44030-2\/DSC01199.jpg'><img src=http:\/\/extra.inmontanis.info\/d\/44029-3\/DSC01199.jpg \/><\/a><br \/>\n^ Grand-Saint-Bernard &#8211; Passstra\u00dfe, Italienische Seite<\/p>\n<p><a href='http:\/\/extra.inmontanis.info\/d\/44034-2\/DSC01205.jpg'><img src=http:\/\/extra.inmontanis.info\/d\/44033-3\/DSC01205.jpg \/><\/a><br \/>\n^ Grand-Saint-Bernard &#8211; Passstra\u00dfe, Italienische Seite, hier kommt zwar der Tunnel wieder raus, aber die mautpflichtige Tunnelstra\u00dfe geht noch ein sch\u00f6nes St\u00fcck weiter, bevor sie mit meiner Passstra\u00dfe wieder zusammengef\u00fchrt wird.<\/p>\n<p>Kleines Dashcam-Video, Schwerpunkt Vogesen und Grand-Saint-Bernard-Pass:<br \/>\n<object style=\"height: 500px; width: 900px\"><param name=\"movie\" value=\"http:\/\/www.youtube.com\/v\/ZTRHswZ_H7E\"><\/param><param name=\"wmode\" value=\"transparent\"><\/param><embed src=\"http:\/\/www.youtube.com\/v\/ZTRHswZ_H7E\" type=\"application\/x-shockwave-flash\" wmode=\"transparent\"  width=\"900\" height=\"480\"><\/embed><\/object><\/p>\n<p>(Fortsetzung folgt.)<\/p>\n","protected":false},"excerpt":{"rendered":"<p>Mo, 14.8.2017 &#8211; Belgien-Vogesen-Italien Tag 3<\/p>\n<p>Auf dem Weg von Belgien nach Italien fuhr ich maut- und staufrei \u00fcber Frankreich und die Schweiz. So konnte ich endlich mal die Vogesen besuchen, ein recht alpines Mittelgebirge (mit waldfreien Gipfeln, trotz H\u00f6he von nur 1300-1400m) mit einer kuriosen Mischung aus deutschen und franz\u00f6sischen Namen. Ich suchte mir <a href=\"http:\/\/blog.inmontanis.info\/?p=4507\">[&#8230;]<\/a><\/p>\n","protected":false},"author":1,"featured_media":0,"comment_status":"closed","ping_status":"closed","sticky":false,"template":"","format":"standard","meta":{"footnotes":""},"categories":[163,16,14],"tags":[48],"class_list":["post-4507","post","type-post","status-publish","format-standard","hentry","category-2017-08-trams-herbst","category-france","category-swiss","tag-kssl","odd"],"_links":{"self":[{"href":"http:\/\/blog.inmontanis.info\/index.php?rest_route=\/wp\/v2\/posts\/4507","targetHints":{"allow":["GET"]}}],"collection":[{"href":"http:\/\/blog.inmontanis.info\/index.php?rest_route=\/wp\/v2\/posts"}],"about":[{"href":"http:\/\/blog.inmontanis.info\/index.php?rest_route=\/wp\/v2\/types\/post"}],"author":[{"embeddable":true,"href":"http:\/\/blog.inmontanis.info\/index.php?rest_route=\/wp\/v2\/users\/1"}],"replies":[{"embeddable":true,"href":"http:\/\/blog.inmontanis.info\/index.php?rest_route=%2Fwp%2Fv2%2Fcomments&post=4507"}],"version-history":[{"count":3,"href":"http:\/\/blog.inmontanis.info\/index.php?rest_route=\/wp\/v2\/posts\/4507\/revisions"}],"predecessor-version":[{"id":4510,"href":"http:\/\/blog.inmontanis.info\/index.php?rest_route=\/wp\/v2\/posts\/4507\/revisions\/4510"}],"wp:attachment":[{"href":"http:\/\/blog.inmontanis.info\/index.php?rest_route=%2Fwp%2Fv2%2Fmedia&parent=4507"}],"wp:term":[{"taxonomy":"category","embeddable":true,"href":"http:\/\/blog.inmontanis.info\/index.php?rest_route=%2Fwp%2Fv2%2Fcategories&post=4507"},{"taxonomy":"post_tag","embeddable":true,"href":"http:\/\/blog.inmontanis.info\/index.php?rest_route=%2Fwp%2Fv2%2Ftags&post=4507"}],"curies":[{"name":"wp","href":"https:\/\/api.w.org\/{rel}","templated":true}]}}