{"id":4503,"date":"2017-08-13T22:37:58","date_gmt":"2017-08-13T20:37:58","guid":{"rendered":"http:\/\/blog.inmontanis.info\/?p=4503"},"modified":"2023-08-05T16:36:18","modified_gmt":"2023-08-05T14:36:18","slug":"tram-museum-brussel-13-8-2017","status":"publish","type":"post","link":"http:\/\/blog.inmontanis.info\/?p=4503","title":{"rendered":"Tram-Museum Br\u00fcssel, 13.8.2017"},"content":{"rendered":"<p><strong>So, 13.8.2017 &#8211; Belgien-Vogesen-Italien Tag 2<\/strong><\/p>\n<p>Da das Tram-Museum in Br\u00fcssel leider erst um 13 Uhr aufmacht, hatte ich noch genug Zeit, um zu einem McDonalds zum Fr\u00fchst\u00fccken zu gehen. Allerdings scheint das in Belgien recht selten zu sein, die ersten McD hatten wohl erst nach 10 oder 11 Uhr offen. Ebenso der Quick, der eine machte sonntags gar erst um 11:30 Uhr oder so auf. Ein anderer wird gerade zum BurgerKing umgebaut &#8211; bis ich dann wieder aus Br\u00fcssel drau\u00dfen endlich einen McD fand, der offen hatte, war&#8217;s einer, der tats\u00e4chlich Fr\u00fchst\u00fcck gehabt h\u00e4tte und morgens offen gewesen w\u00e4re. Aber nat\u00fcrlich war ich jetzt schon zu sp\u00e4t. Aber ein McBacon oder so ist ja auch was feines. Glaub die Preise sind im McD und Quick in Belgien etwas g\u00fcnstiger als in Frankreich, haben aber jeweils ziemlich die gleiche Speisekarte.<\/p>\n<p>Das Tram- bzw. Verkehrsmuseum in Br\u00fcssel sollte man sonntags besuchen, denn nur sonntags fahren alle 3 Museumsstra\u00dfenbahnlinien (und ein Oldtimerbus). Zwischen ca. 13:30 und 18 Uhr gibt&#8217;s jeweils mehrere Fahrten, so dass man relativ problemlos alle Strecken fahren kann, auch wenn eine Hin-und Retourfahrt bei der l\u00e4ngsten 1 Stunde dauert. Allerdings ist die Zeit schon knapp, wenn man ja auch noch das Innere des Museums en detail besichtigen will. <\/p>\n<p>Das tolle im Museum: Dass man in so viele Trams und Busse einsteigen kann, einige Abschnitte sind zwar abgesperrt, tw. sind LCDs montiert, die historische Filme zeigen, aber trotzdem ist das zig mal besser als die Wagen nur von au\u00dfen zu sehen, wie z.B. in Crich. <\/p>\n<p>Meine erste Museumsfahrt war dann die Strecke nach Cinquantenaire, eine enge, urbane Strecke mit einspurigen Abschnitten auf schmalen Stra\u00dfen. Es l\u00e4rmt und scheppert, so wie es sein soll. Und das beste: Br\u00fcssel ist neben Blackpool eine der sehr selten St\u00e4dte, in denen noch Museums-Trams mit Trolley-Poles (Rollenstromabnehmern) auf den normalen Strecken gefahren werden kann! Denn daf\u00fcr braucht man ja auch besondere Weichen in den Oberleitungen. Die Weichen in den Geleisen mussten \u00fcbrigens von Hand gesteuert werden (es wurden keine Funkautomaten wie bei den modernen Stra\u00dfenbahnwagen in die alten Wagen eingebaut). Der Schaffner hat zur Abfahrt allerdings nicht geklingelt, sondern mit einer komischen Hupe 2x gehupt, danach wurde aber auch 2x geklingelt, also immerhin besser als Nur-Hupen wie in Blackpool. (Ich klingel \u00fcbrigens auch immer 2x auf meinem elektrischen Einrad, muss ich wohl unbewusst mal \u00fcbernommen haben :) )<\/p>\n<p>(Fotos anklicken zum Vergr\u00f6\u00dfern)<\/p>\n<p><a href='http:\/\/extra.inmontanis.info\/d\/43640-2\/ge20170815a.jpg'><img src=http:\/\/extra.inmontanis.info\/d\/43639-3\/ge20170815a.jpg \/><\/a><br \/>\n^ B) Tram-Museum Br\u00fcssel<br \/>\nBlau (ab A): Fahrstrecke 13.8.<br \/>\nC) Vogesen<\/p>\n<p><a href='http:\/\/extra.inmontanis.info\/d\/43966-2\/DSC00895.jpg'><img src=http:\/\/extra.inmontanis.info\/d\/43965-3\/DSC00895.jpg \/><\/a><br \/>\n^ In Belgien gibt&#8217;s sogar die russische Lukoil-Tankstellenkette<\/p>\n<p><a href='http:\/\/extra.inmontanis.info\/d\/43650-2\/DSC00896.jpg'><img src=http:\/\/extra.inmontanis.info\/d\/43648-3\/DSC00896.jpg \/><\/a><br \/>\n^ Ankunft im Stra\u00dfenbahn- bzw. Verkehrsmusseum Br\u00fcssel, das leider erst um 13 Uhr \u00f6ffnet<\/p>\n<p><a href='http:\/\/extra.inmontanis.info\/d\/43654-2\/DSC00901.jpg'><img src=http:\/\/extra.inmontanis.info\/d\/43653-3\/DSC00901.jpg \/><\/a><br \/>\n^ <\/p>\n<p><a href='http:\/\/extra.inmontanis.info\/d\/43658-2\/DSC00903.jpg'><img src=http:\/\/extra.inmontanis.info\/d\/43657-3\/DSC00903.jpg \/><\/a><br \/>\n^ <\/p>\n<p><a href='http:\/\/extra.inmontanis.info\/d\/43662-2\/DSC00905.jpg'><img src=http:\/\/extra.inmontanis.info\/d\/43661-3\/DSC00905.jpg \/><\/a><br \/>\n^ Eingang zur Ausstellungshalle<\/p>\n<p><a href='http:\/\/extra.inmontanis.info\/d\/43666-2\/DSC00908.jpg'><img src=http:\/\/extra.inmontanis.info\/d\/43665-3\/DSC00908.jpg \/><\/a><br \/>\n^ <\/p>\n<p><a href='http:\/\/extra.inmontanis.info\/d\/43670-2\/DSC00911.jpg'><img src=http:\/\/extra.inmontanis.info\/d\/43669-3\/DSC00911.jpg \/><\/a><br \/>\n^ Die meisten Trams und Busse in der Ausstellungshalle kann man betreten und auch probesitzen. Sehr sch\u00f6n! Hier wieder die 1950er Stra\u00dfenbahn mit ihren bequemen Sitzen und der netten Gr\u00fcn-Messing-Farbgebung<\/p>\n<p><a href='http:\/\/extra.inmontanis.info\/d\/43674-2\/DSC00912.jpg'><img src=http:\/\/extra.inmontanis.info\/d\/43673-3\/DSC00912.jpg \/><\/a><br \/>\n^ Infoschilder kleben an allen Fahrzeugen<\/p>\n<p><a href='http:\/\/extra.inmontanis.info\/d\/43678-2\/DSC00913.jpg'><img src=http:\/\/extra.inmontanis.info\/d\/43677-3\/DSC00913.jpg \/><\/a><br \/>\n^ Bequeme Sitze hatte man damals, wurden aber halt auch leider gerne zerst\u00f6rt<\/p>\n<p><a href='http:\/\/extra.inmontanis.info\/d\/43682-2\/DSC00918.jpg'><img src=http:\/\/extra.inmontanis.info\/d\/43681-3\/DSC00918.jpg \/><\/a><br \/>\n^ Nicht nur Stra\u00dfenbahnen, auch Omnibusse waren fr\u00fcher sch\u00f6ner.<\/p>\n<p><a href='http:\/\/extra.inmontanis.info\/d\/43686-2\/DSC00920.jpg'><img src=http:\/\/extra.inmontanis.info\/d\/43685-3\/DSC00920.jpg \/><\/a><br \/>\n^ In einigen der Busse und Trams wurden Bildschirme installiert, die alte Filme zum Thema zeigen. Auch ist oft ein Bereich in den Fahrzeugen abgesperrt<\/p>\n<p><a href='http:\/\/extra.inmontanis.info\/d\/43690-2\/DSC00921.jpg'><img src=http:\/\/extra.inmontanis.info\/d\/43689-3\/DSC00921.jpg \/><\/a><br \/>\n^ Schmaler Ausstieg bei einem der Busse. Da hab ja selbst ich samt Rucksack Probleme :)<\/p>\n<p><a href='http:\/\/extra.inmontanis.info\/d\/43694-2\/DSC00922.jpg'><img src=http:\/\/extra.inmontanis.info\/d\/43693-3\/DSC00922.jpg \/><\/a><br \/>\n^ Im Bus<\/p>\n<p><a href='http:\/\/extra.inmontanis.info\/d\/43698-2\/DSC00924.jpg'><img src=http:\/\/extra.inmontanis.info\/d\/43697-3\/DSC00924.jpg \/><\/a><br \/>\n^ In einem anderen Bus<\/p>\n<p><a href='http:\/\/extra.inmontanis.info\/d\/43702-2\/DSC00925.jpg'><img src=http:\/\/extra.inmontanis.info\/d\/43701-3\/DSC00925.jpg \/><\/a><br \/>\n^ Busfahrer<\/p>\n<p><a href='http:\/\/extra.inmontanis.info\/d\/43706-2\/DSC00926.jpg'><img src=http:\/\/extra.inmontanis.info\/d\/43705-3\/DSC00926.jpg \/><\/a><br \/>\n^ Ein noch \u00e4lterer Bus<\/p>\n<p><a href='http:\/\/extra.inmontanis.info\/d\/43710-2\/DSC00927.jpg'><img src=http:\/\/extra.inmontanis.info\/d\/43709-3\/DSC00927.jpg \/><\/a><br \/>\n^ Bei dem war der Schaffner hinten, somit auch der Einstieg hinten und der Ausstieg vorne<\/p>\n<p><a href='http:\/\/extra.inmontanis.info\/d\/43714-2\/DSC00929.jpg'><img src=http:\/\/extra.inmontanis.info\/d\/43713-3\/DSC00929.jpg \/><\/a><br \/>\n^ Irgendwie kommt mir das Lenkrad hoch vor<\/p>\n<p><a href='http:\/\/extra.inmontanis.info\/d\/43718-2\/DSC00931.jpg'><img src=http:\/\/extra.inmontanis.info\/d\/43717-3\/DSC00931.jpg \/><\/a><br \/>\n^ Wieder bei den Stra\u00dfenbahnen<\/p>\n<p><a href='http:\/\/extra.inmontanis.info\/d\/43722-2\/DSC00932.jpg'><img src=http:\/\/extra.inmontanis.info\/d\/43721-3\/DSC00932.jpg \/><\/a><br \/>\n^ Einige Trams hatten fr\u00fcher verschiedene Abteile (ob jetzt versch. Klassen oder Raucher, keine Ahnung)<\/p>\n<p><a href='http:\/\/extra.inmontanis.info\/d\/43726-2\/DSC00936.jpg'><img src=http:\/\/extra.inmontanis.info\/d\/43725-3\/DSC00936.jpg \/><\/a><br \/>\n^ <\/p>\n<p><a href='http:\/\/extra.inmontanis.info\/d\/43730-2\/DSC00937.jpg'><img src=http:\/\/extra.inmontanis.info\/d\/43729-3\/DSC00937.jpg \/><\/a><br \/>\n^ Warum auch immer der Beiwagen da auf den Holzb\u00e4nken verschiedene Klassen hatte .. Jedenfalls wieder ohne Klapplehnen.<\/p>\n<p><a href='http:\/\/extra.inmontanis.info\/d\/43734-2\/DSC00938.jpg'><img src=http:\/\/extra.inmontanis.info\/d\/43733-3\/DSC00938.jpg \/><\/a><br \/>\n^ Neben den Trams f\u00e4hrt auch ein Bus eine bestimmte Strecke. Zum Gl\u00fcck war mir der zu modern, als dass ich den unbedingt h\u00e4tte fahren m\u00fcssen ;-) W\u00e4re sonst mit dem Fahrplan etwas eng geworden..<\/p>\n<p><a href='http:\/\/extra.inmontanis.info\/d\/43738-2\/DSC00939.jpg'><img src=http:\/\/extra.inmontanis.info\/d\/43737-3\/DSC00939.jpg \/><\/a><br \/>\n^ Trams mit seitlichen Sitzreihen mag ich ja nicht besonders. Allerdings kann man ja meist auf der hinteren Plattform stehen und hat evtl. sogar eine halboffene Plattform, da ist&#8217;s dann eh sch\u00f6ner.<\/p>\n<p><a href='http:\/\/extra.inmontanis.info\/d\/43742-2\/DSC00940.jpg'><img src=http:\/\/extra.inmontanis.info\/d\/43741-3\/DSC00940.jpg \/><\/a><br \/>\n^ <\/p>\n<p><a href='http:\/\/extra.inmontanis.info\/d\/43746-2\/DSC00941.jpg'><img src=http:\/\/extra.inmontanis.info\/d\/43745-3\/DSC00941.jpg \/><\/a><br \/>\n^ <\/p>\n<p><a href='http:\/\/extra.inmontanis.info\/d\/43750-2\/DSC00942.jpg'><img src=http:\/\/extra.inmontanis.info\/d\/43749-3\/DSC00942.jpg \/><\/a><br \/>\n^ Schaffner im Beiwagen<\/p>\n<p><a href='http:\/\/extra.inmontanis.info\/d\/43754-2\/DSC00943.jpg'><img src=http:\/\/extra.inmontanis.info\/d\/43753-3\/DSC00943.jpg \/><\/a><br \/>\n^ Die alten Drehschalter (f\u00fcr die Heizung)<\/p>\n<p><a href='http:\/\/extra.inmontanis.info\/d\/43758-2\/DSC00944.jpg'><img src=http:\/\/extra.inmontanis.info\/d\/43757-3\/DSC00944.jpg \/><\/a><br \/>\n^ Bequeme Sitze und kleine Tischchen waren zu einer bestimmten Zeit Standard<\/p>\n<p><a href='http:\/\/extra.inmontanis.info\/d\/43762-2\/DSC00945.jpg'><img src=http:\/\/extra.inmontanis.info\/d\/43761-3\/DSC00945.jpg \/><\/a><br \/>\n^ <\/p>\n<p><a href='http:\/\/extra.inmontanis.info\/d\/43766-2\/DSC00949.jpg'><img src=http:\/\/extra.inmontanis.info\/d\/43765-3\/DSC00949.jpg \/><\/a><br \/>\n^ Auch ein paar Autos stehen im Verkehrsmuseum<\/p>\n<p><a href='http:\/\/extra.inmontanis.info\/d\/43770-2\/DSC00951.jpg'><img src=http:\/\/extra.inmontanis.info\/d\/43769-3\/DSC00951.jpg \/><\/a><br \/>\n^ <\/p>\n<p><a href='http:\/\/extra.inmontanis.info\/d\/43774-2\/DSC00954.jpg'><img src=http:\/\/extra.inmontanis.info\/d\/43773-3\/DSC00954.jpg \/><\/a><br \/>\n^ Besenhalter auf dem Autodach<\/p>\n<p><a href='http:\/\/extra.inmontanis.info\/d\/43778-2\/DSC00958.jpg'><img src=http:\/\/extra.inmontanis.info\/d\/43777-3\/DSC00958.jpg \/><\/a><br \/>\n^ Verschiedene Taxameter<\/p>\n<p><a href='http:\/\/extra.inmontanis.info\/d\/43782-2\/DSC00961.jpg'><img src=http:\/\/extra.inmontanis.info\/d\/43781-3\/DSC00961.jpg \/><\/a><br \/>\n^ <\/p>\n<p><a href='http:\/\/extra.inmontanis.info\/d\/43786-2\/DSC00962.jpg'><img src=http:\/\/extra.inmontanis.info\/d\/43785-3\/DSC00962.jpg \/><\/a><br \/>\n^ <\/p>\n<p><a href='http:\/\/extra.inmontanis.info\/d\/43790-2\/DSC00964.jpg'><img src=http:\/\/extra.inmontanis.info\/d\/43789-3\/DSC00964.jpg \/><\/a><br \/>\n^ Ein auf viele Steh- und wenig Sitzpl\u00e4tze ausgerichteter Stra\u00dfenbahnwagen<\/p>\n<p><a href='http:\/\/extra.inmontanis.info\/d\/43794-2\/DSC00965.jpg'><img src=http:\/\/extra.inmontanis.info\/d\/43793-3\/DSC00965.jpg \/><\/a><br \/>\n^ Fahrkarten(entwerter)<\/p>\n<p><a href='http:\/\/extra.inmontanis.info\/d\/43798-2\/DSC00972.jpg'><img src=http:\/\/extra.inmontanis.info\/d\/43797-3\/DSC00972.jpg \/><\/a><br \/>\n^ <\/p>\n<p><a href='http:\/\/extra.inmontanis.info\/d\/43802-2\/DSC00978.jpg'><img src=http:\/\/extra.inmontanis.info\/d\/43801-3\/DSC00978.jpg \/><\/a><br \/>\n^ Diese Schilder wurden vorne aufgesteckt und zeigten Nummer und Ziel der Linie<\/p>\n<p><a href='http:\/\/extra.inmontanis.info\/d\/43806-2\/DSC00981.jpg'><img src=http:\/\/extra.inmontanis.info\/d\/43805-3\/DSC00981.jpg \/><\/a><br \/>\n^ Eine kleine Abteilung befasste sich mit Strom und Stellwerk<\/p>\n<p><a href='http:\/\/extra.inmontanis.info\/d\/43810-2\/DSC00983.jpg'><img src=http:\/\/extra.inmontanis.info\/d\/43809-3\/DSC00983.jpg \/><\/a><br \/>\n^ Ah schau an, es gab doch auch Wagen mit Klapplehnen in Belgien.<\/p>\n<p><a href='http:\/\/extra.inmontanis.info\/d\/43814-2\/DSC00984.jpg'><img src=http:\/\/extra.inmontanis.info\/d\/43813-3\/DSC00984.jpg \/><\/a><br \/>\n^ In der 2. Halle durfte man dann nur noch in wenige Fahrzeuge gehen<\/p>\n<p><a href='http:\/\/extra.inmontanis.info\/d\/43818-2\/DSC00985.jpg'><img src=http:\/\/extra.inmontanis.info\/d\/43817-3\/DSC00985.jpg \/><\/a><br \/>\n^ <\/p>\n<p><a href='http:\/\/extra.inmontanis.info\/d\/43822-2\/DSC00987.jpg'><img src=http:\/\/extra.inmontanis.info\/d\/43821-3\/DSC00987.jpg \/><\/a><br \/>\n^ Holz- und Lederklasse<\/p>\n<p><a href='http:\/\/extra.inmontanis.info\/d\/43826-2\/DSC00992.jpg'><img src=http:\/\/extra.inmontanis.info\/d\/43825-3\/DSC00992.jpg \/><\/a><br \/>\n^ .. aber selbst die Einzelsitze in der Holzklasse hatten ihre kleine Tischchen.<\/p>\n<p><a href='http:\/\/extra.inmontanis.info\/d\/43830-2\/DSC00993.jpg'><img src=http:\/\/extra.inmontanis.info\/d\/43829-3\/DSC00993.jpg \/><\/a><br \/>\n^ Ich bin entz\u00fcckt: Die alte kleine mit dem Trolley-Pole f\u00e4hrt tats\u00e4chlich! Und zwar die urbane Strecke nach Cinquantenaire, ca. 17min pro Richtung.<\/p>\n<p><a href='http:\/\/extra.inmontanis.info\/d\/43834-2\/DSC00996.jpg'><img src=http:\/\/extra.inmontanis.info\/d\/43833-3\/DSC00996.jpg \/><\/a><br \/>\n^ Museumsfahrt Museum-Cinquantenaire<\/p>\n<p><a href='http:\/\/extra.inmontanis.info\/d\/43838-2\/DSC00998.jpg'><img src=http:\/\/extra.inmontanis.info\/d\/43837-3\/DSC00998.jpg \/><\/a><br \/>\n^ Ich entschied mich f\u00fcr einen Stehplatz auf der hinteren Plattform, da kann ich mehr sehen und fotografieren.<\/p>\n<p><a href='http:\/\/extra.inmontanis.info\/d\/43842-2\/DSC00999.jpg'><img src=http:\/\/extra.inmontanis.info\/d\/43841-3\/DSC00999.jpg \/><\/a><br \/>\n^ Museumsfahrt Museum-Cinquantenaire<\/p>\n<p><a href='http:\/\/extra.inmontanis.info\/d\/43846-2\/DSC01004.jpg'><img src=http:\/\/extra.inmontanis.info\/d\/43845-3\/DSC01004.jpg \/><\/a><br \/>\n^ Die Museumsfahrt Museum-Cinquantenaire besteht auch aus einspurigen St\u00fccken und engen Kurven, also mal echtes Stra\u00dfenbahnfeeling<\/p>\n<p><a href='http:\/\/extra.inmontanis.info\/d\/43850-2\/DSC01005.jpg'><img src=http:\/\/extra.inmontanis.info\/d\/43849-3\/DSC01005.jpg \/><\/a><br \/>\n^ Rechts der Tunnel d\u00fcrfte eine Schleife sein, die einen Block weiter links wieder rauskommt. Wir fahren links weiter<\/p>\n<p><a href='http:\/\/extra.inmontanis.info\/d\/43854-2\/DSC01010.jpg'><img src=http:\/\/extra.inmontanis.info\/d\/43853-3\/DSC01010.jpg \/><\/a><br \/>\n^ Dieses einspurige St\u00fcck wird sowohl bei der Hin- wie auch bei der R\u00fcckfahrt in gleicher Richtung befahren, interessante Weiche.<\/p>\n<p><a href='http:\/\/extra.inmontanis.info\/d\/43858-2\/DSC01014.jpg'><img src=http:\/\/extra.inmontanis.info\/d\/43857-3\/DSC01014.jpg \/><\/a><br \/>\n^ Museumsfahrt Museum-Cinquantenaire<\/p>\n<p><a href='http:\/\/extra.inmontanis.info\/d\/43862-2\/DSC01015.jpg'><img src=http:\/\/extra.inmontanis.info\/d\/43861-3\/DSC01015.jpg \/><\/a><br \/>\n^ <\/p>\n<p><a href='http:\/\/extra.inmontanis.info\/d\/43866-2\/DSC01016.jpg'><img src=http:\/\/extra.inmontanis.info\/d\/43865-3\/DSC01016.jpg \/><\/a><br \/>\n^ Die noch h\u00e4ufig in Betrieb befindlichen \u00e4ltesten Fahrzeuge in Br\u00fcssel w\u00e4ren auch noch interessant &#8211; hatte aber keine Zeit mehr daf\u00fcr.<\/p>\n<p><a href='http:\/\/extra.inmontanis.info\/d\/43870-2\/DSC01019.jpg'><img src=http:\/\/extra.inmontanis.info\/d\/43869-3\/DSC01019.jpg \/><\/a><br \/>\n^ Museumsfahrt Museum-Cinquantenaire, hier ist gleich die Endstation<\/p>\n<p><a href='http:\/\/extra.inmontanis.info\/d\/43874-2\/DSC01023.jpg'><img src=http:\/\/extra.inmontanis.info\/d\/43873-3\/DSC01023.jpg \/><\/a><br \/>\n^ Museumsfahrt Museum-Cinquantenaire Endstation. Die Museumstrams in Br\u00fcssel fahren tats\u00e4chlich noch mit Trolleypoles (und der muss jetzt gewendet werden), das ist nat\u00fcrlich gleich doppelt nostalgisch!<\/p>\n<p><a href='http:\/\/extra.inmontanis.info\/d\/43878-2\/DSC01026.jpg'><img src=http:\/\/extra.inmontanis.info\/d\/43877-3\/DSC01026.jpg \/><\/a><br \/>\n^ <\/p>\n<p><a href='http:\/\/extra.inmontanis.info\/d\/43882-2\/DSC01028.jpg'><img src=http:\/\/extra.inmontanis.info\/d\/43881-3\/DSC01028.jpg \/><\/a><br \/>\n^ W\u00e4hrend wir warten kam der Museumsbus vorbei &#8211; ganz sch\u00f6n eng (an den Spiegeln)<\/p>\n<p><a href='http:\/\/extra.inmontanis.info\/d\/43886-2\/DSC01034.jpg'><img src=http:\/\/extra.inmontanis.info\/d\/43885-3\/DSC01034.jpg \/><\/a><br \/>\n^ <\/p>\n<p><a href='http:\/\/extra.inmontanis.info\/d\/43890-2\/DSC01043.jpg'><img src=http:\/\/extra.inmontanis.info\/d\/43889-3\/DSC01043.jpg \/><\/a><br \/>\n^ Hier die andere Seite des Tunnels. Warum da nochmal ein Gleis nach rechts geht, kapier ich aber gar nicht, damit k\u00f6nnte man den Tunnel im Kreis fahren. Oder hat der noch eine 3. Ausfahrt? Und auch nett: Die altert\u00fcmlichen Haltestellenh\u00e4uschen<\/p>\n<p><a href='http:\/\/extra.inmontanis.info\/d\/43894-2\/DSC01044.jpg'><img src=http:\/\/extra.inmontanis.info\/d\/43893-3\/DSC01044.jpg \/><\/a><br \/>\n^ Auf der Hinfahrt fuhren wir hier rechts auf die einspurige Strecke, wo dann der Abzweig des Tunnels war<\/p>\n<p><a href='http:\/\/extra.inmontanis.info\/d\/43898-2\/DSC01051.jpg'><img src=http:\/\/extra.inmontanis.info\/d\/43897-3\/DSC01051.jpg \/><\/a><br \/>\n^ Um 14:49 Uhr war eine Fahrt auf der langen \u00dcberlandstrecke nach Tervuren (ca. 24min) geplant, wo so viele fahren wollten, dass mehrere Trams in kurzen Abst\u00e4nden fuhren. (Obwohl diese Strecke an einem Museumsnachmittag in Summe eh 6x befahren wird!)<\/p>\n<p><a href='http:\/\/extra.inmontanis.info\/d\/43902-2\/DSC01055.jpg'><img src=http:\/\/extra.inmontanis.info\/d\/43901-3\/DSC01055.jpg \/><\/a><br \/>\n^ Ich entschied mich f\u00fcr den offenen Beiwagen und nahm wieder einmal den Stehplatz auf der Plattform. Ab und an wunderte ich mich \u00fcber den Rechtsverkehr, bin ich in den letzten Jahren Tramfahren doch fast nur im Linksverkehr (UK) gewohnt ;)<\/p>\n<p><a href='http:\/\/extra.inmontanis.info\/d\/43906-2\/DSC01057.jpg'><img src=http:\/\/extra.inmontanis.info\/d\/43905-3\/DSC01057.jpg \/><\/a><br \/>\n^ Museumsfahrt Museum-Tervuren<\/p>\n<p><a href='http:\/\/extra.inmontanis.info\/d\/43910-2\/DSC01064.jpg'><img src=http:\/\/extra.inmontanis.info\/d\/43909-3\/DSC01064.jpg \/><\/a><br \/>\n^ Museumsfahrt Museum-Tervuren<\/p>\n<p><a href='http:\/\/extra.inmontanis.info\/d\/43914-2\/DSC01067.jpg'><img src=http:\/\/extra.inmontanis.info\/d\/43913-3\/DSC01067.jpg \/><\/a><br \/>\n^ <\/p>\n<p><a href='http:\/\/extra.inmontanis.info\/d\/43918-2\/DSC01072.jpg'><img src=http:\/\/extra.inmontanis.info\/d\/43917-3\/DSC01072.jpg \/><\/a><br \/>\n^ Museumsfahrt Museum-Tervuren<\/p>\n<p><a href='http:\/\/extra.inmontanis.info\/d\/43922-2\/DSC01075.jpg'><img src=http:\/\/extra.inmontanis.info\/d\/43921-3\/DSC01075.jpg \/><\/a><br \/>\n^ Museumsfahrt Museum-Tervuren Endstation<\/p>\n<p><a href='http:\/\/extra.inmontanis.info\/d\/43926-2\/DSC01077.jpg'><img src=http:\/\/extra.inmontanis.info\/d\/43925-3\/DSC01077.jpg \/><\/a><br \/>\n^ Ganz alt und nicht so alt :) Ich stieg aus und wollte mit der n\u00e4chsten in 40min zur\u00fcck, merkte aber bald, dass gerade mehr im Einsatz sind und somit musste ich nicht so lange warten.<\/p>\n<p><a href='http:\/\/extra.inmontanis.info\/d\/43930-2\/DSC01079.jpg'><img src=http:\/\/extra.inmontanis.info\/d\/43929-3\/DSC01079.jpg \/><\/a><br \/>\n^ Im Inneren des gr\u00fcnen Wagens. Damals noch mit Vorh\u00e4ngen<\/p>\n<p><a href='http:\/\/extra.inmontanis.info\/d\/43934-2\/DSC01082.jpg'><img src=http:\/\/extra.inmontanis.info\/d\/43933-3\/DSC01082.jpg \/><\/a><br \/>\n^ Es gesellte sich alsbald der halboffene-halbgeschlossene Wagen Nr. 346, mit dem ich dann zur\u00fcckfuhr.<\/p>\n<p><a href='http:\/\/extra.inmontanis.info\/d\/43938-2\/DSC01083.jpg'><img src=http:\/\/extra.inmontanis.info\/d\/43937-3\/DSC01083.jpg \/><\/a><br \/>\n^ .. und auch ein ganz geschlossener, etwas neuerer kam. Diese hab ich dann leider komplett verpasst zu fahren :-(<\/p>\n<p><a href='http:\/\/extra.inmontanis.info\/d\/43942-2\/DSC01085.jpg'><img src=http:\/\/extra.inmontanis.info\/d\/43941-3\/DSC01085.jpg \/><\/a><br \/>\n^ Der halb-offene-halb-geschlossene Wagen<\/p>\n<p><a href='http:\/\/extra.inmontanis.info\/d\/43946-2\/DSC01091.jpg'><img src=http:\/\/extra.inmontanis.info\/d\/43945-3\/DSC01091.jpg \/><\/a><br \/>\n^ Abzweig nach Stockel, die dritte Linie im Museumsbetrieb, fuhr zum Schluss leider nicht nach Fahrplan und hatte ich somit verpasst.<\/p>\n<p><a href='http:\/\/extra.inmontanis.info\/d\/43950-2\/DSC01096.jpg'><img src=http:\/\/extra.inmontanis.info\/d\/43949-3\/DSC01096.jpg \/><\/a><br \/>\n^ Im Museum stehen auch ein paar der modernen Plastik-Bomber &#8211; die werden wie Autos aus den 1980ern vmtl. auch mit der Zeit nicht sch\u00f6ner, sondern bleiben h\u00e4sslich in meinen Augen ;-)<\/p>\n<p><a href='http:\/\/extra.inmontanis.info\/d\/43954-2\/DSC01097.jpg'><img src=http:\/\/extra.inmontanis.info\/d\/43953-3\/DSC01097.jpg \/><\/a><br \/>\n^ Ziemlich krasse Gleisverformung. Siehe auch Video.<\/p>\n<p><a href='http:\/\/extra.inmontanis.info\/d\/43958-2\/DSC01098.jpg'><img src=http:\/\/extra.inmontanis.info\/d\/43957-3\/DSC01098.jpg \/><\/a><br \/>\n^ W\u00e4re ja gern auch mal mit einem der geschlossenen Wagen mit Ledersitzen gefahren, aber der fuhr wieder nach Tervuren, ich wollte in 20min nach Stockel &#8211; aber der fuhr wohl ohne Mitteilung fr\u00fcher los, so dass ich leider beides verpasste. Fuhr dann stattdessen nochmal die nette Cinquantenaire-Strecke zum Schluss.<\/p>\n<p><a href='http:\/\/extra.inmontanis.info\/d\/43962-2\/DSC01099.jpg'><img src=http:\/\/extra.inmontanis.info\/d\/43961-3\/DSC01099.jpg \/><\/a><br \/>\n^ Auch wenn&#8217;s keine Doppelstock-Trams hier gibt &#8211; dank Trolleypoles und Klingeln und teiloffenen Wagen sind die Museumsfahrten hier in Br\u00fcssel durchaus lohnenswert.<\/p>\n<p>Im Museum in einem der Prospektst\u00e4nder hab ich zuf\u00e4lligerweise von einer weiteren Museumsstra\u00dfenbahn in Belgien gelesen: Mus\u00e9e du Tram Vincinal &#8211; ASVi. Die h\u00e4tten an diesem verl\u00e4ngerten Wochenende (Aber nur SA+SO+DI, nicht am morgigen Montag) ein &#8220;Festival du Tram&#8221;. Schade, dass ich das vorher nicht gewusst h\u00e4tte, w\u00e4re gestern evtl. sinnvoller gewesen als die Kusttram (deren Museum ja jedes Wochenende offen ist). Na vielleicht n\u00e4chstes Jahr.<\/p>\n<p>Weiter ging&#8217;s dann noch in die Vogesen, wo ich mir einen ruhigeren N\u00e4chtigungsplatz erhoffte &#8211; ich hielt dann an einem Skigebietsparkplatz. Ich fuhr von Luxembourg schr\u00e4g \u00fcber Metz runter, es gibt hier etliche mautfreie Autobahnen, nur ein kurzes St\u00fcck hab ich mautfrei mal umfahren. Scheint mir durchaus eine lohnenswerte Alternativstrecke zu sein, um die nervig vollen Ecken \u00fcber Deutschland zu umfahren, zumindest wenn man etwas Zeit hat. Um Metz hab ich gegen 22 Uhr noch einen Essens-Halt in einem der zahlreichen Buffalo Grill eingelegt. <\/p>\n<p><a href='http:\/\/extra.inmontanis.info\/d\/43970-2\/DSC01102.jpg'><img src=http:\/\/extra.inmontanis.info\/d\/43969-3\/DSC01102.jpg \/><\/a><br \/>\n^ Die wie \u00fcblich wesentlich g\u00fcnstigeren Spritpreise in Luxembourg<\/p>\n<p><a href='http:\/\/extra.inmontanis.info\/d\/43974-2\/IMG_3653.jpg'><img src=http:\/\/extra.inmontanis.info\/d\/43973-3\/IMG_3653.jpg \/><\/a><br \/>\n^ Im Buffalo gibt&#8217;s momentan einen Mix-Grill, den ich nat\u00fcrlich ausprobieren musste.<\/p>\n<p>Noch ein paar Videomitschnitte der Museums-Stra\u00dfenbahnfahrten:<br \/>\n<object style=\"height: 500px; width: 900px\"><param name=\"movie\" value=\"http:\/\/www.youtube.com\/v\/gd152Z4E1Hs\"><\/param><param name=\"wmode\" value=\"transparent\"><\/param><embed src=\"http:\/\/www.youtube.com\/v\/gd152Z4E1Hs\" type=\"application\/x-shockwave-flash\" wmode=\"transparent\"  width=\"900\" height=\"480\"><\/embed><\/object><\/p>\n<p>(Fortsetzung folgt.)<\/p>\n","protected":false},"excerpt":{"rendered":"<p>So, 13.8.2017 &#8211; Belgien-Vogesen-Italien Tag 2<\/p>\n<p>Da das Tram-Museum in Br\u00fcssel leider erst um 13 Uhr aufmacht, hatte ich noch genug Zeit, um zu einem McDonalds zum Fr\u00fchst\u00fccken zu gehen. Allerdings scheint das in Belgien recht selten zu sein, die ersten McD hatten wohl erst nach 10 oder 11 Uhr offen. Ebenso der Quick, der <a href=\"http:\/\/blog.inmontanis.info\/?p=4503\">[&#8230;]<\/a><\/p>\n","protected":false},"author":1,"featured_media":0,"comment_status":"closed","ping_status":"closed","sticky":false,"template":"","format":"standard","meta":{"footnotes":""},"categories":[163,164,819,59],"tags":[40],"class_list":["post-4503","post","type-post","status-publish","format-standard","hentry","category-2017-08-trams-herbst","category-belgienbelgium","category-brussel","category-nostalgie","tag-strasenbahn","odd"],"_links":{"self":[{"href":"http:\/\/blog.inmontanis.info\/index.php?rest_route=\/wp\/v2\/posts\/4503","targetHints":{"allow":["GET"]}}],"collection":[{"href":"http:\/\/blog.inmontanis.info\/index.php?rest_route=\/wp\/v2\/posts"}],"about":[{"href":"http:\/\/blog.inmontanis.info\/index.php?rest_route=\/wp\/v2\/types\/post"}],"author":[{"embeddable":true,"href":"http:\/\/blog.inmontanis.info\/index.php?rest_route=\/wp\/v2\/users\/1"}],"replies":[{"embeddable":true,"href":"http:\/\/blog.inmontanis.info\/index.php?rest_route=%2Fwp%2Fv2%2Fcomments&post=4503"}],"version-history":[{"count":3,"href":"http:\/\/blog.inmontanis.info\/index.php?rest_route=\/wp\/v2\/posts\/4503\/revisions"}],"predecessor-version":[{"id":4506,"href":"http:\/\/blog.inmontanis.info\/index.php?rest_route=\/wp\/v2\/posts\/4503\/revisions\/4506"}],"wp:attachment":[{"href":"http:\/\/blog.inmontanis.info\/index.php?rest_route=%2Fwp%2Fv2%2Fmedia&parent=4503"}],"wp:term":[{"taxonomy":"category","embeddable":true,"href":"http:\/\/blog.inmontanis.info\/index.php?rest_route=%2Fwp%2Fv2%2Fcategories&post=4503"},{"taxonomy":"post_tag","embeddable":true,"href":"http:\/\/blog.inmontanis.info\/index.php?rest_route=%2Fwp%2Fv2%2Ftags&post=4503"}],"curies":[{"name":"wp","href":"https:\/\/api.w.org\/{rel}","templated":true}]}}