{"id":4484,"date":"2017-06-04T18:26:37","date_gmt":"2017-06-04T16:26:37","guid":{"rendered":"http:\/\/blog.inmontanis.info\/?p=4484"},"modified":"2017-09-01T06:38:24","modified_gmt":"2017-09-01T04:38:24","slug":"roldal-danemark-4-6-2017","status":"publish","type":"post","link":"http:\/\/blog.inmontanis.info\/?p=4484","title":{"rendered":"R\u00f8ldal-D\u00e4nemark, 4.6.2017"},"content":{"rendered":"<p><strong>So, 4.6.2017 &#8211; Arctic Spring Tag 16 &#8211; R\u00f8ldal-D\u00e4nemark<\/strong><\/p>\n<p>Heutiges Hauptziel war die F\u00e4hre heimw\u00e4rts, die ich ja, wie gesagt, schon im Vorhinein gebucht hatte, da ich gemerkt hab, dass die F\u00e4hren jetzt zu Pfingsten recht teuer sind und ich wollte doch lieber nochmal F\u00e4hre als Br\u00fccken fahren. \u00dcbrigens war die F\u00e4hre bei weitem nicht voll und der Preis dann am Hafen im Internet w\u00e4re nach wie vor die gleichen 118,- \u20ac gewesen; wobei die Fjordline mit dem Katamaran um unter 80,- zu haben gewesen w\u00e4re (wollt ich aber nicht fahren, ist ja immer recht schaukelig, wobei die See heute wohl ruhig genug gewesen w\u00e4re). Br\u00fcckenmaut + weitere Stra\u00dfenmaut dahin + Umweg w\u00e4ren nat\u00fcrlich teurer gewesen.<\/p>\n<p>Auf dem Weg nach Kristiansand bin ich noch einen Umweg \u00fcber eine der Stra\u00dfen gefahren, die ich anno 2006, bei meiner ersten Skandinavienreise gefahren bin und die mir damals sehr gut gefiel (war ja auch meine erste derartige Stra\u00dfe in Skandinavien am Anfang der Reise) &#8211; heute war sie doch noch um einiges Winterlicher als damals am 12.6.2006.<\/p>\n<p>(Fotos anklicken zum Vergr\u00f6\u00dfern)<br \/>\n<a href='http:\/\/extra.inmontanis.info\/d\/43272-2\/ge20170604a.jpg'><img src=http:\/\/extra.inmontanis.info\/d\/43271-3\/ge20170604a.jpg \/><\/a><br \/>\n^ Strecke 4.6.2017 (Rot, ca. 770 km)<br \/>\n(F\u00e4hre Kristiansand-Hirtshals)<\/p>\n<p><a href='http:\/\/extra.inmontanis.info\/d\/43276-2\/DSC00066.jpg'><img src=http:\/\/extra.inmontanis.info\/d\/43275-3\/DSC00066.jpg \/><\/a><br \/>\n^ E134 \/ Haukelifjell<\/p>\n<p><a href='http:\/\/extra.inmontanis.info\/d\/43280-2\/DSC00074.jpg'><img src=http:\/\/extra.inmontanis.info\/d\/43279-3\/DSC00074.jpg \/><\/a><br \/>\n^ 9 \/ n\u00e4he Hovden<\/p>\n<p><a href='http:\/\/extra.inmontanis.info\/d\/43284-2\/DSC00076.jpg'><img src=http:\/\/extra.inmontanis.info\/d\/43283-3\/DSC00076.jpg \/><\/a><br \/>\n^ 9 \/ n\u00e4he Hovden<\/p>\n<p><a href='http:\/\/extra.inmontanis.info\/d\/43288-2\/DSC00086.jpg'><img src=http:\/\/extra.inmontanis.info\/d\/43287-3\/DSC00086.jpg \/><\/a><br \/>\n^ 9 \/ n\u00e4he Bykle<\/p>\n<p><a href='http:\/\/extra.inmontanis.info\/d\/43292-2\/DSC00099.jpg'><img src=http:\/\/extra.inmontanis.info\/d\/43291-3\/DSC00099.jpg \/><\/a><br \/>\n^ 9 \/ Otra \/ n\u00e4he Valle<\/p>\n<p><a href='http:\/\/extra.inmontanis.info\/d\/43296-2\/DSC00100.jpg'><img src=http:\/\/extra.inmontanis.info\/d\/43295-3\/DSC00100.jpg \/><\/a><br \/>\n^ 9 \/ Otra<\/p>\n<p><a href='http:\/\/extra.inmontanis.info\/d\/43300-2\/DSC00107.jpg'><img src=http:\/\/extra.inmontanis.info\/d\/43299-3\/DSC00107.jpg \/><\/a><br \/>\n^ 9 \/ Otra<\/p>\n<p><a href='http:\/\/extra.inmontanis.info\/d\/43304-2\/DSC00108.jpg'><img src=http:\/\/extra.inmontanis.info\/d\/43303-3\/DSC00108.jpg \/><\/a><br \/>\n^ 9 \/ Otra<\/p>\n<p><a href='http:\/\/extra.inmontanis.info\/d\/43308-2\/DSC00122.jpg'><img src=http:\/\/extra.inmontanis.info\/d\/43307-3\/DSC00122.jpg \/><\/a><br \/>\n^ Fv.337 Nomeland-Rosskreppfjorden<\/p>\n<p><a href='http:\/\/extra.inmontanis.info\/d\/43312-2\/DSC00129.jpg'><img src=http:\/\/extra.inmontanis.info\/d\/43311-3\/DSC00129.jpg \/><\/a><br \/>\n^ Fv.337 Nomeland-Rosskreppfjorden<\/p>\n<p>Nun ist es fix &#8211; heuer lag im Juni mehr Schnee als 2006, wo ich lediglich 1 Woche sp\u00e4ter hier war, Foto in Gegenrichtung:<\/p>\n<p><a href='http:\/\/ski.inmontanis.info\/d\/40033-2\/P1060118.jpg'><img src=http:\/\/ski.inmontanis.info\/d\/40033-2\/P1060118.jpg \/><\/a><br \/>\n^ 12.6.2006<\/p>\n<p><a href='http:\/\/extra.inmontanis.info\/d\/43316-2\/DSC00137.jpg'><img src=http:\/\/extra.inmontanis.info\/d\/43315-3\/DSC00137.jpg \/><\/a><br \/>\n^ Fv.337 \/ Fv. 987<\/p>\n<p><a href='http:\/\/extra.inmontanis.info\/d\/43320-2\/DSC00144.jpg'><img src=http:\/\/extra.inmontanis.info\/d\/43319-3\/DSC00144.jpg \/><\/a><br \/>\n^ Fv.987 \/ Rosskreppfjorden-Fidjeland<\/p>\n<p><a href='http:\/\/extra.inmontanis.info\/d\/43324-2\/DSC00146.jpg'><img src=http:\/\/extra.inmontanis.info\/d\/43323-3\/DSC00146.jpg \/><\/a><br \/>\n^ Fv.987 \/ Rosskreppfjorden-Fidjeland<\/p>\n<p><a href='http:\/\/extra.inmontanis.info\/d\/43328-2\/DSC00149.jpg'><img src=http:\/\/extra.inmontanis.info\/d\/43327-3\/DSC00149.jpg \/><\/a><br \/>\n^ Fv.987 \/ Rosskreppfjorden-Fidjeland<\/p>\n<p><a href='http:\/\/extra.inmontanis.info\/d\/43332-2\/DSC00162.jpg'><img src=http:\/\/extra.inmontanis.info\/d\/43331-3\/DSC00162.jpg \/><\/a><br \/>\n^ 986 \/ Stra\u00dfe nach Lysebotn<\/p>\n<p><a href='http:\/\/ski.inmontanis.info\/d\/39961-2\/P1060082.jpg'><img src=http:\/\/ski.inmontanis.info\/d\/39961-2\/P1060082.jpg \/><\/a><br \/>\n^ 12.6.2006<\/p>\n<p>Die Stra\u00dfe nach Lysebotn bin ich aber nicht zur G\u00e4nze gefahren, da es mir sonst zeitlich zu knapp gewesen w\u00e4re. Leider waren die gro\u00dfen Superm\u00e4rkte in Kristiansand &#8211; zumindest lt. meinem Navi &#8211; im Osten au\u00dferhalb der Stadt, und das war mir dann zeitlich auch zu knapp &#8211; weil ich keinen Stau durch die Stadt bzw. auf der Autobahn durch die Stadt  riskieren wollte. Man solle sich sp\u00e4testens 60min vor Abfahrt zum Check-In einfinden, aber wie \u00fcblich h\u00e4tte man auch noch etwas Zeit gehabt. Wobei um 16 Uhr das Gatter schon geschlossen wurde; Abfahrt war um 16:30, evtl. paar Minuten fr\u00fcher. <\/p>\n<p>Mit der Colorline bin ich ja auch damals 2006 nach NO erstmals gefahren (damals ben\u00f6tigte sie aber glaub ich noch l\u00e4nger), insofern w\u00e4re das alles heuer und heute ein sch\u00f6ner Abschluss, aber .. ich werd wohl doch wieder irgendwann nach NO m\u00fcssen. Die Colorline-F\u00e4hren sind ja mit die teuersten, allerdings auch die exklusivsten; sogar ein Bekleidungsgesch\u00e4ft hat&#8217;s hier, au\u00dferdem ein Buffet-Restaurant (teuer) und ein SB-Restaurant und noch ein paar Shops, z.B. ein exklusiveres Lebensmittelgesch\u00e4ft, wo man auch ein paar besondere Sachen aus anderen L\u00e4ndern bekommt. Die F\u00e4hr\u00fcberfahrt war sonnig und etwas windig, aber die See noch relativ ruhig.<\/p>\n<p>Ankunft in Hirtshals war etwas versp\u00e4tet, bin dann noch zur Grenze nach Deutschland gefahren.<\/p>\n<p><a href='http:\/\/extra.inmontanis.info\/d\/43336-2\/DSC00166.jpg'><img src=http:\/\/extra.inmontanis.info\/d\/43335-3\/DSC00166.jpg \/><\/a><br \/>\n^ 468 \/ Sirdalen<\/p>\n<p><a href='http:\/\/extra.inmontanis.info\/d\/43340-2\/DSC00176.jpg'><img src=http:\/\/extra.inmontanis.info\/d\/43339-3\/DSC00176.jpg \/><\/a><br \/>\n^ Fjordline-F\u00e4hre (Katamaran)<\/p>\n<p><a href='http:\/\/extra.inmontanis.info\/d\/43344-2\/DSC00178.jpg'><img src=http:\/\/extra.inmontanis.info\/d\/43343-3\/DSC00178.jpg \/><\/a><br \/>\n^ Ich nehm die normale F\u00e4hre (ColorLine)<\/p>\n<p><a href='http:\/\/extra.inmontanis.info\/d\/43348-2\/DSC00180.jpg'><img src=http:\/\/extra.inmontanis.info\/d\/43347-3\/DSC00180.jpg \/><\/a><br \/>\n^ Kristiansand Hafen<\/p>\n<p><a href='http:\/\/extra.inmontanis.info\/d\/43352-2\/DSC00181.jpg'><img src=http:\/\/extra.inmontanis.info\/d\/43351-3\/DSC00181.jpg \/><\/a><br \/>\n^ Kristiansand<\/p>\n<p><a href='http:\/\/extra.inmontanis.info\/d\/43356-2\/DSC00185.jpg'><img src=http:\/\/extra.inmontanis.info\/d\/43355-3\/DSC00185.jpg \/><\/a><br \/>\n^ F\u00e4hre Kristiansand-Hirtshals<\/p>\n<p><a href='http:\/\/extra.inmontanis.info\/d\/43360-2\/DSC00190.jpg'><img src=http:\/\/extra.inmontanis.info\/d\/43359-3\/DSC00190.jpg \/><\/a><br \/>\n^ F\u00e4hre Kristiansand-Hirtshals<\/p>\n<p><a href='http:\/\/extra.inmontanis.info\/d\/43364-2\/DSC03281.jpg'><img src=http:\/\/extra.inmontanis.info\/d\/43363-3\/DSC03281.jpg \/><\/a><br \/>\n^ F\u00e4hre Kristiansand-Hirtshals (IR)<\/p>\n<p><a href='http:\/\/extra.inmontanis.info\/d\/43368-2\/DSC00200.jpg'><img src=http:\/\/extra.inmontanis.info\/d\/43367-3\/DSC00200.jpg \/><\/a><br \/>\n^ F\u00e4hre Kristiansand-Hirtshals<\/p>\n<p><a href='http:\/\/extra.inmontanis.info\/d\/43372-2\/DSC00204.jpg'><img src=http:\/\/extra.inmontanis.info\/d\/43371-3\/DSC00204.jpg \/><\/a><br \/>\n^ Nett gro\u00dfes Sundeck am Schiff und fast ganz oben<\/p>\n<p><a href='http:\/\/extra.inmontanis.info\/d\/43376-2\/DSC00205.jpg'><img src=http:\/\/extra.inmontanis.info\/d\/43375-3\/DSC00205.jpg \/><\/a><br \/>\n^ F\u00e4hre Kristiansand-Hirtshals<\/p>\n<p><a href='http:\/\/extra.inmontanis.info\/d\/43380-2\/DSC03283.jpg'><img src=http:\/\/extra.inmontanis.info\/d\/43379-3\/DSC03283.jpg \/><\/a><br \/>\n^ F\u00e4hre Kristiansand-Hirtshals (IR).<\/p>\n<p><a href='http:\/\/extra.inmontanis.info\/d\/43384-2\/DSC00218.jpg'><img src=http:\/\/extra.inmontanis.info\/d\/43383-3\/DSC00218.jpg \/><\/a><br \/>\n^ F\u00e4hre Kristiansand-Hirtshals<\/p>\n<p><a href='http:\/\/extra.inmontanis.info\/d\/43388-2\/DSC00221.jpg'><img src=http:\/\/extra.inmontanis.info\/d\/43387-3\/DSC00221.jpg \/><\/a><br \/>\n^ F\u00e4hre Kristiansand-Hirtshals. Sch\u00f6nes Schiff. Daf\u00fcr sind die Preise bei Colorline auch etwas teurer. Aber man kann auch mehr Einkaufen, sogar ein Bekleidungsgesch\u00e4ft gibt&#8217;s da links. Das Lebensmittel-Spezialit\u00e4tengesch\u00e4ft rechts war dann eher meine Sache.<\/p>\n<p><a href='http:\/\/extra.inmontanis.info\/d\/43392-2\/IMG_3483.jpg'><img src=http:\/\/extra.inmontanis.info\/d\/43391-3\/IMG_3483.jpg \/><\/a><br \/>\n^ Der Fischburger dagegen hatte leider nur die \u00fcblichen Fischlaibchen, wie man sie auch im Supermarkt bekommt und mir meist nicht so besonders schmecken.<\/p>\n<p><a href='http:\/\/extra.inmontanis.info\/d\/43396-2\/DSC00224.jpg'><img src=http:\/\/extra.inmontanis.info\/d\/43395-3\/DSC00224.jpg \/><\/a><br \/>\n^ F\u00e4hre Kristiansand-Hirtshals<\/p>\n<p><a href='http:\/\/extra.inmontanis.info\/d\/43400-2\/DSC00225.jpg'><img src=http:\/\/extra.inmontanis.info\/d\/43399-3\/DSC00225.jpg \/><\/a><br \/>\n^ F\u00e4hre Kristiansand-Hirtshals<\/p>\n<p><a href='http:\/\/extra.inmontanis.info\/d\/43404-2\/DSC00229.jpg'><img src=http:\/\/extra.inmontanis.info\/d\/43403-3\/DSC00229.jpg \/><\/a><br \/>\n^ F\u00e4hre Kristiansand-Hirtshals<\/p>\n<p><a href='http:\/\/extra.inmontanis.info\/d\/43408-2\/DSC03297.jpg'><img src=http:\/\/extra.inmontanis.info\/d\/43407-3\/DSC03297.jpg \/><\/a><br \/>\n^ K\u00fcste D\u00e4nemark (IR) &#8211; schimmerte ja fast so wei\u00df wie die Kreidefelsen in Dover ;)<\/p>\n<p><a href='http:\/\/extra.inmontanis.info\/d\/43412-2\/DSC00242.jpg'><img src=http:\/\/extra.inmontanis.info\/d\/43411-3\/DSC00242.jpg \/><\/a><br \/>\n^ Hirtshals<\/p>\n<p><a href='http:\/\/extra.inmontanis.info\/d\/43416-2\/DSC00244.jpg'><img src=http:\/\/extra.inmontanis.info\/d\/43415-3\/DSC00244.jpg \/><\/a><br \/>\n^ F\u00e4hre Kristiansand-Hirtshals<\/p>\n<p><a href='http:\/\/extra.inmontanis.info\/d\/43420-2\/DSC00246.jpg'><img src=http:\/\/extra.inmontanis.info\/d\/43419-3\/DSC00246.jpg \/><\/a><br \/>\n^ Hirtshals<\/p>\n<p><a href='http:\/\/extra.inmontanis.info\/d\/43424-2\/DSC00251.jpg'><img src=http:\/\/extra.inmontanis.info\/d\/43423-3\/DSC00251.jpg \/><\/a><br \/>\n^ Voll war die F\u00e4hre nicht<\/p>\n<p>Heutiges Dashcam-Video, u.a. mit den beiden Fjell\u00fcberfahrten (Haukeli + Nomeland-Fidjeland):<br \/>\n<object style=\"height: 500px; width: 900px\"><param name=\"movie\" value=\"http:\/\/www.youtube.com\/v\/Z3c8ftxSvtM\"><\/param><param name=\"wmode\" value=\"transparent\"><\/param><embed src=\"http:\/\/www.youtube.com\/v\/Z3c8ftxSvtM\" type=\"application\/x-shockwave-flash\" wmode=\"transparent\"  width=\"900\" height=\"480\"><\/embed><\/object><\/p>\n<p>(Noch eine Fortsetzung folgt.)<\/p>\n","protected":false},"excerpt":{"rendered":"<p>So, 4.6.2017 &#8211; Arctic Spring Tag 16 &#8211; R\u00f8ldal-D\u00e4nemark<\/p>\n<p>Heutiges Hauptziel war die F\u00e4hre heimw\u00e4rts, die ich ja, wie gesagt, schon im Vorhinein gebucht hatte, da ich gemerkt hab, dass die F\u00e4hren jetzt zu Pfingsten recht teuer sind und ich wollte doch lieber nochmal F\u00e4hre als Br\u00fccken fahren. \u00dcbrigens war die F\u00e4hre bei weitem nicht <a href=\"http:\/\/blog.inmontanis.info\/?p=4484\">[&#8230;]<\/a><\/p>\n","protected":false},"author":1,"featured_media":0,"comment_status":"closed","ping_status":"closed","sticky":false,"template":"","format":"standard","meta":{"footnotes":""},"categories":[162,18],"tags":[90,37,45],"class_list":["post-4484","post","type-post","status-publish","format-standard","hentry","category-2017-05-arctic-spring","category-norwegennorway","tag-infrarot","tag-meer","tag-see","odd"],"_links":{"self":[{"href":"http:\/\/blog.inmontanis.info\/index.php?rest_route=\/wp\/v2\/posts\/4484","targetHints":{"allow":["GET"]}}],"collection":[{"href":"http:\/\/blog.inmontanis.info\/index.php?rest_route=\/wp\/v2\/posts"}],"about":[{"href":"http:\/\/blog.inmontanis.info\/index.php?rest_route=\/wp\/v2\/types\/post"}],"author":[{"embeddable":true,"href":"http:\/\/blog.inmontanis.info\/index.php?rest_route=\/wp\/v2\/users\/1"}],"replies":[{"embeddable":true,"href":"http:\/\/blog.inmontanis.info\/index.php?rest_route=%2Fwp%2Fv2%2Fcomments&post=4484"}],"version-history":[{"count":3,"href":"http:\/\/blog.inmontanis.info\/index.php?rest_route=\/wp\/v2\/posts\/4484\/revisions"}],"predecessor-version":[{"id":9082,"href":"http:\/\/blog.inmontanis.info\/index.php?rest_route=\/wp\/v2\/posts\/4484\/revisions\/9082"}],"wp:attachment":[{"href":"http:\/\/blog.inmontanis.info\/index.php?rest_route=%2Fwp%2Fv2%2Fmedia&parent=4484"}],"wp:term":[{"taxonomy":"category","embeddable":true,"href":"http:\/\/blog.inmontanis.info\/index.php?rest_route=%2Fwp%2Fv2%2Fcategories&post=4484"},{"taxonomy":"post_tag","embeddable":true,"href":"http:\/\/blog.inmontanis.info\/index.php?rest_route=%2Fwp%2Fv2%2Ftags&post=4484"}],"curies":[{"name":"wp","href":"https:\/\/api.w.org\/{rel}","templated":true}]}}