{"id":4479,"date":"2017-06-03T21:17:55","date_gmt":"2017-06-03T19:17:55","guid":{"rendered":"http:\/\/blog.inmontanis.info\/?p=4479"},"modified":"2023-08-04T20:48:17","modified_gmt":"2023-08-04T18:48:17","slug":"voss-roldal-3-6-2017","status":"publish","type":"post","link":"http:\/\/blog.inmontanis.info\/?p=4479","title":{"rendered":"Voss-R\u00f8ldal, 3.6.2017"},"content":{"rendered":"<p><strong>Sa, 3.6.2017 &#8211; Arctic Spring Tag 15 &#8211; Voss-R\u00f8ldal<\/strong><\/p>\n<p>Am Morgen ging ich nat\u00fcrlich nochmal die Wettervorhersagen durch. Kurioserwerise hat Folgefonna gestern fr\u00fch auf Facebook ein wolkenloses Foto mit &#8220;guten Morgen&#8221; gepostet, wobei doch die Wettervorhersagen f\u00fcr gestern stets ganztags schlecht gemeldet hatten?! F\u00fcr heute meldeten die Wettervorhersagen jedenfalls wieder anders als gestern &#8211; statt morgens 2-3 Studen trocken mit etwas Gl\u00fcck auf sonnige L\u00fccken (und davor und danach regnerisch) sollte es nun vormittags bedeckt und nachmittags ein paar Wolkenl\u00fccken geben. Nun, ich h\u00e4tte um 12 oder 13 Uhr dort sein k\u00f6nnen und mir eine 3h-Karte kaufen. Die meterhohen Schneew\u00e4lle auf der Zufahrtstra\u00dfe und die zur H\u00e4lfte eingeschneiten St\u00fctzen w\u00e4ren ja schon fotogen gewesen&#8230; Ich entschied mich dann aber doch dagegen und fuhr erst eine der Stra\u00dfen, die ich mir gestern rausgesucht hatte. Bin sie aber nicht bis zum Ende gefahren, da sie mich nicht in eine erw\u00fcnschte H\u00f6he brachte &#8230;<\/p>\n<p>(Fotos anklicken zum Vergr\u00f6\u00dfern)<\/p>\n<p><a href='http:\/\/extra.inmontanis.info\/d\/43048-2\/ge20170603d.jpg'><img src=http:\/\/extra.inmontanis.info\/d\/43047-3\/ge20170603d.jpg \/><\/a><br \/>\n^ Fahrstrecke 3.6.2017 (T\u00fcrkis, mit einigen Umwegen, ca. 500 km)<br \/>\n2 F\u00e4hren<br \/>\n(A war Gaustatoppen bei Rjukan. Der Bereich, der links oberhalb davon mit dem Stra\u00dfen-Rechteck eingekreist wird, ist die riesige Hardangervidda-Hochebene)<\/p>\n<p><a href='http:\/\/extra.inmontanis.info\/d\/43052-2\/DSC09578.jpg'><img src=http:\/\/extra.inmontanis.info\/d\/43051-3\/DSC09578.jpg \/><\/a><br \/>\n^ 381 \/ Stordal-Matre<\/p>\n<p><a href='http:\/\/extra.inmontanis.info\/d\/43056-2\/DSC09579.jpg'><img src=http:\/\/extra.inmontanis.info\/d\/43055-3\/DSC09579.jpg \/><\/a><br \/>\n^ Selten kann man in Skandinavien auch Rehen begegnen<\/p>\n<p><a href='http:\/\/extra.inmontanis.info\/d\/43060-2\/DSC09585.jpg'><img src=http:\/\/extra.inmontanis.info\/d\/43059-3\/DSC09585.jpg \/><\/a><br \/>\n^ 381 \/ Stordal-Matre. Die Stra\u00dfe von hier aus m\u00fcsste die im Winter ge\u00f6ffnete sein (um zum Skilift zu kommen)<\/p>\n<p><a href='http:\/\/extra.inmontanis.info\/d\/43064-2\/DSC09587.jpg'><img src=http:\/\/extra.inmontanis.info\/d\/43063-3\/DSC09587.jpg \/><\/a><br \/>\n^ 381 \/ Stordal-Matre. Steil und eng hier<\/p>\n<p><a href='http:\/\/extra.inmontanis.info\/d\/43068-2\/DSC09595.jpg'><img src=http:\/\/extra.inmontanis.info\/d\/43067-3\/DSC09595.jpg \/><\/a><br \/>\n^ Ich musste extra aussteigen, um die Schafe zu verjagen &#8211; Hupen oder N\u00e4herfahren n\u00fctzte gar nix.<\/p>\n<p><a href='http:\/\/extra.inmontanis.info\/d\/43072-2\/DSC09607.jpg'><img src=http:\/\/extra.inmontanis.info\/d\/43071-3\/DSC09607.jpg \/><\/a><br \/>\n^ E39 \/ Romarheimsdalen<\/p>\n<p><a href='http:\/\/extra.inmontanis.info\/d\/43076-2\/DSC09613.jpg'><img src=http:\/\/extra.inmontanis.info\/d\/43075-3\/DSC09613.jpg \/><\/a><br \/>\n^ Es ist interessant, wie die Stra\u00dfenmarkierung den Lauf des Regenwassers beeinflusst. Hatte ich die Tage mehrmals beobachtet (erst gewundert, warum da ein Teil der Stra\u00dfe immer dunkler war, als ob die Markierung Schatten werfen w\u00fcrde oder sich aufgrund der Erh\u00f6hung der Markierung dahinter Sand oder Schmutz sammeln w\u00fcrde, dann aber angenommen, dass es eher Wasser sein m\u00fcsste)<\/p>\n<p><a href='http:\/\/extra.inmontanis.info\/d\/43080-2\/DSC09620.jpg'><img src=http:\/\/extra.inmontanis.info\/d\/43079-3\/DSC09620.jpg \/><\/a><br \/>\n^ 569 \/ Mofjord<\/p>\n<p><a href='http:\/\/extra.inmontanis.info\/d\/43084-2\/DSC09626.jpg'><img src=http:\/\/extra.inmontanis.info\/d\/43083-3\/DSC09626.jpg \/><\/a><br \/>\n^ Einer der heute zahlreichen Wasserf\u00e4lle<\/p>\n<p><a href='http:\/\/extra.inmontanis.info\/d\/43088-2\/DSC09636.jpg'><img src=http:\/\/extra.inmontanis.info\/d\/43087-3\/DSC09636.jpg \/><\/a><br \/>\n^ Modalen; die Stra\u00dfe hier hat ein St\u00fcck einen Tunnel als Alternative ..<\/p>\n<p><a href='http:\/\/extra.inmontanis.info\/d\/43092-2\/DSC09639.jpg'><img src=http:\/\/extra.inmontanis.info\/d\/43091-3\/DSC09639.jpg \/><\/a><br \/>\n^ .. bin sp\u00e4ter bis zum Tunneleingang gefahren und bin lieber wieder umgekehrt. Auch wenn ich das Norwegische dort nicht verstehe, h\u00f6rt es sich so ein bisschen nach &#8220;Fahrt auf eigene Verantwortung&#8221; an.<\/p>\n<p>Genauer gesagt bin ich ein paar Meter in den Tunnel rein. Unbeleuchteter, einspuriger Tunnel, unasphaltierter Schotter, ziemlich lang (700-800m) &#8211; per se noch kein Problem, aber .. der Tunnel ist ja wohl lediglich f\u00fcr den Winter, hautps\u00e4chlich f\u00fcr das Kraftwerk als Service-Road und dann nur auf eigene Gefahr ge\u00f6ffnet &#8211; und auch wenn er gerade nicht offiziell gesperrt ist, ist es doch recht unwahrscheinlich, dass der in den Sommermonaten in Stand gesetzt wird. Gleich nach dem Tunneleingang waren links ein paar gro\u00dfe Steine auf der Stra\u00dfe zu sehen &#8211; was, wenn der Weg irgendwo im Tunnel versperrt ist, weil ein zu gro\u00dfer Stein runtergefallen? Dann m\u00fcsste ich den ganzen Weg im dunklen Tunnel r\u00fcckw\u00e4rts fahren? Na danke, das ist mir doch zu gef\u00e4hrlich. Nebenbei k\u00f6nnten dort ja auch mir unerw\u00fcnschte Tiere hausen oder gar Kadaver rumliegen .. Auf der Dashcam hab ich die Umfahrung des Tunnels komplett drauf + meine kurze Einfahrt in den Tunnel.<\/p>\n<p>Zwei andere Stra\u00dfen n\u00e4he Voss, die ich nicht unbedingt geplant h\u00e4tte, sahen mir da interessanter aus, etwas h\u00f6herrangiger und lt. Karte und Kehren k\u00f6nnten sie mich auch in die H\u00f6he bringen. Die erste Stra\u00dfe war dann auch schon sehr nett und es gab etliche Schneereste, h\u00e4tte sogar eine Skitour machen k\u00f6nnen. Wieder unten, ein kurzer Umweg nach Voss, etwas Essen, und die zweite Stra\u00dfe. Die ist mit den Seen zwar irgendwie netter, aber geht nicht so weit hinauf, nicht genug Schneereste f\u00fcr eine Skitour. Am Ende hatte sie dann aber noch eine nette Schlucht hinunter nach Dale, das auch in einer engen Schlucht recht gro\u00df gewachsen ist. <\/p>\n<p><a href='http:\/\/extra.inmontanis.info\/d\/43096-2\/DSC09638.jpg'><img src=http:\/\/extra.inmontanis.info\/d\/43095-3\/DSC09638.jpg \/><\/a><br \/>\n^ Ein anderer Wasserfall im Modalen<\/p>\n<p><a href='http:\/\/extra.inmontanis.info\/d\/43100-2\/DSC09655.jpg'><img src=http:\/\/extra.inmontanis.info\/d\/43099-3\/DSC09655.jpg \/><\/a><br \/>\n^ 344 \/ Ekso<\/p>\n<p><a href='http:\/\/extra.inmontanis.info\/d\/43104-2\/DSC09663.jpg'><img src=http:\/\/extra.inmontanis.info\/d\/43103-3\/DSC09663.jpg \/><\/a><br \/>\n^ 344 \/ Ekso \/ Wasserfall<\/p>\n<p><a href='http:\/\/extra.inmontanis.info\/d\/43108-2\/DSC09669.jpg'><img src=http:\/\/extra.inmontanis.info\/d\/43107-3\/DSC09669.jpg \/><\/a><br \/>\n^ 344 \/ Ekso \/ Wasserfall<\/p>\n<p><a href='http:\/\/extra.inmontanis.info\/d\/43112-2\/DSC09672.jpg'><img src=http:\/\/extra.inmontanis.info\/d\/43111-3\/DSC09672.jpg \/><\/a><br \/>\n^ 344 \/ Ekso<\/p>\n<p><a href='http:\/\/extra.inmontanis.info\/d\/43116-2\/DSC09674.jpg'><img src=http:\/\/extra.inmontanis.info\/d\/43115-3\/DSC09674.jpg \/><\/a><br \/>\n^ 344 \/ Ekso \/ Spiegelsee oder Spiegelfluss<\/p>\n<p><a href='http:\/\/extra.inmontanis.info\/d\/43120-2\/DSC09675.jpg'><img src=http:\/\/extra.inmontanis.info\/d\/43119-3\/DSC09675.jpg \/><\/a><br \/>\n^ 344 \/ Ekso \/ Bergavatnet \/ Spiegelsee<\/p>\n<p><a href='http:\/\/extra.inmontanis.info\/d\/41104-3\/DSC09676.jpg'><img src=http:\/\/extra.inmontanis.info\/d\/41103-4\/DSC09676.jpg \/><\/a><br \/>\n^ 344 \/ Ekso \/ Bergavatnet \/ Spiegelsee<\/p>\n<p><a href='http:\/\/extra.inmontanis.info\/d\/43124-2\/DSC09681.jpg'><img src=http:\/\/extra.inmontanis.info\/d\/43123-3\/DSC09681.jpg \/><\/a><br \/>\n^ 344 \/ Ekso \/ Spiegelsee<\/p>\n<p><a href='http:\/\/extra.inmontanis.info\/d\/43128-2\/DSC09687.jpg'><img src=http:\/\/extra.inmontanis.info\/d\/43127-3\/DSC09687.jpg \/><\/a><br \/>\n^ 343 \/ Ekso \/ Eksingadalen<\/p>\n<p><a href='http:\/\/extra.inmontanis.info\/d\/43132-2\/DSC09693.jpg'><img src=http:\/\/extra.inmontanis.info\/d\/43131-3\/DSC09693.jpg \/><\/a><br \/>\n^ 343 \/ Eksingadalen-Teigdalen<\/p>\n<p><a href='http:\/\/extra.inmontanis.info\/d\/43136-2\/DSC09706.jpg'><img src=http:\/\/extra.inmontanis.info\/d\/43135-3\/DSC09706.jpg \/><\/a><br \/>\n^ 343 \/ Teigdalen \/ Mal wieder ein Spiegelsee bzw. -fluss<\/p>\n<p><a href='http:\/\/extra.inmontanis.info\/d\/43140-2\/DSC09720.jpg'><img src=http:\/\/extra.inmontanis.info\/d\/43139-3\/DSC09720.jpg \/><\/a><br \/>\n^ 314 \/ Hamlagr\u00f8vatnet<\/p>\n<p><a href='http:\/\/extra.inmontanis.info\/d\/43144-2\/DSC09721.jpg'><img src=http:\/\/extra.inmontanis.info\/d\/43143-3\/DSC09721.jpg \/><\/a><br \/>\n^ 314 \/ Hamlagr\u00f8vatnet<\/p>\n<p><a href='http:\/\/extra.inmontanis.info\/d\/43148-2\/DSC09736.jpg'><img src=http:\/\/extra.inmontanis.info\/d\/43147-3\/DSC09736.jpg \/><\/a><br \/>\n^ 314 \/ Hamlagr\u00f8vatnet<\/p>\n<p><a href='http:\/\/extra.inmontanis.info\/d\/43152-2\/DSC09751.jpg'><img src=http:\/\/extra.inmontanis.info\/d\/43151-3\/DSC09751.jpg \/><\/a><br \/>\n^ 314 \/ Bergsdalen<\/p>\n<p><a href='http:\/\/extra.inmontanis.info\/d\/43156-2\/DSC09758.jpg'><img src=http:\/\/extra.inmontanis.info\/d\/43155-3\/DSC09758.jpg \/><\/a><br \/>\n^ 314 \/ Bergsdalen<\/p>\n<p><a href='http:\/\/extra.inmontanis.info\/d\/43160-2\/DSC09762.jpg'><img src=http:\/\/extra.inmontanis.info\/d\/43159-3\/DSC09762.jpg \/><\/a><br \/>\n^ 314 \/ Bergsdalen \/ Staumauer<\/p>\n<p><a href='http:\/\/extra.inmontanis.info\/d\/43164-2\/DSC09769.jpg'><img src=http:\/\/extra.inmontanis.info\/d\/43163-3\/DSC09769.jpg \/><\/a><br \/>\n^ 314 \/ Bergsdalen \/ ein kurzer einspuriger Tunnel<\/p>\n<p><a href='http:\/\/extra.inmontanis.info\/d\/43168-2\/DSC09780.jpg'><img src=http:\/\/extra.inmontanis.info\/d\/43167-3\/DSC09780.jpg \/><\/a><br \/>\n^ 314 \/ Ankunft in Dale, hier geht&#8217;s wieder auf der E16 weiter<\/p>\n<p>In weiterer Folge wollte ich noch ein paar Superm\u00e4rkte besuchen, merkte aber bald, dass am heutigen Pfingstsamstag die Gesch\u00e4fte fr\u00fcher schlie\u00dfen. Kapier ich nun nicht ganz, denn am Montag scheint auch in NO Feiertag zu sein (manche F\u00e4hren scheinen am Montag gar nicht zu fahren, daher meine Annahme; denn generell hat es in Norwegen kaum Feiertage) &#8211; da frag ich mich doch, ob dann morgen am Pfingstsonntag die Superm\u00e4rkte, die sonst sonntags offen haben, offen sein werden? Jedenfall bekam ich auch heute keine Elchburger &#8211; wie auch schon die letzten Tage waren die Superm\u00e4rkte zu klein, so etwas scheint es wohl nur in den richtig gro\u00dfen Super\/Hyperm\u00e4rkten zu geben.. Schade. Wenigstens hab ich etwas Ren aus Finnland in der K\u00fchlbox..<\/p>\n<p>Danach ging es nun endg\u00fctlich mal weiter nach S\u00fcden, \u00fcber zwei F\u00e4hren und dann die Frage der letzten Etappe, wo es zwei generelle M\u00f6glichkeiten gab. Karten- und Wegm\u00e4\u00dfig schien mir nun doch die etwas k\u00fcrzere Variante interessanter und holla &#8211; diese Stra\u00dfe von Sauda nach R\u00f8ldal ist mal wieder genialst. Am Anfang enge Schluchten und dann eine weite Fjell-\u00dcberfahrt mit noch sehr viel Schnee.<\/p>\n<p><a href='http:\/\/extra.inmontanis.info\/d\/43172-2\/DSC09787.jpg'><img src=http:\/\/extra.inmontanis.info\/d\/43171-3\/DSC09787.jpg \/><\/a><br \/>\n^ 48 \/ n\u00e4he \u00c5dland<\/p>\n<p><a href='http:\/\/extra.inmontanis.info\/d\/43176-2\/DSC09804.jpg'><img src=http:\/\/extra.inmontanis.info\/d\/43175-3\/DSC09804.jpg \/><\/a><br \/>\n^ F\u00e4hre Gjermundshaven-\u00c5rsnes<\/p>\n<p><a href='http:\/\/extra.inmontanis.info\/d\/43180-2\/DSC09808.jpg'><img src=http:\/\/extra.inmontanis.info\/d\/43179-3\/DSC09808.jpg \/><\/a><br \/>\n^ F\u00e4hre Gjermundshaven-\u00c5rsnes<\/p>\n<p><a href='http:\/\/extra.inmontanis.info\/d\/43184-2\/DSC09834.jpg'><img src=http:\/\/extra.inmontanis.info\/d\/43183-3\/DSC09834.jpg \/><\/a><br \/>\n^ 48 \/ Valen<\/p>\n<p><a href='http:\/\/extra.inmontanis.info\/d\/43188-2\/DSC09838.jpg'><img src=http:\/\/extra.inmontanis.info\/d\/43187-3\/DSC09838.jpg \/><\/a><br \/>\n^ F\u00e4hre Ut\u00e5ker-Sk\u00e5nevik<\/p>\n<p><a href='http:\/\/extra.inmontanis.info\/d\/43192-2\/DSC09859.jpg'><img src=http:\/\/extra.inmontanis.info\/d\/43191-3\/DSC09859.jpg \/><\/a><br \/>\n^ E134 \/ Osv\u00e5g<\/p>\n<p><a href='http:\/\/extra.inmontanis.info\/d\/43196-2\/DSC09888.jpg'><img src=http:\/\/extra.inmontanis.info\/d\/43195-3\/DSC09888.jpg \/><\/a><br \/>\n^ 520 \/ Saudafjord \/ Wasserfall<\/p>\n<p><a href='http:\/\/extra.inmontanis.info\/d\/43200-2\/DSC09896.jpg'><img src=http:\/\/extra.inmontanis.info\/d\/43199-3\/DSC09896.jpg \/><\/a><br \/>\n^ 520 \/ Saudafjord \/ Wasserfall<\/p>\n<p><a href='http:\/\/extra.inmontanis.info\/d\/43204-2\/DSC09908.jpg'><img src=http:\/\/extra.inmontanis.info\/d\/43203-3\/DSC09908.jpg \/><\/a><br \/>\n^ 520 \/ Sauda-R\u00f8ldal. Den Tunnel, so es einer ist, fuhr ich auch nicht ;-)<\/p>\n<p><a href='http:\/\/extra.inmontanis.info\/d\/43208-2\/DSC09917.jpg'><img src=http:\/\/extra.inmontanis.info\/d\/43207-3\/DSC09917.jpg \/><\/a><br \/>\n^ 520 \/ Sauda-R\u00f8ldal. Das ist \u00fcbrigens ein WC (das untere)<\/p>\n<p><a href='http:\/\/extra.inmontanis.info\/d\/43212-2\/DSC09919.jpg'><img src=http:\/\/extra.inmontanis.info\/d\/43211-3\/DSC09919.jpg \/><\/a><br \/>\n^ 520 \/ Sauda-R\u00f8ldal<\/p>\n<p><a href='http:\/\/extra.inmontanis.info\/d\/43216-2\/DSC09926.jpg'><img src=http:\/\/extra.inmontanis.info\/d\/43215-3\/DSC09926.jpg \/><\/a><br \/>\n^ 520 \/ Sauda-R\u00f8ldal<\/p>\n<p><a href='http:\/\/extra.inmontanis.info\/d\/43220-2\/DSC09929.jpg'><img src=http:\/\/extra.inmontanis.info\/d\/43219-3\/DSC09929.jpg \/><\/a><br \/>\n^ 520 \/ Sauda-R\u00f8ldal. Hatte ja heute noch keinen Spiegelsee ;-) Mit den Felsen aber mal etwas anders.<\/p>\n<p><a href='http:\/\/extra.inmontanis.info\/d\/43224-2\/DSC09951.jpg'><img src=http:\/\/extra.inmontanis.info\/d\/43223-3\/DSC09951.jpg \/><\/a><br \/>\n^ 520 \/ Sauda-R\u00f8ldal<\/p>\n<p><a href='http:\/\/extra.inmontanis.info\/d\/43228-2\/DSC09960.jpg'><img src=http:\/\/extra.inmontanis.info\/d\/43227-3\/DSC09960.jpg \/><\/a><br \/>\n^ 520 \/ Sauda-R\u00f8ldal<\/p>\n<p><a href='http:\/\/extra.inmontanis.info\/d\/43232-2\/DSC09983.jpg'><img src=http:\/\/extra.inmontanis.info\/d\/43231-3\/DSC09983.jpg \/><\/a><br \/>\n^ 520 \/ Sauda-R\u00f8ldal<\/p>\n<p><a href='http:\/\/extra.inmontanis.info\/d\/43236-2\/DSC09995.jpg'><img src=http:\/\/extra.inmontanis.info\/d\/43235-3\/DSC09995.jpg \/><\/a><br \/>\n^ 520 \/ Sauda-R\u00f8ldal<\/p>\n<p>Die \u00dcberfahrt \u00fcber den Staudamm (Einspurig) ist nat\u00fcrlich auf dem Dashcamvideo drauf, wie die komplette Strecke dieser netten Stra\u00dfe.<\/p>\n<p><a href='http:\/\/extra.inmontanis.info\/d\/43240-2\/DSC09997.jpg'><img src=http:\/\/extra.inmontanis.info\/d\/43239-3\/DSC09997.jpg \/><\/a><br \/>\n^ 520 \/ Sauda-R\u00f8ldal \/ Svartavatnet<\/p>\n<p><a href='http:\/\/extra.inmontanis.info\/d\/41084-3\/DSC00007.jpg'><img src=http:\/\/extra.inmontanis.info\/d\/41083-4\/DSC00007.jpg \/><\/a><br \/>\n^ 520 \/ Sauda-R\u00f8ldal \/ Svartavatnet<\/p>\n<p><a href='http:\/\/extra.inmontanis.info\/d\/43244-2\/DSC00014.jpg'><img src=http:\/\/extra.inmontanis.info\/d\/43243-3\/DSC00014.jpg \/><\/a><br \/>\n^ 520 \/ Sauda-R\u00f8ldal \/ Svartavatnet<\/p>\n<p><a href='http:\/\/extra.inmontanis.info\/d\/43248-2\/DSC00027.jpg'><img src=http:\/\/extra.inmontanis.info\/d\/43247-3\/DSC00027.jpg \/><\/a><br \/>\n^ 520 \/ Sauda-R\u00f8ldal \/ Svartavatnet<\/p>\n<p><a href='http:\/\/extra.inmontanis.info\/d\/43252-2\/DSC00028.jpg'><img src=http:\/\/extra.inmontanis.info\/d\/43251-3\/DSC00028.jpg \/><\/a><br \/>\n^ 520 \/ Sauda-R\u00f8ldal<\/p>\n<p><a href='http:\/\/extra.inmontanis.info\/d\/43256-2\/DSC00038.jpg'><img src=http:\/\/extra.inmontanis.info\/d\/43255-3\/DSC00038.jpg \/><\/a><br \/>\n^ 520 \/ Sauda-R\u00f8ldal<\/p>\n<p><a href='http:\/\/extra.inmontanis.info\/d\/43260-2\/DSC00041.jpg'><img src=http:\/\/extra.inmontanis.info\/d\/43259-3\/DSC00041.jpg \/><\/a><br \/>\n^ 520 \/ Sauda-R\u00f8ldal<\/p>\n<p><a href='http:\/\/extra.inmontanis.info\/d\/43264-2\/DSC00046.jpg'><img src=http:\/\/extra.inmontanis.info\/d\/43263-3\/DSC00046.jpg \/><\/a><br \/>\n^ 520 \/ Sauda-R\u00f8ldal \/ R\u00f8ldalsvatnet<\/p>\n<p><a href='http:\/\/extra.inmontanis.info\/d\/43268-2\/DSC00049.jpg'><img src=http:\/\/extra.inmontanis.info\/d\/43267-3\/DSC00049.jpg \/><\/a><br \/>\n^ 520 \/ Sauda-R\u00f8ldal \/ R\u00f8ldalsvatnet<\/p>\n<p>Zum Gl\u00fcck hielt das Wetter noch, so bin ich die Stra\u00dfe noch bis R\u00f8ldal gefahren (bevor ich dort morgen bei Regen nichts mehr sehe, au\u00dferdem bleib ich auch h\u00f6chst ungern zwischen den Schranken stehen, k\u00f6nnt ja sein, dass die Stra\u00dfe \u00fcber Nacht gesperrt wird &#8211; oder einer der Schneew\u00e4lle am Stra\u00dfenrand zusammenbricht und auf die Stra\u00dfe abrutscht und mir dann den Weg versperrt. Dann lieber am Skigebietsparkplatz \u00fcbernachten..<\/p>\n<p><a href='http:\/\/ski.inmontanis.info\/d\/235375-3\/DSC00061.jpg'><img src=http:\/\/ski.inmontanis.info\/d\/235374-3\/DSC00061.jpg \/><\/a><br \/>\n^ Skigebiet R\u00f8ldal<\/p>\n<p>Kaum stand ich am Parkplatz, fing es auch schon zu Regnen an. Na immerhin war der Tag heute den ganzen Tag trocken und teils recht sonnig, entgegen der gestrigen und vorgestrigen Vorhersage. Auch wenn die Stra\u00dfen heute sehr nett waren, k\u00f6nnte das auch bedeuten, dass es auch am Folgefonna wetterm\u00e4\u00dfig halbwegs gut gewesen sein k\u00f6nnte. Das wurmt mich ja schon, dass ich es da heuer nicht hingeschafft hab &#8211; w\u00e4r ich doch gleich am 2. Tag in NO vorbeigefahren. \u00dcberhaupt hat von dem, was ich mir vorgenommen hab, vieles nicht geklappt (oder nicht so wie gew\u00fcnscht), weshalb ich die Reise im gro\u00dfen und ganzen mal wieder eher als entt\u00e4uschend ansehen muss; klar sind etliche tolle Bilder rausgekommen, aber f\u00fcr 17 Tage und weit \u00fcber 10.000km doch ein etwas mageres Ergebnis..<\/p>\n<p>Wobei der heutige Tag der fotoreichste Tag der Tour war mit 485 Fotos. Etwas abgehen tun mir allerdings die K\u00fcstenstra\u00dfen, da hatte ich heuer ja fast gar nix. Glaub ich werd mal wieder nach Irland m\u00fcssen und den &#8220;WAW&#8221; nochmal fahren bzw. die Abschnitte, die ich auslie\u00df, nachholen. So was extremes (langes) gibt&#8217;s in NO egtl. gar nicht &#8211; weil die Westk\u00fcste Norwegens ziemlich zerkl\u00fcftet ist und etliche Inseln hat und man dann \u00f6fters mal F\u00e4hren fahren muss, anstatt die K\u00fcste en detail entlang zu fahren (gut, das ist hier und da auch sinnvoll und nat\u00fcrlich gehen mir umgekehrt in IRL auch die F\u00e4hren etwas ab).<\/p>\n<p>Heutiges Dashcam-Video, u.a. mit:<br \/>\n&#8211; der anfangs genannten Tunnelalternative ab 1.03 bzw. 1:34<br \/>\n&#8211; ab 5:00 die letzte Passstra\u00dfe Sauda-R\u00f8ldal<br \/>\n<object style=\"height: 500px; width: 900px\"><param name=\"movie\" value=\"http:\/\/www.youtube.com\/v\/6SlU5LeIcV0\"><\/param><param name=\"wmode\" value=\"transparent\"><\/param><embed src=\"http:\/\/www.youtube.com\/v\/6SlU5LeIcV0\" type=\"application\/x-shockwave-flash\" wmode=\"transparent\"  width=\"900\" height=\"480\"><\/embed><\/object><\/p>\n<p>(Fortsetzung folgt)<\/p>\n","protected":false},"excerpt":{"rendered":"<p>Sa, 3.6.2017 &#8211; Arctic Spring Tag 15 &#8211; Voss-R\u00f8ldal<\/p>\n<p>Am Morgen ging ich nat\u00fcrlich nochmal die Wettervorhersagen durch. Kurioserwerise hat Folgefonna gestern fr\u00fch auf Facebook ein wolkenloses Foto mit &#8220;guten Morgen&#8221; gepostet, wobei doch die Wettervorhersagen f\u00fcr gestern stets ganztags schlecht gemeldet hatten?! F\u00fcr heute meldeten die Wettervorhersagen jedenfalls wieder anders als gestern &#8211; statt <a href=\"http:\/\/blog.inmontanis.info\/?p=4479\">[&#8230;]<\/a><\/p>\n","protected":false},"author":1,"featured_media":0,"comment_status":"closed","ping_status":"closed","sticky":false,"template":"","format":"standard","meta":{"footnotes":""},"categories":[162,18,592],"tags":[45,86],"class_list":["post-4479","post","type-post","status-publish","format-standard","hentry","category-2017-05-arctic-spring","category-norwegennorway","category-roldal","tag-see","tag-wasserfall","odd"],"_links":{"self":[{"href":"http:\/\/blog.inmontanis.info\/index.php?rest_route=\/wp\/v2\/posts\/4479","targetHints":{"allow":["GET"]}}],"collection":[{"href":"http:\/\/blog.inmontanis.info\/index.php?rest_route=\/wp\/v2\/posts"}],"about":[{"href":"http:\/\/blog.inmontanis.info\/index.php?rest_route=\/wp\/v2\/types\/post"}],"author":[{"embeddable":true,"href":"http:\/\/blog.inmontanis.info\/index.php?rest_route=\/wp\/v2\/users\/1"}],"replies":[{"embeddable":true,"href":"http:\/\/blog.inmontanis.info\/index.php?rest_route=%2Fwp%2Fv2%2Fcomments&post=4479"}],"version-history":[{"count":3,"href":"http:\/\/blog.inmontanis.info\/index.php?rest_route=\/wp\/v2\/posts\/4479\/revisions"}],"predecessor-version":[{"id":4482,"href":"http:\/\/blog.inmontanis.info\/index.php?rest_route=\/wp\/v2\/posts\/4479\/revisions\/4482"}],"wp:attachment":[{"href":"http:\/\/blog.inmontanis.info\/index.php?rest_route=%2Fwp%2Fv2%2Fmedia&parent=4479"}],"wp:term":[{"taxonomy":"category","embeddable":true,"href":"http:\/\/blog.inmontanis.info\/index.php?rest_route=%2Fwp%2Fv2%2Fcategories&post=4479"},{"taxonomy":"post_tag","embeddable":true,"href":"http:\/\/blog.inmontanis.info\/index.php?rest_route=%2Fwp%2Fv2%2Ftags&post=4479"}],"curies":[{"name":"wp","href":"https:\/\/api.w.org\/{rel}","templated":true}]}}