{"id":4475,"date":"2017-08-20T21:03:24","date_gmt":"2017-08-20T19:03:24","guid":{"rendered":"http:\/\/blog.inmontanis.info\/?p=4475"},"modified":"2023-07-01T20:57:39","modified_gmt":"2023-07-01T18:57:39","slug":"hintertuxer-gletscher-20-8-2017","status":"publish","type":"post","link":"http:\/\/blog.inmontanis.info\/?p=4475","title":{"rendered":"Hintertuxer Gletscher, 20.8.2017"},"content":{"rendered":"<p><strong>20.8.2017<\/strong><\/p>\n<p>Nachdem das Skifahren am Dienstag in Cervinia ja leider nicht m\u00f6glich war, w\u00e4re ich gerne dieses WE nach Hintertux gefahren. Leider musste das Wetter mal wieder schlecht werden, Neuschnee am Samstag, evtl. bissl Sonne am Sonntag, was aber gestern nach und nach zur\u00fcckgestellt wurde.<\/p>\n<p>Um 7 Uhr gab es auf der Webcam, wie nicht anders zu erwarten, nur Nebel zu sehen. Nach 9 Uhr sah man dann doch ein paar Sonnenstrahlen und blauen Himmel. Da es mich vermutlich mehr genervt h\u00e4tte, daheim zu sein und auf der Webcam sp\u00e4ter noch sonnigeres Wetter zu sehen, als bei Schlechtwetter am Tuxer Ski zu fahren, hab ich halt doch meine Sachen gepackt und hab mir um 11 Uhr die Tageskarte gekauft. Am Tuxer kann man ja auch im Sommer bis 16 Uhr fahren, 5 Stunden &#8211; das ist gleich viel wie die meisten anderen Sommerskigebiete \u00fcberhaupt maximal im Sommer anbieten ;-)<\/p>\n<p>Wetter wurde dann aber doch nicht so sch\u00f6n, hin und wieder gab es mal ein paar Sonnenzeiten, zumeist war es aber wolkig, selten neblig, ab 13:30 hatte es mal f\u00fcr eine Stunde geschneit und geregnet. Das war so egtl. gar nicht gemeldet, hatte keine Skibrille dabei. Der Neuschnee war noch recht pulvrig, der Untergrund abschnittsweise nass-weich, gebremst hat es fast nirgends, die Flachst\u00fccke kam man ohne zu Schieben durch &#8211; au\u00dfer nach einigen tieferen Rinnen oder Wasserpf\u00fctzen, die einen abbremsten. Die Racecarver waren heute nat\u00fcrlich die falsche Wahl, hatte aber keine Lust auf Skiwechsel, die Racecarver lagen noch im Auto. Offpiste\/Tiefschnee w\u00e4re mit den Allmountains vermutlich ganz gut gegangen.  Kleine Spalten waren an einigen Abfahrten und am Olperer-SL zu sehen. <\/p>\n<p>Schlechteste Abfahrt war heute die TFH-Abfahrt (tief aufgeweicht durch den Regen gestern, tw. Crunch-Eis durch Depotschnee), beste Abfahrt die Au\u00dfenrumabfahrt am Olperer, wobei auch die anderen beiden am Olperer ganz gut gingen und die \u00e4u\u00dferen am GW-SL ebenfalls. DSB-Abfahrt war bis oberhalb der 10EUB auch in Ordnung.<\/p>\n<p>(Fotos anklicken zum Vergr\u00f6\u00dfern)<\/p>\n<p><a href='http:\/\/ski.inmontanis.info\/d\/235271-2\/DSC01282.jpg'><img src=http:\/\/ski.inmontanis.info\/d\/235270-3\/DSC01282.jpg \/><\/a><br \/>\n^ Standardsommerwetter in Tux &#8211; Sommerbergalm Sonne, Gipfel im Nebel.<\/p>\n<p><a href='http:\/\/ski.inmontanis.info\/d\/235275-2\/DSC01287_001.jpg'><img src=http:\/\/ski.inmontanis.info\/d\/235274-3\/DSC01287_001.jpg \/><\/a><br \/>\n^ TFH-Abfahrt, hier wurde konservierter Matten-Eis-Crunch-Schnee verschoben, war unsch\u00f6n zu fahren.(Es lag auch daneben schon etwas von der Sorte rum)<\/p>\n<p><a href='http:\/\/ski.inmontanis.info\/d\/235279-2\/DSC01294_001.jpg'><img src=http:\/\/ski.inmontanis.info\/d\/235278-3\/DSC01294_001.jpg \/><\/a><br \/>\n^ Viel los war heute nicht. Naja, bissl mehr waren sp\u00e4ter schon noch am Lift.<\/p>\n<p><a href='http:\/\/ski.inmontanis.info\/d\/235283-2\/DSC01295.jpg'><img src=http:\/\/ski.inmontanis.info\/d\/235282-3\/DSC01295.jpg \/><\/a><br \/>\n^ Etwas Sonne zu Mittag, die \u00e4u\u00dfere Olpererabfahrt samt Trainingsgel\u00e4nde gingen heute gut. Im Flachen unten musste man auch nicht schieben.<\/p>\n<p><a href='http:\/\/ski.inmontanis.info\/d\/235287-2\/DSC01296.jpg'><img src=http:\/\/ski.inmontanis.info\/d\/235286-3\/DSC01296.jpg \/><\/a><br \/>\n^ Spalten unterhalb des Olperergipfels<\/p>\n<p><a href='http:\/\/ski.inmontanis.info\/d\/235291-2\/DSC01300_001.jpg'><img src=http:\/\/ski.inmontanis.info\/d\/235290-3\/DSC01300_001.jpg \/><\/a><br \/>\n^ GW von Olperer<\/p>\n<p><a href='http:\/\/ski.inmontanis.info\/d\/235295-2\/DSC01303_001.jpg'><img src=http:\/\/ski.inmontanis.info\/d\/235294-3\/DSC01303_001.jpg \/><\/a><br \/>\n^ Viele Spalten<\/p>\n<p><a href='http:\/\/ski.inmontanis.info\/d\/235299-2\/DSC01304_001.jpg'><img src=http:\/\/ski.inmontanis.info\/d\/235298-3\/DSC01304_001.jpg \/><\/a><br \/>\n^ GW-SL<\/p>\n<p><a href='http:\/\/ski.inmontanis.info\/d\/235303-2\/DSC01305.jpg'><img src=http:\/\/ski.inmontanis.info\/d\/235302-3\/DSC01305.jpg \/><\/a><br \/>\n^ Olperer von GW<\/p>\n<p><a href='http:\/\/ski.inmontanis.info\/d\/235307-2\/DSC01309_001.jpg'><img src=http:\/\/ski.inmontanis.info\/d\/235306-3\/DSC01309_001.jpg \/><\/a><br \/>\n^ Hm, zuviel Neuschnee, der einem hier den Unterschied zwischen Felsinseln und abgebrochenen Felsen auf Gletscher erschwert..<\/p>\n<p><a href='http:\/\/ski.inmontanis.info\/d\/235311-2\/DSC01313.jpg'><img src=http:\/\/ski.inmontanis.info\/d\/235310-3\/DSC01313.jpg \/><\/a><br \/>\n^ Ausgeaperte alte Gletscherliftst\u00fctze<\/p>\n<p><a href='http:\/\/ski.inmontanis.info\/d\/235315-2\/DSC01314_001.jpg'><img src=http:\/\/ski.inmontanis.info\/d\/235314-3\/DSC01314_001.jpg \/><\/a><br \/>\n^ Es gibt im Winter gesperrte Abfahrten, die unproblematischer zu fahren sind, als die offene TFH-Abfahrt heute.<\/p>\n<p><a href='http:\/\/ski.inmontanis.info\/d\/235319-2\/DSC01318.jpg'><img src=http:\/\/ski.inmontanis.info\/d\/235318-3\/DSC01318.jpg \/><\/a><br \/>\n^ Der traurige Gletscherrest zwischen den Gondeln<\/p>\n<p><a href='http:\/\/ski.inmontanis.info\/d\/235323-2\/DSC01320.jpg'><img src=http:\/\/ski.inmontanis.info\/d\/235322-3\/DSC01320.jpg \/><\/a><br \/>\n^ Vor wenigen Jahren war hier noch Gletscher<\/p>\n<p><a href='http:\/\/ski.inmontanis.info\/d\/235327-2\/DSC01327_001.jpg'><img src=http:\/\/ski.inmontanis.info\/d\/235326-3\/DSC01327_001.jpg \/><\/a><br \/>\n^ Im Herbst bitte auf die Spalten aufpassen.<\/p>\n<p><a href='http:\/\/ski.inmontanis.info\/d\/235331-2\/DSC01333.jpg'><img src=http:\/\/ski.inmontanis.info\/d\/235330-3\/DSC01333.jpg \/><\/a><br \/>\n^ DSB-Zufahrt noch ohne Abschnallen m\u00f6glich. Auch oben konnte man noch problemlos auf Schnee weg.<\/p>\n<p><a href='http:\/\/ski.inmontanis.info\/d\/235335-2\/DSC01335.jpg'><img src=http:\/\/ski.inmontanis.info\/d\/235334-3\/DSC01335.jpg \/><\/a><br \/>\n^ Blick richtung Kaserer<\/p>\n<p><a href='http:\/\/ski.inmontanis.info\/d\/235339-2\/DSC01347.jpg'><img src=http:\/\/ski.inmontanis.info\/d\/235338-3\/DSC01347.jpg \/><\/a><br \/>\n^ TFH-Hang Standardfoto<\/p>\n<p>Gegen 15:45, also 15min vor Betriebsschluss, machte ich die letzte Bergfahrt ..<\/p>\n<p><a href='http:\/\/ski.inmontanis.info\/d\/235343-2\/DSC01348.jpg'><img src=http:\/\/ski.inmontanis.info\/d\/235342-3\/DSC01348.jpg \/><\/a><br \/>\n^ GB3 Bergstation, man musste hier schon vor Betriebseinstellung rumfuhrwerken ..<\/p>\n<p><a href='http:\/\/ski.inmontanis.info\/d\/235347-2\/DSC01349.jpg'><img src=http:\/\/ski.inmontanis.info\/d\/235346-3\/DSC01349.jpg \/><\/a><br \/>\n^ .. und auch den Hang unterhalb des Einstiegs komplett auffahren. H\u00e4tte man da nicht bis Betriebsschluss warten k\u00f6nnen?!<\/p>\n<p><a href='http:\/\/ski.inmontanis.info\/d\/235351-2\/DSC01350.jpg'><img src=http:\/\/ski.inmontanis.info\/d\/235350-3\/DSC01350.jpg \/><\/a><br \/>\n^ Spalten neben der TFH-Abfahrt<\/p>\n<p><a href='http:\/\/ski.inmontanis.info\/d\/235355-2\/DSC01352.jpg'><img src=http:\/\/ski.inmontanis.info\/d\/235354-3\/DSC01352.jpg \/><\/a><br \/>\n^ Spalten neben der TFH-Abfahrt<\/p>\n<p><a href='http:\/\/ski.inmontanis.info\/d\/235359-2\/DSC01353.jpg'><img src=http:\/\/ski.inmontanis.info\/d\/235358-3\/DSC01353.jpg \/><\/a><br \/>\n^ Die Abfahrt war bereits pr\u00e4pariert (au\u00dfer die unteren H\u00e4nge) &#8211; das war dann die Genugtuung f\u00fcr das Theater oben ;-)<\/p>\n<p><a href='http:\/\/ski.inmontanis.info\/d\/235363-2\/DSC01354.jpg'><img src=http:\/\/ski.inmontanis.info\/d\/235362-3\/DSC01354.jpg \/><\/a><br \/>\n^ TFH-Abfahrt<\/p>\n<p><a href='http:\/\/ski.inmontanis.info\/d\/235367-2\/DSC01355.jpg'><img src=http:\/\/ski.inmontanis.info\/d\/235366-3\/DSC01355.jpg \/><\/a><br \/>\n^ TFH-Abfahrt<\/p>\n<p><a href='http:\/\/ski.inmontanis.info\/d\/235371-2\/DSC01358.jpg'><img src=http:\/\/ski.inmontanis.info\/d\/235370-3\/DSC01358.jpg \/><\/a><br \/>\n^ Die Gletscherzunge auf dem unteren Kasererweg hat&#8217;s zerbr\u00f6selt. Wenn der Rest h\u00e4lt, sollte die Abfahrt aber noch gehen heuer. N\u00e4chstes Jahr k\u00f6nnten Bauarbeiten n\u00f6tig sein.<\/p>\n<p>(N\u00e4chster Besuch fr\u00fchestens in 2 Wochen, sp\u00e4testens in 3 Wochen (oder gar nicht); Ende September hoffe ich ja noch auf 2-3 Wochenenden am Stubaier bis zum Ende der Saisonkarte.)<\/p>\n","protected":false},"excerpt":{"rendered":"<p>20.8.2017<\/p>\n<p>Nachdem das Skifahren am Dienstag in Cervinia ja leider nicht m\u00f6glich war, w\u00e4re ich gerne dieses WE nach Hintertux gefahren. Leider musste das Wetter mal wieder schlecht werden, Neuschnee am Samstag, evtl. bissl Sonne am Sonntag, was aber gestern nach und nach zur\u00fcckgestellt wurde.<\/p>\n<p>Um 7 Uhr gab es auf der Webcam, wie nicht <a href=\"http:\/\/blog.inmontanis.info\/?p=4475\">[&#8230;]<\/a><\/p>\n","protected":false},"author":1,"featured_media":0,"comment_status":"closed","ping_status":"closed","sticky":false,"template":"","format":"standard","meta":{"footnotes":""},"categories":[246,25,13,28],"tags":[47],"class_list":["post-4475","post","type-post","status-publish","format-standard","hentry","category-hintertux","category-noreport","category-austria","category-skifahren-sommer","tag-sl","odd"],"_links":{"self":[{"href":"http:\/\/blog.inmontanis.info\/index.php?rest_route=\/wp\/v2\/posts\/4475","targetHints":{"allow":["GET"]}}],"collection":[{"href":"http:\/\/blog.inmontanis.info\/index.php?rest_route=\/wp\/v2\/posts"}],"about":[{"href":"http:\/\/blog.inmontanis.info\/index.php?rest_route=\/wp\/v2\/types\/post"}],"author":[{"embeddable":true,"href":"http:\/\/blog.inmontanis.info\/index.php?rest_route=\/wp\/v2\/users\/1"}],"replies":[{"embeddable":true,"href":"http:\/\/blog.inmontanis.info\/index.php?rest_route=%2Fwp%2Fv2%2Fcomments&post=4475"}],"version-history":[{"count":3,"href":"http:\/\/blog.inmontanis.info\/index.php?rest_route=\/wp\/v2\/posts\/4475\/revisions"}],"predecessor-version":[{"id":4478,"href":"http:\/\/blog.inmontanis.info\/index.php?rest_route=\/wp\/v2\/posts\/4475\/revisions\/4478"}],"wp:attachment":[{"href":"http:\/\/blog.inmontanis.info\/index.php?rest_route=%2Fwp%2Fv2%2Fmedia&parent=4475"}],"wp:term":[{"taxonomy":"category","embeddable":true,"href":"http:\/\/blog.inmontanis.info\/index.php?rest_route=%2Fwp%2Fv2%2Fcategories&post=4475"},{"taxonomy":"post_tag","embeddable":true,"href":"http:\/\/blog.inmontanis.info\/index.php?rest_route=%2Fwp%2Fv2%2Ftags&post=4475"}],"curies":[{"name":"wp","href":"https:\/\/api.w.org\/{rel}","templated":true}]}}