{"id":4472,"date":"2017-06-02T17:57:01","date_gmt":"2017-06-02T15:57:01","guid":{"rendered":"http:\/\/blog.inmontanis.info\/?p=4472"},"modified":"2023-08-04T19:46:20","modified_gmt":"2023-08-04T17:46:20","slug":"hoyanger-2-6-2017","status":"publish","type":"post","link":"http:\/\/blog.inmontanis.info\/?p=4472","title":{"rendered":"H\u00f8yanger, 2.6.2017"},"content":{"rendered":"<p><strong>Fr, 2.6.2017 &#8211; Arctic Spring Tag 14 &#8211; H\u00f8yanger<\/strong><\/p>\n<p>Da am Morgen das Internet immer noch nicht ging, rief ich also nochmals die Hotline an, die mussten irgendwas resetten und ich dann nochmal mein Handy aus- und einschalten. Danach funktionierte es wieder. Ich lie\u00df mir Zeit und ging um 8:45 zur neuen PB in Loen hinauf, da ich mit der ja fahren wollte und deshalb die Zeit hier in der Gegend verbrachte. Nun, als ich in der Halle war, traf mich der Schlag ob der auch f\u00fcr Norwegen unversch\u00e4mt hohen Preise: eine Hin- und Retourfahrt sollte 485,- NOK kosten, umgerechnet zum ca. aktuellen Euro-Kurs sind das:<br \/>\n51,- \u20ac f\u00fcr eine Berg&#038;Talfahrt<br \/>\n70,- \u20ac f\u00fcr eine Tageskarte, es gibt auch 2- und 3-Tageskarten, sowie Saison- und Jahreskarten, jeweils nicht \u00fcbertragbar<br \/>\nzzgl. ggf. Hund (8,- \u20ac) oder Fahrrad (16,- \u20ac)<\/p>\n<p>Das ist selbst f\u00fcr norwegische Verh\u00e4ltnisse unverh\u00e4ltnism\u00e4\u00dfig teuer, ein Vergleich mit einigen anderen Seilbahnen in NO, die m.E. eine bessere Aussicht bieten, Preise f\u00fcr jeweils eine Berg- und Talfahrt, tw. zzgl. Parkkosten:<br \/>\nTroms\u00f8 (PB Fjellheisen) 18,20 \u20ac<br \/>\nNarvik (GUB) 21,40 \u20ac<br \/>\nBergen (PB Ulriken) 18,20 \u20ac<br \/>\nGausta (Grubenbahn+USSB), 37,50 \u20ac<\/p>\n<p>Und genau deshalb war ich nicht bereit, f\u00fcr diese PB hier mehr als das doppelte als f\u00fcr vergleichbare Aussichts-Seilbahnen in NO zu zahlen. (Was die Steilheit und diese Exponiertheit der letzten St\u00fctze angeht, w\u00e4re diese hier nat\u00fcrlich schon etwas besonderes.) Jedenfalls hab ich mich schon ge\u00e4rgert, die Zeit hier bis 9 Uhr totgeschlagen zu haben &#8211; immerhin ging ich davon aus, dass auch diese Bahn \u00e4hnliche Preise wie andere PB in Norwegen haben wird.<\/p>\n<p>(Fotos anklicken zum Vergr\u00f6\u00dfern)<\/p>\n<p><a href='http:\/\/extra.inmontanis.info\/d\/42868-3\/ge20170602.jpg'><img src=http:\/\/extra.inmontanis.info\/d\/42867-3\/ge20170602.jpg \/><\/a><br \/>\n^ Fahrstrecke 2.6.2017 (Magenta oben, ca. 370 km)<br \/>\nO) H\u00f8yanger<br \/>\nF\u00e4hre \u00fcber den Sognefjord<\/p>\n<p><a href='http:\/\/extra.inmontanis.info\/d\/42872-2\/DSC09227.jpg'><img src=http:\/\/extra.inmontanis.info\/d\/42871-3\/DSC09227.jpg \/><\/a><br \/>\n^ PB Loen<\/p>\n<p><a href='http:\/\/extra.inmontanis.info\/d\/42876-2\/DSC09230.jpg'><img src=http:\/\/extra.inmontanis.info\/d\/42875-3\/DSC09230.jpg \/><\/a><br \/>\n^ PB Loen, auch f\u00fcr Norwegen viel zu teuer, ich verzichte.<\/p>\n<p>Leicht genervt ging es mit der geplanten Route weiter, wobei ich aufgrund des Wegfalls der PB nochmal einen extra Umweg einlegte, was durchaus nett und auch notwendig war, um die Schneevorr\u00e4te in meiner K\u00fchltasche aufzuf\u00fcllen. Es h\u00e4tte hier durchaus einige skibare Schneereste gegeben, aber ich sah keinen Sinn darin, hier eine kleine Skitour nur um des Abfahrens zu machen. Panoramam\u00e4\u00dfig h\u00e4tte ich da wohl auch nicht mehr gesehen als von der Stra\u00dfe und nur die Abfahrt ist mir der anstrengende Aufstieg nicht wert, da muss ich schon was sehen k\u00f6nnen. Zugegeben, ich h\u00e4tte im Vorfeld mit mehr Touren gerechnet, insb. auch in dem &#8220;Bauch-Bereich&#8221; von Norwegen. Aber entweder das Wetter oder die vorhandenen Schneefelder und das damit zu erwartende Panorama waren mir nicht gut genug. Und mit dem gemeldeten Regen die n\u00e4chsten Tage wird da wohl auch nix mehr hinzukommen.<\/p>\n<p><a href='http:\/\/extra.inmontanis.info\/d\/42880-2\/DSC09237.jpg'><img src=http:\/\/extra.inmontanis.info\/d\/42879-3\/DSC09237.jpg \/><\/a><br \/>\n^ 60 \/ Innvik \/ Neubau der Stra\u00dfe<\/p>\n<p><a href='http:\/\/extra.inmontanis.info\/d\/42884-2\/DSC09239.jpg'><img src=http:\/\/extra.inmontanis.info\/d\/42883-3\/DSC09239.jpg \/><\/a><br \/>\n^ .. ok, bei dem kleinen Tunnel ist der Neubau ja verst\u00e4ndlich..<\/p>\n<p><a href='http:\/\/extra.inmontanis.info\/d\/42888-2\/DSC09248.jpg'><img src=http:\/\/extra.inmontanis.info\/d\/42887-3\/DSC09248.jpg \/><\/a><br \/>\n^ Skigebiet Breimsbygda<\/p>\n<p><a href='http:\/\/extra.inmontanis.info\/d\/42892-2\/DSC09259.jpg'><img src=http:\/\/extra.inmontanis.info\/d\/42891-3\/DSC09259.jpg \/><\/a><br \/>\n^ E39 \/ V\u00e5tedalen<\/p>\n<p><a href='http:\/\/extra.inmontanis.info\/d\/42896-2\/DSC09260.jpg'><img src=http:\/\/extra.inmontanis.info\/d\/42895-3\/DSC09260.jpg \/><\/a><br \/>\n^ E39 \/ V\u00e5tedalen<\/p>\n<p><a href='http:\/\/extra.inmontanis.info\/d\/42900-2\/DSC09267.jpg'><img src=http:\/\/extra.inmontanis.info\/d\/42899-3\/DSC09267.jpg \/><\/a><br \/>\n^ E39 \/ J\u00f8lstravatnet \/ Spiegelsee<\/p>\n<p><a href='http:\/\/extra.inmontanis.info\/d\/42904-2\/DSC09268_001.jpg'><img src=http:\/\/extra.inmontanis.info\/d\/42903-3\/DSC09268_001.jpg \/><\/a><br \/>\n^ E39 \/ J\u00f8lstravatnet \/ Spiegelsee<\/p>\n<p><a href='http:\/\/extra.inmontanis.info\/d\/42908-2\/DSC09269.jpg'><img src=http:\/\/extra.inmontanis.info\/d\/42907-3\/DSC09269.jpg \/><\/a><br \/>\n^ E39 \/ J\u00f8lstravatnet \/ Spiegelsee<\/p>\n<p><a href='http:\/\/extra.inmontanis.info\/d\/42912-2\/DSC09274.jpg'><img src=http:\/\/extra.inmontanis.info\/d\/42911-3\/DSC09274.jpg \/><\/a><br \/>\n^ E39 \/ Vassenden \/ Skigebiet J\u00f8lster<\/p>\n<p><a href='http:\/\/extra.inmontanis.info\/d\/42916-2\/DSC09285.jpg'><img src=http:\/\/extra.inmontanis.info\/d\/42915-3\/DSC09285.jpg \/><\/a><br \/>\n^ 13 \/ Holsavatnet<\/p>\n<p><a href='http:\/\/extra.inmontanis.info\/d\/42920-2\/DSC09291.jpg'><img src=http:\/\/extra.inmontanis.info\/d\/42919-3\/DSC09291.jpg \/><\/a><br \/>\n^ 13 \/ Haukedalsvatnet<\/p>\n<p><a href='http:\/\/extra.inmontanis.info\/d\/42924-2\/DSC09301.jpg'><img src=http:\/\/extra.inmontanis.info\/d\/42923-3\/DSC09301.jpg \/><\/a><br \/>\n^ 13 \/ Gaularfjellet<\/p>\n<p><a href='http:\/\/extra.inmontanis.info\/d\/42928-2\/DSC09314.jpg'><img src=http:\/\/extra.inmontanis.info\/d\/42927-3\/DSC09314.jpg \/><\/a><br \/>\n^ 13 \/ Gaularfjellet<\/p>\n<p><a href='http:\/\/extra.inmontanis.info\/d\/42932-2\/DSC09323.jpg'><img src=http:\/\/extra.inmontanis.info\/d\/42931-3\/DSC09323.jpg \/><\/a><br \/>\n^ 13 \/ Gaularfjellet<\/p>\n<p><a href='http:\/\/extra.inmontanis.info\/d\/42936-2\/DSC09324.jpg'><img src=http:\/\/extra.inmontanis.info\/d\/42935-3\/DSC09324.jpg \/><\/a><br \/>\n^ 13 \/ Gaularfjellet<\/p>\n<p><a href='http:\/\/extra.inmontanis.info\/d\/42940-2\/DSC09330.jpg'><img src=http:\/\/extra.inmontanis.info\/d\/42939-3\/DSC09330.jpg \/><\/a><br \/>\n^ 13 \/ Gaularfjellet<\/p>\n<p><a href='http:\/\/extra.inmontanis.info\/d\/42944-2\/DSC09333.jpg'><img src=http:\/\/extra.inmontanis.info\/d\/42943-3\/DSC09333.jpg \/><\/a><br \/>\n^ 13 \/ Gaularfjellet<\/p>\n<p><a href='http:\/\/extra.inmontanis.info\/d\/42948-2\/DSC09338.jpg'><img src=http:\/\/extra.inmontanis.info\/d\/42947-3\/DSC09338.jpg \/><\/a><br \/>\n^ 13 \/ Gaularfjellet<\/p>\n<p><a href='http:\/\/extra.inmontanis.info\/d\/42952-2\/DSC09340.jpg'><img src=http:\/\/extra.inmontanis.info\/d\/42951-3\/DSC09340.jpg \/><\/a><br \/>\n^ 13 \/ Gaularfjellet<\/p>\n<p><a href='http:\/\/extra.inmontanis.info\/d\/42956-2\/DSC09342.jpg'><img src=http:\/\/extra.inmontanis.info\/d\/42955-3\/DSC09342.jpg \/><\/a><br \/>\n^ 13 \/ Gaularfjellet<\/p>\n<p><a href='http:\/\/extra.inmontanis.info\/d\/42960-2\/DSC09343.jpg'><img src=http:\/\/extra.inmontanis.info\/d\/42959-3\/DSC09343.jpg \/><\/a><br \/>\n^ 13 \/ Gaularfjellet<\/p>\n<p><a href='http:\/\/extra.inmontanis.info\/d\/42964-2\/DSC09356.jpg'><img src=http:\/\/extra.inmontanis.info\/d\/42963-3\/DSC09356.jpg \/><\/a><br \/>\n^ 13 \/ Sognefjord<\/p>\n<p><a href='http:\/\/extra.inmontanis.info\/d\/42968-2\/DSC09357.jpg'><img src=http:\/\/extra.inmontanis.info\/d\/42967-3\/DSC09357.jpg \/><\/a><br \/>\n^ Stylishes WC im Avantgarde-Look, zumindest was die Schrift angeht<\/p>\n<p><a href='http:\/\/extra.inmontanis.info\/d\/43044-2\/DSC09359.jpg'><img src=http:\/\/extra.inmontanis.info\/d\/43043-3\/DSC09359.jpg \/><\/a><br \/>\n^ Stylishes WC im Avantgarde-Look, zumindest was die Schrift angeht<\/p>\n<p>Bis zur anschlie\u00dfend angedachten F\u00e4hre (die nur recht selten f\u00e4hrt) war noch etwas Zeit, so besuchte ich das Skigebiet oberhalb von H\u00f8yanger, das ich mir mit einer 5 (komplett uninteressant) notiert hatte. Die Zufahrt ist mal wieder abenteuerlich, tw. einspurig, asphaltiert, schmal, sehr steil. Muss ich im Winter nicht fahren. Dann am Parkplatz angekommen, vom Lift noch keine Spur, irgendwo hinten am Horizont ein Berg mit lauter Masten, wird wohl Strom sein oder sonst wie zum Kraftwerk geh\u00f6ren. Paar hundert Meter weiter: Alter, ist das krass! DA geht der Skilift rauf? Ein steiler Kurven-KSSL mit krasser Abfahrt auf dieser Bergflanke? Wie um himmels Willen kommt man denn auf die Idee, hier einen Lift hinzustellen? Das teil w\u00e4r defintiv einen Besuch wert. Sp\u00e4ter sah ich dann das Schild am Parkplatz mit dem Logo vom Skigebiet: 37\u00b0 &#8211; eine rassig schwarze Abfahrt, das ist.<\/p>\n<p><a href='http:\/\/ski.inmontanis.info\/d\/235199-2\/DSC09374.jpg'><img src=http:\/\/ski.inmontanis.info\/d\/235197-3\/DSC09374.jpg \/><\/a><br \/>\n^ H\u00f8yanger + Auffahrt ins Skigebiet Siplo<\/p>\n<p><a href='http:\/\/ski.inmontanis.info\/d\/235203-2\/DSC09381.jpg'><img src=http:\/\/ski.inmontanis.info\/d\/235202-3\/DSC09381.jpg \/><\/a><br \/>\n^ Auf eben dieser Auffahrt und R\u00fcckblick zum Fjord<\/p>\n<p><a href='http:\/\/ski.inmontanis.info\/d\/235207-2\/DSC09386.jpg'><img src=http:\/\/ski.inmontanis.info\/d\/235206-3\/DSC09386.jpg \/><\/a><br \/>\n^ Krass!! Wie kommt man denn auf die Idee, dort einen KSSL samt extrem steiler Abfahrt hinzusetzen!<\/p>\n<p><a href='http:\/\/ski.inmontanis.info\/d\/235211-2\/DSC09389.jpg'><img src=http:\/\/ski.inmontanis.info\/d\/235210-3\/DSC09389.jpg \/><\/a><br \/>\n^ Trasse Kurven-KSSL und Abfahrt.<\/p>\n<p><a href='http:\/\/ski.inmontanis.info\/d\/235215-2\/DSC09391.jpg'><img src=http:\/\/ski.inmontanis.info\/d\/235214-3\/DSC09391.jpg \/><\/a><br \/>\n^ Weiter oben gibt&#8217;s noch einen Parkplatz an den Stauseen, ist aber nur im Sommer so. Im Winter ist das alles Langlauf<\/p>\n<p><a href='http:\/\/ski.inmontanis.info\/d\/235219-2\/DSC09393.jpg'><img src=http:\/\/ski.inmontanis.info\/d\/235218-3\/DSC09393.jpg \/><\/a><br \/>\n^ Stausee Bergsvatn<\/p>\n<p><a href='http:\/\/ski.inmontanis.info\/d\/235223-2\/DSC09394.jpg'><img src=http:\/\/ski.inmontanis.info\/d\/235222-3\/DSC09394.jpg \/><\/a><br \/>\n^ Stausee Bergsvatn<\/p>\n<p><a href='http:\/\/ski.inmontanis.info\/d\/235227-2\/DSC09403.jpg'><img src=http:\/\/ski.inmontanis.info\/d\/235226-3\/DSC09403.jpg \/><\/a><br \/>\n^ Blick zum krassen KSSL<\/p>\n<p><a href='http:\/\/ski.inmontanis.info\/d\/235231-2\/DSC09410.jpg'><img src=http:\/\/ski.inmontanis.info\/d\/235230-3\/DSC09410.jpg \/><\/a><br \/>\n^ Genial.<\/p>\n<p><a href='http:\/\/ski.inmontanis.info\/d\/235235-2\/DSC09415.jpg'><img src=http:\/\/ski.inmontanis.info\/d\/235234-3\/DSC09415.jpg \/><\/a><br \/>\n^ Allerdings ist der Parkplatz ein sch\u00f6nes St\u00fcck unterhalb des KSSL. Es gibt im Winter daher abschnittsweise einen lt. Website Scooter-Transport vom Parkplatz zum KSSL<\/p>\n<p><a href='http:\/\/ski.inmontanis.info\/d\/235239-2\/DSC09422.jpg'><img src=http:\/\/ski.inmontanis.info\/d\/235238-3\/DSC09422.jpg \/><\/a><br \/>\n^ Zoom von weiter unten zum KSSL<\/p>\n<p><a href='http:\/\/ski.inmontanis.info\/d\/235243-2\/DSC09427.jpg'><img src=http:\/\/ski.inmontanis.info\/d\/235242-3\/DSC09427.jpg \/><\/a><br \/>\n^ Einer der Parkplatzfl\u00e4chen. Sind etwas mehr als nur f\u00fcr den KSSL, da ja auch Langlauf betrieben wird.<\/p>\n<p><a href='http:\/\/ski.inmontanis.info\/d\/235247-2\/DSC09428.jpg'><img src=http:\/\/ski.inmontanis.info\/d\/235246-3\/DSC09428.jpg \/><\/a><br \/>\n^ Siplo Skisenter &#8211; wirbt mit seiner 37\u00b0 steilen Abfahrt<\/p>\n<p>Link zum Skigebiet:<br \/>\n<a href='http:\/\/siplo.no\/'>http:\/\/siplo.no\/<\/a><br \/>\nTageskarte bzw. Abendkarte kostet g\u00fcnstige ca. 15,- \u20ac.<\/p>\n<p><a href='http:\/\/ski.inmontanis.info\/d\/235251-2\/DSC09430.jpg'><img src=http:\/\/ski.inmontanis.info\/d\/235250-3\/DSC09430.jpg \/><\/a><br \/>\n^ Blick vom Parkplatz zum KSSL<\/p>\n<p><a href='http:\/\/ski.inmontanis.info\/d\/235255-2\/DSC09438.jpg'><img src=http:\/\/ski.inmontanis.info\/d\/235254-3\/DSC09438.jpg \/><\/a><br \/>\n^ Es gibt auch noch diese alte Standseilbahn oder Schr\u00e4gaufzug, die in die n\u00e4he des Parkplatzes oben geht &#8211; nat\u00fcrlich nicht \u00f6ffentlich, leider.<\/p>\n<p><a href='http:\/\/ski.inmontanis.info\/d\/235259-2\/DSC09440.jpg'><img src=http:\/\/ski.inmontanis.info\/d\/235258-3\/DSC09440.jpg \/><\/a><br \/>\n^ Parallel zur SSB geht eine Treppe mit 1268 Stufen hinauf, die wird hier beworben. Gibt sogar einen Tunnel!<\/p>\n<p><a href='http:\/\/ski.inmontanis.info\/d\/235263-2\/DSC09444.jpg'><img src=http:\/\/ski.inmontanis.info\/d\/235262-3\/DSC09444.jpg \/><\/a><\/p>\n<p><a href='http:\/\/ski.inmontanis.info\/d\/235267-2\/DSC09445.jpg'><img src=http:\/\/ski.inmontanis.info\/d\/235266-3\/DSC09445.jpg \/><\/a><br \/>\n^ Ist f\u00fcr den Personentransport zugelassen, aber vmtl. nicht \u00f6ffentlich.<\/p>\n<p>An der F\u00e4hre p\u00fcnktlich 15min vor Abfahrt angekommen die Ern\u00fcchterung: Eine Mini-F\u00e4hre, wo man r\u00fcckw\u00e4rts rauffahren muss und schon etliche Autos da &#8211; glaub kaum, dass ich da noch mit darauf passe. Und Caf\u00e9 gibts da sicher auch nix. Also zur n\u00e4chsten F\u00e4hre gefahren, die f\u00e4hrt alle 20min (102,- NOK) und vor Abfahrt noch ein Hot-Dog gegessen (Mit &#8220;Salsiccia&#8221; und als w\u00fcrzige italienische Wurst beworben, aber damit hatte es auch nix gemeinsam; da eher scharf und mit einem K\u00e4se gef\u00fcllt und leider sehr harter Haut; da hat eine deutsche Rostbratwurst noch mehr Gemeinsamkeiten mit einer Salsiccia, warum bennent man das so? Kapier ich nicht.) <\/p>\n<p><a href='http:\/\/extra.inmontanis.info\/d\/42972-2\/DSC09449.jpg'><img src=http:\/\/extra.inmontanis.info\/d\/42971-3\/DSC09449.jpg \/><\/a><br \/>\n^ Mini-F\u00e4hre, da h\u00e4tte man r\u00fcckw\u00e4rts drauf fahren m\u00fcssen und es schien mir eh voll zu sein, also bin ich lieber die normale weiter westlich gefahren.<\/p>\n<p><a href='http:\/\/extra.inmontanis.info\/d\/42976-2\/IMG_3423.jpg'><img src=http:\/\/extra.inmontanis.info\/d\/42975-3\/IMG_3423.jpg \/><\/a><br \/>\n^ Dass das Salsiccia-Hotdog keine echte italienische Salsiccia haben wird, war mir ja klar, aber da hat eine deutsche Bratwurst ja noch mehr \u00c4hnlichkeit mit einer Salsiccia als dieses scharfe K\u00e4sewurstding hier..<\/p>\n<p><a href='http:\/\/extra.inmontanis.info\/d\/42980-2\/DSC09459.jpg'><img src=http:\/\/extra.inmontanis.info\/d\/42979-3\/DSC09459.jpg \/><\/a><br \/>\n^ E39 \/ F\u00e4hre Lavik-Oppedal<\/p>\n<p><a href='http:\/\/extra.inmontanis.info\/d\/42984-2\/DSC09461.jpg'><img src=http:\/\/extra.inmontanis.info\/d\/42983-3\/DSC09461.jpg \/><\/a><br \/>\n^ E39 \/ F\u00e4hre Lavik-Oppedal \u00fcber den Sognefjord<\/p>\n<p>Danach den Sognefjord wieder etwas retour (nicht bis ganz zur anderen F\u00e4hre) und ins Seitental abgebogen. Eine etwas niederrangigere Stra\u00dfe mit Wintersperre verspricht doch interessant zu sein. Und wie! Eine sehr nette Passstra\u00dfe in Restschneeregionen mit einigen Stauseen und &#8230; was seh ich da vorne denn schon wieder? Ein SL!! Kurz, aber schon wieder so nett, dass ich ihn am liebsten besuchen w\u00fcrde. Meistens sind solche Lifte in Skandinavien im Winter halt nur am WE tags\u00fcber offen, unter der Woche oft nur abends, wenn \u00fcberhaupt, somit nur schwierig sinnvoll erreichbar. Aber ich glaub, ich fahr lieber diesen kurzen SL hier f\u00fcr 2h als eines der gro\u00dfen Skgebiete im Umland den ganzen Tag (wo ich dann genauso gelangweilt bin, aber mehr friere, weil l\u00e4nger unterwegs ;) ) ..<\/p>\n<p><a href='http:\/\/extra.inmontanis.info\/d\/42988-2\/DSC09469.jpg'><img src=http:\/\/extra.inmontanis.info\/d\/42987-3\/DSC09469.jpg \/><\/a><br \/>\n^ 8 \/ Stra\u00dfe \u00fcber den Ikjeford (rechts; links ist der Sognefjord)<\/p>\n<p><a href='http:\/\/extra.inmontanis.info\/d\/42992-2\/DSC09479.jpg'><img src=http:\/\/extra.inmontanis.info\/d\/42991-3\/DSC09479.jpg \/><\/a><br \/>\n^ 8 \/ Fuglsetfjord<\/p>\n<p><a href='http:\/\/extra.inmontanis.info\/d\/42996-2\/DSC09488.jpg'><img src=http:\/\/extra.inmontanis.info\/d\/42995-3\/DSC09488.jpg \/><\/a><br \/>\n^ 92 \/ Bjordal-Stordal, landschaftlich sehr nette Passstra\u00dfe.<\/p>\n<p><a href='http:\/\/extra.inmontanis.info\/d\/43000-2\/DSC09495.jpg'><img src=http:\/\/extra.inmontanis.info\/d\/42999-3\/DSC09495.jpg \/><\/a><br \/>\n^ 92 \/ Bjordal-Stordal \/ .. mit einspurigen und unbeleuchteten Tunneln<\/p>\n<p><a href='http:\/\/extra.inmontanis.info\/d\/43004-2\/DSC09499.jpg'><img src=http:\/\/extra.inmontanis.info\/d\/43003-3\/DSC09499.jpg \/><\/a><br \/>\n^ 92 \/ Bjordal-Stordal \/ .. mit einspurigen und unbeleuchteten Tunneln<\/p>\n<p><a href='http:\/\/extra.inmontanis.info\/d\/43008-2\/DSC09501.jpg'><img src=http:\/\/extra.inmontanis.info\/d\/43007-3\/DSC09501.jpg \/><\/a><br \/>\n^ 92 \/ Bjordal-Stordal \/ allerdings gab&#8217;s fr\u00fcher noch eine krassere Stra\u00dfe ohne Tunnels!<\/p>\n<p><a href='http:\/\/extra.inmontanis.info\/d\/43012-2\/DSC09515.jpg'><img src=http:\/\/extra.inmontanis.info\/d\/43011-3\/DSC09515.jpg \/><\/a><br \/>\n^ 92 \/ Bjordal-Stordal<\/p>\n<p><a href='http:\/\/extra.inmontanis.info\/d\/43016-2\/DSC09522.jpg'><img src=http:\/\/extra.inmontanis.info\/d\/43015-3\/DSC09522.jpg \/><\/a><br \/>\n^ 92 \/ Bjordal-Stordal<\/p>\n<p><a href='http:\/\/ski.inmontanis.info\/d\/235181-2\/DSC09566.jpg'><img src=http:\/\/ski.inmontanis.info\/d\/235179-3\/DSC09566.jpg \/><\/a><br \/>\n^ Bei den vielen Ferienh\u00e4user hatte ich mir so gedacht, dass man da doch egtl. auch einen Skilift bauen k\u00f6nnte &#8211; und tats\u00e4chlich, da ist einer, noch so nett dazu. Stordalen hei\u00dft das Skigebiet und fehlte bisher in meiner \u00dcbersicht. Abfahrten schauen nett aus und k\u00f6nnten mit dem bisschen Gel\u00e4nde daneben f\u00fcr ein paar Stunden Spa\u00df sorgen.<\/p>\n<p><a href='http:\/\/ski.inmontanis.info\/d\/235185-2\/DSC09571.jpg'><img src=http:\/\/ski.inmontanis.info\/d\/235184-3\/DSC09571.jpg \/><\/a><br \/>\n^ Stordalsvatnet vom SL-Parkplatz aus<\/p>\n<p><a href='http:\/\/ski.inmontanis.info\/d\/235189-2\/DSC09572.jpg'><img src=http:\/\/ski.inmontanis.info\/d\/235188-3\/DSC09572.jpg \/><\/a><br \/>\n^ Ist ein Tellerlift<\/p>\n<p><a href='http:\/\/ski.inmontanis.info\/d\/235193-2\/DSC09574.jpg'><img src=http:\/\/ski.inmontanis.info\/d\/235192-3\/DSC09574.jpg \/><\/a><br \/>\n^ Stordalen<\/p>\n<p>Link zum Skigebiet:<br \/>\n<a href='http:\/\/www.stordalenskisenter.no\/'>http:\/\/www.stordalenskisenter.no\/<\/a><br \/>\nTageskarte bzw. Abendkarte kostet hier ca. 22,- \u20ac.<\/p>\n<p>Da es 19:45 Uhr war und ich nicht wieder bis zur Hauptstra\u00dfe runter wollte und hier am SL ja ein sch\u00f6ner Parkplatz mit Seeblick ist und &#8211; ganz wichtig &#8211; der Wetterbericht f\u00fcr morgen f\u00fcr die Ecke hier oben noch trockener \/ sonniger meldet als weiter im S\u00fcden, schlug ich bereits mein Nachtlager auf, auch wenn&#8217;s hier oben auf 493m villeicht etwas k\u00e4lter werden w\u00fcrde als unten. Aber Frost ist momentan nicht gemeldet, selbst am Folgefonna soll&#8217;s heute Regnen und \u00fcber Nacht nicht gefrieren.  Morgen Vormittag k\u00f6nnte es ja ein paar Stunden trocken bleiben und vielleicht ein paar Sonnenminuten geben &#8211; also so wie Stryn gestern &#8211; also k\u00f6nnte ich ja vormittags f\u00fcr 3h da hin, aber bei den beschr\u00e4nkten Wettervorhersagen hab ich da wenig Lust &#8211; selbst wenn es etwas besser als gestern in Stryn werden sollte, am Fonna will ich Sonne und Fjordblick haben.<\/p>\n<p>Heutiges Dashcam-Video, u.a. mit:<br \/>\n3:42 Auffahrt zum steilen KSSL<br \/>\n6:07 Schmale Stra\u00dfe, wo ein Wohnwagenfahrer die Kurve geschnitten hat und ich nur noch mit einer Vollbremsung einen Zusammensto\u00df verhindern konnte<br \/>\n7:25 die Passstra\u00dfe mit der Staumauer abends<\/p>\n<p><object style=\"height: 500px; width: 900px\"><param name=\"movie\" value=\"http:\/\/www.youtube.com\/v\/W85nIXbgtF0\"><\/param><param name=\"wmode\" value=\"transparent\"><\/param><embed src=\"http:\/\/www.youtube.com\/v\/W85nIXbgtF0\" type=\"application\/x-shockwave-flash\" wmode=\"transparent\"  width=\"900\" height=\"480\"><\/embed><\/object><\/p>\n<p>(Fortsetzung folgt)<\/p>\n","protected":false},"excerpt":{"rendered":"<p>Fr, 2.6.2017 &#8211; Arctic Spring Tag 14 &#8211; H\u00f8yanger<\/p>\n<p>Da am Morgen das Internet immer noch nicht ging, rief ich also nochmals die Hotline an, die mussten irgendwas resetten und ich dann nochmal mein Handy aus- und einschalten. Danach funktionierte es wieder. Ich lie\u00df mir Zeit und ging um 8:45 zur neuen PB in Loen <a href=\"http:\/\/blog.inmontanis.info\/?p=4472\">[&#8230;]<\/a><\/p>\n","protected":false},"author":1,"featured_media":0,"comment_status":"closed","ping_status":"closed","sticky":false,"template":"","format":"standard","meta":{"footnotes":""},"categories":[162,18,578],"tags":[51,48,45,47,46,86],"class_list":["post-4472","post","type-post","status-publish","format-standard","hentry","category-2017-05-arctic-spring","category-norwegennorway","category-siplo","tag-architektur","tag-kssl","tag-see","tag-sl","tag-ssb","tag-wasserfall","odd"],"_links":{"self":[{"href":"http:\/\/blog.inmontanis.info\/index.php?rest_route=\/wp\/v2\/posts\/4472","targetHints":{"allow":["GET"]}}],"collection":[{"href":"http:\/\/blog.inmontanis.info\/index.php?rest_route=\/wp\/v2\/posts"}],"about":[{"href":"http:\/\/blog.inmontanis.info\/index.php?rest_route=\/wp\/v2\/types\/post"}],"author":[{"embeddable":true,"href":"http:\/\/blog.inmontanis.info\/index.php?rest_route=\/wp\/v2\/users\/1"}],"replies":[{"embeddable":true,"href":"http:\/\/blog.inmontanis.info\/index.php?rest_route=%2Fwp%2Fv2%2Fcomments&post=4472"}],"version-history":[{"count":2,"href":"http:\/\/blog.inmontanis.info\/index.php?rest_route=\/wp\/v2\/posts\/4472\/revisions"}],"predecessor-version":[{"id":4474,"href":"http:\/\/blog.inmontanis.info\/index.php?rest_route=\/wp\/v2\/posts\/4472\/revisions\/4474"}],"wp:attachment":[{"href":"http:\/\/blog.inmontanis.info\/index.php?rest_route=%2Fwp%2Fv2%2Fmedia&parent=4472"}],"wp:term":[{"taxonomy":"category","embeddable":true,"href":"http:\/\/blog.inmontanis.info\/index.php?rest_route=%2Fwp%2Fv2%2Fcategories&post=4472"},{"taxonomy":"post_tag","embeddable":true,"href":"http:\/\/blog.inmontanis.info\/index.php?rest_route=%2Fwp%2Fv2%2Ftags&post=4472"}],"curies":[{"name":"wp","href":"https:\/\/api.w.org\/{rel}","templated":true}]}}