{"id":4468,"date":"2017-07-30T09:09:51","date_gmt":"2017-07-30T07:09:51","guid":{"rendered":"http:\/\/blog.inmontanis.info\/?p=4468"},"modified":"2023-07-01T20:57:41","modified_gmt":"2023-07-01T18:57:41","slug":"hintertuxer-gletscher-29-7-2017","status":"publish","type":"post","link":"http:\/\/blog.inmontanis.info\/?p=4468","title":{"rendered":"Hintertuxer Gletscher, 29.7.2017"},"content":{"rendered":"<p><strong>29.7.2017<\/strong><\/p>\n<p>Die Wettervorhersagen waren halbwegs brauchbar, die Nacht schien klar zu verlaufen, also ging&#8217;s heute mal wieder auf den Hintertuxer. Der Neuschnee von vor ein paar Tagen schien auf den Webcams auch so gut wie weg zu sein &#8211; aber das t\u00e4uschte, der war leider doch ein Problem und bremste insb. am Olperer und im Flachen, zudem sorgte er dort auch f\u00fcr gr\u00f6\u00dfere Pf\u00fctzen. Auch offpiste war er in Kombination mit meinen Racecarvern heute nicht zu gebrauchen.<\/p>\n<p>In Summe also leider eher ein unterdurchschnittlicher Tag, wobei die DSB-Abfahrt am sp\u00e4teren Vormittag sehr gut ging (bis H\u00f6he 10EUB) und es auch sonst ein paar gute Abschnitte gab. H\u00f6rte dann bereits vor 15 Uhr auf, weil es pappm\u00e4\u00dfig heute keinen gro\u00dfen Sinn mehr machte.<\/p>\n<p>Sollten die Wettervorhersagen f\u00fcr n\u00e4chstes WE noch besseres Wetter vorhersagen, werd ich vielleicht schon n\u00e4chstes WE nochmal vorbei schauen. <\/p>\n<p><a href='http:\/\/ski.inmontanis.info\/d\/235091-3\/DSC00732.jpg'><img src=http:\/\/ski.inmontanis.info\/d\/235090-3\/DSC00732.jpg \/><\/a><br \/>\n^ Gletscherblick von Sommerbergalm<\/p>\n<p><a href='http:\/\/ski.inmontanis.info\/d\/235095-3\/DSC00734.jpg'><img src=http:\/\/ski.inmontanis.info\/d\/235094-3\/DSC00734.jpg \/><\/a><br \/>\n^ Ende der TFH-Abfahrt<\/p>\n<p><a href='http:\/\/ski.inmontanis.info\/d\/235099-3\/DSC00736.jpg'><img src=http:\/\/ski.inmontanis.info\/d\/235098-3\/DSC00736.jpg \/><\/a><br \/>\n^ Am unteren Bereich des TFH-Hangs wurde nun auch noch etwas vermattet; aber zum Gl\u00fcck kann man noch etwas abseits fahren<\/p>\n<p><a href='http:\/\/ski.inmontanis.info\/d\/235103-2\/DSC00739.jpg'><img src=http:\/\/ski.inmontanis.info\/d\/235102-3\/DSC00739.jpg \/><\/a><br \/>\n^ Das Offpistegel\u00e4nde zwischen den Gondeln war wg. den Felsriegeln nat\u00fcrlich nicht mehr erreichbar.<\/p>\n<p><a href='http:\/\/ski.inmontanis.info\/d\/235107-2\/DSC00743.jpg'><img src=http:\/\/ski.inmontanis.info\/d\/235106-3\/DSC00743.jpg \/><\/a><br \/>\n^ Auch die Steilrinne war heute nicht mehr erreichbar<\/p>\n<p><a href='http:\/\/ski.inmontanis.info\/d\/235111-2\/DSC00745.jpg'><img src=http:\/\/ski.inmontanis.info\/d\/235110-3\/DSC00745.jpg \/><\/a><br \/>\n^ Blick r\u00fcber zum Kaserer<\/p>\n<p><a href='http:\/\/ski.inmontanis.info\/d\/235115-2\/DSC00747.jpg'><img src=http:\/\/ski.inmontanis.info\/d\/235114-3\/DSC00747.jpg \/><\/a><br \/>\n^ SL Gefrorene Wand. Es waren heute einige 0- und 1-Bein-Fahrer da, die ersten hatten sichtlich ein Problem auf der unruhigen und steilen SL-Trasse.<\/p>\n<p><a href='http:\/\/ski.inmontanis.info\/d\/235119-2\/DSC00750.jpg'><img src=http:\/\/ski.inmontanis.info\/d\/235118-3\/DSC00750.jpg \/><\/a><br \/>\n^ Rechte GW-Abfahrt<\/p>\n<p><a href='http:\/\/ski.inmontanis.info\/d\/235123-2\/DSC00754.jpg'><img src=http:\/\/ski.inmontanis.info\/d\/235122-3\/DSC00754.jpg \/><\/a><br \/>\n^ GW von Olperer<\/p>\n<p><a href='http:\/\/ski.inmontanis.info\/d\/235127-2\/DSC00755.jpg'><img src=http:\/\/ski.inmontanis.info\/d\/235126-3\/DSC00755.jpg \/><\/a><br \/>\n^ \u00dcbergang Kaserer-Olperer mit Vermattung<\/p>\n<p><a href='http:\/\/ski.inmontanis.info\/d\/235131-2\/DSC00757.jpg'><img src=http:\/\/ski.inmontanis.info\/d\/235130-3\/DSC00757.jpg \/><\/a><br \/>\n^ Der rechte Olperer-SL ist immer noch in Revision, da haben&#8217;s bei meinem letzten Besuch schon was gemacht..<\/p>\n<p><a href='http:\/\/ski.inmontanis.info\/d\/235135-2\/DSC00759.jpg'><img src=http:\/\/ski.inmontanis.info\/d\/235134-3\/DSC00759.jpg \/><\/a><br \/>\n^ Beste Abfahrt des Tages war heute an der DSB, zumindest so gegen 10\/11 Uhr.<\/p>\n<p><a href='http:\/\/ski.inmontanis.info\/d\/235139-2\/DSC00765.jpg'><img src=http:\/\/ski.inmontanis.info\/d\/235138-3\/DSC00765.jpg \/><\/a><br \/>\n^ Pano mit GB3<\/p>\n<p><a href='http:\/\/ski.inmontanis.info\/d\/235143-2\/DSC00766.jpg'><img src=http:\/\/ski.inmontanis.info\/d\/235142-3\/DSC00766.jpg \/><\/a><br \/>\n^ Auch am Hang zwischen DSB und SL wurden noch Matten ausgelegt<\/p>\n<p><a href='http:\/\/ski.inmontanis.info\/d\/235147-2\/DSC00771.jpg'><img src=http:\/\/ski.inmontanis.info\/d\/235146-3\/DSC00771.jpg \/><\/a><br \/>\n^ Kaserer\/TFH-Abfahrt. \u00dcberall liegt noch etwas Neuschnee von vor ein paar Tagen<\/p>\n<p><a href='http:\/\/ski.inmontanis.info\/d\/235151-2\/DSC00772.jpg'><img src=http:\/\/ski.inmontanis.info\/d\/235150-3\/DSC00772.jpg \/><\/a><br \/>\n^ Olperer von GW<\/p>\n<p><a href='http:\/\/ski.inmontanis.info\/d\/235155-2\/DSC00773.jpg'><img src=http:\/\/ski.inmontanis.info\/d\/235154-3\/DSC00773.jpg \/><\/a><br \/>\n^ TFH-Abfahrt, etwas matschiger als sonst, aber man konnte gro\u00dfteils noch abseits der Piste ausweichen, wo es besser ging.<\/p>\n<p><a href='http:\/\/ski.inmontanis.info\/d\/235175-2\/DSC00778.jpg'><img src=http:\/\/ski.inmontanis.info\/d\/235174-3\/DSC00778.jpg \/><\/a><br \/>\n^ DSB-Zufahrt<\/p>\n<p><a href='http:\/\/ski.inmontanis.info\/d\/235159-2\/DSC00779.jpg'><img src=http:\/\/ski.inmontanis.info\/d\/235158-3\/DSC00779.jpg \/><\/a><br \/>\n^ Im Flachen war&#8217;s durch den Neuschnee auch noch sehr matschig &#8211; und leider auch recht bremsig<\/p>\n<p><a href='http:\/\/ski.inmontanis.info\/d\/235163-2\/DSC00781.jpg'><img src=http:\/\/ski.inmontanis.info\/d\/235162-3\/DSC00781.jpg \/><\/a><br \/>\n^ Sichtbare Gletscherbewegung (oder doch nur getaut?)<br \/>\n.. hier das Vergleichsbild vom 8.7.:<br \/>\n<a href='http:\/\/ski.inmontanis.info\/d\/234465-3\/DSC00578.jpg'><img src=http:\/\/ski.inmontanis.info\/d\/234464-4\/DSC00578.jpg \/><\/a><\/p>\n<p><a href='http:\/\/ski.inmontanis.info\/d\/235167-2\/DSC00784.jpg'><img src=http:\/\/ski.inmontanis.info\/d\/235166-3\/DSC00784.jpg \/><\/a><br \/>\n^ Wasserabfluss<\/p>\n<p><a href='http:\/\/ski.inmontanis.info\/d\/235171-2\/DSC00785.jpg'><img src=http:\/\/ski.inmontanis.info\/d\/235170-3\/DSC00785.jpg \/><\/a><br \/>\n^ Gro\u00dfe Spalten zwischen den beiden \u00c4sten der TFH-Abfahrt<\/p>\n","protected":false},"excerpt":{"rendered":"<p>29.7.2017<\/p>\n<p>Die Wettervorhersagen waren halbwegs brauchbar, die Nacht schien klar zu verlaufen, also ging&#8217;s heute mal wieder auf den Hintertuxer. Der Neuschnee von vor ein paar Tagen schien auf den Webcams auch so gut wie weg zu sein &#8211; aber das t\u00e4uschte, der war leider doch ein Problem und bremste insb. am Olperer und im <a href=\"http:\/\/blog.inmontanis.info\/?p=4468\">[&#8230;]<\/a><\/p>\n","protected":false},"author":1,"featured_media":0,"comment_status":"closed","ping_status":"closed","sticky":false,"template":"","format":"standard","meta":{"footnotes":""},"categories":[246,25,13,28],"tags":[72,38,47],"class_list":["post-4468","post","type-post","status-publish","format-standard","hentry","category-hintertux","category-noreport","category-austria","category-skifahren-sommer","tag-10eub","tag-dsb","tag-sl","odd"],"_links":{"self":[{"href":"http:\/\/blog.inmontanis.info\/index.php?rest_route=\/wp\/v2\/posts\/4468","targetHints":{"allow":["GET"]}}],"collection":[{"href":"http:\/\/blog.inmontanis.info\/index.php?rest_route=\/wp\/v2\/posts"}],"about":[{"href":"http:\/\/blog.inmontanis.info\/index.php?rest_route=\/wp\/v2\/types\/post"}],"author":[{"embeddable":true,"href":"http:\/\/blog.inmontanis.info\/index.php?rest_route=\/wp\/v2\/users\/1"}],"replies":[{"embeddable":true,"href":"http:\/\/blog.inmontanis.info\/index.php?rest_route=%2Fwp%2Fv2%2Fcomments&post=4468"}],"version-history":[{"count":3,"href":"http:\/\/blog.inmontanis.info\/index.php?rest_route=\/wp\/v2\/posts\/4468\/revisions"}],"predecessor-version":[{"id":4470,"href":"http:\/\/blog.inmontanis.info\/index.php?rest_route=\/wp\/v2\/posts\/4468\/revisions\/4470"}],"wp:attachment":[{"href":"http:\/\/blog.inmontanis.info\/index.php?rest_route=%2Fwp%2Fv2%2Fmedia&parent=4468"}],"wp:term":[{"taxonomy":"category","embeddable":true,"href":"http:\/\/blog.inmontanis.info\/index.php?rest_route=%2Fwp%2Fv2%2Fcategories&post=4468"},{"taxonomy":"post_tag","embeddable":true,"href":"http:\/\/blog.inmontanis.info\/index.php?rest_route=%2Fwp%2Fv2%2Ftags&post=4468"}],"curies":[{"name":"wp","href":"https:\/\/api.w.org\/{rel}","templated":true}]}}