{"id":4463,"date":"2017-07-23T12:29:52","date_gmt":"2017-07-23T10:29:52","guid":{"rendered":"http:\/\/blog.inmontanis.info\/?p=4463"},"modified":"2023-08-06T10:54:55","modified_gmt":"2023-08-06T08:54:55","slug":"stubaier-gletscher-23-7-2017","status":"publish","type":"post","link":"http:\/\/blog.inmontanis.info\/?p=4463","title":{"rendered":"Stubaier Gletscher, 23.7.2017"},"content":{"rendered":"<p>Nachdem ich dieses WE doch Zeit gehabt h\u00e4tte, w\u00e4re ich ja gern auf den Hintertuxer zum Skifahren rauf &#8211; aber das Wetter schien mir nicht lohnenswert zu sein, die Nacht nicht klar und ab Mittags jeweils Regen. Da auch andere Besuche bei dem Wetter nicht sinnvoll erschienen und ich nicht wieder nur daheim sein wollte, fuhr ich am heutigen Sonntag eben mal auf den Stubaier. Hatte ich mir schon l\u00e4nger mal vorgenommen, im Sommer, wenn so gut wie kein Schnee mehr ist, raufzufahren. Dass das heuer schon im Juli sein wird, ist nat\u00fcrlich eher bedauerlich ..<\/p>\n<p>Bedauerlich auch, dass das Wetter selbst morgens nicht so sch\u00f6n war wie gemeldet..<\/p>\n<p><a href='http:\/\/ski.inmontanis.info\/d\/234867-3\/DSC00594.jpg'><img src=http:\/\/ski.inmontanis.info\/d\/234866-3\/DSC00594.jpg \/><\/a><br \/>\n^ 3S Sektion 1<\/p>\n<p><a href='http:\/\/ski.inmontanis.info\/d\/234871-3\/DSC00597.jpg'><img src=http:\/\/ski.inmontanis.info\/d\/234870-3\/DSC00597.jpg \/><\/a><br \/>\n^ F\u00e4llt einem im Winter nicht auf, da geschlossen: Unter den Sitzen sind L\u00fcftungsschlitze, die ge\u00f6ffnet werden k\u00f6nnen<\/p>\n<p><a href='http:\/\/ski.inmontanis.info\/d\/234875-3\/DSC00599.jpg'><img src=http:\/\/ski.inmontanis.info\/d\/234874-3\/DSC00599.jpg \/><\/a><br \/>\n^ Mittelstation<\/p>\n<p><a href='http:\/\/ski.inmontanis.info\/d\/234879-3\/DSC00601.jpg'><img src=http:\/\/ski.inmontanis.info\/d\/234878-3\/DSC00601.jpg \/><\/a><br \/>\n^ 3S Sektion 2<\/p>\n<p><a href='http:\/\/ski.inmontanis.info\/d\/234883-3\/DSC00604.jpg'><img src=http:\/\/ski.inmontanis.info\/d\/234882-3\/DSC00604.jpg \/><\/a><br \/>\n^ Zoom Vermattung Fernau-KSB<\/p>\n<p><a href='http:\/\/ski.inmontanis.info\/d\/234887-3\/DSC00609.jpg'><img src=http:\/\/ski.inmontanis.info\/d\/234886-3\/DSC00609.jpg \/><\/a><br \/>\n^ Zoom Vermattung und Gletscherende Fernau-KSB<\/p>\n<p><a href='http:\/\/ski.inmontanis.info\/d\/234891-3\/DSC00613.jpg'><img src=http:\/\/ski.inmontanis.info\/d\/234890-4\/DSC00613.jpg \/><\/a><br \/>\n^ Schaufelspitze<\/p>\n<p><a href='http:\/\/ski.inmontanis.info\/d\/235067-3\/DSC00618.jpg'><img src=http:\/\/ski.inmontanis.info\/d\/235066-4\/DSC00618.jpg \/><\/a><br \/>\n^ Gletscherende Eisgrat \/ Fu\u00dfweg Eish\u00f6hle<\/p>\n<p><a href='http:\/\/ski.inmontanis.info\/d\/234895-3\/DSC00619.jpg'><img src=http:\/\/ski.inmontanis.info\/d\/234894-4\/DSC00619.jpg \/><\/a><br \/>\n^ Eisgrat vs. Daunferner<\/p>\n<p><a href='http:\/\/ski.inmontanis.info\/d\/234899-3\/DSC00624.jpg'><img src=http:\/\/ski.inmontanis.info\/d\/234898-4\/DSC00624.jpg \/><\/a><br \/>\n^ Rotadl-KSB<\/p>\n<p><a href='http:\/\/ski.inmontanis.info\/d\/234903-3\/DSC00625.jpg'><img src=http:\/\/ski.inmontanis.info\/d\/234902-4\/DSC00625.jpg \/><\/a><br \/>\n^ \u00dcbergang Daunferner. Schwer zu erkennen, wo da \u00fcberall noch Eis unterm Schutt ist..<\/p>\n<p><a href='http:\/\/ski.inmontanis.info\/d\/234907-3\/DSC00626.jpg'><img src=http:\/\/ski.inmontanis.info\/d\/234906-4\/DSC00626.jpg \/><\/a><br \/>\n^ Eisjochlifte<\/p>\n<p><a href='http:\/\/ski.inmontanis.info\/d\/234911-3\/DSC00631.jpg'><img src=http:\/\/ski.inmontanis.info\/d\/234910-4\/DSC00631.jpg \/><\/a><br \/>\n^ Nur abgebgrochene Felsen<\/p>\n<p><a href='http:\/\/ski.inmontanis.info\/d\/234915-3\/DSC00635.jpg'><img src=http:\/\/ski.inmontanis.info\/d\/234914-4\/DSC00635.jpg \/><\/a><br \/>\n^ Vmtl. auch nur Schutt und abgebrochene Felsen &#8211; sonst w\u00e4re das in den letzten 2 Jahren vmtl. st\u00e4rker und anders ausgeapert..<\/p>\n<p><a href='http:\/\/ski.inmontanis.info\/d\/234919-3\/DSC00637.jpg'><img src=http:\/\/ski.inmontanis.info\/d\/234918-4\/DSC00637.jpg \/><\/a><br \/>\n^ \u00dcbergang Daunferer\/Rotadl<\/p>\n<p><a href='http:\/\/ski.inmontanis.info\/d\/234923-3\/DSC00643.jpg'><img src=http:\/\/ski.inmontanis.info\/d\/234922-4\/DSC00643.jpg \/><\/a><br \/>\n^ Eisjoch<\/p>\n<p><a href='http:\/\/ski.inmontanis.info\/d\/234927-3\/DSC00646.jpg'><img src=http:\/\/ski.inmontanis.info\/d\/234926-4\/DSC00646.jpg \/><\/a><br \/>\n^ Eisjoch-Bergstation. Hier oben bringen die Matten wohl recht wenig, zumindest in normalen Sommern, wenn hier oben noch N\u00e4hrgebiet ist. K\u00f6nnte heuer eng werden, der Sommer dauert ja noch..<\/p>\n<p><a href='http:\/\/ski.inmontanis.info\/d\/234931-3\/DSC00648.jpg'><img src=http:\/\/ski.inmontanis.info\/d\/234930-4\/DSC00648.jpg \/><\/a><br \/>\n^ Shades of Grey (and Brown)<\/p>\n<p><a href='http:\/\/ski.inmontanis.info\/d\/234935-3\/DSC00651.jpg'><img src=http:\/\/ski.inmontanis.info\/d\/234934-4\/DSC00651.jpg \/><\/a><br \/>\n^ Schaufeljochbahn in SW+R<\/p>\n<p><a href='http:\/\/ski.inmontanis.info\/d\/235071-3\/DSC00652.jpg'><img src=http:\/\/ski.inmontanis.info\/d\/235070-4\/DSC00652.jpg \/><\/a><br \/>\n^ Abfahrt Schaufeljochbahn-Gai\u00dfkar<\/p>\n<p><a href='http:\/\/ski.inmontanis.info\/d\/234939-3\/DSC00653.jpg'><img src=http:\/\/ski.inmontanis.info\/d\/234938-4\/DSC00653.jpg \/><\/a><br \/>\n^ Gai\u00dfkarferner<\/p>\n<p><a href='http:\/\/ski.inmontanis.info\/d\/234943-3\/DSC00655.jpg'><img src=http:\/\/ski.inmontanis.info\/d\/234942-4\/DSC00655.jpg \/><\/a><br \/>\n^ Abfahrt Schaulfejochbahn. Das Gehen auf dem Vlies ist recht ungew\u00f6hnlich, aber dankenswerterweise nicht rutschig.<\/p>\n<p><a href='http:\/\/ski.inmontanis.info\/d\/234947-3\/DSC00657.jpg'><img src=http:\/\/ski.inmontanis.info\/d\/234946-4\/DSC00657.jpg \/><\/a><br \/>\n^ Gai\u00dfkarferner Funpark<\/p>\n<p><a href='http:\/\/ski.inmontanis.info\/d\/234951-3\/DSC00661.jpg'><img src=http:\/\/ski.inmontanis.info\/d\/234950-4\/DSC00661.jpg \/><\/a><br \/>\n^ Gai\u00dfkarferner<\/p>\n<p><a href='http:\/\/ski.inmontanis.info\/d\/234955-3\/DSC00663.jpg'><img src=http:\/\/ski.inmontanis.info\/d\/234954-4\/DSC00663.jpg \/><\/a><br \/>\n^ Na, ob der Schnee hier unter den Matten noch bis zum Saisonstart im September \u00fcberleben wird?<\/p>\n<p><a href='http:\/\/ski.inmontanis.info\/d\/234959-3\/DSC00665.jpg'><img src=http:\/\/ski.inmontanis.info\/d\/234958-4\/DSC00665.jpg \/><\/a><br \/>\n^ Gai\u00dfkar vs. Fernau<\/p>\n<p><a href='http:\/\/ski.inmontanis.info\/d\/234963-3\/DSC00667.jpg'><img src=http:\/\/ski.inmontanis.info\/d\/234962-4\/DSC00667.jpg \/><\/a><br \/>\n^ SL Windachferner. Der Wanderweg wird mit der Pistenraupe pr\u00e4pariert<\/p>\n<p><a href='http:\/\/ski.inmontanis.info\/d\/234967-3\/DSC00671.jpg'><img src=http:\/\/ski.inmontanis.info\/d\/234966-4\/DSC00671.jpg \/><\/a><br \/>\n^ Jochdohle<\/p>\n<p><a href='http:\/\/ski.inmontanis.info\/d\/234971-3\/DSC00672.jpg'><img src=http:\/\/ski.inmontanis.info\/d\/234970-4\/DSC00672.jpg \/><\/a><br \/>\n^ Gai\u00dfkarferner Funpark<\/p>\n<p><a href='http:\/\/ski.inmontanis.info\/d\/234975-3\/DSC00673.jpg'><img src=http:\/\/ski.inmontanis.info\/d\/234974-4\/DSC00673.jpg \/><\/a><br \/>\n^ Gai\u00dfkarferner Funpark<\/p>\n<p><a href='http:\/\/ski.inmontanis.info\/d\/234979-3\/DSC00674.jpg'><img src=http:\/\/ski.inmontanis.info\/d\/234978-4\/DSC00674.jpg \/><\/a><br \/>\n^ SL Windachferner. Selbst hier w\u00e4re heuer Mitte Juli kaum noch sinnvoll Skifahren m\u00f6glich :( Und: Das Depot an der DSB-Talstation ist riesig, wozu auch immer man hier so ein riesiges Depot braucht?!<\/p>\n<p><a href='http:\/\/ski.inmontanis.info\/d\/234983-3\/DSC00677.jpg'><img src=http:\/\/ski.inmontanis.info\/d\/234982-4\/DSC00677.jpg \/><\/a><br \/>\n^ Eisjoch-\u00dcbergang. Da die Pistenraupe hier fahren muss, k\u00f6nnen keine Matten gelegt werden. Wird aber langsam problematisch werden ..<\/p>\n<p><a href='http:\/\/ski.inmontanis.info\/d\/234987-3\/DSC00678.jpg'><img src=http:\/\/ski.inmontanis.info\/d\/234986-4\/DSC00678.jpg \/><\/a><br \/>\n^ SL Gai\u00dfkarferner<\/p>\n<p><a href='http:\/\/ski.inmontanis.info\/d\/234991-3\/DSC00680.jpg'><img src=http:\/\/ski.inmontanis.info\/d\/234990-4\/DSC00680.jpg \/><\/a><br \/>\n^ Schaufeljoch-Gai\u00dfkar. Die alten Matten k\u00f6nnte man ja auch mal entsorgen, statt vergammeln lassen.<\/p>\n<p><a href='http:\/\/ski.inmontanis.info\/d\/234995-3\/DSC00681.jpg'><img src=http:\/\/ski.inmontanis.info\/d\/234994-4\/DSC00681.jpg \/><\/a><br \/>\n^ Schaufeljoch-Gai\u00dfkar\/Jochdohle<\/p>\n<p><a href='http:\/\/ski.inmontanis.info\/d\/234999-3\/DSC03301.jpg'><img src=http:\/\/ski.inmontanis.info\/d\/234998-4\/DSC03301.jpg \/><\/a><br \/>\n^ IR-Foto vom Eisjoch-Hang<\/p>\n<p><a href='http:\/\/ski.inmontanis.info\/d\/235079-3\/DSC03305.jpg'><img src=http:\/\/ski.inmontanis.info\/d\/235078-4\/DSC03305.jpg \/><\/a><br \/>\n^ Pflanzenwachstum auf \u00fcber 3000m (IR)<\/p>\n<p><a href='http:\/\/ski.inmontanis.info\/d\/235083-3\/DSC03310.jpg'><img src=http:\/\/ski.inmontanis.info\/d\/235082-4\/DSC03310.jpg \/><\/a><br \/>\n^ Pflanzenwachstum auf \u00fcber 3000m (IR)<\/p>\n<p><a href='http:\/\/ski.inmontanis.info\/d\/235003-3\/DSC00685.jpg'><img src=http:\/\/ski.inmontanis.info\/d\/235002-4\/DSC00685.jpg \/><\/a><br \/>\n^ Eisjoch-Eisgrat-Hang von der Plattform<\/p>\n<p><a href='http:\/\/ski.inmontanis.info\/d\/235075-3\/DSC00688.jpg'><img src=http:\/\/ski.inmontanis.info\/d\/235074-4\/DSC00688.jpg \/><\/a><br \/>\n^ Eisjoch-\u00dcbergang<\/p>\n<p><a href='http:\/\/ski.inmontanis.info\/d\/235007-3\/DSC00689.jpg'><img src=http:\/\/ski.inmontanis.info\/d\/235006-4\/DSC00689.jpg \/><\/a><br \/>\n^ Eisjoch-Vermattung<\/p>\n<p><a href='http:\/\/ski.inmontanis.info\/d\/235011-3\/DSC00690.jpg'><img src=http:\/\/ski.inmontanis.info\/d\/235010-4\/DSC00690.jpg \/><\/a><br \/>\n^ Windach-Wildspitz. Den See auf der ehemaligen DSB-Trasse gibt&#8217;s doch noch.<\/p>\n<p><a href='http:\/\/ski.inmontanis.info\/d\/235015-3\/DSC00693.jpg'><img src=http:\/\/ski.inmontanis.info\/d\/235014-4\/DSC00693.jpg \/><\/a><br \/>\n^ Zoom Eisgrat\/Gamsgarten<\/p>\n<p><a href='http:\/\/ski.inmontanis.info\/d\/235019-3\/DSC00696.jpg'><img src=http:\/\/ski.inmontanis.info\/d\/235018-4\/DSC00696.jpg \/><\/a><br \/>\n^ Zoom Rotadl<\/p>\n<p><a href='http:\/\/ski.inmontanis.info\/d\/235023-3\/DSC00698.jpg'><img src=http:\/\/ski.inmontanis.info\/d\/235022-4\/DSC00698.jpg \/><\/a><br \/>\n^ Auch hier zum Gl\u00fcck nur Schutt auf dem Gletscher<\/p>\n<p><a href='http:\/\/ski.inmontanis.info\/d\/235027-3\/DSC00704.jpg'><img src=http:\/\/ski.inmontanis.info\/d\/235026-4\/DSC00704.jpg \/><\/a><br \/>\n^ Abfahrt richtung Fernau. Das Depot hab ich schon im Fr\u00fchjahr nicht kapiert, jetzt noch weniger. Andererseits, die letzten Jahre war es auf der Piste und da war es dann extrem eisig.<\/p>\n<p><a href='http:\/\/ski.inmontanis.info\/d\/235031-3\/DSC00705.jpg'><img src=http:\/\/ski.inmontanis.info\/d\/235030-4\/DSC00705.jpg \/><\/a><br \/>\n^ Eisjoch-Hang \/ Vermattung Eisgrat<\/p>\n<p><a href='http:\/\/ski.inmontanis.info\/d\/235035-3\/DSC00707.jpg'><img src=http:\/\/ski.inmontanis.info\/d\/235034-4\/DSC00707.jpg \/><\/a><br \/>\n^ SL Eisjoch in SW+R<\/p>\n<p><a href='http:\/\/ski.inmontanis.info\/d\/235087-3\/DSC00709.jpg'><img src=http:\/\/ski.inmontanis.info\/d\/235086-4\/DSC00709.jpg \/><\/a><br \/>\n^ Gletscherst\u00fctze SL Eisjoch<\/p>\n<p><a href='http:\/\/ski.inmontanis.info\/d\/235039-3\/DSC00714.jpg'><img src=http:\/\/ski.inmontanis.info\/d\/235038-4\/DSC00714.jpg \/><\/a><br \/>\n^ Gletscherst\u00fctzen<\/p>\n<p><a href='http:\/\/ski.inmontanis.info\/d\/235043-3\/DSC00716.jpg'><img src=http:\/\/ski.inmontanis.info\/d\/235042-4\/DSC00716.jpg \/><\/a><br \/>\n^ Ex-SL Eisjoch, 1976 &#8211; Bild h\u00e4ngt in der Station Eisgrat<\/p>\n<p><a href='http:\/\/ski.inmontanis.info\/d\/235047-3\/DSC00717.jpg'><img src=http:\/\/ski.inmontanis.info\/d\/235046-4\/DSC00717.jpg \/><\/a><br \/>\n^ Zeitungsartikel vom Tag nach der Er\u00f6ffnung. Den ersten Sommer musste man also tats\u00e4chlich von der Mittelstation zum SL Eisjoch am Gamsgarten zu Fu\u00df rauflaufen. Damals nur 30 Minuten. Oder mit dem Heli. Heutige Skifahrer w\u00fcrden wohl l\u00e4nger brauchen ,-)<\/p>\n<p><a href='http:\/\/ski.inmontanis.info\/d\/235051-3\/DSC00718.jpg'><img src=http:\/\/ski.inmontanis.info\/d\/235050-4\/DSC00718.jpg \/><\/a><br \/>\n^ Noch ein altes Bild aus den 1970ern &#8211; nur die Bildunterschrift ist Quatsch.<\/p>\n<p><a href='http:\/\/ski.inmontanis.info\/d\/235055-3\/DSC00722.jpg'><img src=http:\/\/ski.inmontanis.info\/d\/235054-4\/DSC00722.jpg \/><\/a><br \/>\n^ Eisjoch-Steilhang \/ Daunferner. In den 70ern d\u00fcrfte der Gletscher noch bis zu den Schneekanonen gegangen sein<\/p>\n<p><a href='http:\/\/ski.inmontanis.info\/d\/235059-3\/DSC00723.jpg'><img src=http:\/\/ski.inmontanis.info\/d\/235058-4\/DSC00723.jpg \/><\/a><br \/>\n^ Eisjoch-Steilhang. Wird auch schon lange nicht mehr vermattet.<\/p>\n<p><a href='http:\/\/ski.inmontanis.info\/d\/235063-3\/DSC00729.jpg'><img src=http:\/\/ski.inmontanis.info\/d\/235062-4\/DSC00729.jpg \/><\/a><br \/>\n^ Talstation und Parkpl\u00e4tze. Komisch, dass die meisten Autos nicht dort stehen, wo man den wenigsten Fu\u00dfweg hat ;-)<\/p>\n<p>Und noch 2 Zoom-Fotos ins \u00d6tztal, leider sehr schwierig mit den Wolken:<\/p>\n<p><a href='http:\/\/ski.inmontanis.info\/d\/234863-3\/DSC00669.jpg'><img src=http:\/\/ski.inmontanis.info\/d\/234862-4\/DSC00669.jpg \/><\/a><br \/>\n^ Zoom \u00d6tztaler (Tiefenbachferner) vom Stubaier<\/p>\n<p><a href='http:\/\/ski.inmontanis.info\/d\/234859-3\/DSC00691.jpg'><img src=http:\/\/ski.inmontanis.info\/d\/234858-3\/DSC00691.jpg \/><\/a><br \/>\n^ Zoom \u00d6tztaler vom Stubaier<\/p>\n","protected":false},"excerpt":{"rendered":"<p>Nachdem ich dieses WE doch Zeit gehabt h\u00e4tte, w\u00e4re ich ja gern auf den Hintertuxer zum Skifahren rauf &#8211; aber das Wetter schien mir nicht lohnenswert zu sein, die Nacht nicht klar und ab Mittags jeweils Regen. Da auch andere Besuche bei dem Wetter nicht sinnvoll erschienen und ich nicht wieder nur daheim sein wollte, <a href=\"http:\/\/blog.inmontanis.info\/?p=4463\">[&#8230;]<\/a><\/p>\n","protected":false},"author":1,"featured_media":0,"comment_status":"closed","ping_status":"closed","sticky":false,"template":"","format":"standard","meta":{"footnotes":""},"categories":[25,13,895],"tags":[53,47],"class_list":["post-4463","post","type-post","status-publish","format-standard","hentry","category-noreport","category-austria","category-stubaier-gletscher","tag-8eub","tag-sl","odd"],"_links":{"self":[{"href":"http:\/\/blog.inmontanis.info\/index.php?rest_route=\/wp\/v2\/posts\/4463","targetHints":{"allow":["GET"]}}],"collection":[{"href":"http:\/\/blog.inmontanis.info\/index.php?rest_route=\/wp\/v2\/posts"}],"about":[{"href":"http:\/\/blog.inmontanis.info\/index.php?rest_route=\/wp\/v2\/types\/post"}],"author":[{"embeddable":true,"href":"http:\/\/blog.inmontanis.info\/index.php?rest_route=\/wp\/v2\/users\/1"}],"replies":[{"embeddable":true,"href":"http:\/\/blog.inmontanis.info\/index.php?rest_route=%2Fwp%2Fv2%2Fcomments&post=4463"}],"version-history":[{"count":3,"href":"http:\/\/blog.inmontanis.info\/index.php?rest_route=\/wp\/v2\/posts\/4463\/revisions"}],"predecessor-version":[{"id":4466,"href":"http:\/\/blog.inmontanis.info\/index.php?rest_route=\/wp\/v2\/posts\/4463\/revisions\/4466"}],"wp:attachment":[{"href":"http:\/\/blog.inmontanis.info\/index.php?rest_route=%2Fwp%2Fv2%2Fmedia&parent=4463"}],"wp:term":[{"taxonomy":"category","embeddable":true,"href":"http:\/\/blog.inmontanis.info\/index.php?rest_route=%2Fwp%2Fv2%2Fcategories&post=4463"},{"taxonomy":"post_tag","embeddable":true,"href":"http:\/\/blog.inmontanis.info\/index.php?rest_route=%2Fwp%2Fv2%2Ftags&post=4463"}],"curies":[{"name":"wp","href":"https:\/\/api.w.org\/{rel}","templated":true}]}}