{"id":4457,"date":"2017-06-01T18:12:08","date_gmt":"2017-06-01T16:12:08","guid":{"rendered":"http:\/\/blog.inmontanis.info\/?p=4457"},"modified":"2023-08-04T19:42:23","modified_gmt":"2023-08-04T17:42:23","slug":"stryn-sommerski-1-6-2017","status":"publish","type":"post","link":"http:\/\/blog.inmontanis.info\/?p=4457","title":{"rendered":"Stryn Sommerski, 1.6.2017"},"content":{"rendered":"<p><strong>Do, 1.6.2017 &#8211; Arctic Spring Tag 13 &#8211; Stryn<\/strong><\/p>\n<p>Die heutige Nacht war doch recht kalt und unruhig, obwohl morgens sogar die Sonne reinschien und es egtl. auch gar nicht mehr so kalt war.. Heute fr\u00fch der Wetter-Vorhersagen-Check war der Worstcase f\u00fcr die Entscheidungsfindung: Galdh\u00f8piggen weiterhin angeblich wolkenloser Sonnenschein den ganzen Tag, selbst jetzt in der fr\u00fch (aber die Webcam sagt gerade etwas anderes!), Stryn angeblich ab 12 Uhr wolkenlos und Stryn morgen FR kein bisschen Sonne mehr in der fr\u00fch und ab Mittag evtl. Regen. <\/p>\n<p>Also was nun? Heute doch der sicherere Sonnenschein in G. und morgen Stryn 3h oder evtl. gar nicht, wenn wetterm\u00e4\u00dfig noch schlechter? Oder lieber heute halbwegs Sonne in Stryn und morgen ggf. kein Skifahren? Ich entschied mich f\u00fcr letzteres und fuhr nach Stryn, wo ich um kurz vor 11 ankam, es war neblig und es schneite\/eisregnete leicht. Ich checkte noch ein paar Wettervorhersagen und Besuchsm\u00f6glichkeiten f\u00fcr morgen und kaufte mir um kurz vor 12 Uhr die Tageskarte. Die 3h-Karte h\u00e4tten zwar auch gereicht, aber ich wollte nicht dann um 15 Uhr aufh\u00f6ren m\u00fcssen, wenn es ggf. genau dann am sonnigsten wird.<\/p>\n<p>Nun, das Wetter blieb doch recht schlecht. Die kumulierte Sonenzeit war wohl kaum \u00fcber eine halbe Stunde, und es eisregnete \u00f6fters und l\u00e4nger als die Sonne geschienen hatte. Nerv!! Morgen h\u00e4tte ich wohl das bessere Wetter hier gehabt, jedenfalls war es ja heute schon so schlecht, wie es f\u00fcr morgen gemeldet war. Wenigstens war der Schnee ein bisschen firnig und lie\u00df sich recht gut fahren, nur ganz oben am Ausstieg der DSB pappte er etwas &#8211; und genau dieser leicht pappige Schnee war mit den breiten Carpani wieder sehr anstrengend zu fahren, und da ich die Ski mittlerweile beim Service hatte, kann ich meine Zweifel letztens vom Stubaier, ob das nun an den Skiern oder dem kaputten Belag liegt, nun beseitigen und das eindeutig auf die Ski schieben &#8211; bei  leicht pappigen Schnee sind diese breiten Ski nicht angenehm zu fahren, da irgendwie zu bissig.<\/p>\n<p>Ein paar Ausl\u00e4nder waren auch hier, zumindest ein Schweizer Auto auch mit Ski. Und es herrschte eine erstaunliche \u00e4u\u00dferliche \u00c4hnlichkeit zwischen den Besuchern hier, egal in welchem Alter: Fast alle waren a) m\u00e4nnlich und hatten b) lange Haare und c) einen langen Bart.<\/p>\n<p>(Fotos anklicken zum Vergr\u00f6\u00dfern)<\/p>\n<p><a href='http:\/\/extra.inmontanis.info\/d\/42736-2\/ge20170601a.jpg'><img src=http:\/\/extra.inmontanis.info\/d\/42735-3\/ge20170601a.jpg \/><\/a><br \/>\n^ Fahrstrecke 1.6.2017, ca. 250km<br \/>\nM) Stryn Sommerski<br \/>\nN) Briksdalsbreen<\/p>\n<p><a href='http:\/\/extra.inmontanis.info\/d\/42740-2\/DSC08969.jpg'><img src=http:\/\/extra.inmontanis.info\/d\/42739-3\/DSC08969.jpg \/><\/a><br \/>\n^ 15<\/p>\n<p><a href='http:\/\/extra.inmontanis.info\/d\/42744-2\/DSC08977.jpg'><img src=http:\/\/extra.inmontanis.info\/d\/42743-3\/DSC08977.jpg \/><\/a><br \/>\n^ 15 \/ Strynefjell<\/p>\n<p><a href='http:\/\/extra.inmontanis.info\/d\/42748-2\/DSC08986.jpg'><img src=http:\/\/extra.inmontanis.info\/d\/42747-3\/DSC08986.jpg \/><\/a><br \/>\n^ 15 \/ Strynefjell<\/p>\n<p><a href='http:\/\/extra.inmontanis.info\/d\/42752-2\/DSC08987.jpg'><img src=http:\/\/extra.inmontanis.info\/d\/42751-3\/DSC08987.jpg \/><\/a><br \/>\n^ 15 \/ Strynefjell<\/p>\n<p><a href='http:\/\/extra.inmontanis.info\/d\/42756-2\/DSC08990.jpg'><img src=http:\/\/extra.inmontanis.info\/d\/42755-3\/DSC08990.jpg \/><\/a><br \/>\n^ Abzweig richtung Geiranger<\/p>\n<p><a href='http:\/\/extra.inmontanis.info\/d\/42760-2\/DSC08999.jpg'><img src=http:\/\/extra.inmontanis.info\/d\/42759-3\/DSC08999.jpg \/><\/a><br \/>\n^ Es sind 3 lange Tunnel zu fahren, die mittig solche Abschottungs-Tore haben<\/p>\n<p><a href='http:\/\/extra.inmontanis.info\/d\/42764-2\/DSC09000.jpg'><img src=http:\/\/extra.inmontanis.info\/d\/42763-3\/DSC09000.jpg \/><\/a><br \/>\n^ Zwischen den Tunnel hat man dann recht einsame Landschaften<\/p>\n<p><a href='http:\/\/ski.inmontanis.info\/d\/234711-2\/DSC09004.jpg'><img src=http:\/\/ski.inmontanis.info\/d\/234710-3\/DSC09004.jpg \/><\/a><br \/>\n^ Abzweigung zur alten Strynefjellstra\u00dfe, derzeit nur bis zum Skigebiet ge\u00f6ffnet<\/p>\n<p><a href='http:\/\/ski.inmontanis.info\/d\/234715-2\/DSC09005.jpg'><img src=http:\/\/ski.inmontanis.info\/d\/234714-3\/DSC09005.jpg \/><\/a><br \/>\n^ Klappschild Sackgasse aktiv<\/p>\n<p><a href='http:\/\/ski.inmontanis.info\/d\/234719-2\/DSC09015.jpg'><img src=http:\/\/ski.inmontanis.info\/d\/234718-3\/DSC09015.jpg \/><\/a><br \/>\n^ Die Stra\u00dfe ist oft nur einspurig mit Ausweichen<\/p>\n<p><a href='http:\/\/ski.inmontanis.info\/d\/234723-2\/DSC09023.jpg'><img src=http:\/\/ski.inmontanis.info\/d\/234722-3\/DSC09023.jpg \/><\/a><br \/>\n^ Die Schneew\u00e4nde werden h\u00f6her<\/p>\n<p><a href='http:\/\/ski.inmontanis.info\/d\/234727-2\/DSC09027.jpg'><img src=http:\/\/ski.inmontanis.info\/d\/234726-3\/DSC09027.jpg \/><\/a><br \/>\n^ .. und noch h\u00f6her<\/p>\n<p><a href='http:\/\/ski.inmontanis.info\/d\/234731-2\/DSC09029.jpg'><img src=http:\/\/ski.inmontanis.info\/d\/234730-3\/DSC09029.jpg \/><\/a><br \/>\n^ Schon recht hoch<\/p>\n<p><a href='http:\/\/ski.inmontanis.info\/d\/234735-2\/DSC09034.jpg'><img src=http:\/\/ski.inmontanis.info\/d\/234734-3\/DSC09034.jpg \/><\/a><br \/>\n^ .. und jetzt beidseitig so hoch<\/p>\n<p><a href='http:\/\/ski.inmontanis.info\/d\/234739-2\/DSC09037.jpg'><img src=http:\/\/ski.inmontanis.info\/d\/234738-3\/DSC09037.jpg \/><\/a><\/p>\n<p><a href='http:\/\/ski.inmontanis.info\/d\/234743-2\/DSC09038.jpg'><img src=http:\/\/ski.inmontanis.info\/d\/234742-3\/DSC09038.jpg \/><\/a><\/p>\n<p><a href='http:\/\/ski.inmontanis.info\/d\/234747-2\/DSC09040.jpg'><img src=http:\/\/ski.inmontanis.info\/d\/234746-3\/DSC09040.jpg \/><\/a><br \/>\n^ Ankunft am Parkplatz<\/p>\n<p><a href='http:\/\/ski.inmontanis.info\/d\/234751-2\/DSC09041.jpg'><img src=http:\/\/ski.inmontanis.info\/d\/234750-3\/DSC09041.jpg \/><\/a><br \/>\n^ .. hier muss man aufpassen, abges\u00e4gte Metallpfosten schauen aus dem Boden raus.<\/p>\n<p><a href='http:\/\/ski.inmontanis.info\/d\/234755-2\/DSC09043.jpg'><img src=http:\/\/ski.inmontanis.info\/d\/234754-3\/DSC09043.jpg \/><\/a><br \/>\n^ Parkplatz<\/p>\n<p><a href='http:\/\/ski.inmontanis.info\/d\/234759-2\/DSC09044.jpg'><img src=http:\/\/ski.inmontanis.info\/d\/234758-3\/DSC09044.jpg \/><\/a><br \/>\n^ Auch hier hohe Schneew\u00e4nde auf beiden Seiten<\/p>\n<p><a href='http:\/\/ski.inmontanis.info\/d\/234763-2\/DSC09045.jpg'><img src=http:\/\/ski.inmontanis.info\/d\/234762-3\/DSC09045.jpg \/><\/a><br \/>\n^ Das Sommerskigebiet &#8211; die DSB ist jedes Jahr nur ca. 1 Monat im Juni bis Anfang Juli in Betrieb, im Winter hat Stryn weiter talw\u00e4rts ein anderes Skigebiet<\/p>\n<p><a href='http:\/\/ski.inmontanis.info\/d\/234767-2\/DSC09046.jpg'><img src=http:\/\/ski.inmontanis.info\/d\/234766-3\/DSC09046.jpg \/><\/a><br \/>\n^ Die Stra\u00dfe weiter wurde der Schnee schon ein St\u00fcck weggefr\u00e4st, aber es fehlt wohl noch viel<\/p>\n<p><a href='http:\/\/ski.inmontanis.info\/d\/234771-2\/DSC09048.jpg'><img src=http:\/\/ski.inmontanis.info\/d\/234770-3\/DSC09048.jpg \/><\/a><br \/>\n^ Meine Ski sind \u00fcbrigens 170 lang.<\/p>\n<p><a href='http:\/\/ski.inmontanis.info\/d\/234775-2\/DSC09050.jpg'><img src=http:\/\/ski.inmontanis.info\/d\/234774-3\/DSC09050.jpg \/><\/a><br \/>\n^ Pistenplan, der SL existiert seit wenigen Jahren leider nicht mehr &#8211; Gletscherschwund, zu steil geworden ..<\/p>\n<p><a href='http:\/\/ski.inmontanis.info\/d\/234779-2\/ge20170601b.jpg'><img src=http:\/\/ski.inmontanis.info\/d\/234778-3\/ge20170601b.jpg \/><\/a><br \/>\n^ GPS-Track 2017 (Blau) und 2006 (Orange)<\/p>\n<p><a href='http:\/\/ski.inmontanis.info\/d\/234783-2\/DSC09052.jpg'><img src=http:\/\/ski.inmontanis.info\/d\/234782-3\/DSC09052.jpg \/><\/a><br \/>\n^ Auffahrt mit der DSB; die pr\u00e4parierten Wege mit den teils hohen Abs\u00e4tzen sind beim direkten Abfahren etwas st\u00f6rend, insb. wenn man bei Nebel mal zu sp\u00e4t sieht ..<\/p>\n<p><a href='http:\/\/ski.inmontanis.info\/d\/234787-2\/DSC09056.jpg'><img src=http:\/\/ski.inmontanis.info\/d\/234786-3\/DSC09056.jpg \/><\/a><br \/>\n^ Oben wurde ein kleiner Funpark eingerichtet<\/p>\n<p><a href='http:\/\/ski.inmontanis.info\/d\/234791-2\/DSC09061.jpg'><img src=http:\/\/ski.inmontanis.info\/d\/234790-3\/DSC09061.jpg \/><\/a><br \/>\n^ Bergstation DSB und ehemaliger SL<\/p>\n<p><a href='http:\/\/ski.inmontanis.info\/d\/234795-2\/DSC09069.jpg'><img src=http:\/\/ski.inmontanis.info\/d\/234794-3\/DSC09069.jpg \/><\/a><br \/>\n^ Bergstation DSB und ehemaliger SL<\/p>\n<p>2 Alte Fotos von 2006:<br \/>\n<img src=http:\/\/ski.inmontanis.info\/d\/1518-2\/P1070175.jpg \/><br \/>\n<img src=http:\/\/ski.inmontanis.info\/d\/1536-2\/P1070182.jpg \/><\/p>\n<p><a href='http:\/\/ski.inmontanis.info\/d\/234799-2\/DSC09071.jpg'><img src=http:\/\/ski.inmontanis.info\/d\/234798-3\/DSC09071.jpg \/><\/a><br \/>\n^ Talblick &#8211; und weiterer Stra\u00dfenverlauf: Da fehlt noch viel, bis die Stra\u00dfe ge\u00f6ffnet werden kann<\/p>\n<p><a href='http:\/\/ski.inmontanis.info\/d\/234803-2\/DSC09072.jpg'><img src=http:\/\/ski.inmontanis.info\/d\/234802-3\/DSC09072.jpg \/><\/a><br \/>\n^ Der Hang an der DSB ist jedenfalls sch\u00f6n steil und der Schnee war auch sehr nett<\/p>\n<p><a href='http:\/\/ski.inmontanis.info\/d\/234807-2\/DSC09074.jpg'><img src=http:\/\/ski.inmontanis.info\/d\/234806-3\/DSC09074.jpg \/><\/a><br \/>\n^ Talstation und m.E. etwas zu viel Pistenraupen f\u00fcr das kleine Gebiet hier<\/p>\n<p><a href='http:\/\/ski.inmontanis.info\/d\/234811-2\/DSC09078.jpg'><img src=http:\/\/ski.inmontanis.info\/d\/234810-3\/DSC09078.jpg \/><\/a><br \/>\n^ Talstation etc.<\/p>\n<p><a href='http:\/\/ski.inmontanis.info\/d\/234815-2\/DSC09083.jpg'><img src=http:\/\/ski.inmontanis.info\/d\/234814-3\/DSC09083.jpg \/><\/a><br \/>\n^ Reste des ehemaligen SL<\/p>\n<p><a href='http:\/\/ski.inmontanis.info\/d\/234819-2\/DSC09084.jpg'><img src=http:\/\/ski.inmontanis.info\/d\/234818-3\/DSC09084.jpg \/><\/a><br \/>\n^ Reste des ehemaligen SL<\/p>\n<p><a href='http:\/\/ski.inmontanis.info\/d\/234823-2\/DSC09085.jpg'><img src=http:\/\/ski.inmontanis.info\/d\/234822-3\/DSC09085.jpg \/><\/a><br \/>\n^ Querung zu den Steilh\u00e4ngen; ganz hinten ist dann ein Absperrband<\/p>\n<p><a href='http:\/\/ski.inmontanis.info\/d\/234827-2\/DSC09086.jpg'><img src=http:\/\/ski.inmontanis.info\/d\/234826-3\/DSC09086.jpg \/><\/a><br \/>\n^ Steilhang<\/p>\n<p><a href='http:\/\/ski.inmontanis.info\/d\/234831-2\/DSC09090.jpg'><img src=http:\/\/ski.inmontanis.info\/d\/234830-3\/DSC09090.jpg \/><\/a><br \/>\n^ Abfahrten<\/p>\n<p><a href='http:\/\/ski.inmontanis.info\/d\/234835-2\/DSC09091.jpg'><img src=http:\/\/ski.inmontanis.info\/d\/234834-3\/DSC09091.jpg \/><\/a><br \/>\n^ Zufahrt<\/p>\n<p><a href='http:\/\/ski.inmontanis.info\/d\/234839-2\/DSC09097.jpg'><img src=http:\/\/ski.inmontanis.info\/d\/234838-3\/DSC09097.jpg \/><\/a><br \/>\n^ Der linke Bereich ist abgesperrt<\/p>\n<p><a href='http:\/\/ski.inmontanis.info\/d\/234843-2\/DSC09100.jpg'><img src=http:\/\/ski.inmontanis.info\/d\/234842-3\/DSC09100.jpg \/><\/a><br \/>\n^ Und wieder talw\u00e4rts durch die hohen Schneew\u00e4lle<\/p>\n<p><a href='http:\/\/ski.inmontanis.info\/d\/234847-2\/DSC09102.jpg'><img src=http:\/\/ski.inmontanis.info\/d\/234846-3\/DSC09102.jpg \/><\/a><\/p>\n<p><a href='http:\/\/ski.inmontanis.info\/d\/234851-2\/DSC09103.jpg'><img src=http:\/\/ski.inmontanis.info\/d\/234850-3\/DSC09103.jpg \/><\/a><\/p>\n<p><a href='http:\/\/ski.inmontanis.info\/d\/234855-2\/DSC09105.jpg'><img src=http:\/\/ski.inmontanis.info\/d\/234854-3\/DSC09105.jpg \/><\/a><br \/>\n^ Talblick mit See<\/p>\n<p>Nachmittags wollte ich dann wieder Wetter-Checken, kaufte mir den 24h-100MB-Internetpass und was is? Nix is, laufend komm ich auf die T-Mobile-Landingpage. Nach einer halben Stunde hab ich die T-Mobile-Hotline angerufen. Es g\u00e4be wohl ein generelles Problem mit dem Internet, wird wohl noch l\u00e4nger dauern, meinte die Frau. Na wie jetzt, das Internet wird im Ausland \u00fcber die Server von T-Mobile.at geroutet? H\u00e4tte ich gar nicht gedacht. Doppelt nervig insofern, dass ich auch checken wollte, ob ich in den n\u00e4chsten Tagen eine g\u00fcnstige F\u00e4hre retour bekommen k\u00f6nnte. Klar, die 118,- \u20ac f\u00fcr die F\u00e4hre am Sonntag w\u00e4ren dann verfallen, aber wenn ich f\u00fcr 50,- was g\u00fcnstiges bek\u00e4me; es macht ja egtl. keinen Sinn mehr, die n\u00e4chsten Tage hier zu versauern, da fahr ich doch lieber 1-2 Tage fr\u00fcher heim.<\/p>\n<p>Also musste ich von den Wettervorhersagen zu Mittag ausgehen, dass es morgen in G. auch nicht sonnig werden w\u00fcrde (k\u00f6nnte sich ja komplett ge\u00e4ndert haben, nachdem der heutige Tag auch so falsch war) und wollte nach Geiranger und dort noch etwas nach Norden, um dann morgen die Strecke wieder retour zu fahren (evtl. mit einer Skitour irgendwo). Auf der Passstra\u00dfe oben wieder Schneefall und Schneeregen oder Eisregen bei +2\u00b0, die Stra\u00dfe nass. Na super, wenn das nachts gefriert, dann brauch ich da auch nicht mehr r\u00fcber. Und \u00fcberhaupt macht das ja jetzt auch keinen Sinn, wieder 1000m runter nach Geiranger, den Pass dr\u00fcben rauf und dann wieder retour. Bei dem Wetter schon erst gar nicht. <\/p>\n<p>Also kurz nach der h\u00f6chsten Stelle wieder umgekehrt und richtung Stryn gefahren, um dort unten was zu essen, an einer Pizzabakeren Filiale (nicht, dass die Pizzen dort so besondes gut w\u00e4ren; dicker Teig und so wie generell in NO halt, aber 5-7 \u20ac f\u00fcr die kleine Pizza ist einfach g\u00fcnstig und nur der halbe Preis oder weniger als die gro\u00dfe Pizza (20 vs 30cm), au\u00dferdem gro\u00dfe Auswahl)<\/p>\n<p><a href='http:\/\/extra.inmontanis.info\/d\/42768-2\/DSC09107.jpg'><img src=http:\/\/extra.inmontanis.info\/d\/42767-3\/DSC09107.jpg \/><\/a><br \/>\n^ Weiterer Stra\u00dfenverlauf der 15 runter richtung Stryn<\/p>\n<p><a href='http:\/\/extra.inmontanis.info\/d\/42772-2\/DSC09109.jpg'><img src=http:\/\/extra.inmontanis.info\/d\/42771-3\/DSC09109.jpg \/><\/a><br \/>\n^ 15 \/ Die Tunnel sind tw. etwas schmal, wenn sich zwei LKWs begegnen<\/p>\n<p><a href='http:\/\/extra.inmontanis.info\/d\/42776-2\/DSC09127.jpg'><img src=http:\/\/extra.inmontanis.info\/d\/42775-3\/DSC09127.jpg \/><\/a><br \/>\n^ 15 \/ Strynevatnet<\/p>\n<p><a href='http:\/\/extra.inmontanis.info\/d\/42780-2\/IMG_3392.jpg'><img src=http:\/\/extra.inmontanis.info\/d\/42779-3\/IMG_3392.jpg \/><\/a><br \/>\n^ 2 unterschiedliche kleine Pizzen zum Preis von ca. 1 gro\u00dfen. Aber in Italien und Frankreich und auch in \u00d6sterreich sind Pizzen schon viiiiel besser als in NO.<\/p>\n<p>Nach Stryn kam ich an einer neuen Pendelbahn vorbei, was f\u00fcr ein krasses Teil. Schaut noch in Bau aus, aber am Parkplatz stehen Schilder, 9-18 Uhr ge\u00f6ffnet, d.h. jetzt schon geschlossen. <\/p>\n<p><a href='http:\/\/extra.inmontanis.info\/d\/42784-2\/DSC09128.jpg'><img src=http:\/\/extra.inmontanis.info\/d\/42783-3\/DSC09128.jpg \/><\/a><br \/>\n^ Loen Skylift, eine neue PB<\/p>\n<p><a href='http:\/\/extra.inmontanis.info\/d\/42788-2\/DSC09131.jpg'><img src=http:\/\/extra.inmontanis.info\/d\/42787-3\/DSC09131.jpg \/><\/a><br \/>\n^ .. mit einer recht krassen Trasse<\/p>\n<p><a href='http:\/\/extra.inmontanis.info\/d\/42792-2\/DSC09138.jpg'><img src=http:\/\/extra.inmontanis.info\/d\/42791-3\/DSC09138.jpg \/><\/a><br \/>\n^ Loen Skylift von Gegen\u00fcber<\/p>\n<p><a href='http:\/\/extra.inmontanis.info\/d\/42796-2\/DSC09139.jpg'><img src=http:\/\/extra.inmontanis.info\/d\/42795-3\/DSC09139.jpg \/><\/a><br \/>\n^ Loen Skylift von Gegen\u00fcber<\/p>\n<p><a href='http:\/\/extra.inmontanis.info\/d\/42800-2\/DSC09141.jpg'><img src=http:\/\/extra.inmontanis.info\/d\/42799-3\/DSC09141.jpg \/><\/a><br \/>\n^ Zoom Bergstation<\/p>\n<p>2 Kurven sp\u00e4ter von gegen\u00fcber, ein neuer Rastplatz mit neuem WC, konnte ich mal wieder Haare waschen. Check auf der Karte nach irgendwelchen Seitenstra\u00dfen, die man fahren kann, so dass sich die PB morgen um 9 Uhr doch noch ohne all zu gro\u00dfe Warterei ausgehen w\u00fcrde.. Zuf\u00e4llig eine Stra\u00dfe zum Briksdalsbreen entdeckt, haufenweise Gletscher-Sightseeing-Busse an mehreren Parkpl\u00e4tzen gesehen. Der Gletscher, der hier wohl haupts\u00e4chlich angefahren wird, ist aber etwas versteckt, da muss man noch mit kleinen E-Autos rauf, dazu kostenpflichtige Parkpl\u00e4tze und bei den vielen Campingpl\u00e4tzen und den vielen Bussen &#8211; das k\u00f6nnte wohl ziemlich \u00fcberlaufen sein, das muss ich mir morgen nicht antun. <\/p>\n<p><a href='http:\/\/extra.inmontanis.info\/d\/42804-2\/DSC09156.jpg'><img src=http:\/\/extra.inmontanis.info\/d\/42803-3\/DSC09156.jpg \/><\/a><br \/>\n^ 724 \/ Stra\u00dfe zum Briksdalsbreen<\/p>\n<p><a href='http:\/\/extra.inmontanis.info\/d\/42808-2\/DSC09160.jpg'><img src=http:\/\/extra.inmontanis.info\/d\/42807-3\/DSC09160.jpg \/><\/a><br \/>\n^ Wobei man von der Stra\u00dfe aus mehrere Gletscher sieht<\/p>\n<p><a href='http:\/\/extra.inmontanis.info\/d\/42812-2\/DSC09165.jpg'><img src=http:\/\/extra.inmontanis.info\/d\/42811-3\/DSC09165.jpg \/><\/a><br \/>\n^ Oldevatnet \/ Jostedalsbreen<\/p>\n<p><a href='http:\/\/extra.inmontanis.info\/d\/42816-2\/DSC09178.jpg'><img src=http:\/\/extra.inmontanis.info\/d\/42815-3\/DSC09178.jpg \/><\/a><br \/>\n^ Jostedalsbreen<\/p>\n<p><a href='http:\/\/extra.inmontanis.info\/d\/42820-2\/DSC09182.jpg'><img src=http:\/\/extra.inmontanis.info\/d\/42819-3\/DSC09182.jpg \/><\/a><br \/>\n^ Gletscherbruch. Den Brikdalsbreen kann man von der Stra\u00dfe aus wohl nirgends sehen<\/p>\n<p><a href='http:\/\/extra.inmontanis.info\/d\/42824-2\/DSC09191.jpg'><img src=http:\/\/extra.inmontanis.info\/d\/42823-3\/DSC09191.jpg \/><\/a><br \/>\n^ Gletscherbruch<\/p>\n<p><a href='http:\/\/extra.inmontanis.info\/d\/42828-2\/DSC09195.jpg'><img src=http:\/\/extra.inmontanis.info\/d\/42827-3\/DSC09195.jpg \/><\/a><br \/>\n^ Unten gibt es gro\u00dfe (kostenpflichtige) Parkpl\u00e4tze und Souvenierladen<\/p>\n<p><a href='http:\/\/extra.inmontanis.info\/d\/42832-2\/DSC09199.jpg'><img src=http:\/\/extra.inmontanis.info\/d\/42831-3\/DSC09199.jpg \/><\/a><br \/>\n^ Lt. Tafel gab es fr\u00fcher Pferdekutschen, jetzt Elektroautos, die einem zum Gletscher bringen<\/p>\n<p><a href='http:\/\/extra.inmontanis.info\/d\/42836-2\/DSC09202.jpg'><img src=http:\/\/extra.inmontanis.info\/d\/42835-3\/DSC09202.jpg \/><\/a><br \/>\n^ Infotafel<\/p>\n<p><a href='http:\/\/extra.inmontanis.info\/d\/42840-2\/DSC09203.jpg'><img src=http:\/\/extra.inmontanis.info\/d\/42839-3\/DSC09203.jpg \/><\/a><br \/>\n^ &#8216;in den letzten Jahren&#8217; ist auch ein Scherz, die Jahre sind 1989 bis 2004 &#8211; wird mal Zeit, da eine neue Tafel hin zu h\u00e4ngen. Aber vielleicht kaufen dann die Touris keine Fahrt mehr zum Gletscher hinten, weil man vielleicht kaum noch was sieht  ;-)<\/p>\n<p><a href='http:\/\/extra.inmontanis.info\/d\/42844-2\/ge20170601c.jpg'><img src=http:\/\/extra.inmontanis.info\/d\/42843-3\/ge20170601c.jpg \/><\/a><br \/>\n^ Hier jedenfalls ein halbwegs aktuelles Sat-Foto vom Jostedalsbreen \/ Briksdalsbreen &#8211; Ausl\u00e4ufer. Der Briksdalsbreen h\u00f6rt mittlerweile ein sch\u00f6nes St\u00fcck \u00fcber dem See auf. Diese Tour mit den E-Autos dahinter kann man sich wohl sparen. <\/p>\n<p>Norwegen mag die gr\u00f6\u00dften Gletscher im kontinentalen Europa haben &#8211; aber die imposanteren bzw. auch l\u00e4ngeren Gletscherzungen sind in den Alpen, zumindest noch. Insofern kann ich den Hype, der hier \u00fcber gerade dieses doch eher schmale Gletscherz\u00fcngchen gemacht wird, nicht verstehen. Zumal man vom riesigen Schildgletscher oben ja nichts mitbekommt. <\/p>\n<p><a href='http:\/\/extra.inmontanis.info\/d\/42848-2\/DSC09208.jpg'><img src=http:\/\/extra.inmontanis.info\/d\/42847-3\/DSC09208.jpg \/><\/a><br \/>\n^ Wasserf\u00e4lle gibt es jedenfalls genug<\/p>\n<p><a href='http:\/\/extra.inmontanis.info\/d\/42852-2\/DSC09213.jpg'><img src=http:\/\/extra.inmontanis.info\/d\/42851-3\/DSC09213.jpg \/><\/a><br \/>\n^ 724 \/ Oldevatnet<\/p>\n<p><a href='http:\/\/extra.inmontanis.info\/d\/42856-2\/DSC09216.jpg'><img src=http:\/\/extra.inmontanis.info\/d\/42855-3\/DSC09216.jpg \/><\/a><br \/>\n^ 724 \/ einseitiger Tunnel<\/p>\n<p><a href='http:\/\/extra.inmontanis.info\/d\/42860-2\/DSC09217.jpg'><img src=http:\/\/extra.inmontanis.info\/d\/42859-3\/DSC09217.jpg \/><\/a><br \/>\n^ .. und eine alte Lawinengallerie<\/p>\n<p>\u00dcbernachtet wird an einem kleinen Rastplatz, mittlerweile ist es nach 22 Uhr und das Internet funkioniert immer noch nicht. Morgen muss ich einige F\u00e4hren fahren, da w\u00e4re es schon sehr hilfreich, wenn ich wie sonst \u00fcblich die Fahrpl\u00e4ne im Netz abrufen k\u00f6nnte. Mit +10\u00b0 ist das heute wenigstens ein lauer Abend, wo man auch mal l\u00e4nger noch am Computer was machen kann, ohne dass man gleich ins warme Bett muss &#8211; dort ist es mit der Tipperei dann doch etwas umst\u00e4ndlich.. <\/p>\n<p><a href='http:\/\/extra.inmontanis.info\/d\/42864-2\/IMG_3403.jpg'><img src=http:\/\/extra.inmontanis.info\/d\/42863-3\/IMG_3403.jpg \/><\/a><br \/>\n^ Schlafenszeit. Mit Wolldecke im Schlafsack an den Beinen, aber den Rei\u00dfverschluss nur bis auf Knieh\u00f6he geschlossen, weiter oben dann nur als Decke &#8211; mehr Platz.<\/p>\n<p>Jedenfalls werde ich in Zukunft die F\u00e4hre heimw\u00e4rts nicht mehr so fr\u00fch buchen. Ich nahm mir ja fest vor, an einem der letzten Tagen Folgefonna zu fahren, und dann war es einfach am sinnvollsten (auch weil die jetzt am Pfingst-WE schon recht teuer waren, au\u00dfer dieser einen, die mit 118,- \u20ac noch ging weil man sich ja Umweg + Maut um Oslo erspart). Hatte ja nicht erwartet, dass es nun jeden Tag so schlecht werden w\u00fcrde. Wg. der gebuchten F\u00e4hre bin ich ja Folgefona auch nicht beim Rauffahren gefahren, da h\u00e4tte es an dem einen Tag nach Rjukan ja relativ sonnig werden sollen&#8230; Und jetzt? Statt den geplanten 7 Skitagen in 5 Skigebieten (3x Sommerskigebiete NO, 2x Riksgr\u00e4nsen Tag, 1x Nacht, 1x Rjukan) werdens jetzt nur 3 Skitage in 2 Skigebieten (1x Riksgr\u00e4nsen Tag, 1x Nacht, 1x Stryn) &#8211; besch\u00e4mendes Ergebnis.<\/p>\n<p>Heutiges Dashcam-Video, u.a. mit:<br \/>\n0:23 Strynefjell<br \/>\n1:00 Auffahrt Stryn Sommerski (Schneew\u00e4lle ab 2:30)<br \/>\n<object style=\"height: 500px; width: 900px\"><param name=\"movie\" value=\"http:\/\/www.youtube.com\/v\/1t-lhvSpqYc\"><\/param><param name=\"wmode\" value=\"transparent\"><\/param><embed src=\"http:\/\/www.youtube.com\/v\/1t-lhvSpqYc\" type=\"application\/x-shockwave-flash\" wmode=\"transparent\"  width=\"900\" height=\"480\"><\/embed><\/object><\/p>\n<p>(Fortsetzung folgt)<\/p>\n","protected":false},"excerpt":{"rendered":"<p>Do, 1.6.2017 &#8211; Arctic Spring Tag 13 &#8211; Stryn<\/p>\n<p>Die heutige Nacht war doch recht kalt und unruhig, obwohl morgens sogar die Sonne reinschien und es egtl. auch gar nicht mehr so kalt war.. Heute fr\u00fch der Wetter-Vorhersagen-Check war der Worstcase f\u00fcr die Entscheidungsfindung: Galdh\u00f8piggen weiterhin angeblich wolkenloser Sonnenschein den ganzen Tag, selbst jetzt in <a href=\"http:\/\/blog.inmontanis.info\/?p=4457\">[&#8230;]<\/a><\/p>\n","protected":false},"author":1,"featured_media":0,"comment_status":"closed","ping_status":"closed","sticky":false,"template":"","format":"standard","meta":{"footnotes":""},"categories":[162,18,28,574],"tags":[38,52,45,86],"class_list":["post-4457","post","type-post","status-publish","format-standard","hentry","category-2017-05-arctic-spring","category-norwegennorway","category-skifahren-sommer","category-stryn","tag-dsb","tag-pb","tag-see","tag-wasserfall","odd"],"_links":{"self":[{"href":"http:\/\/blog.inmontanis.info\/index.php?rest_route=\/wp\/v2\/posts\/4457","targetHints":{"allow":["GET"]}}],"collection":[{"href":"http:\/\/blog.inmontanis.info\/index.php?rest_route=\/wp\/v2\/posts"}],"about":[{"href":"http:\/\/blog.inmontanis.info\/index.php?rest_route=\/wp\/v2\/types\/post"}],"author":[{"embeddable":true,"href":"http:\/\/blog.inmontanis.info\/index.php?rest_route=\/wp\/v2\/users\/1"}],"replies":[{"embeddable":true,"href":"http:\/\/blog.inmontanis.info\/index.php?rest_route=%2Fwp%2Fv2%2Fcomments&post=4457"}],"version-history":[{"count":4,"href":"http:\/\/blog.inmontanis.info\/index.php?rest_route=\/wp\/v2\/posts\/4457\/revisions"}],"predecessor-version":[{"id":4461,"href":"http:\/\/blog.inmontanis.info\/index.php?rest_route=\/wp\/v2\/posts\/4457\/revisions\/4461"}],"wp:attachment":[{"href":"http:\/\/blog.inmontanis.info\/index.php?rest_route=%2Fwp%2Fv2%2Fmedia&parent=4457"}],"wp:term":[{"taxonomy":"category","embeddable":true,"href":"http:\/\/blog.inmontanis.info\/index.php?rest_route=%2Fwp%2Fv2%2Fcategories&post=4457"},{"taxonomy":"post_tag","embeddable":true,"href":"http:\/\/blog.inmontanis.info\/index.php?rest_route=%2Fwp%2Fv2%2Ftags&post=4457"}],"curies":[{"name":"wp","href":"https:\/\/api.w.org\/{rel}","templated":true}]}}