{"id":4452,"date":"2017-07-16T08:56:09","date_gmt":"2017-07-16T06:56:09","guid":{"rendered":"http:\/\/blog.inmontanis.info\/?p=4452"},"modified":"2023-08-03T22:17:49","modified_gmt":"2023-08-03T20:17:49","slug":"tribute-to-staunies-2016-2026-chapter-1-2017","status":"publish","type":"post","link":"http:\/\/blog.inmontanis.info\/?p=4452","title":{"rendered":"Tribute to Staunies, 2016-2026 {Chapter 1: 2017}"},"content":{"rendered":"<p>Einige Jahre lang stand immer ein &#8220;heuer ist das letzte Jahr&#8221; im Raum. F\u00fcr Juli 2016 wurde das endg\u00fcltige Ende des sch\u00f6nen, nostalgischen Staunies-Gondelkorbliftes in Cortina d&#8217;Ampezzo proklamiert. An einem der letzten Tage, am 16.7.2016, war ich noch einmal dort und kaufte mir die Dolomiti-&#8220;Superski&#8221;-Sommer-Tageskarte um 44,- \u20ac, um den ganzen Tag \u00fcber mehrmals mit dem Lift fahren zu k\u00f6nnen. Selbst im Winter bin ich ungern bereit, soviel f\u00fcr einen Skipass auszugeben ;-)<\/p>\n<p>376 Fotos hatte ich gemacht (mit diversen Objektiven), dazu 159 Videoclips mit fast 3 Stunden L\u00e4nge, sowohl mit der kleinen Actioncam, wie mit der gro\u00dfen Digicam.<\/p>\n<p>Ich hab ja bereits mehrere Berichte mit vielen Fotos von dem Lift online und wollte diesen letzten Bericht zur einj\u00e4hrigen Stilllegung 2017 ver\u00f6ffentlichen. Jetzt, im Juli 2017, hab ich mir das anders \u00fcberlegt: Ich werde die Fotos und Videos aufteilen. Auf 10 Teil-Berichte. Und von heuer weg jedes Jahr im Juli einen weiteren Teil online stellen. Nat\u00fcrlich nicht alle 376 Fotos und alle 3 Stunden Videomaterial, voraussichtlich werden es ca. 230 Fotos werden. Das Ende dieses Berichts wird aber somit erst in 9 Jahren, im Juli 2026 sein, 10 Jahre nach dem endg\u00fcltigen Aus. Es mag sein, dass nicht alle Leser das Ende dieses Berichtes miterleben werden. Genauso, wie es sein kann, dass auch ich nicht mehr alle Teile online werde stellen k\u00f6nnen &#8211; wer wei\u00df das schon &#8230;<\/p>\n<p>Im Fr\u00fchjahr 2017 wurden die Gondeln verkauft &#8211; um oder \u00fcber 500,- \u20ac pro St\u00fcck. So gern, wie ich eine gehabt h\u00e4tte, aber die Kosten f\u00fcr die Kabine plus Transport etc. schienen mir doch etwas zu hoch. Jedenfalls ist dadurch das endg\u00fcltige Aus des Liftes besiegelt worden. Ob es w\u00e4hrend dieser Berichtslaufzeit zu einem Ersatz kommen wird, ist vom derzeitigen Standpunkt unbekannt und f\u00fcr mich pers\u00f6nlich irrelevant, denn meine Besuche hier waren stets wegen der mittlerweile Einmaligkeit des Liftes. <\/p>\n<p>(Fotos anklicken zum Vergr\u00f6\u00dfern)<\/p>\n<p><a href='http:\/\/ski.inmontanis.info\/d\/234619-2\/DSC05037.jpg'><img src=http:\/\/ski.inmontanis.info\/d\/234618-3\/DSC05037.jpg \/><\/a><br \/>\n^ Sektion 1<\/p>\n<p><a href='http:\/\/ski.inmontanis.info\/d\/234623-2\/DSC05038.jpg'><img src=http:\/\/ski.inmontanis.info\/d\/234622-3\/DSC05038.jpg \/><\/a><br \/>\n^ Sommer-Tageskarte um 44,- \u20ac, g\u00fcltig auf allen Anlagen im Dolomiti-Superski-Raum, aber ich blieb hier ..<\/p>\n<p><a href='http:\/\/ski.inmontanis.info\/d\/234627-2\/DSC05043.jpg'><img src=http:\/\/ski.inmontanis.info\/d\/234626-3\/DSC05043.jpg \/><\/a><br \/>\n^ Zoom Tofana. Bissl Sommerski im oberen Bereich der DSB w\u00e4r ja durchaus m\u00f6glich (irgendwo war da ja mal auf einigen Karten ein Sommerskilift eingezeichnet)<\/p>\n<p><a href='http:\/\/ski.inmontanis.info\/d\/234631-2\/DSC05044.jpg'><img src=http:\/\/ski.inmontanis.info\/d\/234630-3\/DSC05044.jpg \/><\/a><br \/>\n^ Zoom Bergstation PB Sektion 3 Tofana<\/p>\n<p><a href='http:\/\/ski.inmontanis.info\/d\/234615-2\/DSC05045.jpg'><img src=http:\/\/ski.inmontanis.info\/d\/234614-3\/DSC05045.jpg \/><\/a><br \/>\n^ Zoom Marmolada<\/p>\n<p><a href='http:\/\/ski.inmontanis.info\/d\/234635-2\/DSC05046.jpg'><img src=http:\/\/ski.inmontanis.info\/d\/234634-3\/DSC05046.jpg \/><\/a><br \/>\n^ Talstation<\/p>\n<p><a href='http:\/\/ski.inmontanis.info\/d\/234639-2\/DSC05047.jpg'><img src=http:\/\/ski.inmontanis.info\/d\/234638-3\/DSC05047.jpg \/><\/a><br \/>\n^ Strecke<\/p>\n<p><a href='http:\/\/ski.inmontanis.info\/d\/234643-2\/DSC05048.jpg'><img src=http:\/\/ski.inmontanis.info\/d\/234642-3\/DSC05048.jpg \/><\/a><br \/>\n^ St\u00fctze 1<\/p>\n<p><a href='http:\/\/ski.inmontanis.info\/d\/234647-2\/DSC05050.jpg'><img src=http:\/\/ski.inmontanis.info\/d\/234646-3\/DSC05050.jpg \/><\/a><br \/>\n^ Die kleine Dash\/Actioncam lief oftmals parallel, w\u00e4hrend ich mit der gro\u00dfen Cam Fotos und weitere Filme machte ..<\/p>\n<p><a href='http:\/\/ski.inmontanis.info\/d\/234651-2\/DSC05051.jpg'><img src=http:\/\/ski.inmontanis.info\/d\/234650-3\/DSC05051.jpg \/><\/a><br \/>\n^ Bergstation<\/p>\n<p><a href='http:\/\/ski.inmontanis.info\/d\/234655-2\/DSC05053.jpg'><img src=http:\/\/ski.inmontanis.info\/d\/234654-3\/DSC05053.jpg \/><\/a><br \/>\n^ Gondel<\/p>\n<p><a href='http:\/\/ski.inmontanis.info\/d\/234659-2\/DSC05054.jpg'><img src=http:\/\/ski.inmontanis.info\/d\/234658-3\/DSC05054.jpg \/><\/a><br \/>\n^ Sitz<\/p>\n<p><a href='http:\/\/ski.inmontanis.info\/d\/234663-2\/DSC05055.jpg'><img src=http:\/\/ski.inmontanis.info\/d\/234662-3\/DSC05055.jpg \/><\/a><br \/>\n^ Bergstation<\/p>\n<p><a href='http:\/\/ski.inmontanis.info\/d\/234667-2\/DSC05056.jpg'><img src=http:\/\/ski.inmontanis.info\/d\/234666-3\/DSC05056.jpg \/><\/a><br \/>\n^ Quartett-St\u00fctze 15<\/p>\n<p><a href='http:\/\/ski.inmontanis.info\/d\/234671-2\/DSC05057.jpg'><img src=http:\/\/ski.inmontanis.info\/d\/234670-3\/DSC05057.jpg \/><\/a><br \/>\n^ St\u00fctze 15<\/p>\n<p><a href='http:\/\/ski.inmontanis.info\/d\/234675-2\/DSC05058.jpg'><img src=http:\/\/ski.inmontanis.info\/d\/234674-3\/DSC05058.jpg \/><\/a><br \/>\n^ St\u00fctze 15, nach oben verl\u00e4ngert<\/p>\n<p><a href='http:\/\/ski.inmontanis.info\/d\/234679-2\/DSC05059.jpg'><img src=http:\/\/ski.inmontanis.info\/d\/234678-3\/DSC05059.jpg \/><\/a><br \/>\n^ Einfahrt Bergstation<\/p>\n<p><a href='http:\/\/ski.inmontanis.info\/d\/234683-2\/DSC05060.jpg'><img src=http:\/\/ski.inmontanis.info\/d\/234682-3\/DSC05060.jpg \/><\/a><br \/>\n^ Nah am Fels (Zoom-Effekt)<\/p>\n<p><a href='http:\/\/ski.inmontanis.info\/d\/234687-2\/DSC05064.jpg'><img src=http:\/\/ski.inmontanis.info\/d\/234686-3\/DSC05064.jpg \/><\/a><br \/>\n^ Bergstation<\/p>\n<p><a href='http:\/\/ski.inmontanis.info\/d\/234691-2\/DSC05067.jpg'><img src=http:\/\/ski.inmontanis.info\/d\/234690-3\/DSC05067.jpg \/><\/a><br \/>\n^ Bergstation<\/p>\n<p><a href='http:\/\/ski.inmontanis.info\/d\/234695-2\/DSC05071.jpg'><img src=http:\/\/ski.inmontanis.info\/d\/234694-3\/DSC05071.jpg \/><\/a><br \/>\n^ Strecke<\/p>\n<p><a href='http:\/\/ski.inmontanis.info\/d\/234699-2\/DSC05072.jpg'><img src=http:\/\/ski.inmontanis.info\/d\/234698-3\/DSC05072.jpg \/><\/a><br \/>\n^ Rifugio<\/p>\n<p><a href='http:\/\/ski.inmontanis.info\/d\/234703-2\/DSC05073.jpg'><img src=http:\/\/ski.inmontanis.info\/d\/234702-3\/DSC05073.jpg \/><\/a><br \/>\n^ Bergstation und Aufgang zum Klettersteig bzw. ehemaligem Sommerskigebiet<\/p>\n<p>Auch das Videomaterial werde ich splitten und jeweils das zu den Fotos passende Material zusammenschneiden. Hier also der diesj\u00e4hrige Schnitt:<\/p>\n<p><object style=\"height: 500px; width: 900px\"><param name=\"movie\" value=\"http:\/\/www.youtube.com\/v\/2IvEe5tI6Is\"><\/param><param name=\"wmode\" value=\"transparent\"><\/param><embed src=\"http:\/\/www.youtube.com\/v\/2IvEe5tI6Is\" type=\"application\/x-shockwave-flash\" wmode=\"transparent\"  width=\"900\" height=\"480\"><\/embed><\/object><\/p>\n<p>(Fortsetzung folgt &#8211; im Juli 2018.)<\/p>\n","protected":false},"excerpt":{"rendered":"<p>Einige Jahre lang stand immer ein &#8220;heuer ist das letzte Jahr&#8221; im Raum. F\u00fcr Juli 2016 wurde das endg\u00fcltige Ende des sch\u00f6nen, nostalgischen Staunies-Gondelkorbliftes in Cortina d&#8217;Ampezzo proklamiert. An einem der letzten Tage, am 16.7.2016, war ich noch einmal dort und kaufte mir die Dolomiti-&#8220;Superski&#8221;-Sommer-Tageskarte um 44,- \u20ac, um den ganzen Tag \u00fcber mehrmals mit <a href=\"http:\/\/blog.inmontanis.info\/?p=4452\">[&#8230;]<\/a><\/p>\n","protected":false},"author":1,"featured_media":0,"comment_status":"closed","ping_status":"closed","sticky":false,"template":"","format":"standard","meta":{"footnotes":""},"categories":[500,15,59],"tags":[63],"class_list":["post-4452","post","type-post","status-publish","format-standard","hentry","category-cortina-dampezzo","category-italienitaly","category-nostalgie","tag-korblift","odd"],"_links":{"self":[{"href":"http:\/\/blog.inmontanis.info\/index.php?rest_route=\/wp\/v2\/posts\/4452","targetHints":{"allow":["GET"]}}],"collection":[{"href":"http:\/\/blog.inmontanis.info\/index.php?rest_route=\/wp\/v2\/posts"}],"about":[{"href":"http:\/\/blog.inmontanis.info\/index.php?rest_route=\/wp\/v2\/types\/post"}],"author":[{"embeddable":true,"href":"http:\/\/blog.inmontanis.info\/index.php?rest_route=\/wp\/v2\/users\/1"}],"replies":[{"embeddable":true,"href":"http:\/\/blog.inmontanis.info\/index.php?rest_route=%2Fwp%2Fv2%2Fcomments&post=4452"}],"version-history":[{"count":4,"href":"http:\/\/blog.inmontanis.info\/index.php?rest_route=\/wp\/v2\/posts\/4452\/revisions"}],"predecessor-version":[{"id":4454,"href":"http:\/\/blog.inmontanis.info\/index.php?rest_route=\/wp\/v2\/posts\/4452\/revisions\/4454"}],"wp:attachment":[{"href":"http:\/\/blog.inmontanis.info\/index.php?rest_route=%2Fwp%2Fv2%2Fmedia&parent=4452"}],"wp:term":[{"taxonomy":"category","embeddable":true,"href":"http:\/\/blog.inmontanis.info\/index.php?rest_route=%2Fwp%2Fv2%2Fcategories&post=4452"},{"taxonomy":"post_tag","embeddable":true,"href":"http:\/\/blog.inmontanis.info\/index.php?rest_route=%2Fwp%2Fv2%2Ftags&post=4452"}],"curies":[{"name":"wp","href":"https:\/\/api.w.org\/{rel}","templated":true}]}}