{"id":445,"date":"2009-02-27T23:59:05","date_gmt":"2009-02-27T21:59:05","guid":{"rendered":"http:\/\/blog.inmontanis.info\/?p=445"},"modified":"2023-08-03T21:33:31","modified_gmt":"2023-08-03T19:33:31","slug":"sdi-2009-tag-7-laceno-27-2-2009","status":"publish","type":"post","link":"http:\/\/blog.inmontanis.info\/?p=445","title":{"rendered":"SdI 2009 Tag 7: Laceno, 27.2.2009"},"content":{"rendered":"<p><em>[_de]Bilder anklicken zum Vergr\u00f6\u00dfern[\/_de]\u2028[_en]Click photos to enlarge[\/_en]<\/em><\/p>\n<p><strong>27.2.2009, &#8220;Schiro&#8221; d&#8217;Italia &#8211; Der verflixte 7. Tag &#8211; Laceno (K)<\/strong><\/p>\n<p><img src=http:\/\/ski.inmontanis.info\/d\/93567-1\/routpin2.jpg \/><br \/>\n^ K: Laceno<\/p>\n<p><a href='http:\/\/ski.inmontanis.info\/d\/94763-1\/P1350858.JPG'><img src=http:\/\/ski.inmontanis.info\/d\/94765-4\/P1350858.JPG \/><\/a><br \/>\n^ Blick vom Zimmer richtung Skigebiet<\/p>\n<p>Der heutige Tag hat mich vor neuen Herausforderungen gestellt: Auf dem Weg zum Sessellift in Laceno war ich &#8211; wie so h\u00e4ufig &#8211; abgelenkt und mein Unterbewusstsein konnte sich wohl nicht entscheiden, ob es die Stra\u00dfe gerade aus oder nach links in den Parkplatz nehmen sollte. Oder anders gesagt: Der Kurvenradius in Verl\u00e4ngerung endete nicht in der gewollten Stra\u00dfe, sondern an einem Baum und einem Verkehrsschild. Da half auch das Bremsen nichts mehr und zum Lenken fehlte die Reaktionszeit. <\/p>\n<p><a href='http:\/\/ski.inmontanis.info\/d\/94863-1\/P1350861.JPG'><img src=http:\/\/ski.inmontanis.info\/d\/94865-3\/P1350861.JPG \/><\/a><br \/>\n^ .. wer den Schaden hat, braucht f\u00fcr den Spott nicht zu sorgen &#8230;<\/p>\n<p>09:51 &#8211; Und es hat Bumm gemacht. Kurz zur\u00fcckgesetzt, was noch ging, und schon Hoffnungen gemacht, dass alles gar nicht so schlimm sei. Nun, ausgestiegen und gesehen: Da muss ich in eine Werkstatt und den Abschleppwagen rufen.<\/p>\n<p><a href='http:\/\/ski.inmontanis.info\/d\/94858-1\/P1350859.JPG'><img src=http:\/\/ski.inmontanis.info\/d\/94860-3\/P1350859.JPG \/><\/a><br \/>\n^ Ein kapitaler Schaden &#8230;<\/p>\n<p>09:53 &#8211; Ich rufe also die \u00d6AMTC-Hotline an, die mir erkl\u00e4ren, dass sich innerhalb der n\u00e4chsten Stunde der ACI melden wird. Auf meine Frage, ob ich die Carabinieri wg. des etwas besch\u00e4digten Schildes anrufen soll, meinten sie: W\u00e4re vielleicht besser.<\/p>\n<p>10:00 &#8211; Ich versuche den Carabinieri klar zu machen, was passiert ist. Englisch redete der nicht, und ich hoffe, er verstand, dass ich incidente meinte, als ich accidente sagte und damit Unfall meinte. Stra\u00dfenschild hab ich im W\u00f6rterbuch nachgeschlagen. Er meinte zuerst, ich solle ihm einen italienisch sprechenden geben. H\u00e4? Da ist keiner. Ja wie keiner? Nein, nur ich und das Stra\u00dfenschild. Nun, seine Antwort war: Kein Problem. Fein, spar ich mir wenigstens diese Kosten! Ok, das h\u00e4tte eh die Versicherung \u00fcbernommen..<\/p>\n<p>Ich sammle also meine rumliegenden Plastikteile und mein Nummernschild ein und stelle so f\u00fcr mich fest, dass es eigentlich gar nicht sooo schlimm aussieht.<\/p>\n<p>10:30 &#8211; der ACI versucht mich anzurufen, was mangels Telefonempfang etwas schwierig wurde, also rief ich zur\u00fcck. Nach Erkl\u00e4rungen und Verbindungen wurde mir gesagt, dass die n\u00e4chste Karosserie-Werkstatt in Montella sei und es ca. 30min dauert, bis der Abschleppwagen kommt.<\/p>\n<p>11:15 &#8211; der Abschleppwagen kommt endlich, will umkehren &#8211; und steckt im Schnee fest. Zuf\u00e4llig kam ein Jeep des Weges, ein Pfiff und der Abschleppwagen wurde mittels Stahlkette sozusagen kurz selbst abgeschleppt :)<\/p>\n<p>Der &#8220;Abschlepper&#8221; zieht meint Auto rauf, und ich erkl\u00e4re ihm, dass ich nur heute hier w\u00e4re, und ich n\u00e4chste Woche noch skifahren m\u00f6chte, worauf er meinte, dass das Auto nicht so schnell repariert werden k\u00f6nnte und es heim nach \u00d6sterreich m\u00fcsse.<\/p>\n<p>Auf der Fahrt hinab nach Montella hab ich ihm erkl\u00e4rt, dass ich ja noch weiter in den S\u00fcden m\u00f6chte und evtl. Dienstag oder Mittwoch wieder hier w\u00e4re &#8211; ob mein Auto nicht doch bis dahin repariert werden k\u00f6nne, so dass ich wieder damit heimfahren k\u00f6nnte? Nun, es stellte sich heraus, dass das wohl m\u00f6glich sei.<\/p>\n<p>Beim Abladen meines Autos sah ich, dass nicht nur die Au\u00dfenkarosserie etwas besch\u00e4digt ist, auch an der Achse\/Spur war &#8216;was besch\u00e4digt. Also nix mit Reifen wechseln und gut is.<\/p>\n<p>Etwas komplizierter gestaltete sich die Mietwagengeschichte, da ich keine Kreditkarte hatte, so konnte der \u00d6AMTC keinen Leihwagen organisieren, und der Abschlepper &#8211; seines Zeichens Mitarbeiter in einer kleinen VW-Renault-Werkstatt &#8211; hat einen Mietwagen einer lokalen Firma organisiert (bzw. ist das eine Subfirma bei denen oder so). Hatte ihn bei sich stehen. Kaution 500,-.<\/p>\n<p>Also musste ich zur Bank, ein anderer Mitarbeiter hat mich dort hingefahren. Das Abheben ging aber nicht. EC-Leitung derzeit nicht in Funktion oder so. Zur n\u00e4chsten Bank. Gleiches Problem.<\/p>\n<p>Zum Gl\u00fcck war die Bank gerade offen, also versuchte ich, hineinzugehen. Was gar nicht so einfach war, bzw. hab ichs nicht gecheckt, und ging zur\u00fcck zum Werkstatt-Mitarbeiter, der es mir dann zeigte, wie ich reinkomm: Man muss die &#8220;T\u00fcre&#8221; seitw\u00e4rts nehmen, zuvor einen Knopf dr\u00fccken. Man kommt in so ein kleines rundes K\u00e4mmerchen, nach 2-3 Sekunden kommt man im 90\u00b0-Winkel durch eine andere T\u00fcre raus! Scheint also eine Sicherungsma\u00dfnahme zu sein, vermutlich mit Metalldetektor oder gar Body-Scanner! Kurios. Hab dann den Bank-Mitarbeiter gebeten, mir zu helfen &#8211; er hatte mir dann erkl\u00e4rt, ich k\u00f6nne nur die angezeigten 250,- auf einmal abheben, und den Rest (zu den 400,- Tageslimit) beim zweiten Mal. Na supi, woher soll man das denn wissen? Das ging jetzt jedenfalls.<\/p>\n<p>Wieder in der Werkstatt war der &#8220;Abschlepper&#8221; noch besch\u00e4ftigt, den Papierkram f\u00fcr die Abschleppung und den Mietwagen zu machen, und meine Dokumente zu kopieren.<\/p>\n<p>13:30 &#8211; endlich hatte ich alles gekl\u00e4rt und den Mietwagen in H\u00e4nden: Einen Fiesta Diesel. Wenigstens keine gr\u00f6\u00dfere Umstellung, von der Kupplung und der manuellen Schaltung mal abgesehen.<\/p>\n<p>14:00 &#8211; Ankunft wieder in Laceno am Sessellift, Nachmittagskarte um 10,- gekauft.<\/p>\n<p>Nun, Laceno blieb weit hinter den Erwartungen zur\u00fcck: Homologierte Abfahrten, und die schwarze rechte Hintenrumabfahrt gesperrt und mit einem Schild versehen, dass man besser nicht alleine fahren soll. Bin zwar mal kurz den Weg gegangen, aber nicht weit genug, um den Start der Abfahrt zu sehen. Sp\u00e4ter, daheim, in Innsbruck, in Google Earth &#8211; da sah ich, dass das  doch ne richtige Abfahrtsschneise gewesen w\u00e4re &#8211; eine sch\u00f6ne schmale Waldabfahrt. \u00c4rgert mich, die schaut auf dem Sat-Bild echt genial aus&#8230;<\/p>\n<p><a href='http:\/\/ski.inmontanis.info\/d\/94844-1\/P1350888.JPG'><img src=http:\/\/ski.inmontanis.info\/d\/94846-4\/P1350888.JPG \/><\/a><br \/>\n^ Pistenplan<\/p>\n<p><a href='http:\/\/ski.inmontanis.info\/d\/94767-1\/P1350862.JPG'><img src=http:\/\/ski.inmontanis.info\/d\/94769-4\/P1350862.JPG \/><\/a><br \/>\n^ Kinderland, DSB (links) und stillgelegter SL (rechts)<\/p>\n<p><a href='http:\/\/ski.inmontanis.info\/d\/94771-1\/P1350863.JPG'><img src=http:\/\/ski.inmontanis.info\/d\/94773-4\/P1350863.JPG \/><\/a><br \/>\n^ Ex-SL<\/p>\n<p><a href='http:\/\/ski.inmontanis.info\/d\/94775-1\/P1350865.JPG'><img src=http:\/\/ski.inmontanis.info\/d\/94777-4\/P1350865.JPG \/><\/a><br \/>\n^ DSB Sektion I und Talabfahrt<\/p>\n<p><a href='http:\/\/ski.inmontanis.info\/d\/94779-1\/P1350867.JPG'><img src=http:\/\/ski.inmontanis.info\/d\/94781-4\/P1350867.JPG \/><\/a><br \/>\n^ DSB Sektion I &#8211; Bergstation und Sektion II &#8211; Talstatoin<\/p>\n<p><a href='http:\/\/ski.inmontanis.info\/d\/94783-1\/P1350868.JPG'><img src=http:\/\/ski.inmontanis.info\/d\/94785-4\/P1350868.JPG \/><\/a><br \/>\n^ DSB Sektion II und Abfahrten<\/p>\n<p><a href='http:\/\/ski.inmontanis.info\/d\/94787-1\/P1350869.JPG'><img src=http:\/\/ski.inmontanis.info\/d\/94789-4\/P1350869.JPG \/><\/a><br \/>\n^ Start zur rechten schwarzen Abfahrt 1 &#8211; Nordica.<\/p>\n<p><a href='http:\/\/ski.inmontanis.info\/d\/94791-1\/P1350870.JPG'><img src=http:\/\/ski.inmontanis.info\/d\/94793-4\/P1350870.JPG \/><\/a><br \/>\n^ Etwas abschreckendes Schild an der Abfahrt Nordica. Hei\u00dft wohl soviel wie, dass man zumindest paarweise &#8211; also nicht allein &#8211; fahren soll &#8230;<\/p>\n<p><a href='http:\/\/ski.inmontanis.info\/d\/94795-1\/P1350871.JPG'><img src=http:\/\/ski.inmontanis.info\/d\/94797-4\/P1350871.JPG \/><\/a><br \/>\n^ Linke Abfahrten an der Sektion II<\/p>\n<p><a href='http:\/\/ski.inmontanis.info\/d\/94799-1\/P1350872.JPG'><img src=http:\/\/ski.inmontanis.info\/d\/94801-4\/P1350872.JPG \/><\/a><br \/>\n^ DSB Sektion II Bergstation<\/p>\n<p><a href='http:\/\/ski.inmontanis.info\/d\/94803-1\/P1350873.JPG'><img src=http:\/\/ski.inmontanis.info\/d\/94805-4\/P1350873.JPG \/><\/a><br \/>\n^ Ohne Wolken h\u00e4tte man hier sogar Meer-Pano.<\/p>\n<p><a href='http:\/\/ski.inmontanis.info\/d\/94807-1\/P1350874.JPG'><img src=http:\/\/ski.inmontanis.info\/d\/94809-4\/P1350874.JPG \/><\/a><br \/>\n^ Eine der linken Abfahrten 4 oder 5 der Sektion II<\/p>\n<p><a href='http:\/\/ski.inmontanis.info\/d\/94811-1\/P1350875.JPG'><img src=http:\/\/ski.inmontanis.info\/d\/94813-4\/P1350875.JPG \/><\/a><br \/>\n^ Schwarze Abfahrt 3 an der Sektion II<\/p>\n<p><a href='http:\/\/ski.inmontanis.info\/d\/94815-1\/P1350876.JPG'><img src=http:\/\/ski.inmontanis.info\/d\/94817-4\/P1350876.JPG \/><\/a><br \/>\n^ Blick zum Lago Laceno<\/p>\n<p><a href='http:\/\/ski.inmontanis.info\/d\/94819-1\/P1350877.JPG'><img src=http:\/\/ski.inmontanis.info\/d\/94821-4\/P1350877.JPG \/><\/a><br \/>\n^ Schwarze Abfahrt 3. Ziemlich komplett modelliert. Unten die beiden DSB-Stationen.<\/p>\n<p><a href='http:\/\/ski.inmontanis.info\/d\/94823-1\/P1350878.JPG'><img src=http:\/\/ski.inmontanis.info\/d\/94825-4\/P1350878.JPG \/><\/a><br \/>\n^ Skiweg Abfahrt Nordica<\/p>\n<p><a href='http:\/\/ski.inmontanis.info\/d\/94827-1\/P1350882.JPG'><img src=http:\/\/ski.inmontanis.info\/d\/94829-4\/P1350882.JPG \/><\/a><br \/>\n^ Skiweg Abfahrt Nordica. Hier hab ichs dummerweise gelassen und nicht weiter nach einer Schneise gesucht &#8211; weil ja eh gesperrt und so. Als ichs mir sp\u00e4ter in GE angesehen hatte *arschbei\u00df*<\/p>\n<p><a href='http:\/\/ski.inmontanis.info\/d\/94848-1\/20090227-laceno.jpg'><img src=http:\/\/ski.inmontanis.info\/d\/94850-4\/20090227-laceno.jpg \/><\/a><br \/>\n^ GPS-Track. Man kann auch gut die rechte Nordica-Abfahrt erkennen, die ich leider nicht gefahren bin &#8230; <\/p>\n<p><a href='http:\/\/ski.inmontanis.info\/d\/94832-1\/P1350883.JPG'><img src=http:\/\/ski.inmontanis.info\/d\/94834-4\/P1350883.JPG \/><\/a><br \/>\n^ Talabfahrt. Komplettmodelliert. G\u00e4hn.<\/p>\n<p><a href='http:\/\/ski.inmontanis.info\/d\/94836-1\/P1350884.JPG'><img src=http:\/\/ski.inmontanis.info\/d\/94838-4\/P1350884.JPG \/><\/a><br \/>\n^ Talabfahrt. Sehr leicht.<\/p>\n<p><a href='http:\/\/ski.inmontanis.info\/d\/94840-1\/P1350885.JPG'><img src=http:\/\/ski.inmontanis.info\/d\/94842-4\/P1350885.JPG \/><\/a><br \/>\n^ Auch hier gibt&#8217;s einige aufgelassene H\u00e4user<\/p>\n<p>Au\u00dferdem bew\u00f6lkt, so dass man das Meer nicht sehen konnte. Gegen 15:45 hab ich&#8217;s somit wieder gelassen mit der Erkenntnis: W\u00e4r ich mal besser nicht nach Laceno gefahren, h\u00e4tte mir viel Geld und Probleme erspart.<\/p>\n<p>Ok, im Nachhinein muss man wohl froh sein, dass es nur ein Baum war und kein Auto oder Mensch oder Abgrund&#8230; auch die Kosten sind hier recht g\u00fcnstig, um 350,- wird er mein Auto wieder flott machen, dank g\u00fcnstigen 25,- Stundenlohn (wir in Innsbruck verlangen \u00fcber 100,-!). Die Feinarbeit werd ich dann aber in Innsbruck machen lassen &#8211; oder auch nicht, je nach den Kosten und wie schlimm es ausschaut. Hoffentlich brauch ich in den n\u00e4chsten Tagen keine Ketten, da w\u00e4ren jetzt n\u00e4mlich keine im Auto &#8211; genausowenig wie ein Eiskratzer. Ufz&#8230;<\/p>\n<p>Ein bissl durch den Plan wirft mich das schon &#8211; weil ich eigentlich am Dienstag in Sizilien sein wollte, und evtl. dort einen Puffertag brauch, falls das Wetter m\u00fcllig ist. Derzeit schauts sowieso nicht gerade gut aus, ab Sonntag solls schlechter werden und ne wirkliche Wetterbesserung ist bis Dienstag mal keine in Sicht&#8230; Also fraglich, ob ich mit dem Mietwagen bis nach Sizilien fahr oder stattdessen am Dienstag einen Autotausch-Tag einlege&#8230;. (was wiederum bl\u00f6d w\u00e4re, wenn mein Auto dann doch am Dienstag nicht mehr oder erst gegen Abend fertig werden w\u00fcrde&#8230;)<\/p>\n<p>Nochwas: Es ist echt erstaunlich, wieviel Hunde hier in der Mitte und im S\u00fcden Italiens \u00fcberall auf den Stra\u00dfen unterwegs sind! Also eher im d\u00f6rflichen Bereich. Liegen mitten auf der Stra\u00dfe, streunen in Gruppen umher&#8230;.<\/p>\n<p>Weiter gings erst mal nach Sellata. Hier unten sind netterweise sogar die meisten gr\u00fcnen Autobahnen mautfrei, aber viel Autobahn wars eh nicht.<\/p>\n<p><a href='http:\/\/ski.inmontanis.info\/d\/94867-1\/P1350886.JPG'><img src=http:\/\/ski.inmontanis.info\/d\/94869-3\/P1350886.JPG \/><\/a><br \/>\n^ Auf der A3, eins der wenigen baustellenlosen, alten St\u00fccke<\/p>\n<p>Gleich am Sellata-Pass hab ich mir das erste 3-Sterne-Hotel &#8220;Hotel Sellata&#8221; geschnappt, war ausnahmsweise mal ein Gl\u00fccksgriff: Eigentlich nur Doppelzimmer und eigentlich Halbpension erst ab 4 Tage, aber er hatte wohl seinen guten Tag und wenig G\u00e4ste, jedenfalls hab ich die HP auch um 50,- bekommen. Sch\u00f6nes, neues, modernes Haus, etwas im Alpin-Rifugio-Stil, also viel Holzverkleidung, Schr\u00e4gdach, sch\u00f6n eingerichteter Speisesaal, gutes und gro\u00dfes Abendessen. Eh klar, dass dann das Fr\u00fchst\u00fcck umso winziger ausfallen musste: Hei\u00dfgetr\u00e4nk plus ein abgepacktes Croissant &#8211; das war&#8217;s dann&#8230; Hmpf.<\/p>\n<p>Irgendwie bin ich hier gar nicht mal soweit weg von Innsbruck: 1.100km. Im Vgl: In die Franz\u00f6sischen S\u00fcdalpen sind&#8217;s auch schon 700km, nach Kiel auch knapp \u00fcber 1000km, also ungef\u00e4hr die Strecke, die Holl\u00e4nder nach \u00d6sterreich fahren&#8230; Massif Central w\u00e4re ebenfalls so um die 1000-1100km weg, Vom Etna aus werdens jetzt dann 1500km werden, Pyren\u00e4en und Griechenland auch jeweils um die 1500-1600km. Da sieht man mal wieder, wie zentral Innsbruck liegt, alle europ\u00e4ischen Skidestinationen sind im Umkreis von 1500km :) Nur nach Skandinavien w\u00e4ren es etwas mehr, Zentral-Norwegen 1800km und Nord-Norwegen \u00fcber 3.000km &#8230; hachja, Norwegen, das wollt ich doch auch mal im Winter &#8230;.<\/p>\n","protected":false},"excerpt":{"rendered":"<p>Der heutige Tag hat mich vor neuen Herausforderungen gestellt: Der Kurvenradius in Verl\u00e4ngerung endete nicht in der gewollten Stra\u00dfe, sondern an einem Baum und einem Verkehrsschild&#8230; <a href=\"http:\/\/blog.inmontanis.info\/?p=445\">[&#8230;]<\/a><\/p>\n","protected":false},"author":1,"featured_media":0,"comment_status":"open","ping_status":"closed","sticky":false,"template":"","format":"standard","meta":{"footnotes":""},"categories":[61,15,475,27,32],"tags":[38],"class_list":["post-445","post","type-post","status-publish","format-standard","hentry","category-schiroditalia","category-italienitaly","category-laceno","category-skifahren-winterskiing-winter","category-lostplaces","tag-dsb","odd"],"_links":{"self":[{"href":"http:\/\/blog.inmontanis.info\/index.php?rest_route=\/wp\/v2\/posts\/445","targetHints":{"allow":["GET"]}}],"collection":[{"href":"http:\/\/blog.inmontanis.info\/index.php?rest_route=\/wp\/v2\/posts"}],"about":[{"href":"http:\/\/blog.inmontanis.info\/index.php?rest_route=\/wp\/v2\/types\/post"}],"author":[{"embeddable":true,"href":"http:\/\/blog.inmontanis.info\/index.php?rest_route=\/wp\/v2\/users\/1"}],"replies":[{"embeddable":true,"href":"http:\/\/blog.inmontanis.info\/index.php?rest_route=%2Fwp%2Fv2%2Fcomments&post=445"}],"version-history":[{"count":3,"href":"http:\/\/blog.inmontanis.info\/index.php?rest_route=\/wp\/v2\/posts\/445\/revisions"}],"predecessor-version":[{"id":3264,"href":"http:\/\/blog.inmontanis.info\/index.php?rest_route=\/wp\/v2\/posts\/445\/revisions\/3264"}],"wp:attachment":[{"href":"http:\/\/blog.inmontanis.info\/index.php?rest_route=%2Fwp%2Fv2%2Fmedia&parent=445"}],"wp:term":[{"taxonomy":"category","embeddable":true,"href":"http:\/\/blog.inmontanis.info\/index.php?rest_route=%2Fwp%2Fv2%2Fcategories&post=445"},{"taxonomy":"post_tag","embeddable":true,"href":"http:\/\/blog.inmontanis.info\/index.php?rest_route=%2Fwp%2Fv2%2Ftags&post=445"}],"curies":[{"name":"wp","href":"https:\/\/api.w.org\/{rel}","templated":true}]}}