{"id":4446,"date":"2017-05-30T20:31:40","date_gmt":"2017-05-30T18:31:40","guid":{"rendered":"http:\/\/blog.inmontanis.info\/?p=4446"},"modified":"2017-07-11T06:43:03","modified_gmt":"2017-07-11T04:43:03","slug":"lycksele-ostersund-30-5-2017","status":"publish","type":"post","link":"http:\/\/blog.inmontanis.info\/?p=4446","title":{"rendered":"Lycksele-\u00d6stersund, 30.5.2017"},"content":{"rendered":"<p><strong>Di, 30.5.2017 &#8211; Arctic Spring Tag 11 &#8211; Lycksele-\u00d6stersund<\/strong> <\/p>\n<p>Gestern, heute, morgen &#8211; um die 3 Urlaubstage ist&#8217;s echt schad. Eigentlich h\u00e4tte ich die gro\u00dfe &#8220;Kehre&#8221; um das Klimpfj\u00e4ll fahren wollen &#8211; aber an der Abzweigung zur Stra\u00dfe stand, dass die bis 6.6. geschlossen sei. Vmtl. Wintersperre, stand in meinem Stra\u00dfenatlas leider nicht drin. Also etwas anders gefahren, war auch nett, inkl. dirt road und kurzer Durchfahrt durch Norwegen. Schnee war dann aber nicht mehr genug f\u00fcr eine Skitour, somit weiter nach S\u00fcden \/ \u00d6stersund.<\/p>\n<p>Hin und wieder mal die Wettervorhersagen gecheckt, einziger sonniger Tag f\u00fcr den Rest der Woche am Donnerstag am Galdh\u00f8piggen, weniger Sonne in Stryn, regnerisch am Folgefonna. Evtl. am G. morgen nachmittags etwas Sonne, aber vormittags angeblich Nebel &#8211; das Risiko geh ich nicht ein, also morgen noch bisschen Umwege fahren .. Generell h\u00e4tt ich bei den Wettervorhersagen auch genauso gut heim fahren k\u00f6nnen. Anders gesagt: In 10-12 Tagen komm ich auch gut und weit durch Skandinavien, falls ich mal in einem Sommer nicht mehr so viele Urlaubstage \u00fcbrig hab.<\/p>\n<p>Fotogen war er jedenfalls, der heutigen Tag, ich kam an vielen Seen und Fl\u00fcssen vorbei und dank Sonne waren sie alle tief blau. Nix milchig-gr\u00fcn oder braun oder sonstwas. Auch die Temperaturen waren wieder angenehmer mit bis zu +15\u00b0. Moment, jetzt wirds langsam schon fast wieder zu warm ;-). \u00dcbernachtet wird an einem gro\u00dfen Parkplatz eines anscheinend ehemaligen Vergn\u00fcgungsparks &#8211; hatte jedenfalls keine Verbotsschilder gesehen.<\/p>\n<p>(Fotos anklicken zum Vergr\u00f6\u00dfern)<\/p>\n<p><a href='http:\/\/extra.inmontanis.info\/d\/42310-2\/ge20170530.jpg'><img src=http:\/\/extra.inmontanis.info\/d\/42309-3\/ge20170530.jpg \/><\/a><br \/>\n^ Route 30.5.2017 (Magenta), ca. 770km<br \/>\nJ) Linbana<\/p>\n<p><a href='http:\/\/ski.inmontanis.info\/d\/234497-2\/DSC08579.jpg'><img src=http:\/\/ski.inmontanis.info\/d\/234496-3\/DSC08579.jpg \/><\/a><br \/>\n^ Zuf\u00e4lligerweise f\u00fchrte mich mein Weg heute an der Linbana(n) vorbei, heuer leider nicht in Betrieb &#8211; und Ende Mai sowieso noch nicht. <\/p>\n<p><a href='http:\/\/ski.inmontanis.info\/d\/234501-2\/DSC08581.jpg'><img src=http:\/\/ski.inmontanis.info\/d\/234500-3\/DSC08581.jpg \/><\/a><br \/>\n^ St\u00fctze der weltl\u00e4ngsten Seilbahn<\/p>\n<p><a href='http:\/\/ski.inmontanis.info\/d\/234505-2\/DSC08582.jpg'><img src=http:\/\/ski.inmontanis.info\/d\/234504-3\/DSC08582.jpg \/><\/a><br \/>\n^ St\u00fctze<\/p>\n<p><a href='http:\/\/ski.inmontanis.info\/d\/234509-2\/DSC08583.jpg'><img src=http:\/\/ski.inmontanis.info\/d\/234508-3\/DSC08583.jpg \/><\/a><br \/>\n^ St\u00fctze. Hatte ja 2006 schon so gut wie alles fotografiert, daher heute nur links liegen lassen. W\u00fcrde sie aber gerne nochmal fahren. Hoffentlich nicht f\u00fcr immer geschlossen.<\/p>\n<p>Bilder von 2006:<br \/>\n<a href='http:\/\/ski.inmontanis.info\/main.php?g2_view=filterview.Filterview&#038;g2_albumId=2354'>http:\/\/ski.inmontanis.info\/main.php?g2_view=filterview.Filterview&#038;g2_albumId=2354<\/a><\/p>\n<p><a href='http:\/\/extra.inmontanis.info\/d\/42314-2\/DSC08587.jpg'><img src=http:\/\/extra.inmontanis.info\/d\/42313-3\/DSC08587.jpg \/><\/a><br \/>\n^ 365 \/ n\u00e4he N\u00f6rsj\u00f6 \/ Stor-Kvammarn<\/p>\n<p><a href='http:\/\/extra.inmontanis.info\/d\/42318-2\/DSC08589.jpg'><img src=http:\/\/extra.inmontanis.info\/d\/42317-3\/DSC08589.jpg \/><\/a><br \/>\n^ 365 \/ n\u00e4he N\u00f6rsj\u00f6 \/ Stor-Kvammarn<\/p>\n<p><a href='http:\/\/extra.inmontanis.info\/d\/42322-2\/DSC08592.jpg'><img src=http:\/\/extra.inmontanis.info\/d\/42321-3\/DSC08592.jpg \/><\/a><br \/>\n^ 365 \/ Vormtr\u00e4sket<\/p>\n<p><a href='http:\/\/extra.inmontanis.info\/d\/42326-2\/DSC08593.jpg'><img src=http:\/\/extra.inmontanis.info\/d\/42325-3\/DSC08593.jpg \/><\/a><br \/>\n^ 365 \/ Vindel\u00e4lven<\/p>\n<p><a href='http:\/\/extra.inmontanis.info\/d\/42330-2\/DSC08598.jpg'><img src=http:\/\/extra.inmontanis.info\/d\/42329-3\/DSC08598.jpg \/><\/a><br \/>\n^ Leider noch Wintersperre, anscheinend jedes Jahr bis 6.6.<\/p>\n<p><a href='http:\/\/extra.inmontanis.info\/d\/42334-2\/DSC08601.jpg'><img src=http:\/\/extra.inmontanis.info\/d\/42333-3\/DSC08601.jpg \/><\/a><br \/>\n^ E45 \/ \u00c5ngerman\u00e4lven<\/p>\n<p><a href='http:\/\/extra.inmontanis.info\/d\/42338-2\/DSC08604.jpg'><img src=http:\/\/extra.inmontanis.info\/d\/42337-3\/DSC08604.jpg \/><\/a><br \/>\n^ Z998 \/ T\u00e5sj\u00f6 \/ lieber in Braun ..<\/p>\n<p><a href='http:\/\/extra.inmontanis.info\/d\/42342-2\/DSC08607.jpg'><img src=http:\/\/extra.inmontanis.info\/d\/42341-3\/DSC08607.jpg \/><\/a><br \/>\n^ Z998 \/ T\u00e5sj\u00f6 \/ .. oder in Gr\u00fcn? :)<\/p>\n<p><a href='http:\/\/extra.inmontanis.info\/d\/42346-2\/DSC08609.jpg'><img src=http:\/\/extra.inmontanis.info\/d\/42345-3\/DSC08609.jpg \/><\/a><br \/>\n^ Z998 \/ T\u00e5sj\u00f6<\/p>\n<p><a href='http:\/\/extra.inmontanis.info\/d\/42350-2\/DSC08619.jpg'><img src=http:\/\/extra.inmontanis.info\/d\/42349-3\/DSC08619.jpg \/><\/a><br \/>\n^ Z998 \/ T\u00e5sj\u00f6<\/p>\n<p><a href='http:\/\/extra.inmontanis.info\/d\/42354-2\/DSC08623.jpg'><img src=http:\/\/extra.inmontanis.info\/d\/42353-3\/DSC08623.jpg \/><\/a><br \/>\n^ Z1002 \/ T\u00e5sj\u00f6<\/p>\n<p><a href='http:\/\/extra.inmontanis.info\/d\/42358-2\/DSC08624.jpg'><img src=http:\/\/extra.inmontanis.info\/d\/42357-3\/DSC08624.jpg \/><\/a><br \/>\n^ Z1002 \/ T\u00e5sj\u00f6<\/p>\n<p><a href='http:\/\/extra.inmontanis.info\/d\/41096-3\/DSC08628.jpg'><img src=http:\/\/extra.inmontanis.info\/d\/41095-4\/DSC08628.jpg \/><\/a><\/p>\n<p><a href='http:\/\/extra.inmontanis.info\/d\/42362-2\/DSC08630.jpg'><img src=http:\/\/extra.inmontanis.info\/d\/42361-3\/DSC08630.jpg \/><\/a><br \/>\n^ Z814 \/ komm mir vor wie in UK, einspurige Stra\u00dfen mit Ausweichen ..<\/p>\n<p><a href='http:\/\/extra.inmontanis.info\/d\/42366-2\/DSC08635.jpg'><img src=http:\/\/extra.inmontanis.info\/d\/42365-3\/DSC08635.jpg \/><\/a><br \/>\n^ Z814 \/ sp\u00e4ter wurde die Stra\u00dfe dann einige km lang zu einer dirt road, unasphaltiert und besser zu fahren als manch asphaltierte Stra\u00dfe ..<\/p>\n<p><a href='http:\/\/extra.inmontanis.info\/d\/42370-2\/DSC08638.jpg'><img src=http:\/\/extra.inmontanis.info\/d\/42369-3\/DSC08638.jpg \/><\/a><br \/>\n^ 342 \/ Str\u00f6ms Vattudal<\/p>\n<p><a href='http:\/\/extra.inmontanis.info\/d\/42374-2\/DSC08640.jpg'><img src=http:\/\/extra.inmontanis.info\/d\/42373-3\/DSC08640.jpg \/><\/a><br \/>\n^ 342 \/ Hotagsfj\u00e4llen<\/p>\n<p><a href='http:\/\/extra.inmontanis.info\/d\/42378-2\/DSC08643.jpg'><img src=http:\/\/extra.inmontanis.info\/d\/42377-3\/DSC08643.jpg \/><\/a><br \/>\n^ 342 \/ F\u00e4gelsj\u00f6n<\/p>\n<p><a href='http:\/\/extra.inmontanis.info\/d\/42382-2\/DSC08645.jpg'><img src=http:\/\/extra.inmontanis.info\/d\/42381-3\/DSC08645.jpg \/><\/a><br \/>\n^ 342 \/ F\u00e4gelsj\u00f6n<\/p>\n<p><a href='http:\/\/extra.inmontanis.info\/d\/42386-2\/DSC08658.jpg'><img src=http:\/\/extra.inmontanis.info\/d\/42385-3\/DSC08658.jpg \/><\/a><br \/>\n^ 74 \/ Murusj\u00f8en<\/p>\n<p><a href='http:\/\/extra.inmontanis.info\/d\/42390-2\/DSC08659.jpg'><img src=http:\/\/extra.inmontanis.info\/d\/42389-3\/DSC08659.jpg \/><\/a><br \/>\n^ 74 \/ Murusj\u00f8en<\/p>\n<p><a href='http:\/\/extra.inmontanis.info\/d\/42394-2\/DSC08663.jpg'><img src=http:\/\/extra.inmontanis.info\/d\/42393-3\/DSC08663.jpg \/><\/a><br \/>\n^ 74 \/ Kvesj\u00f8en<\/p>\n<p><a href='http:\/\/extra.inmontanis.info\/d\/42398-2\/DSC08668.jpg'><img src=http:\/\/extra.inmontanis.info\/d\/42397-3\/DSC08668.jpg \/><\/a><br \/>\n^ 74 \/ Sandsj\u00f8en<\/p>\n<p><a href='http:\/\/extra.inmontanis.info\/d\/42402-2\/DSC08671.jpg'><img src=http:\/\/extra.inmontanis.info\/d\/42401-3\/DSC08671.jpg \/><\/a><br \/>\n^ 765 \/ Mittlerweile bin ich wieder hoch genug f\u00fcr Schneefelder und Eis auf den Seen<\/p>\n<p><a href='http:\/\/extra.inmontanis.info\/d\/42406-2\/DSC08672.jpg'><img src=http:\/\/extra.inmontanis.info\/d\/42405-3\/DSC08672.jpg \/><\/a><br \/>\n^ 765 \/ .. und ich konnte Schnee zum K\u00fchlen meiner K\u00fchlbox nachf\u00fcllen<\/p>\n<p><a href='http:\/\/extra.inmontanis.info\/d\/42410-2\/DSC08678.jpg'><img src=http:\/\/extra.inmontanis.info\/d\/42409-3\/DSC08678.jpg \/><\/a><br \/>\n^ 765 \/ Holden<\/p>\n<p><a href='http:\/\/extra.inmontanis.info\/d\/42414-2\/DSC08679.jpg'><img src=http:\/\/extra.inmontanis.info\/d\/42413-3\/DSC08679.jpg \/><\/a><br \/>\n^ 340 \/ H\u00e4ggsj\u00f6n<\/p>\n<p><a href='http:\/\/extra.inmontanis.info\/d\/42418-2\/DSC08683.jpg'><img src=http:\/\/extra.inmontanis.info\/d\/42417-3\/DSC08683.jpg \/><\/a><br \/>\n^ Z580 Richtung Oviken<\/p>\n<p><a href='http:\/\/extra.inmontanis.info\/d\/42422-2\/DSC08686.jpg'><img src=http:\/\/extra.inmontanis.info\/d\/42421-3\/DSC08686.jpg \/><\/a><br \/>\n^ Z580 \/ Storsj\u00f6n (22:31 Uhr)<\/p>\n<p><a href='http:\/\/extra.inmontanis.info\/d\/41056-3\/DSC08690.jpg'><img src=http:\/\/extra.inmontanis.info\/d\/41055-4\/DSC08690.jpg \/><\/a><br \/>\n^ Z580 \/ Storsj\u00f6n (22:31 Uhr)<\/p>\n<p><a href='http:\/\/extra.inmontanis.info\/d\/42426-2\/DSC08693.jpg'><img src=http:\/\/extra.inmontanis.info\/d\/42425-3\/DSC08693.jpg \/><\/a><br \/>\n^ Z580 \/ Oviken<\/p>\n<p><a href='http:\/\/extra.inmontanis.info\/d\/42430-2\/DSC08695.jpg'><img src=http:\/\/extra.inmontanis.info\/d\/42429-3\/DSC08695.jpg \/><\/a><br \/>\n^ 321 \/ Myrviken<\/p>\n<p>Heutiges Dashcam-Video, u.a. mit:<br \/>\n1:25 T\u00e5sj\u00f6-See und der folgenden Dirt-Road und weiter nach Norwegen und wieder zur\u00fcck nach Schweden<br \/>\n<object style=\"height: 500px; width: 900px\"><param name=\"movie\" value=\"http:\/\/www.youtube.com\/v\/JMjVtICx5Gg\"><\/param><param name=\"wmode\" value=\"transparent\"><\/param><embed src=\"http:\/\/www.youtube.com\/v\/JMjVtICx5Gg\" type=\"application\/x-shockwave-flash\" wmode=\"transparent\"  width=\"900\" height=\"480\"><\/embed><\/object><\/p>\n<p>(Fortsetzung folgt)<\/p>\n","protected":false},"excerpt":{"rendered":"<p>Di, 30.5.2017 &#8211; Arctic Spring Tag 11 &#8211; Lycksele-\u00d6stersund <\/p>\n<p>Gestern, heute, morgen &#8211; um die 3 Urlaubstage ist&#8217;s echt schad. Eigentlich h\u00e4tte ich die gro\u00dfe &#8220;Kehre&#8221; um das Klimpfj\u00e4ll fahren wollen &#8211; aber an der Abzweigung zur Stra\u00dfe stand, dass die bis 6.6. geschlossen sei. Vmtl. Wintersperre, stand in meinem Stra\u00dfenatlas leider nicht drin. <a href=\"http:\/\/blog.inmontanis.info\/?p=4446\">[&#8230;]<\/a><\/p>\n","protected":false},"author":1,"featured_media":0,"comment_status":"closed","ping_status":"closed","sticky":false,"template":"","format":"standard","meta":{"footnotes":""},"categories":[162,18,19],"tags":[45],"class_list":["post-4446","post","type-post","status-publish","format-standard","hentry","category-2017-05-arctic-spring","category-norwegennorway","category-schwedensweden","tag-see","odd"],"_links":{"self":[{"href":"http:\/\/blog.inmontanis.info\/index.php?rest_route=\/wp\/v2\/posts\/4446","targetHints":{"allow":["GET"]}}],"collection":[{"href":"http:\/\/blog.inmontanis.info\/index.php?rest_route=\/wp\/v2\/posts"}],"about":[{"href":"http:\/\/blog.inmontanis.info\/index.php?rest_route=\/wp\/v2\/types\/post"}],"author":[{"embeddable":true,"href":"http:\/\/blog.inmontanis.info\/index.php?rest_route=\/wp\/v2\/users\/1"}],"replies":[{"embeddable":true,"href":"http:\/\/blog.inmontanis.info\/index.php?rest_route=%2Fwp%2Fv2%2Fcomments&post=4446"}],"version-history":[{"count":2,"href":"http:\/\/blog.inmontanis.info\/index.php?rest_route=\/wp\/v2\/posts\/4446\/revisions"}],"predecessor-version":[{"id":4448,"href":"http:\/\/blog.inmontanis.info\/index.php?rest_route=\/wp\/v2\/posts\/4446\/revisions\/4448"}],"wp:attachment":[{"href":"http:\/\/blog.inmontanis.info\/index.php?rest_route=%2Fwp%2Fv2%2Fmedia&parent=4446"}],"wp:term":[{"taxonomy":"category","embeddable":true,"href":"http:\/\/blog.inmontanis.info\/index.php?rest_route=%2Fwp%2Fv2%2Fcategories&post=4446"},{"taxonomy":"post_tag","embeddable":true,"href":"http:\/\/blog.inmontanis.info\/index.php?rest_route=%2Fwp%2Fv2%2Ftags&post=4446"}],"curies":[{"name":"wp","href":"https:\/\/api.w.org\/{rel}","templated":true}]}}