{"id":4440,"date":"2017-05-29T21:06:58","date_gmt":"2017-05-29T19:06:58","guid":{"rendered":"http:\/\/blog.inmontanis.info\/?p=4440"},"modified":"2023-08-05T12:03:28","modified_gmt":"2023-08-05T10:03:28","slug":"finnland-schweden-29-5-2017","status":"publish","type":"post","link":"http:\/\/blog.inmontanis.info\/?p=4440","title":{"rendered":"Finnland-Schweden, 29.5.2017"},"content":{"rendered":"<p><strong>Mo, 29.5.2017 &#8211; Arctic Spring Tag 10 &#8211; Finnland-Schweden (Svanstein)<\/strong> (Gesamt-km 7.978)<\/p>\n<p>Sp\u00e4t ins Bett, somit etwas sp\u00e4ter aufgestanden, in Enonteki\u00f6 getankt und in Finnland \u00fcber Muonio runtergefahren. Zu einem Rentierburger kam ich leider nicht mehr, und der Papa-Burger im rolls hatte dann nicht wie erwartet ein R\u00f6sti (sah d\u00fcnn und braun auf dem Foto aus), sondern &#8216;was dickes wei\u00dfes &#8211; eine Ananasscheibe. Da bin ich nicht ganz so der Fan von .. \u00dcbrigens bekommt man in vielen Fastfood- bzw. SB-Restaurants in Finnland und Schweden oder zumindest hier im Norden gratis Kaffee. Bl\u00f6d nur, dass ich keinen Kaffee trinke ..<\/p>\n<p>Auch abendessenm\u00e4\u00dfig hab ich zu hoch gepokert bzw. immer wieder mal etwas die Route ver\u00e4ndert und kam dann gerade mal um 21 Uhr zu einem Hotdog (und Eis) an der Tankstelle. Wenigstens ist die W\u00fcrstelauswahl an den schwedischen Tankstellen mittlerweile besser und mit NO vergleichbar.<\/p>\n<p>Bissl Einkaufen in Finnland (Rentier-Essen) und Schweden (nicht mehr viel gefunden), mehr gibt&#8217;s zu dem heutigen Tag leider nicht zu sagen, die Stra\u00dfen sind hier ja allesamt recht \u00e4hnlich eint\u00f6nig. Sicher, irgendwie angenehmer als die E6 im mittleren Teil Norwegens, aber trotzdem m\u00f6cht ich morgen wenigstens wieder in die Berge, als nur diese W\u00e4lder und Seen ..<\/p>\n<p>(Fotos anklicken zum Vergr\u00f6\u00dfern)<\/p>\n<p><a href='http:\/\/extra.inmontanis.info\/d\/42306-2\/ge20170529.jpg'><img src=http:\/\/extra.inmontanis.info\/d\/42305-3\/ge20170529.jpg \/><\/a><br \/>\n^ Fahrstrecke 29.5. (T\u00fcrkis fett, ca. 610km)<br \/>\nI) Skigebiet Svanstein<br \/>\nB) war Arvidsjaur<\/p>\n<p><a href='http:\/\/extra.inmontanis.info\/d\/42250-2\/DSC08524.jpg'><img src=http:\/\/extra.inmontanis.info\/d\/42249-3\/DSC08524.jpg \/><\/a><br \/>\n^ 21 \/ Muonio-Kolari<\/p>\n<p><a href='http:\/\/extra.inmontanis.info\/d\/42254-2\/DSC08525.jpg'><img src=http:\/\/extra.inmontanis.info\/d\/42253-3\/DSC08525.jpg \/><\/a><br \/>\n^ 21 \/ Kolari<\/p>\n<p><a href='http:\/\/ski.inmontanis.info\/d\/234397-2\/DSC08527.jpg'><img src=http:\/\/ski.inmontanis.info\/d\/234395-3\/DSC08527.jpg \/><\/a><br \/>\n^ 99 \/ mit Blick zum Skigebiet von Svanstein<\/p>\n<p><a href='http:\/\/ski.inmontanis.info\/d\/234401-2\/DSC08530.jpg'><img src=http:\/\/ski.inmontanis.info\/d\/234400-3\/DSC08530.jpg \/><\/a><br \/>\n^ Skigebiet Svanstein und See Kuittasj\u00e4rvi<\/p>\n<p><a href='http:\/\/ski.inmontanis.info\/d\/234405-2\/DSC08532.jpg'><img src=http:\/\/ski.inmontanis.info\/d\/234404-3\/DSC08532.jpg \/><\/a><br \/>\n^ Das Skigebiet besizt wohl auch eine Ost-Seite, die aber schon komplett aper ist.<\/p>\n<p><a href='http:\/\/ski.inmontanis.info\/d\/234409-2\/DSC08533.jpg'><img src=http:\/\/ski.inmontanis.info\/d\/234408-3\/DSC08533.jpg \/><\/a><br \/>\n^ Talstationen des Doppel-SL auf der Nordseite<\/p>\n<p><a href='http:\/\/ski.inmontanis.info\/d\/234413-2\/DSC08536.jpg'><img src=http:\/\/ski.inmontanis.info\/d\/234412-3\/DSC08536.jpg \/><\/a><br \/>\n^ Doppel-SL<\/p>\n<p><a href='http:\/\/ski.inmontanis.info\/d\/234417-2\/DSC08537.jpg'><img src=http:\/\/ski.inmontanis.info\/d\/234416-3\/DSC08537.jpg \/><\/a><br \/>\n^ Parkplatz mit See-Pano<\/p>\n<p><a href='http:\/\/ski.inmontanis.info\/d\/234421-2\/DSC08540.jpg'><img src=http:\/\/ski.inmontanis.info\/d\/234420-3\/DSC08540.jpg \/><\/a><br \/>\n^ Bereich unterhalb des Parkplatzes<\/p>\n<p><a href='http:\/\/ski.inmontanis.info\/d\/234425-2\/DSC08541.jpg'><img src=http:\/\/ski.inmontanis.info\/d\/234424-3\/DSC08541.jpg \/><\/a><br \/>\n^ Leider war hier nicht mehr genug Schnee f\u00fcr eine Skitour.<\/p>\n<p><a href='http:\/\/ski.inmontanis.info\/d\/234429-2\/DSC08544.jpg'><img src=http:\/\/ski.inmontanis.info\/d\/234428-3\/DSC08544.jpg \/><\/a><br \/>\n^ Ein paar Flieger tobten sich am Himmel aus<\/p>\n<p><a href='http:\/\/extra.inmontanis.info\/d\/42258-2\/DSC08549.jpg'><img src=http:\/\/extra.inmontanis.info\/d\/42257-3\/DSC08549.jpg \/><\/a><br \/>\n^ Mini-Skigebiet Storlappberget bei \u00d6verkalix<\/p>\n<p><a href='http:\/\/extra.inmontanis.info\/d\/42262-2\/DSC08550.jpg'><img src=http:\/\/extra.inmontanis.info\/d\/42261-3\/DSC08550.jpg \/><\/a><br \/>\n^ Talstation SL Storlappberget<\/p>\n<p><a href='http:\/\/extra.inmontanis.info\/d\/42266-2\/DSC08558.jpg'><img src=http:\/\/extra.inmontanis.info\/d\/42265-3\/DSC08558.jpg \/><\/a><br \/>\n^ 356 \/ Morj\u00e4rv-Boden \/  Schneereste am Stra\u00dfenrand, bei +9\u00b0<\/p>\n<p><a href='http:\/\/extra.inmontanis.info\/d\/42270-2\/DSC08560.jpg'><img src=http:\/\/extra.inmontanis.info\/d\/42269-3\/DSC08560.jpg \/><\/a><br \/>\n^ 356 \/ Morj\u00e4rv-Boden \/  Hundsj\u00f6n<\/p>\n<p><a href='http:\/\/extra.inmontanis.info\/d\/42274-2\/DSC08561.jpg'><img src=http:\/\/extra.inmontanis.info\/d\/42273-3\/DSC08561.jpg \/><\/a><br \/>\n^ Spritpreise und -angebot in Schweden<\/p>\n<p><a href='http:\/\/extra.inmontanis.info\/d\/42278-2\/DSC08563.jpg'><img src=http:\/\/extra.inmontanis.info\/d\/42277-3\/DSC08563.jpg \/><\/a><br \/>\n^ Skigebiet Kanis bei \u00c4lvsybn<\/p>\n<p><a href='http:\/\/extra.inmontanis.info\/d\/42282-2\/DSC08566.jpg'><img src=http:\/\/extra.inmontanis.info\/d\/42281-3\/DSC08566.jpg \/><\/a><br \/>\n^ Elche hatte ich heuer auch ein paar gesehen<\/p>\n<p><a href='http:\/\/extra.inmontanis.info\/d\/42286-2\/DSC08567.jpg'><img src=http:\/\/extra.inmontanis.info\/d\/42285-3\/DSC08567.jpg \/><\/a><br \/>\n^ BD 545 \/ \u00d6vre L\u00e5ngtr\u00e4sket<\/p>\n<p><a href='http:\/\/extra.inmontanis.info\/d\/42290-2\/DSC08569.jpg'><img src=http:\/\/extra.inmontanis.info\/d\/42289-3\/DSC08569.jpg \/><\/a><br \/>\n^ BD 545 \/ Teuger<\/p>\n<p><a href='http:\/\/extra.inmontanis.info\/d\/42294-2\/DSC08572.jpg'><img src=http:\/\/extra.inmontanis.info\/d\/42293-3\/DSC08572.jpg \/><\/a><br \/>\n^ 373 \/ Storl\u00e5ngtr\u00e4sket<\/p>\n<p><a href='http:\/\/extra.inmontanis.info\/d\/42298-2\/DSC08575.jpg'><img src=http:\/\/extra.inmontanis.info\/d\/42297-3\/DSC08575.jpg \/><\/a><br \/>\n^ 373 \/ Storl\u00e5ngtr\u00e4sket<\/p>\n<p><a href='http:\/\/extra.inmontanis.info\/d\/42302-2\/DSC08577.jpg'><img src=http:\/\/extra.inmontanis.info\/d\/42301-3\/DSC08577.jpg \/><\/a><br \/>\n^ 373 \/ Storl\u00e5ngtr\u00e4sket<\/p>\n<p>Wetter-Check f\u00fcr den morgigen Tag &#8211; das angedachte Ziel bzw. die Zielstra\u00dfe soll sonnig werden. Ganz und gar unsch\u00f6n und die Stimmung sehr tr\u00fcbend die Vorhersagen f\u00fcr die Sommerskigebiete in den n\u00e4chsten Tagen. Egtl. h\u00e4tte ich f\u00fcr MI\/DO ggf. Galdh\u00f8piggen (oder auslassen), DO\/FR Stryn (macht erst ab 1.6. auf) und FR\/SA Folgefonna vorgehabt. Aber die Wettervorhersagen sagen \u00fcberall kaum Sonne, daf\u00fcr kalte Temperaturen und hier und da etwas Schnee. Bzw. in Stryn f\u00fcr DI\/MI leichte Plusgrade und Regen und am DO dann Minustemperturen und keine Sonne. Und MI\/DO irgendwann Schneefall am Galdh\u00f8piggen und morgens -5\u00b0 &#8211; da muss man bef\u00fcrchten, dass die Zufahrt vielleicht schneekettenpflicht hat. Davon abgesehen hab ich eh keine Lust, bei bedecktem Himmel \u00fcber 40,- \u20ac f\u00fcr Skipass samt Maut zu zahlen. Mann, wieso hab ich nur die F\u00e4hre schon gebucht. So h\u00e4tte ich mir alternative Ziele am Pfingst-WE weiter s\u00fcdlich aussuchen k\u00f6nnen (alte Stra\u00dfenbahnen in SE\/DK) &#8230; <\/p>\n<p>Heutiges Dashcam-Video, u.a. mit:<br \/>\n1:39 Auffahrt Skigebiet Svanstein<br \/>\n3:00 Auffahrt Skigebiet bei \u00d6verkalix<br \/>\n<object style=\"height: 500px; width: 900px\"><param name=\"movie\" value=\"http:\/\/www.youtube.com\/v\/DFlnOuDYR2o\"><\/param><param name=\"wmode\" value=\"transparent\"><\/param><embed src=\"http:\/\/www.youtube.com\/v\/DFlnOuDYR2o\" type=\"application\/x-shockwave-flash\" wmode=\"transparent\"  width=\"900\" height=\"480\"><\/embed><\/object><\/p>\n<p>(Fortsetzung folgt &#8211; es kommen auch wieder interessantere Tage.)<\/p>\n","protected":false},"excerpt":{"rendered":"<p>Mo, 29.5.2017 &#8211; Arctic Spring Tag 10 &#8211; Finnland-Schweden (Svanstein) (Gesamt-km 7.978)<\/p>\n<p>Sp\u00e4t ins Bett, somit etwas sp\u00e4ter aufgestanden, in Enonteki\u00f6 getankt und in Finnland \u00fcber Muonio runtergefahren. Zu einem Rentierburger kam ich leider nicht mehr, und der Papa-Burger im rolls hatte dann nicht wie erwartet ein R\u00f6sti (sah d\u00fcnn und braun auf dem Foto <a href=\"http:\/\/blog.inmontanis.info\/?p=4440\">[&#8230;]<\/a><\/p>\n","protected":false},"author":1,"featured_media":0,"comment_status":"closed","ping_status":"closed","sticky":false,"template":"","format":"standard","meta":{"footnotes":""},"categories":[162,20,19,629],"tags":[],"class_list":["post-4440","post","type-post","status-publish","format-standard","hentry","category-2017-05-arctic-spring","category-finnlandfinland","category-schwedensweden","category-svanstein","odd"],"_links":{"self":[{"href":"http:\/\/blog.inmontanis.info\/index.php?rest_route=\/wp\/v2\/posts\/4440","targetHints":{"allow":["GET"]}}],"collection":[{"href":"http:\/\/blog.inmontanis.info\/index.php?rest_route=\/wp\/v2\/posts"}],"about":[{"href":"http:\/\/blog.inmontanis.info\/index.php?rest_route=\/wp\/v2\/types\/post"}],"author":[{"embeddable":true,"href":"http:\/\/blog.inmontanis.info\/index.php?rest_route=\/wp\/v2\/users\/1"}],"replies":[{"embeddable":true,"href":"http:\/\/blog.inmontanis.info\/index.php?rest_route=%2Fwp%2Fv2%2Fcomments&post=4440"}],"version-history":[{"count":2,"href":"http:\/\/blog.inmontanis.info\/index.php?rest_route=\/wp\/v2\/posts\/4440\/revisions"}],"predecessor-version":[{"id":4442,"href":"http:\/\/blog.inmontanis.info\/index.php?rest_route=\/wp\/v2\/posts\/4440\/revisions\/4442"}],"wp:attachment":[{"href":"http:\/\/blog.inmontanis.info\/index.php?rest_route=%2Fwp%2Fv2%2Fmedia&parent=4440"}],"wp:term":[{"taxonomy":"category","embeddable":true,"href":"http:\/\/blog.inmontanis.info\/index.php?rest_route=%2Fwp%2Fv2%2Fcategories&post=4440"},{"taxonomy":"post_tag","embeddable":true,"href":"http:\/\/blog.inmontanis.info\/index.php?rest_route=%2Fwp%2Fv2%2Ftags&post=4440"}],"curies":[{"name":"wp","href":"https:\/\/api.w.org\/{rel}","templated":true}]}}