{"id":4433,"date":"2017-05-28T20:40:50","date_gmt":"2017-05-28T18:40:50","guid":{"rendered":"http:\/\/blog.inmontanis.info\/?p=4433"},"modified":"2017-07-04T07:05:06","modified_gmt":"2017-07-04T05:05:06","slug":"nordkinngamvik-28-5-2017","status":"publish","type":"post","link":"http:\/\/blog.inmontanis.info\/?p=4433","title":{"rendered":"Nordkinn\/Gamvik, 28.5.2017"},"content":{"rendered":"<p><strong>So, 28.5.2017 &#8211; Arctic Spring Tag 9 &#8211; Nordkinn\/Gamvik<\/strong><\/p>\n<p>Morgens\/vormittags gab es abermals leichten Sonnenschein, so dass es trotz der kalten Temperaturen relativ warm im Auto war. Es ging also wieder nach Norden, kurzer Wettercheck und mich f\u00fcr Gamvik entschieden, der Halbinsel neben dem Nordkapp, wo ich noch nicht gewesen bin, und der n\u00f6rdlichste Punkt des europ\u00e4ischen Festlandes, da das Nordkapp ja auf einer Insel liegt. Schon krass, hier oben wieder zig km lange Schneew\u00fcste. 30, 40, 50 km ohne Infrastruktur, schon etwas be\u00e4ngstigend. Die Stra\u00dfe geht hier n\u00e4mlich nicht an der K\u00fcste entlang, sondern im Inneren der Halbinsel, und hier gab es noch viel und kilometerlang Schnee. Oben angekommen dann leider kein brauchbares Skitourengel\u00e4nde (mit gutem, nahem Blick auf&#8217;s Meer) gefunden.<\/p>\n<p>In Tana Bru im Mix ein Kebap gekauft, n\u00e4chste Gelegenheit zum Essen (au\u00dfer der nahen Tankstellen hier) gab&#8217;s dann erst wieder in Lakselv, 500km und 8h sp\u00e4ter. In Mehamn h\u00e4tte es zwar auch einen ge\u00f6ffneten Mix gegeben, wo man Hamburger h\u00e4tte kaufen k\u00f6nnen &#8211; aber nicht am Sonntag: &#8220;We don&#8217;t cook food on sundays&#8221;, somit mir klar wurde, dass ich erst 240km weiter s\u00fcdlich in Lakselv etwas bekommen w\u00fcrde. Ansonsten gab es hier in der Gegend leider nichts. Hier und da war mal eine Landtankstelle, an Gesch\u00e4ften oder Werkst\u00e4tten, ohne Shop bzw. heute nicht ge\u00f6ffnet und ich wei\u00df nicht mal, ob man da mit Karte h\u00e4tte tanken k\u00f6nnen. Mit dem Ignis seinen kleinen Tank h\u00e4tte das heute eng werden k\u00f6nnen. Und es erkl\u00e4rt wohl auch die extrem teuren Benzin-Preise in Lakselv, wo ich um die 1,60 \u20ac pro Liter Diesel dann wenigstens 5l getankt hab, um problemlos bis nach Finnland zu kommen.<\/p>\n<p>(Fotos anklicken zum Vergr\u00f6\u00dfern)<\/p>\n<p><a href='http:\/\/extra.inmontanis.info\/d\/42246-2\/ge20170528.jpg'><img src=http:\/\/extra.inmontanis.info\/d\/42245-3\/ge20170528.jpg \/><\/a><br \/>\n^ Hellblau: Strecke 28.5.2017 (ca. 1.000 km)<br \/>\nH) Nordkinn \/ Gamvik<\/p>\n<p><a href='http:\/\/extra.inmontanis.info\/d\/42202-2\/DSC08288.jpg'><img src=http:\/\/extra.inmontanis.info\/d\/42201-3\/DSC08288.jpg \/><\/a><br \/>\n^ E75 \/ Ivalo-Inari<\/p>\n<p><a href='http:\/\/extra.inmontanis.info\/d\/42206-2\/DSC08293.jpg'><img src=http:\/\/extra.inmontanis.info\/d\/42205-3\/DSC08293.jpg \/><\/a><br \/>\n^ E75 \/ Inari-Grenze<\/p>\n<p><a href='http:\/\/extra.inmontanis.info\/d\/42210-2\/DSC08300.jpg'><img src=http:\/\/extra.inmontanis.info\/d\/42209-3\/DSC08300.jpg \/><\/a><br \/>\n^ 98 \/ Smalfjord<\/p>\n<p><a href='http:\/\/extra.inmontanis.info\/d\/42214-2\/DSC08307.jpg'><img src=http:\/\/extra.inmontanis.info\/d\/42213-3\/DSC08307.jpg \/><\/a><br \/>\n^ 98 \/ Tanafjord<\/p>\n<p><a href='http:\/\/extra.inmontanis.info\/d\/42218-2\/DSC08315.jpg'><img src=http:\/\/extra.inmontanis.info\/d\/42217-3\/DSC08315.jpg \/><\/a><br \/>\n^ Fv. 98 \/ Auffahrt Ifjordfjellet<\/p>\n<p><a href='http:\/\/extra.inmontanis.info\/d\/42222-2\/DSC08319.jpg'><img src=http:\/\/extra.inmontanis.info\/d\/42221-3\/DSC08319.jpg \/><\/a><br \/>\n^ Fv. 98 \/ Auffahrt Ifjordfjellet<\/p>\n<p><a href='http:\/\/extra.inmontanis.info\/d\/42226-2\/DSC08332.jpg'><img src=http:\/\/extra.inmontanis.info\/d\/42225-3\/DSC08332.jpg \/><\/a><br \/>\n^ Fv. 98 \/ Auffahrt Ifjordfjellet &#8211; anhand des teils komplett im Schnee versunkenen Zaunes: Da liegt noch ganz sch\u00f6n viel Schnee.<\/p>\n<p><a href='http:\/\/extra.inmontanis.info\/d\/42230-2\/DSC08335.jpg'><img src=http:\/\/extra.inmontanis.info\/d\/42229-3\/DSC08335.jpg \/><\/a><br \/>\n^ Fv. 98 \/ Ifjordfjellet<\/p>\n<p><a href='http:\/\/extra.inmontanis.info\/d\/42038-2\/DSC08346.jpg'><img src=http:\/\/extra.inmontanis.info\/d\/42036-3\/DSC08346.jpg \/><\/a><br \/>\n^ Fv. 888 \/ Ifjord<\/p>\n<p><a href='http:\/\/extra.inmontanis.info\/d\/42042-2\/DSC08355.jpg'><img src=http:\/\/extra.inmontanis.info\/d\/42041-3\/DSC08355.jpg \/><\/a><br \/>\n^ Fv. 888 \/ Ifjord-Bekkarfjord<\/p>\n<p><a href='http:\/\/extra.inmontanis.info\/d\/42046-2\/DSC08362.jpg'><img src=http:\/\/extra.inmontanis.info\/d\/42045-3\/DSC08362.jpg \/><\/a><br \/>\n^ Fv. 888 \/ Laksefjord<\/p>\n<p><a href='http:\/\/extra.inmontanis.info\/d\/42050-2\/DSC08368.jpg'><img src=http:\/\/extra.inmontanis.info\/d\/42049-3\/DSC08368.jpg \/><\/a><br \/>\n^ Fv. 888 \/ Bekkarfjord-Hopseidet, \u00fcber 30km Schneelandschaft<\/p>\n<p><a href='http:\/\/extra.inmontanis.info\/d\/42054-2\/DSC08372.jpg'><img src=http:\/\/extra.inmontanis.info\/d\/42053-3\/DSC08372.jpg \/><\/a><br \/>\n^ Fv. 888 \/ Bekkarfjord-Hopseidet<\/p>\n<p><a href='http:\/\/extra.inmontanis.info\/d\/42058-2\/DSC08376.jpg'><img src=http:\/\/extra.inmontanis.info\/d\/42057-3\/DSC08376.jpg \/><\/a><br \/>\n^ Fv. 888 \/ Bekkarfjord-Hopseidet<\/p>\n<p><a href='http:\/\/extra.inmontanis.info\/d\/42062-2\/DSC08381.jpg'><img src=http:\/\/extra.inmontanis.info\/d\/42061-3\/DSC08381.jpg \/><\/a><br \/>\n^ Fv. 888 \/ Bekkarfjord-Hopseidet<\/p>\n<p><a href='http:\/\/extra.inmontanis.info\/d\/42066-2\/DSC08382.jpg'><img src=http:\/\/extra.inmontanis.info\/d\/42065-3\/DSC08382.jpg \/><\/a><br \/>\n^ Fv. 888 \/ Bekkarfjord-Hopseidet<\/p>\n<p><a href='http:\/\/extra.inmontanis.info\/d\/42070-2\/DSC08388.jpg'><img src=http:\/\/extra.inmontanis.info\/d\/42069-3\/DSC08388.jpg \/><\/a><br \/>\n^ Fv. 888 \/ Bekkarfjord-Hopseidet<\/p>\n<p><a href='http:\/\/extra.inmontanis.info\/d\/42074-2\/DSC08393.jpg'><img src=http:\/\/extra.inmontanis.info\/d\/42073-3\/DSC08393.jpg \/><\/a><br \/>\n^ Fv. 888 \/ Eidsfjord<\/p>\n<p><a href='http:\/\/extra.inmontanis.info\/d\/42078-2\/DSC08394.jpg'><img src=http:\/\/extra.inmontanis.info\/d\/42077-3\/DSC08394.jpg \/><\/a><br \/>\n^ Fv. 888 \/ Eidsfjord &#8211; Hopseidet<\/p>\n<p><a href='http:\/\/extra.inmontanis.info\/d\/42082-2\/DSC08397.jpg'><img src=http:\/\/extra.inmontanis.info\/d\/42081-3\/DSC08397.jpg \/><\/a><br \/>\n^ Fv. 888 \/ Nordkinn .. und nochmals 30km Schneelandschaft.<\/p>\n<p><a href='http:\/\/extra.inmontanis.info\/d\/42086-2\/DSC08401.jpg'><img src=http:\/\/extra.inmontanis.info\/d\/42085-3\/DSC08401.jpg \/><\/a><br \/>\n^ Fv. 888 \/ Hopseidet-Mehamn<\/p>\n<p><a href='http:\/\/extra.inmontanis.info\/d\/42090-2\/DSC08404.jpg'><img src=http:\/\/extra.inmontanis.info\/d\/42089-3\/DSC08404.jpg \/><\/a><br \/>\n^ Links Schnee..<\/p>\n<p><a href='http:\/\/extra.inmontanis.info\/d\/42094-2\/DSC08405.jpg'><img src=http:\/\/extra.inmontanis.info\/d\/42093-3\/DSC08405.jpg \/><\/a><br \/>\n^ .. rechts Schnee<\/p>\n<p><a href='http:\/\/extra.inmontanis.info\/d\/42098-2\/DSC08410.jpg'><img src=http:\/\/extra.inmontanis.info\/d\/42097-3\/DSC08410.jpg \/><\/a><br \/>\n^ Fv. 888 \/ Hopseidet-Mehamn<\/p>\n<p><a href='http:\/\/extra.inmontanis.info\/d\/42102-2\/DSC08413.jpg'><img src=http:\/\/extra.inmontanis.info\/d\/42101-3\/DSC08413.jpg \/><\/a><br \/>\n^ Fv. 894 \/ Abzweigung Kj\u00f8llefjord<\/p>\n<p><a href='http:\/\/extra.inmontanis.info\/d\/42106-2\/DSC08414.jpg'><img src=http:\/\/extra.inmontanis.info\/d\/42105-3\/DSC08414.jpg \/><\/a><br \/>\n^ Fv. 894<\/p>\n<p><a href='http:\/\/extra.inmontanis.info\/d\/42110-2\/DSC08416.jpg'><img src=http:\/\/extra.inmontanis.info\/d\/42109-3\/DSC08416.jpg \/><\/a><br \/>\n^ Fv. 894 \/ Oksefjord<\/p>\n<p><a href='http:\/\/extra.inmontanis.info\/d\/42114-2\/DSC08421.jpg'><img src=http:\/\/extra.inmontanis.info\/d\/42113-3\/DSC08421.jpg \/><\/a><br \/>\n^ Fv. 894 \/ Kj\u00f8llefjord<\/p>\n<p><a href='http:\/\/extra.inmontanis.info\/d\/42118-2\/DSC08423.jpg'><img src=http:\/\/extra.inmontanis.info\/d\/42117-3\/DSC08423.jpg \/><\/a><br \/>\n^ Fv. 894 \/ Kj\u00f8llefjord<\/p>\n<p><a href='http:\/\/extra.inmontanis.info\/d\/42122-2\/DSC08424.jpg'><img src=http:\/\/extra.inmontanis.info\/d\/42121-3\/DSC08424.jpg \/><\/a><br \/>\n^ Fv. 894 \/ Kj\u00f8llefjord<\/p>\n<p><a href='http:\/\/extra.inmontanis.info\/d\/42126-2\/DSC08429.jpg'><img src=http:\/\/extra.inmontanis.info\/d\/42125-3\/DSC08429.jpg \/><\/a><br \/>\n^ Abzweigung Skj\u00f8tningberg \/ Sah mir doch etwas zu schlecht ger\u00e4umt aus, als dass ich da weiter in den Norden runter zum Meer gefahren w\u00e4re..<\/p>\n<p><a href='http:\/\/extra.inmontanis.info\/d\/42130-2\/DSC08435.jpg'><img src=http:\/\/extra.inmontanis.info\/d\/42129-3\/DSC08435.jpg \/><\/a><br \/>\n^ Fv. 894 \/ Oksefjord<\/p>\n<p><a href='http:\/\/extra.inmontanis.info\/d\/42134-2\/DSC08441.jpg'><img src=http:\/\/extra.inmontanis.info\/d\/42133-3\/DSC08441.jpg \/><\/a><br \/>\n^ Fv. 888 \/ Mehamn<\/p>\n<p><a href='http:\/\/extra.inmontanis.info\/d\/42138-2\/DSC08444.jpg'><img src=http:\/\/extra.inmontanis.info\/d\/42137-3\/DSC08444.jpg \/><\/a><br \/>\n^ Fv. 888 \/ 80 km\/h &#8211; ganz sch\u00f6n viele 8er ;-)<\/p>\n<p><a href='http:\/\/extra.inmontanis.info\/d\/42142-2\/DSC08446.jpg'><img src=http:\/\/extra.inmontanis.info\/d\/42141-3\/DSC08446.jpg \/><\/a><br \/>\n^ Mehamn, hat sogar einen Flughafen. Und nat\u00fcrlich Hurtigrutenanbindung<\/p>\n<p><a href='http:\/\/extra.inmontanis.info\/d\/42146-2\/DSC08450.jpg'><img src=http:\/\/extra.inmontanis.info\/d\/42145-3\/DSC08450.jpg \/><\/a><br \/>\n^ Mehamn-Gamvik<\/p>\n<p><a href='http:\/\/extra.inmontanis.info\/d\/42150-2\/DSC08452.jpg'><img src=http:\/\/extra.inmontanis.info\/d\/42149-3\/DSC08452.jpg \/><\/a><br \/>\n^ Mehamn<\/p>\n<p><a href='http:\/\/extra.inmontanis.info\/d\/42154-2\/DSC08466.jpg'><img src=http:\/\/extra.inmontanis.info\/d\/42153-3\/DSC08466.jpg \/><\/a><br \/>\n^ Sandfjord<\/p>\n<p><a href='http:\/\/extra.inmontanis.info\/d\/42158-2\/DSC08467.jpg'><img src=http:\/\/extra.inmontanis.info\/d\/42157-3\/DSC08467.jpg \/><\/a><br \/>\n^ Sandfjord<\/p>\n<p><a href='http:\/\/extra.inmontanis.info\/d\/42162-2\/DSC08469.jpg'><img src=http:\/\/extra.inmontanis.info\/d\/42161-3\/DSC08469.jpg \/><\/a><br \/>\n^ Sandfjord<\/p>\n<p><a href='http:\/\/extra.inmontanis.info\/d\/42166-2\/DSC08474.jpg'><img src=http:\/\/extra.inmontanis.info\/d\/42165-3\/DSC08474.jpg \/><\/a><br \/>\n^ diese Gef\u00e4hrte scheinen ja eine gr\u00f6\u00dfere Reichweite zu haben als erwartet ..<\/p>\n<p><a href='http:\/\/extra.inmontanis.info\/d\/42170-2\/DSC08477.jpg'><img src=http:\/\/extra.inmontanis.info\/d\/42169-3\/DSC08477.jpg \/><\/a><br \/>\n^ Gamvik<\/p>\n<p><a href='http:\/\/extra.inmontanis.info\/d\/42174-2\/DSC08478.jpg'><img src=http:\/\/extra.inmontanis.info\/d\/42173-3\/DSC08478.jpg \/><\/a><br \/>\n^ Gamvik mit Rentieren im Ort<\/p>\n<p><a href='http:\/\/extra.inmontanis.info\/d\/42178-2\/DSC08482.jpg'><img src=http:\/\/extra.inmontanis.info\/d\/42177-3\/DSC08482.jpg \/><\/a><br \/>\n^ Slettnes, weiter bin ich dann aber nicht mehr gefahren.<\/p>\n<p><a href='http:\/\/extra.inmontanis.info\/d\/42182-2\/DSC08490.jpg'><img src=http:\/\/extra.inmontanis.info\/d\/42181-3\/DSC08490.jpg \/><\/a><br \/>\n^ Entferntester Punkt dieser Reise, knapp 3.600 km bis nach Innsbruck<\/p>\n<p>Der Grund, warum hier meine Armbanduhr liegt: Irgendwann beim anstrengenden Skitouren-Fell-Aufziehen bei einer der ersten Skitouren hab ich mir irgendeinen Muskel oder Sehne in der linken Hand zu stark gedehnt, so dass ich f\u00fcr den Rest der Reise bei bestimmten Belastungen doch leichte Schmerzen hatte &#8211; und ohne Uhr war es definitiv angenehmer..<\/p>\n<p><a href='http:\/\/extra.inmontanis.info\/d\/42186-2\/DSC08492.jpg'><img src=http:\/\/extra.inmontanis.info\/d\/42185-3\/DSC08492.jpg \/><\/a><br \/>\n^ Fv. 888 \/ Mehamn-Hopseidet<\/p>\n<p><a href='http:\/\/extra.inmontanis.info\/d\/42190-2\/DSC08496.jpg'><img src=http:\/\/extra.inmontanis.info\/d\/42189-3\/DSC08496.jpg \/><\/a><br \/>\n^ Hopseidet, echt ein kleines St\u00fcck Landfl\u00e4che, dass Nordkinn statt zu einer Insel eben zu einer Halbinsel macht ..<\/p>\n<p><a href='http:\/\/extra.inmontanis.info\/d\/42194-2\/DSC08497.jpg'><img src=http:\/\/extra.inmontanis.info\/d\/42193-3\/DSC08497.jpg \/><\/a><br \/>\n^ Fv. 888 \/ Eidsfjord<\/p>\n<p><a href='http:\/\/extra.inmontanis.info\/d\/42198-2\/DSC08502.jpg'><img src=http:\/\/extra.inmontanis.info\/d\/42197-3\/DSC08502.jpg \/><\/a><br \/>\n^ Fv. 888 \/ Hopseidet-Bekkarfjord<\/p>\n<p><a href='http:\/\/extra.inmontanis.info\/d\/42234-2\/IMG_3303.jpg'><img src=http:\/\/extra.inmontanis.info\/d\/42233-3\/IMG_3303.jpg \/><\/a><br \/>\n^ Um 22 Uhr kam ich endlich zum Abendessen &#8211; die kleinen Hamburger sind bei der Esso ja recht g\u00fcnstig.<\/p>\n<p>Hier unten schneite es mal wieder leicht bei Temperaturen um die 0 Grad und auch wenn keine tiefgreifende Wetterbesserung f\u00fcr morgen Vormittag in Sicht war, fuhr ich noch etwas weiter richtung Finnland bis fast zur Grenze, wo ich vor ein paar Tagen schonmal \u00fcbernachtete. Auch aus dem Grund, weil ich nicht zu fr\u00fch aufstehen und evtl. Glatteis haben wollte.<\/p>\n<p>Bei diesen kalten Temperaturen will ich eh nicht viel machen; also mal eine Stunde vor dem Schlafengehen noch etwas computerm\u00e4\u00dfig bilderm\u00e4\u00dfig machen oder gar einen Film schauen hei\u00dft, eiskalt ins Bett zu m\u00fcssen. So f\u00e4rt man dann halt so lang weiter bis man dann ins Bett geht &#8230; Also zu der Jahreszeit, Ende Mai, werd ich wohl nicht mehr nach Skandinavien fahren &#8211; ist einfach noch zu winterlich und kalt. Mitte\/Ende Juni macht dann f\u00fcr den Sommer mehr Sinn (da hier und da optisch noch Schneereste, aber eben schon w\u00e4rmer) oder eben im Fr\u00fchherbst f\u00fcr die Nordlichter, wobei es da ja 2013 und 2015 recht schnell auch recht kalt war, insb. nat\u00fcrlich nachts.<\/p>\n<p>Nach momentanem Stand aber denke ich, dass ich in 2 Jahren nicht schon wieder nach Skandinavien muss &#8211; man hat ja nun doch schon alles abgefahren und immer den ganzen Tag im Auto sitzen und irgendwie &#8220;sinnlos&#8221; durch die Gegend fahren macht nun auch langsam keinen Sinn mehr &#8211; werd mich wohl mal nach anderen Sommerurlaubszielen umsehen m\u00fcssen. Balkan w\u00fcrd mich im Sommer\/Herbst ja auch mal interessieren. Wei\u00df nur nicht, ob es da mit dem Im-Auto-Schlafen auch so sicher ist wie in Skandinavien oder UK, dazu wird es halt wesentlich w\u00e4rmer sein.. <\/p>\n<p>Wobei ich mir ja noch \u00fcberlegt hatte, mal nur 1 Woche (mit beiden WE) S\u00fcdskandinavien, so haupts\u00e4chlich Nostalgie-Stra\u00dfenbahn-Tour in SE und DK, eher im Herbst, aber nicht zu sp\u00e4t, weil die Sachen ja immer nur begrenzt offen sind. Da unter der Woche nicht viel geht, k\u00f6nnte sich dann ein Skitag zumindest am Folgefonna schon ausgehen. N\u00e4chstes Jahr w\u00e4re in UK mal wieder Irland dran, inkl. IoM Anfang September, da dort Tram-Eventtage sind.. <\/p>\n<p><a href='http:\/\/extra.inmontanis.info\/d\/42238-2\/DSC08517.jpg'><img src=http:\/\/extra.inmontanis.info\/d\/42237-3\/DSC08517.jpg \/><\/a><br \/>\n^ Es schneit mal wieder, bei Temperaturen um 0\u00b0 ..<\/p>\n<p><a href='http:\/\/extra.inmontanis.info\/d\/42242-2\/DSC08519.jpg'><img src=http:\/\/extra.inmontanis.info\/d\/42241-3\/DSC08519.jpg \/><\/a><br \/>\n^ 0:55 Uhr &#8211; ein letztes Mal Mitternachtssonne f\u00fcr diesen Urlaub<\/p>\n<p>Heutiges Dashcam-Video, u.a. mit:<br \/>\n1:12 Fv.98 Ifjordfjellet (tw. sehr schlechter zustand)<br \/>\n2:49 Fv.888 nach Mehamn+Gamvik (tw. komplette Mitfahrt), daher ist das Video heute l\u00e4nger.<br \/>\n<object style=\"height: 500px; width: 900px\"><param name=\"movie\" value=\"http:\/\/www.youtube.com\/v\/QKWE3C4wH38\"><\/param><param name=\"wmode\" value=\"transparent\"><\/param><embed src=\"http:\/\/www.youtube.com\/v\/QKWE3C4wH38\" type=\"application\/x-shockwave-flash\" wmode=\"transparent\"  width=\"900\" height=\"480\"><\/embed><\/object><\/p>\n<p>(Fortsetzung folgt.)<\/p>\n","protected":false},"excerpt":{"rendered":"<p>So, 28.5.2017 &#8211; Arctic Spring Tag 9 &#8211; Nordkinn\/Gamvik<\/p>\n<p>Morgens\/vormittags gab es abermals leichten Sonnenschein, so dass es trotz der kalten Temperaturen relativ warm im Auto war. Es ging also wieder nach Norden, kurzer Wettercheck und mich f\u00fcr Gamvik entschieden, der Halbinsel neben dem Nordkapp, wo ich noch nicht gewesen bin, und der n\u00f6rdlichste Punkt <a href=\"http:\/\/blog.inmontanis.info\/?p=4433\">[&#8230;]<\/a><\/p>\n","protected":false},"author":1,"featured_media":0,"comment_status":"closed","ping_status":"closed","sticky":false,"template":"","format":"standard","meta":{"footnotes":""},"categories":[162,20,18],"tags":[37,45],"class_list":["post-4433","post","type-post","status-publish","format-standard","hentry","category-2017-05-arctic-spring","category-finnlandfinland","category-norwegennorway","tag-meer","tag-see","odd"],"_links":{"self":[{"href":"http:\/\/blog.inmontanis.info\/index.php?rest_route=\/wp\/v2\/posts\/4433","targetHints":{"allow":["GET"]}}],"collection":[{"href":"http:\/\/blog.inmontanis.info\/index.php?rest_route=\/wp\/v2\/posts"}],"about":[{"href":"http:\/\/blog.inmontanis.info\/index.php?rest_route=\/wp\/v2\/types\/post"}],"author":[{"embeddable":true,"href":"http:\/\/blog.inmontanis.info\/index.php?rest_route=\/wp\/v2\/users\/1"}],"replies":[{"embeddable":true,"href":"http:\/\/blog.inmontanis.info\/index.php?rest_route=%2Fwp%2Fv2%2Fcomments&post=4433"}],"version-history":[{"count":5,"href":"http:\/\/blog.inmontanis.info\/index.php?rest_route=\/wp\/v2\/posts\/4433\/revisions"}],"predecessor-version":[{"id":4438,"href":"http:\/\/blog.inmontanis.info\/index.php?rest_route=\/wp\/v2\/posts\/4433\/revisions\/4438"}],"wp:attachment":[{"href":"http:\/\/blog.inmontanis.info\/index.php?rest_route=%2Fwp%2Fv2%2Fmedia&parent=4433"}],"wp:term":[{"taxonomy":"category","embeddable":true,"href":"http:\/\/blog.inmontanis.info\/index.php?rest_route=%2Fwp%2Fv2%2Fcategories&post=4433"},{"taxonomy":"post_tag","embeddable":true,"href":"http:\/\/blog.inmontanis.info\/index.php?rest_route=%2Fwp%2Fv2%2Ftags&post=4433"}],"curies":[{"name":"wp","href":"https:\/\/api.w.org\/{rel}","templated":true}]}}