{"id":4418,"date":"2017-06-24T18:49:48","date_gmt":"2017-06-24T16:49:48","guid":{"rendered":"http:\/\/blog.inmontanis.info\/?p=4418"},"modified":"2023-07-01T20:57:40","modified_gmt":"2023-07-01T18:57:40","slug":"hintertuxer-gletscher-24-6-2017","status":"publish","type":"post","link":"http:\/\/blog.inmontanis.info\/?p=4418","title":{"rendered":"Hintertuxer Gletscher, 24.6.2017"},"content":{"rendered":"<p><strong>24.6.2017<\/strong><\/p>\n<p>Eigentlich h\u00e4tte ich dieses WE ja pausieren wollen, aber die Wettervorhersagen waren sonnig + sehr warm f\u00fcr heute, aber kalt + Schnee f\u00fcr n\u00e4chstes WE, also war die Sache klar ..<\/p>\n<p>Schnee war tw. recht pappig, daf\u00fcr war der &#8220;Eierkarton-Acker&#8221; offpiste halbwegs weich; den Offpiste-Hang an den Gondeln bin ich heute etliche Male gefahren, da ich annehmen muss, dass es bei dem Schneestand n\u00e4chstes Mal nicht mehr m\u00f6glich sein wird; wobei, wenn es n\u00e4chste Woche tats\u00e4chlich k\u00e4lter wird, sollte es in 2 Wochen schon noch gehen.<\/p>\n<p>Dabei hatte ich heute die breiten Carpani Allmountains, da sie noch im Auto lagen. Am schlechtesten + aufgefahrendsten war die Abfahrt an der DSB, die DSB selbst ist heute auch kaum jemand gefahren. Am besten ging der TFH-Schlusshang neben der Piste. Die GW-H\u00e4nge (abseits der DSB-Abfahrt) wurden bereits um kurz nach 14 Uhr dicht gemacht, ich hab dann um 15 Uhr aufgeh\u00f6rt, weil es schneem\u00e4\u00dfig nirgends mehr so wirklich sinnvoll war.<\/p>\n<p>Der aktuelle Schneestand ist mit etwa Ende Juli 2016 vergleichbar, also 1 Monat Unterschied, tw. ist der Unterschied zu den Vorjahren weniger weit, tw. weiter. 2007 d\u00fcrfte es \u00e4hnlich schlecht gewesen sein, wobei ich nicht jedes Jahr l\u00fcckenlos vergleichen konnte, da ich im Juni\/Juli nicht jedes Jahr so ausf\u00fchrlich da war bzw. manchmal Neuschnee das Bild verzerrt. Der neue Felsbereich am Olperer wurde heuer gro\u00dffl\u00e4chig vermattet.<\/p>\n<p>(Fotos anklicken zum Vergr\u00f6\u00dfern)<\/p>\n<p><a href='http:\/\/ski.inmontanis.info\/d\/233993-2\/DSC00518.jpg'><img src=http:\/\/ski.inmontanis.info\/d\/233992-3\/DSC00518.jpg \/><\/a><br \/>\n^ Standard-Bild von der 1. Sektion zum Gletscher<\/p>\n<p><a href='http:\/\/ski.inmontanis.info\/d\/233997-2\/DSC00519.jpg'><img src=http:\/\/ski.inmontanis.info\/d\/233996-3\/DSC00519.jpg \/><\/a><br \/>\n^ TFH-Hang rechts von der 10EUB<\/p>\n<p><a href='http:\/\/ski.inmontanis.info\/d\/234001-2\/DSC00521.jpg'><img src=http:\/\/ski.inmontanis.info\/d\/234000-3\/DSC00521.jpg \/><\/a><br \/>\n^ Abfahrt TFH<\/p>\n<p><a href='http:\/\/ski.inmontanis.info\/d\/234005-2\/DSC00522.jpg'><img src=http:\/\/ski.inmontanis.info\/d\/234004-3\/DSC00522.jpg \/><\/a><br \/>\n^ Auff\u00e4lligster Unterschied zu bisher ist das nun gro\u00dfe Mattenfeld auf dem zuletzt ausapernden Felsen am Olperer-Hang<\/p>\n<p><a href='http:\/\/ski.inmontanis.info\/d\/234009-2\/DSC00524.jpg'><img src=http:\/\/ski.inmontanis.info\/d\/234008-3\/DSC00524.jpg \/><\/a><br \/>\n^ Olperer von GW. Schaut heuer schon ziemlich schlecht aus.<\/p>\n<p>Vergleiche:<\/p>\n<p><a href='http:\/\/ski.inmontanis.info\/d\/217376-3\/DSC05355.jpg'><img src=http:\/\/ski.inmontanis.info\/d\/217375-4\/DSC05355.jpg \/><\/a><br \/>\n^ 23.7.2016 (am 30.7. sah es wesentlich schlechter aus als heute)<\/p>\n<p><a href='http:\/\/ski.inmontanis.info\/d\/202022-3\/DSC00876.jpg'><img src=http:\/\/ski.inmontanis.info\/d\/202021-4\/DSC00876.jpg \/><\/a><br \/>\n^ 11.7.2015<\/p>\n<p><a href='http:\/\/ski.inmontanis.info\/d\/183926-3\/DSC00251.jpg'><img src=http:\/\/ski.inmontanis.info\/d\/183925-4\/DSC00251.jpg \/><\/a><br \/>\n^ 19.7.2014<\/p>\n<p><a href='http:\/\/ski.inmontanis.info\/d\/132668-3\/DSC07284.jpg'><img src=http:\/\/ski.inmontanis.info\/d\/132666-4\/DSC07284.jpg \/><\/a><br \/>\n^ 16.7.2011<\/p>\n<p><a href='http:\/\/ski.inmontanis.info\/d\/118008-3\/P1540462.JPG'><img src=http:\/\/ski.inmontanis.info\/d\/118006-4\/P1540462.JPG \/><\/a><br \/>\n^ 10.7.2010<\/p>\n<p><a href='http:\/\/ski.inmontanis.info\/d\/101470-3\/P1390521.JPG'><img src=http:\/\/ski.inmontanis.info\/d\/101468-4\/P1390521.JPG \/><\/a><br \/>\n^ 1.8.2009<\/p>\n<p>&#8212;&#8211;<\/p>\n<p><a href='http:\/\/ski.inmontanis.info\/d\/234013-2\/DSC00526.jpg'><img src=http:\/\/ski.inmontanis.info\/d\/234012-3\/DSC00526.jpg \/><\/a><br \/>\n^ GW von Olperer<\/p>\n<p>Vergleiche:<\/p>\n<p><a href='http:\/\/ski.inmontanis.info\/d\/217380-3\/DSC05356.jpg'><img src=http:\/\/ski.inmontanis.info\/d\/217379-4\/DSC05356.jpg \/><\/a><br \/>\n^ 23.7.2016<\/p>\n<p><a href='http:\/\/ski.inmontanis.info\/d\/183886-3\/DSC00229.jpg'><img src=http:\/\/ski.inmontanis.info\/d\/183885-4\/DSC00229.jpg \/><\/a><br \/>\n^ 19.7.2014<\/p>\n<p><a href='http:\/\/ski.inmontanis.info\/d\/167420-3\/DSC04994.jpg'><img src=http:\/\/ski.inmontanis.info\/d\/167418-4\/DSC04994.jpg \/><\/a><br \/>\n^ 4.8.2013<\/p>\n<p>&#8212;&#8211;<\/p>\n<p><a href='http:\/\/ski.inmontanis.info\/d\/234017-2\/DSC00527.jpg'><img src=http:\/\/ski.inmontanis.info\/d\/234016-3\/DSC00527.jpg \/><\/a><br \/>\n^ Die Matten rechts des GW-SL wurden heuer nach unten verl\u00e4ngert<\/p>\n<p><a href='http:\/\/ski.inmontanis.info\/d\/234021-2\/DSC00528.jpg'><img src=http:\/\/ski.inmontanis.info\/d\/234020-3\/DSC00528.jpg \/><\/a><br \/>\n^ Matten unterhalb der 10EUB<\/p>\n<p><a href='http:\/\/ski.inmontanis.info\/d\/234025-2\/DSC00530.jpg'><img src=http:\/\/ski.inmontanis.info\/d\/234024-3\/DSC00530.jpg \/><\/a><br \/>\n^ Matten unterhalb der 10EUB<\/p>\n<p><a href='http:\/\/ski.inmontanis.info\/d\/234029-2\/DSC00531.jpg'><img src=http:\/\/ski.inmontanis.info\/d\/234028-3\/DSC00531.jpg \/><\/a><br \/>\n^ Hier im oberen Bereich der TFH-Abfahrt kann man das Ergebnis der Beschneiung mittlerweile doch ganz gut sehen<\/p>\n<p><a href='http:\/\/ski.inmontanis.info\/d\/234033-2\/DSC00534.jpg'><img src=http:\/\/ski.inmontanis.info\/d\/234032-3\/DSC00534.jpg \/><\/a><br \/>\n^ An der DSB-Abfahrt gibts noch ein paar Beschneiungsdepots am Rand<\/p>\n<p><a href='http:\/\/ski.inmontanis.info\/d\/234037-2\/DSC00536.jpg'><img src=http:\/\/ski.inmontanis.info\/d\/234036-3\/DSC00536.jpg \/><\/a><br \/>\n^ Offpiste zwischen den Gondeln &#8211; fuhr ich heute \u00f6fters, da sie bei meinem n\u00e4chsten Besuch vmtl. nicht mehr gehen wird<\/p>\n<p><a href='http:\/\/ski.inmontanis.info\/d\/234045-2\/DSC00537.jpg'><img src=http:\/\/ski.inmontanis.info\/d\/234044-3\/DSC00537.jpg \/><\/a><br \/>\n^ TFH-Hang Mitte. Dank des H\u00fcgels unten konnte man mit Schuss problemlos zum GB3 vorfahren.<\/p>\n<p><a href='http:\/\/ski.inmontanis.info\/d\/234041-2\/DSC00542.jpg'><img src=http:\/\/ski.inmontanis.info\/d\/234040-3\/DSC00542.jpg \/><\/a><br \/>\n^ TFH-Hang links; Zufahrt zum GB3 noch problemlos bis kurz vor die T\u00fcr. Offpiste-Hang oben wird aber wohl nicht mehr lang m\u00f6glich sein heuer<\/p>\n<p><a href='http:\/\/ski.inmontanis.info\/d\/234049-2\/DSC00545.jpg'><img src=http:\/\/ski.inmontanis.info\/d\/234048-3\/DSC00545.jpg \/><\/a><br \/>\n^ Status Schlegeis-3SB<\/p>\n<p><a href='http:\/\/ski.inmontanis.info\/d\/234053-2\/DSC00549.jpg'><img src=http:\/\/ski.inmontanis.info\/d\/234052-3\/DSC00549.jpg \/><\/a><br \/>\n^ Olperer-Kaserer<\/p>\n<p><a href='http:\/\/ski.inmontanis.info\/d\/234057-2\/DSC00551.jpg'><img src=http:\/\/ski.inmontanis.info\/d\/234056-3\/DSC00551.jpg \/><\/a><br \/>\n^ Richtung Kaserer<\/p>\n<p><a href='http:\/\/ski.inmontanis.info\/d\/234061-2\/DSC00561.jpg'><img src=http:\/\/ski.inmontanis.info\/d\/234060-3\/DSC00561.jpg \/><\/a><br \/>\n^ Die Steilrinne an der 10EUB wird heuer wohl leider auch nicht lange gehen<\/p>\n<p><a href='http:\/\/ski.inmontanis.info\/d\/234065-2\/DSC00562.jpg'><img src=http:\/\/ski.inmontanis.info\/d\/234064-3\/DSC00562.jpg \/><\/a><br \/>\n^ .. zur Abwechslung ist sie au\u00dfer mir (hier 2x, sp\u00e4ter 1x) noch ein anderer gefahren.<\/p>\n","protected":false},"excerpt":{"rendered":"<p>24.6.2017<\/p>\n<p>Eigentlich h\u00e4tte ich dieses WE ja pausieren wollen, aber die Wettervorhersagen waren sonnig + sehr warm f\u00fcr heute, aber kalt + Schnee f\u00fcr n\u00e4chstes WE, also war die Sache klar ..<\/p>\n<p>Schnee war tw. recht pappig, daf\u00fcr war der &#8220;Eierkarton-Acker&#8221; offpiste halbwegs weich; den Offpiste-Hang an den Gondeln bin ich heute etliche Male gefahren, <a href=\"http:\/\/blog.inmontanis.info\/?p=4418\">[&#8230;]<\/a><\/p>\n","protected":false},"author":1,"featured_media":0,"comment_status":"closed","ping_status":"closed","sticky":false,"template":"","format":"standard","meta":{"footnotes":""},"categories":[246,25,13,28],"tags":[54,78,47],"class_list":["post-4418","post","type-post","status-publish","format-standard","hentry","category-hintertux","category-noreport","category-austria","category-skifahren-sommer","tag-gletschervergleich","tag-restschnee","tag-sl","odd"],"_links":{"self":[{"href":"http:\/\/blog.inmontanis.info\/index.php?rest_route=\/wp\/v2\/posts\/4418","targetHints":{"allow":["GET"]}}],"collection":[{"href":"http:\/\/blog.inmontanis.info\/index.php?rest_route=\/wp\/v2\/posts"}],"about":[{"href":"http:\/\/blog.inmontanis.info\/index.php?rest_route=\/wp\/v2\/types\/post"}],"author":[{"embeddable":true,"href":"http:\/\/blog.inmontanis.info\/index.php?rest_route=\/wp\/v2\/users\/1"}],"replies":[{"embeddable":true,"href":"http:\/\/blog.inmontanis.info\/index.php?rest_route=%2Fwp%2Fv2%2Fcomments&post=4418"}],"version-history":[{"count":3,"href":"http:\/\/blog.inmontanis.info\/index.php?rest_route=\/wp\/v2\/posts\/4418\/revisions"}],"predecessor-version":[{"id":4421,"href":"http:\/\/blog.inmontanis.info\/index.php?rest_route=\/wp\/v2\/posts\/4418\/revisions\/4421"}],"wp:attachment":[{"href":"http:\/\/blog.inmontanis.info\/index.php?rest_route=%2Fwp%2Fv2%2Fmedia&parent=4418"}],"wp:term":[{"taxonomy":"category","embeddable":true,"href":"http:\/\/blog.inmontanis.info\/index.php?rest_route=%2Fwp%2Fv2%2Fcategories&post=4418"},{"taxonomy":"post_tag","embeddable":true,"href":"http:\/\/blog.inmontanis.info\/index.php?rest_route=%2Fwp%2Fv2%2Ftags&post=4418"}],"curies":[{"name":"wp","href":"https:\/\/api.w.org\/{rel}","templated":true}]}}