{"id":4407,"date":"2017-05-24T06:38:57","date_gmt":"2017-05-24T04:38:57","guid":{"rendered":"http:\/\/blog.inmontanis.info\/?p=4407"},"modified":"2017-06-21T06:49:36","modified_gmt":"2017-06-21T04:49:36","slug":"kvaenangen-skitour-24-5-2017","status":"publish","type":"post","link":"http:\/\/blog.inmontanis.info\/?p=4407","title":{"rendered":"Kv\u00e6nangen (Skitour), 24.5.2017"},"content":{"rendered":"<p><strong>Mi, 24.5.2017 &#8211; Arctic Spring Tag 5 &#8211; Kv\u00e6nangen (Skitour) <\/strong> (Gesamt-km 4.474)<\/p>\n<p>Da stellt man sich extra so hin, dass man morgens gleich etwas Sonne h\u00e4tte, die einem das Auto w\u00e4rmen k\u00f6nnte &#8211; dann ist leider alles bedeckt heute. Somit hab ich mir auch die Skitour am Sollifjellet gespart, zumal, wie ich mich zu erinnern meine, das Fjordpano ja eh nur recht weit oben so wirklich gut ist. Sollifjellet hatte \u00fcbrigens heuer bis zum 17.5. Skibetrieb (an den WE). Die F\u00e4hre in diese Richtung nahm ich aber doch noch mit, weil ich sie samt zweier Stra\u00dfen noch nicht gefahren bin.<\/p>\n<p>Weiter dann zur E6 und auch noch eine alternative Variante, die ich bisher noch nicht gefahren bin. War leider wieder einmal eine der typisch schrecklichen skandinavischen Stra\u00dfen, die ich nur mit 30-50 km\/h fahren kann, weil ich meinem alten Qubo das nicht mehr zumuten will. Mulden, H\u00fcgel, laufend abbremsen. Sehr h\u00e4ufig verlaufen Stra\u00dfen in Skandinavien so: &#8212;&#8211;.-.&#8212;&#8211;  und ich vermute, dass zwischen den beiden &#8220;.&#8221; ein Rohr die Stra\u00dfenseite kreuzt (Entw\u00e4sserung zwischen linker und rechter Seite) und man vor und nach dem Rohr nicht genug Material reingelegt hat, so dass sich dort der Asphalt gesenkt hat und man nun eine Mulde vor und nach dem Rohr hat .. <\/p>\n<p>(Fotos anklicken zum Vergr\u00f6\u00dfern)<\/p>\n<p><a href='http:\/\/extra.inmontanis.info\/d\/41548-2\/ge20170524e.jpg'><img src=http:\/\/extra.inmontanis.info\/d\/41547-3\/ge20170524e.jpg \/><\/a><br \/>\n^ Fahrstrecke 24.5.2017 (ca. 630km)<br \/>\nD) Kv\u00e6nangen (Skitour)<\/p>\n<p><a href='http:\/\/extra.inmontanis.info\/d\/41552-2\/DSC07540.jpg'><img src=http:\/\/extra.inmontanis.info\/d\/41551-3\/DSC07540.jpg \/><\/a><br \/>\n^ 83 \/ Gullesfjord \/ Flesnes<\/p>\n<p><a href='http:\/\/extra.inmontanis.info\/d\/41556-2\/DSC07546.jpg'><img src=http:\/\/extra.inmontanis.info\/d\/41555-3\/DSC07546.jpg \/><\/a><br \/>\n^ Gullesfjord \/ F\u00e4hre Flesnes-Refnes<\/p>\n<p><a href='http:\/\/extra.inmontanis.info\/d\/41560-2\/DSC07547.jpg'><img src=http:\/\/extra.inmontanis.info\/d\/41559-3\/DSC07547.jpg \/><\/a><br \/>\n^ Gullesfjord \/ F\u00e4hre Flesnes-Refnes<\/p>\n<p><a href='http:\/\/extra.inmontanis.info\/d\/41564-2\/DSC07551.jpg'><img src=http:\/\/extra.inmontanis.info\/d\/41563-3\/DSC07551.jpg \/><\/a><br \/>\n^ Br\u00fccke und Stra\u00dfe auf Kve\u00f8ya<\/p>\n<p><a href='http:\/\/extra.inmontanis.info\/d\/41568-2\/DSC07553.jpg'><img src=http:\/\/extra.inmontanis.info\/d\/41567-3\/DSC07553.jpg \/><\/a><br \/>\n^ Br\u00fccke und Stra\u00dfe auf Kve\u00f8ya<\/p>\n<p><a href='http:\/\/extra.inmontanis.info\/d\/41572-2\/DSC07562.jpg'><img src=http:\/\/extra.inmontanis.info\/d\/41571-3\/DSC07562.jpg \/><\/a><br \/>\n^ E6<\/p>\n<p><a href='http:\/\/extra.inmontanis.info\/d\/41576-2\/DSC07575.jpg'><img src=http:\/\/extra.inmontanis.info\/d\/41575-3\/DSC07575.jpg \/><\/a><br \/>\n^ leider nicht untypisch in Skandinavien, dieser nervig-schlechte Stra\u00dfenzustand<\/p>\n<p><a href='http:\/\/extra.inmontanis.info\/d\/41580-2\/DSC07599.jpg'><img src=http:\/\/extra.inmontanis.info\/d\/41579-3\/DSC07599.jpg \/><\/a><br \/>\n^ E6 Storfjord\/Lyngen<\/p>\n<p><a href='http:\/\/extra.inmontanis.info\/d\/41584-2\/DSC07601.jpg'><img src=http:\/\/extra.inmontanis.info\/d\/41583-3\/DSC07601.jpg \/><\/a><br \/>\n^ E6 \/ neuer Tunnel &#8230;<\/p>\n<p><a href='http:\/\/extra.inmontanis.info\/d\/41588-2\/DSC07604_001.jpg'><img src=http:\/\/extra.inmontanis.info\/d\/41587-3\/DSC07604_001.jpg \/><\/a><br \/>\n^ .. diese Aussicht wird man dann nicht mehr haben, wenn man durch den neuen Tunnel f\u00e4hrt.  (E6 \/ Lyngen)<\/p>\n<p><a href='http:\/\/extra.inmontanis.info\/d\/41592-2\/DSC07621.jpg'><img src=http:\/\/extra.inmontanis.info\/d\/41591-3\/DSC07621.jpg \/><\/a><br \/>\n^ E6 \/ Oksfjordvannet, noch gefroren<\/p>\n<p>Troms\u00f8 l\u00e4ge heute halbwegs auf dem Weg und ich hatte im Vorhinein per EMail nachgefragt, ob man mit den Skiern rauf d\u00fcrfe. Denn lt. GE-Satbildern hat man hier im Norden Ende Mai bis auf ca. 200m Schnee, aber es gibt kaum Stra\u00dfen, die einem dann in diese H\u00f6hen bringen, wenn man mit Fjordblick Skifahren will. Daher k\u00e4me es einem gelegen, mit der PB in Troms\u00f8 auf ca. 400 hm fahren zu k\u00f6nnen, um dann noch ca. 200-300m zum naheliegenden Gipfel zu gehen und dann Fjordpano-m\u00e4\u00dfig abfahren zu k\u00f6nnen. Aufgurnd der Mitternachtssonne ist die PB derzeit bis 1 Uhr in Betrieb.<\/p>\n<p>Allerdings waren die Wettervorhersagen nicht so lohnenswert, au\u00dferdem liegt momentan noch so viel Schnee, dass man evtl. auch ohne der PB in Troms\u00f8 gen\u00fcgend M\u00f6glichkeiten des Skifahrens mit Fjordblick haben sollte. Wieder einmal war ich erstaunt, wieviel Schnee wie tief heuer noch liegt und wie gefroren manche Seen oder Fjordenden noch waren. Den Wettervorhersagen k\u00f6nnte es morgen Abend am oder neben dem Nordkapp sonnig werden, auf dem Weg dahin vor Alta wusste ich, dass die E6 am Kv\u00e6nangen-Fjord \u00fcber einen kleinen Pass f\u00e4hrt, von dem man ein sch\u00f6nes Fjord-Pano hat und ich nahm an, dass ich dort eine kleine Skitour machen k\u00f6nnte.<\/p>\n<p>Dort angekommen war das Wetter gemischt, die Sonne sah man etwas durch die Wolkendecke, aber es wurde auch dunkler. Oben angekommen schneite es dann leicht und ich wartete einige Zeit lang, bis es wieder etwas besser wurde. Ich w\u00e4hlte zum Aufstieg und zur Abfahrt allerdings die etwas leichtere Variante, die zudem flacher war und somit auch weniger gef\u00e4hrlich war. Auch wenn ich nicht davon ausging, dass die andere momentan lawinengef\u00e4hrdet war, aber egal. Der Schnee war wieder firnig-sulzig-nass und relaitv kompakt und nicht pappig, so dass man gut rauf und gut runter kam. H\u00f6henmeterm\u00e4\u00dfig war es etwas mehr als in Arvidsjaur, ging aber noch problemlos. Schade jedenfalls, dass man hier keinen Skilift gebaut hat, w\u00e4re mit der E6 ja bestens angebunden.<\/p>\n<p><a href='http:\/\/ski.inmontanis.info\/d\/233909-2\/DSC07625.jpg'><img src=http:\/\/ski.inmontanis.info\/d\/233907-3\/DSC07625.jpg \/><\/a><br \/>\n^ E6 \/ Kv\u00e6nangsfjellet, na das ist doch brauchbares Skitour-Gel\u00e4nde f\u00fcr heute.<\/p>\n<p><a href='http:\/\/ski.inmontanis.info\/d\/233913-2\/DSC07628.jpg'><img src=http:\/\/ski.inmontanis.info\/d\/233912-3\/DSC07628.jpg \/><\/a><br \/>\n^ E6 \/ Kv\u00e6nangen<\/p>\n<p><a href='http:\/\/ski.inmontanis.info\/d\/233917-2\/DSC07630.jpg'><img src=http:\/\/ski.inmontanis.info\/d\/233916-3\/DSC07630.jpg \/><\/a><br \/>\n^ E6 \/ Kv\u00e6nangsfjellet<\/p>\n<p><a href='http:\/\/ski.inmontanis.info\/d\/233921-2\/DSC07631.jpg'><img src=http:\/\/ski.inmontanis.info\/d\/233920-3\/DSC07631.jpg \/><\/a><br \/>\n^ Hier w\u00e4re es zwar abfahrtsm\u00e4\u00dfig sch\u00f6ner gewesen (weil Fjord-Pano), aber man w\u00e4re nicht so weit rauf gekommen; bzw. weiter links w\u00e4re es dann wesentlich steiler geworden, daher ging ich doch hinter den Felsen rauf ..<\/p>\n<p><a href='http:\/\/ski.inmontanis.info\/d\/233925-2\/DSC07633.jpg'><img src=http:\/\/ski.inmontanis.info\/d\/233924-3\/DSC07633.jpg \/><\/a><br \/>\n^ Skitour Kv\u00e6nangsfjellet<\/p>\n<p><a href='http:\/\/ski.inmontanis.info\/d\/233929-2\/DSC07634.jpg'><img src=http:\/\/ski.inmontanis.info\/d\/233928-3\/DSC07634.jpg \/><\/a><br \/>\n^ Skitour Kv\u00e6nangsfjellet<\/p>\n<p><a href='http:\/\/ski.inmontanis.info\/d\/233933-2\/DSC07635.jpg'><img src=http:\/\/ski.inmontanis.info\/d\/233932-3\/DSC07635.jpg \/><\/a><br \/>\n^ .. nat\u00fcrlich gibt es auch im Fr\u00fchjahr immer mal wieder welche, die hier mit Skiern unterwegs sind, wie man an den alten Spuren erkennen kann..<\/p>\n<p><a href='http:\/\/ski.inmontanis.info\/d\/233937-2\/DSC07638.jpg'><img src=http:\/\/ski.inmontanis.info\/d\/233936-3\/DSC07638.jpg \/><\/a><br \/>\n^ E6 \/ Kv\u00e6nangsfjellet<\/p>\n<p><a href='http:\/\/ski.inmontanis.info\/d\/233941-2\/DSC07649.jpg'><img src=http:\/\/ski.inmontanis.info\/d\/233940-3\/DSC07649.jpg \/><\/a><br \/>\n^ Hier hab ich die Skier abgeschnallt und bin noch das St\u00fcck zu Fu\u00df auf den Gipfelgrat. F\u00fcr die ca. 175hm hab ich inkl. Felle aufziehen etc. 1,5h gebraucht.<\/p>\n<p><a href='http:\/\/ski.inmontanis.info\/d\/233945-2\/DSC07651.jpg'><img src=http:\/\/ski.inmontanis.info\/d\/233944-3\/DSC07651.jpg \/><\/a><br \/>\n^ Kv\u00e6nangen<\/p>\n<p><a href='http:\/\/ski.inmontanis.info\/d\/233949-2\/DSC07662-7665.jpg'><img src=http:\/\/ski.inmontanis.info\/d\/233948-3\/DSC07662-7665.jpg \/><\/a><br \/>\n^ Gipfelgratpano<\/p>\n<p><a href='http:\/\/ski.inmontanis.info\/d\/233953-2\/DSC07663.jpg'><img src=http:\/\/ski.inmontanis.info\/d\/233952-3\/DSC07663.jpg \/><\/a><br \/>\n^ Kv\u00e6nangen mit E6. Es fing an leicht zu schneien und ich wartete einige Zeit auf die Wetterbesserung<\/p>\n<p><a href='http:\/\/ski.inmontanis.info\/d\/233957-2\/DSC07665.jpg'><img src=http:\/\/ski.inmontanis.info\/d\/233956-3\/DSC07665.jpg \/><\/a><br \/>\n^ Gipfelgrat, weiter hinauf bin ich aber nicht mehr.<\/p>\n<p><a href='http:\/\/ski.inmontanis.info\/d\/233961-2\/DSC07671-7676.jpg'><img src=http:\/\/ski.inmontanis.info\/d\/233960-3\/DSC07671-7676.jpg \/><\/a><br \/>\n^ Gipfelgratpano<\/p>\n<p><a href='http:\/\/ski.inmontanis.info\/d\/233965-2\/DSC07671.jpg'><img src=http:\/\/ski.inmontanis.info\/d\/233964-3\/DSC07671.jpg \/><\/a><br \/>\n^ Kv\u00e6nangen<\/p>\n<p><a href='http:\/\/ski.inmontanis.info\/d\/233969-2\/DSC07673.jpg'><img src=http:\/\/ski.inmontanis.info\/d\/233968-3\/DSC07673.jpg \/><\/a><br \/>\n^ Kv\u00e6nangen<\/p>\n<p><a href='http:\/\/ski.inmontanis.info\/d\/233973-2\/DSC07676.jpg'><img src=http:\/\/ski.inmontanis.info\/d\/233972-3\/DSC07676.jpg \/><\/a><br \/>\n^ Gipfelplateau<\/p>\n<p><a href='http:\/\/ski.inmontanis.info\/d\/233977-2\/DSC03246-3252.jpg'><img src=http:\/\/ski.inmontanis.info\/d\/233976-3\/DSC03246-3252.jpg \/><\/a><br \/>\n^ Gipfelgratpano (IR)<\/p>\n<p><a href='http:\/\/ski.inmontanis.info\/d\/233981-2\/DSC07679.jpg'><img src=http:\/\/ski.inmontanis.info\/d\/233980-3\/DSC07679.jpg \/><\/a><br \/>\n^ Auf der Abfahrt war leider nicht viel mit Fjordpano; h\u00e4tte vielleicht doch vorne rum raufgehen sollen..<\/p>\n<p><a href='http:\/\/ski.inmontanis.info\/d\/233985-2\/DSC07682.jpg'><img src=http:\/\/ski.inmontanis.info\/d\/233984-3\/DSC07682.jpg \/><\/a><br \/>\n^ E6 \/ Kv\u00e6nangsfjellet &#8211; Passstra\u00dfe, 401m lt. Schild<\/p>\n<p><a href='http:\/\/ski.inmontanis.info\/d\/233989-2\/ge20170524a.jpg'><img src=http:\/\/ski.inmontanis.info\/d\/233988-3\/ge20170524a.jpg \/><\/a><br \/>\n^ GPS-Track Skitour 24.5.2017<\/p>\n<p>Weiter nach Alta wurde es dann auf einem St\u00fcck noch einmal winterlicher, auf 38m \u00fcdM. eine geschlossene Schneedecke und gerade einmal +4\u00b0 mit zu erwartend k\u00e4lteren Temperaturen \u00fcber Nacht und am Morgen &#8211; ich h\u00e4tte weder mit dem einen noch mit dem anderen gerechnet, als ich die Satbilder aus so manchen Vorjahren zwischen mitte Mai und mitte Juni angesehen hatte. Ich hoffe, dass das heute dann die k\u00e4lteste Nacht wird. Es w\u00e4re ja alles wesentlich weniger problematisch, wenn es klaren Himmel g\u00e4be, denn dank der nachts durchgehenden Sonne k\u00f6nnte man sich ja einfach in selbige stellen und sich die Nacht durch etwas aufheizen lassen. (Man k\u00f6nnte auch einfach tags\u00fcber schlafen, wenn es etwas w\u00e4rmer ist, denn dunkel ist es nachts ja eh nicht..)<\/p>\n<p>Wobei es ja schon so gewisse Vorteile hat, wenn es um Mitternacht noch so hell ist &#8211; erleichtert zB. die Parkplatzsuche und auch fotografieren kann man noch problemlos und man sieht die Landschaft etc..<\/p>\n<p><a href='http:\/\/extra.inmontanis.info\/d\/41596-2\/DSC07686.jpg'><img src=http:\/\/extra.inmontanis.info\/d\/41595-3\/DSC07686.jpg \/><\/a><br \/>\n^ Wieder auf der E6..<\/p>\n<p><a href='http:\/\/extra.inmontanis.info\/d\/41600-2\/DSC07689.jpg'><img src=http:\/\/extra.inmontanis.info\/d\/41599-3\/DSC07689.jpg \/><\/a><br \/>\n^ Hier hat&#8217;s noch Schneereste bis auf Meeresh\u00f6he<\/p>\n<p><a href='http:\/\/extra.inmontanis.info\/d\/41604-2\/DSC07697.jpg'><img src=http:\/\/extra.inmontanis.info\/d\/41603-3\/DSC07697.jpg \/><\/a><br \/>\n^ Langfjordbotn \/ durchgehende Schneedecke auf 38m !!<\/p>\n<p><a href='http:\/\/extra.inmontanis.info\/d\/41608-2\/DSC07698.jpg'><img src=http:\/\/extra.inmontanis.info\/d\/41607-3\/DSC07698.jpg \/><\/a><br \/>\n^ .. und man beachte die Schneeh\u00f6he auf diesem Sportplatz ! Es regnete \u00fcbrigens leicht bei +4\u00b0<\/p>\n<p><a href='http:\/\/extra.inmontanis.info\/d\/41612-2\/DSC07703.jpg'><img src=http:\/\/extra.inmontanis.info\/d\/41611-3\/DSC07703.jpg \/><\/a><br \/>\n^ E6 \/ Langfjord<\/p>\n<p><a href='http:\/\/extra.inmontanis.info\/d\/41616-2\/DSC07704.jpg'><img src=http:\/\/extra.inmontanis.info\/d\/41615-3\/DSC07704.jpg \/><\/a><br \/>\n^ E6 \/ Altafjord<\/p>\n<p><a href='http:\/\/extra.inmontanis.info\/d\/41620-2\/DSC07707.jpg'><img src=http:\/\/extra.inmontanis.info\/d\/41619-3\/DSC07707.jpg \/><\/a><br \/>\n^ E6 \/ Altafjord<\/p>\n<p><a href='http:\/\/extra.inmontanis.info\/d\/41624-2\/DSC07712.jpg'><img src=http:\/\/extra.inmontanis.info\/d\/41623-3\/DSC07712.jpg \/><\/a><br \/>\n^ Vor kurzem wurde die E6 vor Alta ja auf weiter Strecke neu trassiert inkl. einiger Tunnels; die alten Strecken kann man hier und da noch fahren, wenn H\u00e4user anzufahren sind; hier ist bei dieser Variante aber Ende. Da hier aber nun so gut wie kein Verkehr mehr ist, \u00fcbernachtete ich in einer kleinen Seitenbucht.<\/p>\n<p><a href='http:\/\/extra.inmontanis.info\/d\/41628-2\/IMG_3206.jpg'><img src=http:\/\/extra.inmontanis.info\/d\/41627-3\/IMG_3206.jpg \/><\/a><br \/>\n^ Mitternacht im Auto, hab ja da diverse Schaumstoff-St\u00fccke oder Folien an den Fenstern ..<\/p>\n<p><a href='http:\/\/extra.inmontanis.info\/d\/41632-2\/IMG_3209.jpg'><img src=http:\/\/extra.inmontanis.info\/d\/41631-3\/IMG_3209.jpg \/><\/a><br \/>\n^ Ganz hinten (und vorne rechts) hab ich eine dicke dunkle Schaumstoffmatte, die die K\u00e4lte gut drau\u00dfen l\u00e4sst. Die orangenen Schaumstoffmatten an den Schiebet\u00fcren sind noch etwas dicker, lassen aber mehr Licht rein. An den kleinen Eckfenstern, vorne links und der Windschutzscheibe hab ich d\u00fcnne Schaumstoffmatten mit Silberfolie, dort w\u00e4ren dicke Sachen etwas schwieriger anzubringen, schirmen temperaturm\u00e4\u00dfig aber vmtl. am wenigsten ab.<\/p>\n<p>Heutiges Dashcam-Video, u.a. mit:<br \/>\nFjorde, Schnee, schlechten Stra\u00dfen und Schafe<br \/>\n0:25 Auf-\/Abfahrt F\u00e4hre<br \/>\n0:49 Br\u00fccke+Damm auf die Insel<br \/>\n2:30 Lyngen<\/p>\n<p><object style=\"height: 500px; width: 900px\"><param name=\"movie\" value=\"http:\/\/www.youtube.com\/v\/6RhQlFulVyc\"><\/param><param name=\"wmode\" value=\"transparent\"><\/param><embed src=\"http:\/\/www.youtube.com\/v\/6RhQlFulVyc\" type=\"application\/x-shockwave-flash\" wmode=\"transparent\"  width=\"900\" height=\"480\"><\/embed><\/object><\/p>\n<p>(Fortsetzung folgt.)<\/p>\n","protected":false},"excerpt":{"rendered":"<p>Mi, 24.5.2017 &#8211; Arctic Spring Tag 5 &#8211; Kv\u00e6nangen (Skitour) (Gesamt-km 4.474)<\/p>\n<p>Da stellt man sich extra so hin, dass man morgens gleich etwas Sonne h\u00e4tte, die einem das Auto w\u00e4rmen k\u00f6nnte &#8211; dann ist leider alles bedeckt heute. Somit hab ich mir auch die Skitour am Sollifjellet gespart, zumal, wie ich mich zu erinnern <a href=\"http:\/\/blog.inmontanis.info\/?p=4407\">[&#8230;]<\/a><\/p>\n","protected":false},"author":1,"featured_media":0,"comment_status":"closed","ping_status":"closed","sticky":false,"template":"","format":"standard","meta":{"footnotes":""},"categories":[162,18,28,29],"tags":[],"class_list":["post-4407","post","type-post","status-publish","format-standard","hentry","category-2017-05-arctic-spring","category-norwegennorway","category-skifahren-sommer","category-skitourenwalk-ski","odd"],"_links":{"self":[{"href":"http:\/\/blog.inmontanis.info\/index.php?rest_route=\/wp\/v2\/posts\/4407","targetHints":{"allow":["GET"]}}],"collection":[{"href":"http:\/\/blog.inmontanis.info\/index.php?rest_route=\/wp\/v2\/posts"}],"about":[{"href":"http:\/\/blog.inmontanis.info\/index.php?rest_route=\/wp\/v2\/types\/post"}],"author":[{"embeddable":true,"href":"http:\/\/blog.inmontanis.info\/index.php?rest_route=\/wp\/v2\/users\/1"}],"replies":[{"embeddable":true,"href":"http:\/\/blog.inmontanis.info\/index.php?rest_route=%2Fwp%2Fv2%2Fcomments&post=4407"}],"version-history":[{"count":5,"href":"http:\/\/blog.inmontanis.info\/index.php?rest_route=\/wp\/v2\/posts\/4407\/revisions"}],"predecessor-version":[{"id":4412,"href":"http:\/\/blog.inmontanis.info\/index.php?rest_route=\/wp\/v2\/posts\/4407\/revisions\/4412"}],"wp:attachment":[{"href":"http:\/\/blog.inmontanis.info\/index.php?rest_route=%2Fwp%2Fv2%2Fmedia&parent=4407"}],"wp:term":[{"taxonomy":"category","embeddable":true,"href":"http:\/\/blog.inmontanis.info\/index.php?rest_route=%2Fwp%2Fv2%2Fcategories&post=4407"},{"taxonomy":"post_tag","embeddable":true,"href":"http:\/\/blog.inmontanis.info\/index.php?rest_route=%2Fwp%2Fv2%2Ftags&post=4407"}],"curies":[{"name":"wp","href":"https:\/\/api.w.org\/{rel}","templated":true}]}}