{"id":4403,"date":"2017-06-18T16:27:31","date_gmt":"2017-06-18T14:27:31","guid":{"rendered":"http:\/\/blog.inmontanis.info\/?p=4403"},"modified":"2023-08-06T10:54:59","modified_gmt":"2023-08-06T08:54:59","slug":"stubaier-gletscher-17-18-6-2017","status":"publish","type":"post","link":"http:\/\/blog.inmontanis.info\/?p=4403","title":{"rendered":"Stubaier Gletscher, 17.+18.6.2017"},"content":{"rendered":"<p><strong>17.+18.6.2017<\/strong><\/p>\n<p>So, letztes Skibetriebswochenende vor der Sommerpause am Stubaier.<\/p>\n<p>Die Temperaturen waren dieses WE wieder etwas k\u00fchler, Frost in der Nacht, weshalb manche Varianten am Samstag gar nicht und am Sonntag auch erst sp\u00e4ter fahrbar waren. Generell am Sonntag aber etwas fr\u00fcher leicht weich geworden. Sehr sonnig an beiden Tagen, der auf Bergfex f\u00fcr Samstag gemeldete Sturm war zum Gl\u00fcck nur am Windachferner sp\u00fcrbar.<\/p>\n<p>Zur Mittelstation fuhr ich nur noch 1x am Sonntag und war bei weitem nicht der einzige, am Samstag nachmittag sah ich 2 neue Spuren und auch am Sonntag einige Spuren vor mir und mind. 1 kam noch nach mir. Sch\u00f6n, nicht der einzige Verr\u00fcckte zu sein ;-) Stattdessen ging ich am Samstag zum Schluss das St\u00fcck hoch zum Daunferner und fuhr dort ab. Das Ski-Trage-St\u00fcck dauerte zwar nur 7 Minuten, war aber f\u00fcr mich schon sehr anstrengend..<\/p>\n<p>(Fotos anklicken zum Vergr\u00f6\u00dfern)<\/p>\n<p><a href='http:\/\/ski.inmontanis.info\/d\/233783-2\/DSC00448_001.jpg'><img src=http:\/\/ski.inmontanis.info\/d\/233782-3\/DSC00448_001.jpg \/><\/a><br \/>\n^ Warum man bei der generell schlechten Pr\u00e4parierung dann auch noch 2x so eine Querfahrt machen muss, mit solchen Abs\u00e4tzen, ist und bleibt einfach unverst\u00e4ndlich.<\/p>\n<p><a href='http:\/\/ski.inmontanis.info\/d\/233787-2\/DSC00449_001.jpg'><img src=http:\/\/ski.inmontanis.info\/d\/233786-3\/DSC00449_001.jpg \/><\/a><br \/>\n^ .. wobei das bei der Pr\u00e4parierung auch nicht mehr ins Gewicht f\u00e4llt. <\/p>\n<p><a href='http:\/\/ski.inmontanis.info\/d\/233791-2\/DSC00451.jpg'><img src=http:\/\/ski.inmontanis.info\/d\/233790-3\/DSC00451.jpg \/><\/a><br \/>\n^ Mit Schwung kam man \u00fcber die kleine apere Stelle noch dr\u00fcber. Erst um 11 Uhr und m.E. viel zu sp\u00e4t wurde dann endlich mal etwas Schnee hier hin verschoben.<\/p>\n<p><a href='http:\/\/ski.inmontanis.info\/d\/233795-2\/DSC00460.jpg'><img src=http:\/\/ski.inmontanis.info\/d\/233794-3\/DSC00460.jpg \/><\/a><br \/>\n^ Aufstieg zur Rotadl-KSB-Bergstation<\/p>\n<p><a href='http:\/\/ski.inmontanis.info\/d\/233799-2\/DSC00463.jpg'><img src=http:\/\/ski.inmontanis.info\/d\/233798-3\/DSC00463.jpg \/><\/a><br \/>\n^ Daunferner<\/p>\n<p><a href='http:\/\/ski.inmontanis.info\/d\/233803-2\/DSC00465.jpg'><img src=http:\/\/ski.inmontanis.info\/d\/233802-3\/DSC00465.jpg \/><\/a><br \/>\n^ Depot am Ausstieg Rotadl-KSB. War etwas schwierig, da links rum zu kommen..<\/p>\n<p><a href='http:\/\/ski.inmontanis.info\/d\/233807-2\/DSC00467.jpg'><img src=http:\/\/ski.inmontanis.info\/d\/233806-3\/DSC00467.jpg \/><\/a><br \/>\n^ SL Daunscharte<\/p>\n<p><a href='http:\/\/ski.inmontanis.info\/d\/233811-2\/DSC00469.jpg'><img src=http:\/\/ski.inmontanis.info\/d\/233810-3\/DSC00469.jpg \/><\/a><br \/>\n^ Meine einsame Spur am Daunferner<\/p>\n<p><a href='http:\/\/ski.inmontanis.info\/d\/233815-2\/DSC00472.jpg'><img src=http:\/\/ski.inmontanis.info\/d\/233814-3\/DSC00472.jpg \/><\/a><br \/>\n^ Daunferner-Gamsgarten<\/p>\n<p><a href='http:\/\/ski.inmontanis.info\/d\/233819-2\/DSC00475.jpg'><img src=http:\/\/ski.inmontanis.info\/d\/233818-3\/DSC00475.jpg \/><\/a><br \/>\n^ Gamsgarten.<\/p>\n<p>Man kann einem Auto ja vieles antun, ein schweinchen-rosaner Sportwagen oder ein chromfolierter SUV gef\u00e4llt sicher nicht jedem, auch so manche Aufkleber kann man in Frage stellen, aber bisher dachte ich, diese Erlk\u00f6nig-Verklebung ist das schlimmste, bis ich heute das sah:<\/p>\n<p><a href='http:\/\/ski.inmontanis.info\/d\/233823-2\/DSC00477.jpg'><img src=http:\/\/ski.inmontanis.info\/d\/233822-3\/DSC00477.jpg \/><\/a><br \/>\n^ Wie kann man einem Bentley, der um die 200-400.000,- \u20ac kostet, so eine potth\u00e4ssliche Lackierung verpassen??? Das Blau+Gold sah ja von vorne\/seitlich schon gr\u00e4sslich aus, aber diese rosa Heckklappe schl\u00e4gt dem Fass ja komplett den Boden aus. Bentley sollte das Recht haben, so ein Fahrzeug aus dem Verkehr ziehen zu d\u00fcrfen, diese Respektlosigkeit  grenzt ja an Rufsch\u00e4digung!<\/p>\n<p><a href='http:\/\/ski.inmontanis.info\/d\/233827-2\/DSC00479.jpg'><img src=http:\/\/ski.inmontanis.info\/d\/233826-3\/DSC00479.jpg \/><\/a><br \/>\n^ Mittelstationsabfahrt<\/p>\n<p><a href='http:\/\/ski.inmontanis.info\/d\/233831-2\/DSC00482.jpg'><img src=http:\/\/ski.inmontanis.info\/d\/233830-3\/DSC00482.jpg \/><\/a><br \/>\n^ SL Windachferner<\/p>\n<p><a href='http:\/\/ski.inmontanis.info\/d\/233835-2\/DSC00487.jpg'><img src=http:\/\/ski.inmontanis.info\/d\/233834-3\/DSC00487.jpg \/><\/a><br \/>\n^ Die Wolken waren zum Gl\u00fcck nicht st\u00f6rend.<\/p>\n<p><a href='http:\/\/ski.inmontanis.info\/d\/233839-2\/DSC00490.jpg'><img src=http:\/\/ski.inmontanis.info\/d\/233838-3\/DSC00490.jpg \/><\/a><br \/>\n^ Manchmal geht Offpiste einfach besser als das&#8230;<\/p>\n<p><a href='http:\/\/ski.inmontanis.info\/d\/233843-2\/DSC00494.jpg'><img src=http:\/\/ski.inmontanis.info\/d\/233842-3\/DSC00494.jpg \/><\/a><br \/>\n^ Aus der Reihe PPP ;-) (PinkelPausenPanorama)<\/p>\n<p><a href='http:\/\/ski.inmontanis.info\/d\/233847-2\/DSC00495.jpg'><img src=http:\/\/ski.inmontanis.info\/d\/233846-3\/DSC00495.jpg \/><\/a><br \/>\n^ Schade um den ganzen sch\u00f6nen Schnee, der im Herbst wieder m\u00fchselig produziert werden muss.. wenigstens hier k\u00f6nnte man schon ein bisschen vermatten..<\/p>\n<p><a href='http:\/\/ski.inmontanis.info\/d\/233851-2\/DSC00496.jpg'><img src=http:\/\/ski.inmontanis.info\/d\/233850-3\/DSC00496.jpg \/><\/a><br \/>\n^ SL Windachferner, um die Mittagszeit immer am sch\u00f6nsten<\/p>\n<p><a href='http:\/\/ski.inmontanis.info\/d\/233855-2\/DSC00497.jpg'><img src=http:\/\/ski.inmontanis.info\/d\/233854-3\/DSC00497.jpg \/><\/a><br \/>\n^ Jochdohle, hier oben noch nichts vermattet, da noch Arbeiten am Gai\u00dfkarferner<\/p>\n<p><a href='http:\/\/ski.inmontanis.info\/d\/233859-2\/DSC00498.jpg'><img src=http:\/\/ski.inmontanis.info\/d\/233858-3\/DSC00498.jpg \/><\/a><br \/>\n^ Gai\u00dfkarferner<\/p>\n<p><a href='http:\/\/ski.inmontanis.info\/d\/233863-2\/DSC00503.jpg'><img src=http:\/\/ski.inmontanis.info\/d\/233862-3\/DSC00503.jpg \/><\/a><br \/>\n^ SL Windachferner<\/p>\n<p><a href='http:\/\/ski.inmontanis.info\/d\/233867-2\/DSC00505.jpg'><img src=http:\/\/ski.inmontanis.info\/d\/233866-3\/DSC00505.jpg \/><\/a><br \/>\n^ SL Windachferner und DSB Wildspitze<\/p>\n<p><a href='http:\/\/ski.inmontanis.info\/d\/233871-2\/DSC00506.jpg'><img src=http:\/\/ski.inmontanis.info\/d\/233870-3\/DSC00506.jpg \/><\/a><br \/>\n^ Solche Ecken gefallen mir im Fr\u00fchsommer am besten<\/p>\n<p><a href='http:\/\/ski.inmontanis.info\/d\/233875-2\/DSC00511.jpg'><img src=http:\/\/ski.inmontanis.info\/d\/233874-3\/DSC00511.jpg \/><\/a><br \/>\n^ Meine Spur<\/p>\n<p><a href='http:\/\/ski.inmontanis.info\/d\/233879-2\/DSC00512.jpg'><img src=http:\/\/ski.inmontanis.info\/d\/233878-3\/DSC00512.jpg \/><\/a><br \/>\n^ Abfahrt Fernau\/Mittelstation, bin heute nicht der erste<\/p>\n<p><a href='http:\/\/ski.inmontanis.info\/d\/233883-2\/DSC00514.jpg'><img src=http:\/\/ski.inmontanis.info\/d\/233882-3\/DSC00514.jpg \/><\/a><br \/>\n^ Abfahrt Fernau\/Mittelstation<\/p>\n<p><a href='http:\/\/ski.inmontanis.info\/d\/233887-2\/DSC00515.jpg'><img src=http:\/\/ski.inmontanis.info\/d\/233886-3\/DSC00515.jpg \/><\/a><br \/>\n^ Also 1. wenn man den Weg schon freischaufeln muss und 2. wenn schon so viel Schnee liegt, dann k\u00f6nnte man doch 3. auch gleich ein Depot hier machen? Gerade das hier folgende St\u00fcck ist zu Saisonbeginn doch immer mit am steinigsten.<\/p>\n<p><a href='http:\/\/ski.inmontanis.info\/d\/233891-2\/DSC00516.jpg'><img src=http:\/\/ski.inmontanis.info\/d\/233890-3\/DSC00516.jpg \/><\/a><br \/>\n^ Mittelstationsabfahrt, mit kurzem \u00fcber&#8217;s Gras steigen konnte man noch bis zum Weg kommen; danach folgte der anstrengendste Teil des Fu\u00dfwegs<\/p>\n<p><a href='http:\/\/ski.inmontanis.info\/d\/233895-2\/DSC00517.jpg'><img src=http:\/\/ski.inmontanis.info\/d\/233894-3\/DSC00517.jpg \/><\/a><br \/>\n^ Mittelstationsabfahrt, Ende am letzten Schneefeld.<\/p>\n<p>\u00dcbrigens, am heutigen (18.6.) Webcam-Bild vom Gamsgarten um 10:15 bin ich im Flachteil auf der Abfahrt zu sehen:<\/p>\n<p><a href='http:\/\/static2.bergfex.com\/webcams\/archive\/downsized\/8299\/2017\/06\/18\/8299_2017-06-18_1015_821adb01b46fa915.jpg'>http:\/\/static2.bergfex.com\/webcams\/archive\/downsized\/8299\/2017\/06\/18\/8299_2017-06-18_1015_821adb01b46fa915.jpg<\/a><\/p>\n<p><a href='http:\/\/ski.inmontanis.info\/d\/233899-2\/ge201706c.jpg'><img src=http:\/\/ski.inmontanis.info\/d\/233898-3\/ge201706c.jpg \/><\/a><br \/>\n^ GPS-Track Juni 2017<br \/>\nRot: 10.+11.6.<br \/>\nGelb: 15.6.<br \/>\nBlau: 17.+18.6.<\/p>\n<p><a href='http:\/\/ski.inmontanis.info\/d\/233903-2\/ge201706d.jpg'><img src=http:\/\/ski.inmontanis.info\/d\/233902-3\/ge201706d.jpg \/><\/a><br \/>\n^ Ausschnitt GPS-Track Juni 2017, noch genug Abwechslung.<\/p>\n","protected":false},"excerpt":{"rendered":"<p>17.+18.6.2017<\/p>\n<p>So, letztes Skibetriebswochenende vor der Sommerpause am Stubaier.<\/p>\n<p>Die Temperaturen waren dieses WE wieder etwas k\u00fchler, Frost in der Nacht, weshalb manche Varianten am Samstag gar nicht und am Sonntag auch erst sp\u00e4ter fahrbar waren. Generell am Sonntag aber etwas fr\u00fcher leicht weich geworden. Sehr sonnig an beiden Tagen, der auf Bergfex f\u00fcr Samstag <a href=\"http:\/\/blog.inmontanis.info\/?p=4403\">[&#8230;]<\/a><\/p>\n","protected":false},"author":1,"featured_media":0,"comment_status":"closed","ping_status":"closed","sticky":false,"template":"","format":"standard","meta":{"footnotes":""},"categories":[25,13,28,895],"tags":[78,47],"class_list":["post-4403","post","type-post","status-publish","format-standard","hentry","category-noreport","category-austria","category-skifahren-sommer","category-stubaier-gletscher","tag-restschnee","tag-sl","odd"],"_links":{"self":[{"href":"http:\/\/blog.inmontanis.info\/index.php?rest_route=\/wp\/v2\/posts\/4403","targetHints":{"allow":["GET"]}}],"collection":[{"href":"http:\/\/blog.inmontanis.info\/index.php?rest_route=\/wp\/v2\/posts"}],"about":[{"href":"http:\/\/blog.inmontanis.info\/index.php?rest_route=\/wp\/v2\/types\/post"}],"author":[{"embeddable":true,"href":"http:\/\/blog.inmontanis.info\/index.php?rest_route=\/wp\/v2\/users\/1"}],"replies":[{"embeddable":true,"href":"http:\/\/blog.inmontanis.info\/index.php?rest_route=%2Fwp%2Fv2%2Fcomments&post=4403"}],"version-history":[{"count":4,"href":"http:\/\/blog.inmontanis.info\/index.php?rest_route=\/wp\/v2\/posts\/4403\/revisions"}],"predecessor-version":[{"id":4996,"href":"http:\/\/blog.inmontanis.info\/index.php?rest_route=\/wp\/v2\/posts\/4403\/revisions\/4996"}],"wp:attachment":[{"href":"http:\/\/blog.inmontanis.info\/index.php?rest_route=%2Fwp%2Fv2%2Fmedia&parent=4403"}],"wp:term":[{"taxonomy":"category","embeddable":true,"href":"http:\/\/blog.inmontanis.info\/index.php?rest_route=%2Fwp%2Fv2%2Fcategories&post=4403"},{"taxonomy":"post_tag","embeddable":true,"href":"http:\/\/blog.inmontanis.info\/index.php?rest_route=%2Fwp%2Fv2%2Ftags&post=4403"}],"curies":[{"name":"wp","href":"https:\/\/api.w.org\/{rel}","templated":true}]}}