{"id":4399,"date":"2017-05-23T17:56:58","date_gmt":"2017-05-23T15:56:58","guid":{"rendered":"http:\/\/blog.inmontanis.info\/?p=4399"},"modified":"2023-08-05T12:12:23","modified_gmt":"2023-08-05T10:12:23","slug":"riksgransen-ski-lofoten-23-5-2017","status":"publish","type":"post","link":"http:\/\/blog.inmontanis.info\/?p=4399","title":{"rendered":"Riksgr\u00e4nsen (Ski) + Lofoten, 23.5.2017"},"content":{"rendered":"<p><strong>Di, 23.5.2017 &#8211; Arctic Spring Tag 4 &#8211; Riksgr\u00e4nsen &#038; Lofoten<\/strong> <\/p>\n<p>In Riksgr\u00e4nsen wollte ich ja schon 2x Ski fahren. Ende Juni 2006, denn zur Sommersonnwende macht Riksgr\u00e4nsen immer f\u00fcr ein paar Tage zum Sommerskifahren auf, wenn noch genug Schnee da ist. Ein paar Tage davor war ich vor Ort und sah es mir an &#8211; es sah nicht danach aus, als ob die Skibetrieb haben k\u00f6nnten. Im Winter 2011 ging mir hier alles gegen den Strich, am linken KSSL kein Parkplatz, im Ort richtung DSB zwar einige Parkpl\u00e4tze, aber dann nix angeschrieben, wie man zur DSB kommt, ich hatte mich falsch entschieden und irgendwann war mir alles zu bl\u00f6d und bin ins benachbarte Bj\u00f6rkliden gefahren.<\/p>\n<p>Im Zuge der Vorarbeiten zum heurigen Besuch fragte ich vorsichtshalber per EMail nach, wo man denn den Skipass kaufen k\u00f6nne &#8211; nicht, dass ich bis zur DSB laufe und dann wieder zur\u00fcck muss, weil es da keine Skip\u00e4sse gibt. Und tats\u00e4chlich, man sagte mir, die Skip\u00e4sse g\u00e4be es nicht an der Sesselbahn, sondern im Sportshop im Hotel.<\/p>\n<p>Die Wettervorhersagen f\u00fcr Riksgr\u00e4nsen heute waren vorvorgestern durchwegs gut, vorgestern eher schlecht, gestern Abend zumeist recht sonnig &#8211; war aber leider doch nicht der Fall, erst kurz vor Schluss wurde es relativ sonnig. Schade. Der Schnee war aber recht gut, insb. die Offpiste-H\u00e4nge an den Sesselbahnen richtung Tal waren schon vormittags angenehm weich (nass-firn-sulz) und gut zu fahren. Onpiste war&#8217;s etwas h\u00e4rter und da einige Abfahrten leider nicht frisch pr\u00e4pariert waren, insb. morgens etwas anstrengend.<\/p>\n<p>Die Tageskarte kostete 375,- SEK (ca. 38-39,- \u20ac) auf Skidata, Fremdkarten werden akzeptiert (die vom \u00c4tna ging leider nicht) und man kann nicht bar zahlen &#8211; sondern nur per Karte. In Betrieb waren die beiden Sesselbahnen (unten DSB, oben 3SB), der obere KSSL und der kurze Teller-SL. Los war relativ wenig. Riksgr\u00e4nsen liegt \u00fcbrigens auf einer H\u00f6he von ca. 500-900m und hat heuer (wie vmtl. \u00fcblicherweise) bis zum letzten Mai-WE t\u00e4glich ge\u00f6ffnet.<\/p>\n<p>(Fotos anklicken zum Vergr\u00f6\u00dfern)<\/p>\n<p><a href='http:\/\/extra.inmontanis.info\/d\/41496-2\/ge20170523.jpg'><img src=http:\/\/extra.inmontanis.info\/d\/41495-3\/ge20170523.jpg \/><\/a><br \/>\n^ Fahrstrecke 23.5.2017 (ca. 590 km)<\/p>\n<p><a href='http:\/\/extra.inmontanis.info\/d\/41500-2\/DSC07178.jpg'><img src=http:\/\/extra.inmontanis.info\/d\/41499-3\/DSC07178.jpg \/><\/a><br \/>\n^ Morgens gab es immer mal wieder einen Wechsel aus Schneelandschaften und schneefreien Landschaften (hier  n\u00f6rdlich von G\u00e4llivare, auf etwas unter 500m); am Auto-Au\u00dfenthermometer standen heute morgen k\u00fchle +2\u00b0C<\/p>\n<p><a href='http:\/\/extra.inmontanis.info\/d\/41504-2\/IMG_3167.jpg'><img src=http:\/\/extra.inmontanis.info\/d\/41503-3\/IMG_3167.jpg \/><\/a><br \/>\n^ In der Tankstelle f\u00fcr heute fr\u00fch\/mittag gekauft; ein Garnelen-Rundst\u00fcck und ein Wrap, der leider sehr scharf war.<\/p>\n<p><a href='http:\/\/extra.inmontanis.info\/d\/41508-2\/DSC07184.jpg'><img src=http:\/\/extra.inmontanis.info\/d\/41507-3\/DSC07184.jpg \/><\/a><br \/>\n^ Schneereste in Kiruna<\/p>\n<p><a href='http:\/\/extra.inmontanis.info\/d\/41512-2\/DSC07185.jpg'><img src=http:\/\/extra.inmontanis.info\/d\/41511-3\/DSC07185.jpg \/><\/a><br \/>\n^ Kiruna, Kourou .. liegt auch nur vom Wortklang her nah beieinander ;-)<\/p>\n<p><a href='http:\/\/ski.inmontanis.info\/d\/233563-2\/DSC07189.jpg'><img src=http:\/\/ski.inmontanis.info\/d\/233561-3\/DSC07189.jpg \/><\/a><br \/>\n^ Skigebiet in Kiruna, das Bild sollte mir in ein paar Tagen noch weiterhelfen, als ich mich dann f\u00fcr eine Skitour hier entschieden hab<\/p>\n<p><a href='http:\/\/extra.inmontanis.info\/d\/41516-2\/DSC07205.jpg'><img src=http:\/\/extra.inmontanis.info\/d\/41515-3\/DSC07205.jpg \/><\/a><br \/>\n^ Tornetr\u00e4sk<\/p>\n<p><a href='http:\/\/extra.inmontanis.info\/d\/41520-2\/DSC07220.jpg'><img src=http:\/\/extra.inmontanis.info\/d\/41519-3\/DSC07220.jpg \/><\/a><br \/>\n^ Vassijaure<\/p>\n<p><a href='http:\/\/ski.inmontanis.info\/d\/233571-2\/DSC07223.jpg'><img src=http:\/\/ski.inmontanis.info\/d\/233570-3\/DSC07223.jpg \/><\/a><br \/>\n^ Blick ins Skigebiet von Riksgr\u00e4nsen, noch genug Schnee, sch\u00f6n. Nur das Wetter ist nicht so, wie tw. gemeldet.<\/p>\n<p><a href='http:\/\/ski.inmontanis.info\/d\/233575-2\/DSC07228.jpg'><img src=http:\/\/ski.inmontanis.info\/d\/233574-3\/DSC07228.jpg \/><\/a><br \/>\n^ Schneemassen in Riksgr\u00e4nsen auf lediglich ca. 500 m Meeresh\u00f6he.<\/p>\n<p><a href='http:\/\/ski.inmontanis.info\/d\/233579-2\/DSC07230.jpg'><img src=http:\/\/ski.inmontanis.info\/d\/233578-3\/DSC07230.jpg \/><\/a><br \/>\n^ ca. 1,5min dauerte die Durchfahrt des ber\u00fcmten langen LKAB-Zuges von Kiruna nach Narvik<\/p>\n<p><a href='http:\/\/ski.inmontanis.info\/d\/233583-2\/DSC07232.jpg'><img src=http:\/\/ski.inmontanis.info\/d\/233582-3\/DSC07232.jpg \/><\/a><br \/>\n^ Rechts im Hotel-Sportshop kauft man den Skipass (Skidata-Keycard, keine Barzahlung)<\/p>\n<p><a href='http:\/\/ski.inmontanis.info\/d\/233587-2\/DSC07236.jpg'><img src=http:\/\/ski.inmontanis.info\/d\/233586-3\/DSC07236.jpg \/><\/a><br \/>\n^ Der untere Stock an dem Haus ist ja noch gut unter Schnee..<\/p>\n<p><a href='http:\/\/ski.inmontanis.info\/d\/233591-2\/DSC07237.jpg'><img src=http:\/\/ski.inmontanis.info\/d\/233590-3\/DSC07237.jpg \/><\/a><br \/>\n^ M\u00fchseliger Fu\u00dfweg zur DSB. H\u00e4tte man die nicht irgendwo anders hin bauen k\u00f6nnen?!<\/p>\n<p><a href='http:\/\/ski.inmontanis.info\/d\/233595-2\/DSC07240.jpg'><img src=http:\/\/ski.inmontanis.info\/d\/233594-3\/DSC07240.jpg \/><\/a><br \/>\n^ Pistenplan<\/p>\n<p><a href='http:\/\/ski.inmontanis.info\/d\/233599-2\/ge_riksgraensen-nolifts.jpg'><img src=http:\/\/ski.inmontanis.info\/d\/233598-3\/ge_riksgraensen-nolifts.jpg \/><\/a><br \/>\n^ Hier ist das Sat-Bild des Skigebietes von Riksgr\u00e4nsen. Pistenmodellierungen? Keine. SL-Trassen? Noch nicht mal die sieht man! Das Finden der Lifte auf dem Sat-Bild ist beinahe unmg\u00f6glich. Das hat mich bei den Vorarbeiten zur heurigen Reise doch seeeehr neugierig gemacht.<\/p>\n<p><a href='http:\/\/ski.inmontanis.info\/d\/233603-2\/ge_riksgraensen-lifts.jpg'><img src=http:\/\/ski.inmontanis.info\/d\/233602-3\/ge_riksgraensen-lifts.jpg \/><\/a><br \/>\n^ .. hier die Lifte eingezeichnet. Na, die Pisten kann man sich immer noch nicht denken, oder? :)<\/p>\n<p><a href='http:\/\/ski.inmontanis.info\/d\/233607-2\/ge20170523d.jpg'><img src=http:\/\/ski.inmontanis.info\/d\/233606-3\/ge20170523d.jpg \/><\/a><br \/>\n^ Und mein GPS-Track vom 23.5.2017; T\u00fcrkis die beiden heute nicht in Betrieb befindlichen SL\/KSSL. Dank der vielen Varianten h\u00e4lt man&#8217;s hier problemlos 1-2 Tage aus. Sofern der Schnee passt..<\/p>\n<p><a href='http:\/\/ski.inmontanis.info\/d\/233611-2\/riksgr__nsen-ge-20110624.jpg'><img src=http:\/\/ski.inmontanis.info\/d\/233610-3\/riksgr__nsen-ge-20110624.jpg \/><\/a><br \/>\n^ Wenn der Schnee reicht, ist das Skigebiet zur Sommersonnwende f\u00fcr ein paar Tage ge\u00f6ffnet, im Ski-Betrieb ist dann die (obere) 3SB mit ca. 2 Restschneeabfahrten, wie man hier im Sat-Bild vom 24.6.2011 erkennen kann. (Am Ausstieg der 3SB liegt kein Schnee!)<\/p>\n<p><a href='http:\/\/ski.inmontanis.info\/d\/233615-2\/DSC07257.jpg'><img src=http:\/\/ski.inmontanis.info\/d\/233614-3\/DSC07257.jpg \/><\/a><br \/>\n^ Der untere KSSL Katterj\u00e5kksliften war wg. eines technischen Defekts schon seit einiger Zeit geschlossen; der obere KSSL Nordalsliften zum Gl\u00fcck ge\u00f6ffnet. Links vorne der Teller-SL Solliften und links hinten der Kurven-SL Vinkelliften, der dzt. nur an den WE offen ist.<\/p>\n<p><a href='http:\/\/ski.inmontanis.info\/d\/233619-2\/DSC07269.jpg'><img src=http:\/\/ski.inmontanis.info\/d\/233618-3\/DSC07269.jpg \/><\/a><br \/>\n^ Anscheinend ehemalige 2. Sektion, Vorg\u00e4nger der 3SB .. was mag das gewesen sein?<\/p>\n<p><a href='http:\/\/ski.inmontanis.info\/d\/233623-2\/DSC07274.jpg'><img src=http:\/\/ski.inmontanis.info\/d\/233622-3\/DSC07274.jpg \/><\/a><br \/>\n^ Schwarze Talabfahrt an der DSB (Skimastern), unpr\u00e4pariert<\/p>\n<p><a href='http:\/\/ski.inmontanis.info\/d\/233627-2\/DSC07275.jpg'><img src=http:\/\/ski.inmontanis.info\/d\/233626-3\/DSC07275.jpg \/><\/a><br \/>\n^ DSB Bergstation, und das steht auch auf dem Schild: Bergstation (hei\u00dft in Schweden egtl. Toppstation)<\/p>\n<p><a href='http:\/\/ski.inmontanis.info\/d\/233631-2\/DSC07277.jpg'><img src=http:\/\/ski.inmontanis.info\/d\/233630-3\/DSC07277.jpg \/><\/a><br \/>\n^ 3SB \u00d6vre Stolliften und DSB Nedre Stolliften<\/p>\n<p><a href='http:\/\/ski.inmontanis.info\/d\/233635-2\/DSC07285.jpg'><img src=http:\/\/ski.inmontanis.info\/d\/233634-3\/DSC07285.jpg \/><\/a><br \/>\n^ 3SB Sektion 2 mit blauer Abfahrt 5<\/p>\n<p><a href='http:\/\/ski.inmontanis.info\/d\/233639-2\/DSC07284.jpg'><img src=http:\/\/ski.inmontanis.info\/d\/233638-3\/DSC07284.jpg \/><\/a><br \/>\n^ Skiroute Branten; die lawinengef\u00e4hrdeteren Skirouten ins Tal haben eine \u00d6ffnungsanzeige; diese war heute meine Lieblingsabfahrt<\/p>\n<p><a href='http:\/\/ski.inmontanis.info\/d\/233643-2\/DSC07286.jpg'><img src=http:\/\/ski.inmontanis.info\/d\/233642-3\/DSC07286.jpg \/><\/a><br \/>\n^ Skiroute Branten; nett steil und der Schnee angenehm weich<\/p>\n<p><a href='http:\/\/ski.inmontanis.info\/d\/233647-2\/DSC07291.jpg'><img src=http:\/\/ski.inmontanis.info\/d\/233646-3\/DSC07291.jpg \/><\/a><br \/>\n^ Skiroute Branten bzw. die anderen Routen an dem Steilhang hier<\/p>\n<p><a href='http:\/\/ski.inmontanis.info\/d\/233651-2\/DSC07299.jpg'><img src=http:\/\/ski.inmontanis.info\/d\/233650-3\/DSC07299.jpg \/><\/a><br \/>\n^ Abfahrt am KSSL, weiter unten teilt sie sich in die Abfahrten 5 (zur 3SB) und 6+7 (zum KSSL bzw. ins Tal)<\/p>\n<p><a href='http:\/\/ski.inmontanis.info\/d\/233655-2\/DSC07305.jpg'><img src=http:\/\/ski.inmontanis.info\/d\/233654-3\/DSC07305.jpg \/><\/a><br \/>\n^ Offpiste<\/p>\n<p><a href='http:\/\/ski.inmontanis.info\/d\/233659-2\/DSC07308.jpg'><img src=http:\/\/ski.inmontanis.info\/d\/233658-3\/DSC07308.jpg \/><\/a><br \/>\n^ Route Rimfors<\/p>\n<p><a href='http:\/\/ski.inmontanis.info\/d\/233663-2\/DSC07325.jpg'><img src=http:\/\/ski.inmontanis.info\/d\/233662-3\/DSC07325.jpg \/><\/a><br \/>\n^ K\u00f6nnte in etwa die Talabfahrt 2 sein<\/p>\n<p><a href='http:\/\/ski.inmontanis.info\/d\/233667-2\/DSC07333.jpg'><img src=http:\/\/ski.inmontanis.info\/d\/233666-3\/DSC07333.jpg \/><\/a><br \/>\n^ 3SB Sektion 2 mit roter Abfahrt 16<\/p>\n<p><a href='http:\/\/ski.inmontanis.info\/d\/233671-2\/DSC07335.jpg'><img src=http:\/\/ski.inmontanis.info\/d\/233670-3\/DSC07335.jpg \/><\/a><br \/>\n^ Blick von der 3SB zur DSB<\/p>\n<p><a href='http:\/\/ski.inmontanis.info\/d\/233675-2\/DSC07338.jpg'><img src=http:\/\/ski.inmontanis.info\/d\/233674-3\/DSC07338.jpg \/><\/a><br \/>\n^ Route 28 Gr\u00e4ns\u00e4ngarna ganz rechts der Sessellifte; die Schilder, die man da hinten sieht, bedeuten die Grenze des \u00fcberwachten Skiraums<\/p>\n<p><a href='http:\/\/ski.inmontanis.info\/d\/233679-2\/DSC07340.jpg'><img src=http:\/\/ski.inmontanis.info\/d\/233678-3\/DSC07340.jpg \/><\/a><br \/>\n^ Route 28 Gr\u00e4ns\u00e4ngarna ganz rechts der Sessellifte<\/p>\n<p><a href='http:\/\/ski.inmontanis.info\/d\/233683-2\/DSC07344.jpg'><img src=http:\/\/ski.inmontanis.info\/d\/233682-3\/DSC07344.jpg \/><\/a><br \/>\n^ Route 28 \/ 23<\/p>\n<p><a href='http:\/\/ski.inmontanis.info\/d\/233687-2\/DSC07346.jpg'><img src=http:\/\/ski.inmontanis.info\/d\/233686-3\/DSC07346.jpg \/><\/a><br \/>\n^ Route 23 Klumpen zur Talstation<\/p>\n<p><a href='http:\/\/ski.inmontanis.info\/d\/233691-2\/DSC07350.jpg'><img src=http:\/\/ski.inmontanis.info\/d\/233690-3\/DSC07350.jpg \/><\/a><br \/>\n^ Schneew\u00e4chten<\/p>\n<p><a href='http:\/\/ski.inmontanis.info\/d\/233695-2\/DSC07356.jpg'><img src=http:\/\/ski.inmontanis.info\/d\/233694-3\/DSC07356.jpg \/><\/a><br \/>\n^ Wieder einmal die nette Route Branten<\/p>\n<p><a href='http:\/\/ski.inmontanis.info\/d\/233699-2\/DSC07357.jpg'><img src=http:\/\/ski.inmontanis.info\/d\/233698-3\/DSC07357.jpg \/><\/a><br \/>\n^ Route Branten<\/p>\n<p><a href='http:\/\/ski.inmontanis.info\/d\/233703-2\/DSC07360.jpg'><img src=http:\/\/ski.inmontanis.info\/d\/233702-3\/DSC07360.jpg \/><\/a><br \/>\n^ DSB mit Gravur<\/p>\n<p><a href='http:\/\/ski.inmontanis.info\/d\/233707-2\/DSC07361.jpg'><img src=http:\/\/ski.inmontanis.info\/d\/233706-3\/DSC07361.jpg \/><\/a><br \/>\n^ Gipfelplateau mit Blick richtung  Narvik<\/p>\n<p><a href='http:\/\/ski.inmontanis.info\/d\/233711-2\/DSC07368.jpg'><img src=http:\/\/ski.inmontanis.info\/d\/233710-3\/DSC07368.jpg \/><\/a><br \/>\n^ Am anderen Rand des Skigebiets; zu sehen der Kurven-SL<\/p>\n<p><a href='http:\/\/ski.inmontanis.info\/d\/233715-2\/DSC07369.jpg'><img src=http:\/\/ski.inmontanis.info\/d\/233714-3\/DSC07369.jpg \/><\/a><br \/>\n^ Kurven-SL Vinkelliften, dzt. nur am WE offen; hier musste einiges Schnee aus der Trasse rausgeschoben werden ..<\/p>\n<p><a href='http:\/\/ski.inmontanis.info\/d\/233719-2\/DSC07371.jpg'><img src=http:\/\/ski.inmontanis.info\/d\/233718-3\/DSC07371.jpg \/><\/a><br \/>\n^ Teller-SL Solliften<\/p>\n<p><a href='http:\/\/ski.inmontanis.info\/d\/233723-2\/DSC07372.jpg'><img src=http:\/\/ski.inmontanis.info\/d\/233722-3\/DSC07372.jpg \/><\/a><br \/>\n^ SL Vinkel- und KSSL Nordalsliften; die Abfahrten dazwischen leider nicht mehr frisch pr\u00e4pariert<\/p>\n<p><a href='http:\/\/ski.inmontanis.info\/d\/233727-2\/DSC07380.jpg'><img src=http:\/\/ski.inmontanis.info\/d\/233726-3\/DSC07380.jpg \/><\/a><br \/>\n^ Teller-SL Solliften<\/p>\n<p><a href='http:\/\/ski.inmontanis.info\/d\/233731-2\/DSC07383.jpg'><img src=http:\/\/ski.inmontanis.info\/d\/233730-3\/DSC07383.jpg \/><\/a><br \/>\n^ Teller-SL Solliften<\/p>\n<p><a href='http:\/\/ski.inmontanis.info\/d\/233735-2\/DSC07384.jpg'><img src=http:\/\/ski.inmontanis.info\/d\/233734-3\/DSC07384.jpg \/><\/a><br \/>\n^ KSSL Nordalsliften<\/p>\n<p><a href='http:\/\/ski.inmontanis.info\/d\/233739-2\/DSC07389.jpg'><img src=http:\/\/ski.inmontanis.info\/d\/233738-3\/DSC07389.jpg \/><\/a><br \/>\n^ Erst kurz vor 16 Uhr lockerte es dann gro\u00dffl\u00e4chiger auf<\/p>\n<p><a href='http:\/\/ski.inmontanis.info\/d\/233743-2\/DSC07390.jpg'><img src=http:\/\/ski.inmontanis.info\/d\/233742-3\/DSC07390.jpg \/><\/a><br \/>\n^ Pano mit KSSL<\/p>\n<p><a href='http:\/\/ski.inmontanis.info\/d\/233747-2\/DSC07391.jpg'><img src=http:\/\/ski.inmontanis.info\/d\/233746-3\/DSC07391.jpg \/><\/a><br \/>\n^ Offpiste<\/p>\n<p><a href='http:\/\/ski.inmontanis.info\/d\/233751-2\/DSC07392.jpg'><img src=http:\/\/ski.inmontanis.info\/d\/233750-3\/DSC07392.jpg \/><\/a><br \/>\n^ Offpiste<\/p>\n<p><a href='http:\/\/ski.inmontanis.info\/d\/233755-2\/DSC07393.jpg'><img src=http:\/\/ski.inmontanis.info\/d\/233754-3\/DSC07393.jpg \/><\/a><br \/>\n^ Blaue Talabfahrt 15 Apelsinklyftan<\/p>\n<p><a href='http:\/\/ski.inmontanis.info\/d\/233759-2\/DSC07394.jpg'><img src=http:\/\/ski.inmontanis.info\/d\/233758-3\/DSC07394.jpg \/><\/a><br \/>\n^ Blaue Talabfahrt 15 Apelsinklyftan<\/p>\n<p><a href='http:\/\/ski.inmontanis.info\/d\/233763-2\/DSC07396.jpg'><img src=http:\/\/ski.inmontanis.info\/d\/233762-3\/DSC07396.jpg \/><\/a><br \/>\n^ Blaue Talabfahrt 15 Apelsinklyftan<\/p>\n<p><a href='http:\/\/ski.inmontanis.info\/d\/233767-2\/DSC07397.jpg'><img src=http:\/\/ski.inmontanis.info\/d\/233766-3\/DSC07397.jpg \/><\/a><br \/>\n^ Offpiste-H\u00e4nge an der DSB<\/p>\n<p><a href='http:\/\/ski.inmontanis.info\/d\/233771-2\/DSC07399.jpg'><img src=http:\/\/ski.inmontanis.info\/d\/233770-3\/DSC07399.jpg \/><\/a><br \/>\n^ Schneemassen im Ort<\/p>\n<p><a href='http:\/\/ski.inmontanis.info\/d\/233775-2\/DSC07405.jpg'><img src=http:\/\/ski.inmontanis.info\/d\/233774-3\/DSC07405.jpg \/><\/a><br \/>\n^ Offpiste-H\u00e4nge an der DSB; um 17 Uhr war&#8217;s dann richtig sonnig<\/p>\n<p><a href='http:\/\/ski.inmontanis.info\/d\/233779-2\/DSC07407.jpg'><img src=http:\/\/ski.inmontanis.info\/d\/233778-3\/DSC07407.jpg \/><\/a><br \/>\n^ Die beiden Sessellifte und ihre Abfahrten und Routen<\/p>\n<p>Fazit: Riksgr\u00e4nsen Ende Mai ist durchaus eine Reise wert. W\u00fcrde ja gern nochmal her die n\u00e4chsten Tage, egal ob nachts oder tags\u00fcber, aber wetterm\u00e4\u00dfig schauts momentan eher nicht danach aus. Freitag tags bzw. nachts k\u00f6nnte es nochmal etwas Sonne geben, aber das liegt dann leider echt bl\u00f6d auf dem Weg&#8230;<\/p>\n<p>Nach dem Skifahren am Parkplatz wieder die gro\u00dfe Frage: Wohin jetzt? Wie wird das Wetter da und dort? Nirgends so wirklich gut. Grundlegend wollte ich ja entweder im oder gegen den Uhrzeigersinn und ggf. am Ende der Woche nochmals in Riksgr\u00e4nsen vorbei schauen. In Nordnorwegen in den n\u00e4chsten Tagen eher regnerisch, ebenso in Finnland. Wollte heuer egtl. nicht unbedingt auf die Lofoten, aber hier heute Abend sonnig gemeldet und morgen evtl. Sollifjellet als einziges etwas besseres Wetter f\u00fcr eine eventuelle Skitour.  Fotom\u00e4\u00dfig jedenfalls die richtige Entscheidung f\u00fcr heute Abend gewesen ..<\/p>\n<p>Auf dem Weg dorthin nat\u00fcrlich noch etwas gegessen (in einem mir bereits bekannten Burger-Lokal) &#8211; und ein kleiner Besuch auf einem Rastplatz-WC (hier im Norden Norwegens ja leider meist nur Trocken-Klos) zum all-zwei-t\u00e4glichen Haarewaschen. Bekanntlich gibt&#8217;s an den Tankstellen hier im Norden so gut wie nie Duschen, so dass ich die 17 Tage wie schon die letzten Male ohne zu duschen durchkommen muss, stattdessen nur kurzes Frischmachen im Auto und eben ca. alle 2 Tage Haarewaschen auf einem \u00f6ffentlichen WC an einem Rastplatz, was zur Not auch mal \u00fcber einem Trocken-WC geht (mit einer Wasserflasche). <\/p>\n<p><a href='http:\/\/extra.inmontanis.info\/d\/41524-2\/DSC07421.jpg'><img src=http:\/\/extra.inmontanis.info\/d\/41523-3\/DSC07421.jpg \/><\/a><br \/>\n^ Bj\u00f8rnfjell<\/p>\n<p><a href='http:\/\/extra.inmontanis.info\/d\/41528-2\/DSC07422.jpg'><img src=http:\/\/extra.inmontanis.info\/d\/41527-3\/DSC07422.jpg \/><\/a><br \/>\n^ Bj\u00f8rnfjell<\/p>\n<p><a href='http:\/\/extra.inmontanis.info\/d\/41532-2\/DSC07427.jpg'><img src=http:\/\/extra.inmontanis.info\/d\/41531-3\/DSC07427.jpg \/><\/a><br \/>\n^ E6 \/ alte Br\u00fccke<\/p>\n<p><a href='http:\/\/extra.inmontanis.info\/d\/41536-2\/DSC07429.jpg'><img src=http:\/\/extra.inmontanis.info\/d\/41535-3\/DSC07429.jpg \/><\/a><br \/>\n^ E6 \/ Neue H\u00e5logalandsbrua noch nicht fertig, weshalb man hier ja leider Maut zahlen muss<\/p>\n<p><a href='http:\/\/extra.inmontanis.info\/d\/41540-2\/IMG_3187.jpg'><img src=http:\/\/extra.inmontanis.info\/d\/41539-3\/IMG_3187.jpg \/><\/a><br \/>\n^ Abendessen, 155g-Hamburger mit Pommes und Cola. Das mit den R\u00f6stzwiebeln war aber keine so gute Idee, weil morgen fr\u00fch weder Rastplatz mit WC noch Tankstelle greifbar war. Aber zum Gl\u00fcck hab ich ja bekanntlich mein eigenes Campingklo dabei ;-)<\/p>\n<p><a href='http:\/\/ski.inmontanis.info\/d\/233567-2\/DSC07440.jpg'><img src=http:\/\/ski.inmontanis.info\/d\/233566-3\/DSC07440.jpg \/><\/a><br \/>\n^ In Narvik h\u00e4tte man auch noch problemlos die Talabfahrt machen k\u00f6nnen<\/p>\n<p><a href='http:\/\/extra.inmontanis.info\/d\/41544-2\/DSC07462.jpg'><img src=http:\/\/extra.inmontanis.info\/d\/41543-3\/DSC07462.jpg \/><\/a><br \/>\n^ E10 \/ Tjeldsund (Die \u00dcberfahrt \u00fcber die Tjeldsund-Br\u00fccke ist im Dashcam-Video)<\/p>\n<p><a href='http:\/\/extra.inmontanis.info\/d\/41432-2\/DSC07469.jpg'><img src=http:\/\/extra.inmontanis.info\/d\/41431-3\/DSC07469.jpg \/><\/a><br \/>\n^ E10 \/ \u00d8ksfjord<\/p>\n<p><a href='http:\/\/extra.inmontanis.info\/d\/41436-2\/DSC07473.jpg'><img src=http:\/\/extra.inmontanis.info\/d\/41435-3\/DSC07473.jpg \/><\/a><br \/>\n^ E10<\/p>\n<p><a href='http:\/\/extra.inmontanis.info\/d\/41440-2\/DSC07478.jpg'><img src=http:\/\/extra.inmontanis.info\/d\/41439-3\/DSC07478.jpg \/><\/a><br \/>\n^ E10<\/p>\n<p><a href='http:\/\/extra.inmontanis.info\/d\/41444-2\/DSC07483.jpg'><img src=http:\/\/extra.inmontanis.info\/d\/41443-3\/DSC07483.jpg \/><\/a><br \/>\n^ E10 n\u00e4he Myrland<\/p>\n<p><a href='http:\/\/extra.inmontanis.info\/d\/41448-2\/DSC07485.jpg'><img src=http:\/\/extra.inmontanis.info\/d\/41447-3\/DSC07485.jpg \/><\/a><br \/>\n^ E10 \/ Sl\u00f8verfjord<\/p>\n<p><a href='http:\/\/extra.inmontanis.info\/d\/41452-2\/DSC07499.jpg'><img src=http:\/\/extra.inmontanis.info\/d\/41451-3\/DSC07499.jpg \/><\/a><br \/>\n^ E10 \/ Austnesfjord<\/p>\n<p><a href='http:\/\/extra.inmontanis.info\/d\/41456-2\/DSC07503.jpg'><img src=http:\/\/extra.inmontanis.info\/d\/41455-3\/DSC07503.jpg \/><\/a><br \/>\n^ E10 \/ Austnesfjord; weiter im S\u00fcden schien gar kein Schnee mehr zu liegen, deshalb kehrte ich wieder um.<\/p>\n<p><a href='http:\/\/extra.inmontanis.info\/d\/41460-2\/DSC07508.jpg'><img src=http:\/\/extra.inmontanis.info\/d\/41459-3\/DSC07508.jpg \/><\/a><br \/>\n^ Fv 888 \/ Storvatnet<\/p>\n<p><a href='http:\/\/extra.inmontanis.info\/d\/41464-2\/DSC07511.jpg'><img src=http:\/\/extra.inmontanis.info\/d\/41463-3\/DSC07511.jpg \/><\/a><br \/>\n^ Fv. 888<\/p>\n<p><a href='http:\/\/extra.inmontanis.info\/d\/41468-2\/DSC07517.jpg'><img src=http:\/\/extra.inmontanis.info\/d\/41467-3\/DSC07517.jpg \/><\/a><br \/>\n^ Fv. 888 \/ Meerblick. Auf den Sonnenuntergang sollte man derzeit aber nicht warten wollen, lt. Kalender war der letzte Sonnenuntergang hier heute fr\u00fch und der n\u00e4chste erst wieder am 20.7. ;-)<\/p>\n<p><a href='http:\/\/extra.inmontanis.info\/d\/41472-2\/DSC07520.jpg'><img src=http:\/\/extra.inmontanis.info\/d\/41471-3\/DSC07520.jpg \/><\/a><br \/>\n^ Fv. 888 \/ Meerblick<\/p>\n<p><a href='http:\/\/extra.inmontanis.info\/d\/41476-2\/DSC07524.jpg'><img src=http:\/\/extra.inmontanis.info\/d\/41475-3\/DSC07524.jpg \/><\/a><br \/>\n^ Fv. 888<\/p>\n<p><a href='http:\/\/extra.inmontanis.info\/d\/41480-2\/DSC07526.jpg'><img src=http:\/\/extra.inmontanis.info\/d\/41479-3\/DSC07526.jpg \/><\/a><br \/>\n^ Fv. 888<\/p>\n<p><a href='http:\/\/extra.inmontanis.info\/d\/41484-2\/DSC07529.jpg'><img src=http:\/\/extra.inmontanis.info\/d\/41483-3\/DSC07529.jpg \/><\/a><br \/>\n^ Fv. 888<\/p>\n<p><a href='http:\/\/extra.inmontanis.info\/d\/41488-2\/DSC07530.jpg'><img src=http:\/\/extra.inmontanis.info\/d\/41487-3\/DSC07530.jpg \/><\/a><br \/>\n^ Fv. 888<\/p>\n<p><a href='http:\/\/extra.inmontanis.info\/d\/41492-2\/DSC07534.jpg'><img src=http:\/\/extra.inmontanis.info\/d\/41491-3\/DSC07534.jpg \/><\/a><br \/>\n^ E10, Feierabend, hier wird \u00fcbernachtet.<\/p>\n<p>Heutiges (fl\u00f6tenloses) Dashcam-Video:<br \/>\nAbschnitte der Fahrt nach Riksgr\u00e4nsen<br \/>\n2:40-3:10 Bj\u00f8rnfjell<br \/>\nDanach Abschnitte der Fahrt zu und auf den Lofoten<br \/>\n<object style=\"height: 500px; width: 900px\"><param name=\"movie\" value=\"http:\/\/www.youtube.com\/v\/NQjk0m-758U\"><\/param><param name=\"wmode\" value=\"transparent\"><\/param><embed src=\"http:\/\/www.youtube.com\/v\/NQjk0m-758U\" type=\"application\/x-shockwave-flash\" wmode=\"transparent\"  width=\"900\" height=\"480\"><\/embed><\/object><\/p>\n<p>(Fortsetzung folgt.)<\/p>\n","protected":false},"excerpt":{"rendered":"<p>Di, 23.5.2017 &#8211; Arctic Spring Tag 4 &#8211; Riksgr\u00e4nsen &#038; Lofoten <\/p>\n<p>In Riksgr\u00e4nsen wollte ich ja schon 2x Ski fahren. Ende Juni 2006, denn zur Sommersonnwende macht Riksgr\u00e4nsen immer f\u00fcr ein paar Tage zum Sommerskifahren auf, wenn noch genug Schnee da ist. Ein paar Tage davor war ich vor Ort und sah es mir <a href=\"http:\/\/blog.inmontanis.info\/?p=4399\">[&#8230;]<\/a><\/p>\n","protected":false},"author":1,"featured_media":0,"comment_status":"closed","ping_status":"closed","sticky":false,"template":"","format":"standard","meta":{"footnotes":""},"categories":[162,601,18,636,19,28,27],"tags":[55,38,48,37,45,47],"class_list":["post-4399","post","type-post","status-publish","format-standard","hentry","category-2017-05-arctic-spring","category-lofoten","category-norwegennorway","category-riksgransen","category-schwedensweden","category-skifahren-sommer","category-skifahren-winterskiing-winter","tag-3sb","tag-dsb","tag-kssl","tag-meer","tag-see","tag-sl","odd"],"_links":{"self":[{"href":"http:\/\/blog.inmontanis.info\/index.php?rest_route=\/wp\/v2\/posts\/4399","targetHints":{"allow":["GET"]}}],"collection":[{"href":"http:\/\/blog.inmontanis.info\/index.php?rest_route=\/wp\/v2\/posts"}],"about":[{"href":"http:\/\/blog.inmontanis.info\/index.php?rest_route=\/wp\/v2\/types\/post"}],"author":[{"embeddable":true,"href":"http:\/\/blog.inmontanis.info\/index.php?rest_route=\/wp\/v2\/users\/1"}],"replies":[{"embeddable":true,"href":"http:\/\/blog.inmontanis.info\/index.php?rest_route=%2Fwp%2Fv2%2Fcomments&post=4399"}],"version-history":[{"count":4,"href":"http:\/\/blog.inmontanis.info\/index.php?rest_route=\/wp\/v2\/posts\/4399\/revisions"}],"predecessor-version":[{"id":4997,"href":"http:\/\/blog.inmontanis.info\/index.php?rest_route=\/wp\/v2\/posts\/4399\/revisions\/4997"}],"wp:attachment":[{"href":"http:\/\/blog.inmontanis.info\/index.php?rest_route=%2Fwp%2Fv2%2Fmedia&parent=4399"}],"wp:term":[{"taxonomy":"category","embeddable":true,"href":"http:\/\/blog.inmontanis.info\/index.php?rest_route=%2Fwp%2Fv2%2Fcategories&post=4399"},{"taxonomy":"post_tag","embeddable":true,"href":"http:\/\/blog.inmontanis.info\/index.php?rest_route=%2Fwp%2Fv2%2Ftags&post=4399"}],"curies":[{"name":"wp","href":"https:\/\/api.w.org\/{rel}","templated":true}]}}