{"id":4395,"date":"2017-06-15T16:34:05","date_gmt":"2017-06-15T14:34:05","guid":{"rendered":"http:\/\/blog.inmontanis.info\/?p=4395"},"modified":"2023-08-06T10:55:05","modified_gmt":"2023-08-06T08:55:05","slug":"stubaier-gletscher-15-6-2017","status":"publish","type":"post","link":"http:\/\/blog.inmontanis.info\/?p=4395","title":{"rendered":"Stubaier Gletscher, 15.6.2017"},"content":{"rendered":"<p><strong>Do, 15.6.2017<\/strong><\/p>\n<p>Am heutigen Feiertag war ich doch etwas \u00fcberrascht, wie sehr der Schnee seit Sonntag in den wenigen Tagen zur\u00fcck gegangen ist. Mittelstationsabfahrt heute also nur 1x gefahren; am WE vielleicht auch nur noch 1x. Ansonsten war der Schnee teils etwas bremsiger als am Sonntag, aber im Allgemeinen recht vergleichbar.<\/p>\n<p><a href='http:\/\/ski.inmontanis.info\/d\/233525-2\/DSC00426.jpg'><img src=http:\/\/ski.inmontanis.info\/d\/233524-3\/DSC00426.jpg \/><\/a><br \/>\n^ Mittelstationsabfahrt; dass das St\u00fcck an der Stra\u00dfe nun mehr Fu\u00dfweg erfordern wird, hatte ich am Sonntag ja bereits geahnt, aber dass es weiter unten auch noch mal ein Abschnallst\u00fcck geben wird, nicht. Naja, 1x zum Schluss geht das schon<\/p>\n<p><a href='http:\/\/ski.inmontanis.info\/d\/233529-2\/DSC00427_001.jpg'><img src=http:\/\/ski.inmontanis.info\/d\/233528-3\/DSC00427_001.jpg \/><\/a><br \/>\n^ Schneeverschiebungen und l\u00e4ngerer Fu\u00dfweg am Gamsgarten<\/p>\n<p><a href='http:\/\/ski.inmontanis.info\/d\/233533-2\/DSC00430_001.jpg'><img src=http:\/\/ski.inmontanis.info\/d\/233532-3\/DSC00430_001.jpg \/><\/a><br \/>\n^ Sommerski-Flair, wie es mir gef\u00e4llt<\/p>\n<p><a href='http:\/\/ski.inmontanis.info\/d\/233537-2\/DSC00433.jpg'><img src=http:\/\/ski.inmontanis.info\/d\/233536-3\/DSC00433.jpg \/><\/a><br \/>\n^ Aus der Reihe PPP ;-)<\/p>\n<p><a href='http:\/\/ski.inmontanis.info\/d\/233541-2\/DSC00434_001.jpg'><img src=http:\/\/ski.inmontanis.info\/d\/233540-3\/DSC00434_001.jpg \/><\/a><br \/>\n^ gleicher Standort, Blick zum Gamsgarten<\/p>\n<p><a href='http:\/\/ski.inmontanis.info\/d\/233545-2\/DSC00436_001.jpg'><img src=http:\/\/ski.inmontanis.info\/d\/233544-3\/DSC00436_001.jpg \/><\/a><br \/>\n^ Variante an der 6KSB, ging noch<\/p>\n<p><a href='http:\/\/ski.inmontanis.info\/d\/233549-2\/DSC00438_001.jpg'><img src=http:\/\/ski.inmontanis.info\/d\/233548-3\/DSC00438_001.jpg \/><\/a><br \/>\n^ .. und die zweite Variante in dem Bereich; das Rausqueren geht grad noch ohne Abschnallen<\/p>\n<p><a href='http:\/\/ski.inmontanis.info\/d\/233553-2\/DSC00439.jpg'><img src=http:\/\/ski.inmontanis.info\/d\/233552-3\/DSC00439.jpg \/><\/a><br \/>\n^ Mittelstationsabfahrt, auch richtung Fernau wird&#8217;s an einigen Stellen nun eng.<\/p>\n<p><a href='http:\/\/ski.inmontanis.info\/d\/233557-2\/DSC00441_001.jpg'><img src=http:\/\/ski.inmontanis.info\/d\/233556-3\/DSC00441_001.jpg \/><\/a><br \/>\n^ .. tat wohl mal wieder Not, dass der Weg seit Sonntag freigemacht werden musste &#8211; das Queren somit erschwert wird.<\/p>\n<p>Vor mir scheint schon einer abgefahren zu sein, zumindest hab ich eine recht neue Spur gesehen. Aber jedenfalls wesentlich weniger als noch letztes WE.<\/p>\n","protected":false},"excerpt":{"rendered":"<p>Do, 15.6.2017<\/p>\n<p>Am heutigen Feiertag war ich doch etwas \u00fcberrascht, wie sehr der Schnee seit Sonntag in den wenigen Tagen zur\u00fcck gegangen ist. Mittelstationsabfahrt heute also nur 1x gefahren; am WE vielleicht auch nur noch 1x. Ansonsten war der Schnee teils etwas bremsiger als am Sonntag, aber im Allgemeinen recht vergleichbar.<\/p>\n<p> ^ Mittelstationsabfahrt; dass <a href=\"http:\/\/blog.inmontanis.info\/?p=4395\">[&#8230;]<\/a><\/p>\n","protected":false},"author":1,"featured_media":0,"comment_status":"closed","ping_status":"closed","sticky":false,"template":"","format":"standard","meta":{"footnotes":""},"categories":[25,13,28,895],"tags":[56,78,47],"class_list":["post-4395","post","type-post","status-publish","format-standard","hentry","category-noreport","category-austria","category-skifahren-sommer","category-stubaier-gletscher","tag-6sb","tag-restschnee","tag-sl","odd"],"_links":{"self":[{"href":"http:\/\/blog.inmontanis.info\/index.php?rest_route=\/wp\/v2\/posts\/4395","targetHints":{"allow":["GET"]}}],"collection":[{"href":"http:\/\/blog.inmontanis.info\/index.php?rest_route=\/wp\/v2\/posts"}],"about":[{"href":"http:\/\/blog.inmontanis.info\/index.php?rest_route=\/wp\/v2\/types\/post"}],"author":[{"embeddable":true,"href":"http:\/\/blog.inmontanis.info\/index.php?rest_route=\/wp\/v2\/users\/1"}],"replies":[{"embeddable":true,"href":"http:\/\/blog.inmontanis.info\/index.php?rest_route=%2Fwp%2Fv2%2Fcomments&post=4395"}],"version-history":[{"count":2,"href":"http:\/\/blog.inmontanis.info\/index.php?rest_route=\/wp\/v2\/posts\/4395\/revisions"}],"predecessor-version":[{"id":4397,"href":"http:\/\/blog.inmontanis.info\/index.php?rest_route=\/wp\/v2\/posts\/4395\/revisions\/4397"}],"wp:attachment":[{"href":"http:\/\/blog.inmontanis.info\/index.php?rest_route=%2Fwp%2Fv2%2Fmedia&parent=4395"}],"wp:term":[{"taxonomy":"category","embeddable":true,"href":"http:\/\/blog.inmontanis.info\/index.php?rest_route=%2Fwp%2Fv2%2Fcategories&post=4395"},{"taxonomy":"post_tag","embeddable":true,"href":"http:\/\/blog.inmontanis.info\/index.php?rest_route=%2Fwp%2Fv2%2Ftags&post=4395"}],"curies":[{"name":"wp","href":"https:\/\/api.w.org\/{rel}","templated":true}]}}