{"id":4391,"date":"2017-05-22T18:04:04","date_gmt":"2017-05-22T16:04:04","guid":{"rendered":"http:\/\/blog.inmontanis.info\/?p=4391"},"modified":"2023-08-05T13:32:43","modified_gmt":"2023-08-05T11:32:43","slug":"arvidsjaur-skitour-22-5-2017","status":"publish","type":"post","link":"http:\/\/blog.inmontanis.info\/?p=4391","title":{"rendered":"Arvidsjaur (Skitour), 22.5.2017"},"content":{"rendered":"<p><strong>Mo, 22.5.2017 &#8211; Arctic Spring Tag 3 &#8211; Arvidsjaur<\/strong> (Gesamt-km 3.251)<\/p>\n<p>Wetterm\u00e4\u00dfig wollte ich mir Riksgr\u00e4nsen morgen offen halten, also ging&#8217;s heute in diese Richtung, sprich, nach Norden. Nicht ohne ein paar  kurze Umwegchen am Morgen, vorbei an ein paar Skigebieten. Halt vor \u00d6stersund f\u00fcr einen ersten Einkauf in einem etwas kleineren Coop und nebendran ICA (was eine gute Idee war, da die von mir gesch\u00e4tzten M\u00f6rsj\u00f6-Deli-Tunnbrod-Chips anderswo wieder nur selten erh\u00e4ltlich waren; trotz dass ich die Gesch\u00e4fte lt. deren Verkaufsliste besucht hatte), sowie Halt f\u00fcr einen Hamburger bei Sibylla.<\/p>\n<p>Die Fahrt heute war nat\u00fcrlich gepr\u00e4gt von vielen W\u00e4ldern und einigen Seen und nat\u00fcrlich wenig Verkehr. Was mich sehr \u00fcberrascht hat, wie weit s\u00fcdlich die Seen noch gefroren waren. Es lagen kaum noch Schneereste rum (h\u00e4ufiger waren Haufen in Ortschaften), aber die meisten Seen hatten ab einer bestimmten Position noch gro\u00dfe Eisfl\u00e4chen. Und das bei lt. Auto-Au\u00dfenthermometer heute warmen +18\u00b0C !!<\/p>\n<p>Eine Polizeikontrolle (Alkoholtest) hatte ich heute auch &#8211; f\u00fcr den Rest des Urlaubs war dann aber nix mehr mit Polizei und Zoll. Was die Umstellung Ignis\/Qubo (Schalter\/Automatik) angeht &#8211; hat mich das nicht weiter gest\u00f6rt, nur eine Sache passiert mir hin und wieder: Dass ich aussteige und vergesse, den Schl\u00fcssel aus dem Z\u00fcndschloss zu nehmen ;-) (Da im Ignis ja Start-Knopf und Schl\u00fcssel in der Hosentasche)<\/p>\n<p>Weiter n\u00f6rdlich gab es dann doch mehr und mehr Schneereste und die &#8220;Berge&#8221; waren noch gro\u00dffl\u00e4chig wei\u00df. Auf meinem Weg lagen abends auch noch ein paar Skigebiete und so nahm ich mir vor, mal in Arvidsjaur zum Lift hin zu fahren, zuvor allerdings noch ein kurzer Halt beim Frasses in Arvidsjaur auf einen Lachsburger, bevor der nach einer eventuellen Skitour dann nicht mehr offen hat. Am Skilift angekommen hab ich tats\u00e4chlich nach etlichen Jahren mal wieder eine Skitour mit meinen &#8220;alten&#8221; k2-Tourenski gemacht; der Hang ist ja recht kurz, aber f\u00fcr meine Kondition genau richtig, die Sonne schien und das Pano von der kleinen Anh\u00f6he war auch nett.<\/p>\n<p>(Fotos anklicken zum Vergr\u00f6\u00dfern)<\/p>\n<p><a href='http:\/\/extra.inmontanis.info\/d\/41316-2\/ge20170522a.jpg'><img src=http:\/\/extra.inmontanis.info\/d\/41315-3\/ge20170522a.jpg \/><\/a><br \/>\n^ Fahrstrecke 22.5.2017 (986 km)<\/p>\n<p><a href='http:\/\/extra.inmontanis.info\/d\/41320-2\/DSC07036.jpg'><img src=http:\/\/extra.inmontanis.info\/d\/41319-3\/DSC07036.jpg \/><\/a><br \/>\n^ 70 \/ \u00d6sterdals\u00e4lven<\/p>\n<p><a href='http:\/\/extra.inmontanis.info\/d\/41324-2\/DSC07037.jpg'><img src=http:\/\/extra.inmontanis.info\/d\/41323-3\/DSC07037.jpg \/><\/a><br \/>\n^ Rentiere hatte ich heuer wieder \u00f6fters gesehen<\/p>\n<p><a href='http:\/\/ski.inmontanis.info\/d\/233513-2\/DSC07041.jpg'><img src=http:\/\/ski.inmontanis.info\/d\/233511-3\/DSC07041.jpg \/><\/a><br \/>\n^ Skigebiet Fj\u00e4terv\u00e5len<\/p>\n<p><a href='http:\/\/ski.inmontanis.info\/d\/233517-2\/DSC07042.jpg'><img src=http:\/\/ski.inmontanis.info\/d\/233516-3\/DSC07042.jpg \/><\/a><br \/>\n^ Skigebiet Fj\u00e4terv\u00e5len<\/p>\n<p><a href='http:\/\/ski.inmontanis.info\/d\/233521-2\/DSC07044.jpg'><img src=http:\/\/ski.inmontanis.info\/d\/233520-3\/DSC07044.jpg \/><\/a><br \/>\n^ Skigebiet Fj\u00e4terv\u00e5len<\/p>\n<p><a href='http:\/\/extra.inmontanis.info\/d\/41328-2\/DSC07051.jpg'><img src=http:\/\/extra.inmontanis.info\/d\/41327-3\/DSC07051.jpg \/><\/a><br \/>\n^ Skigebiet Lofsdalen, bietet wohl recht steile H\u00e4nge<\/p>\n<p><a href='http:\/\/extra.inmontanis.info\/d\/41332-2\/DSC07056.jpg'><img src=http:\/\/extra.inmontanis.info\/d\/41331-3\/DSC07056.jpg \/><\/a><br \/>\n^ Den Krampf mit den vor mir her rennenden Rentieren hatte ich zum Gl\u00fcck nur einmal auf der Reise und hatte Gl\u00fcck, dass Autos entgegen kamen (siehe Dashcam)..<\/p>\n<p><a href='http:\/\/extra.inmontanis.info\/d\/41336-2\/IMG_3160.jpg'><img src=http:\/\/extra.inmontanis.info\/d\/41335-3\/IMG_3160.jpg \/><\/a><br \/>\n^ Bacon Burger bei Sibyllla<\/p>\n<p><a href='http:\/\/extra.inmontanis.info\/d\/41340-2\/IMG_3161.jpg'><img src=http:\/\/extra.inmontanis.info\/d\/41339-3\/IMG_3161.jpg \/><\/a><br \/>\n^ Etwas ungew\u00f6hnlicher Name f\u00fcr Chips, sind aber gut (auch andere Geschmacksrichtungen der Marke, wie z.B. K\u00e4se mit gr\u00fcnem Paprika)<\/p>\n<p><a href='http:\/\/extra.inmontanis.info\/d\/41344-2\/DSC07065.jpg'><img src=http:\/\/extra.inmontanis.info\/d\/41343-3\/DSC07065.jpg \/><\/a><br \/>\n^ E14\/E45 n\u00e4he \u00d6stersund<\/p>\n<p><a href='http:\/\/extra.inmontanis.info\/d\/41348-2\/DSC07071.jpg'><img src=http:\/\/extra.inmontanis.info\/d\/41347-3\/DSC07071.jpg \/><\/a><br \/>\n^ E45 \/ \u00c5ngerman\u00e4lven<\/p>\n<p><a href='http:\/\/extra.inmontanis.info\/d\/41352-2\/DSC07074.jpg'><img src=http:\/\/extra.inmontanis.info\/d\/41351-3\/DSC07074.jpg \/><\/a><br \/>\n^ E45 \/ n\u00e4he Vilhelmina, +18\u00b0 lt. Auto-Thermometer und hier schwimmen auf den meisten Seen noch Eisreste rum<\/p>\n<p><a href='http:\/\/extra.inmontanis.info\/d\/41356-2\/DSC07084_001.jpg'><img src=http:\/\/extra.inmontanis.info\/d\/41355-3\/DSC07084_001.jpg \/><\/a><br \/>\n^ E45 \/ Skarvsj\u00f6jaur<\/p>\n<p><a href='http:\/\/extra.inmontanis.info\/d\/41360-2\/DSC07086.jpg'><img src=http:\/\/extra.inmontanis.info\/d\/41359-3\/DSC07086.jpg \/><\/a><br \/>\n^ E45 \/ Skarvsj\u00f6jaur<\/p>\n<p><a href='http:\/\/extra.inmontanis.info\/d\/41364-2\/DSC07088.jpg'><img src=http:\/\/extra.inmontanis.info\/d\/41363-3\/DSC07088.jpg \/><\/a><br \/>\n^ E45 \/ Jukt\u00e5n<\/p>\n<p><a href='http:\/\/extra.inmontanis.info\/d\/41368-2\/DSC07091.jpg'><img src=http:\/\/extra.inmontanis.info\/d\/41367-3\/DSC07091.jpg \/><\/a><br \/>\n^ E45 \/ Jukt\u00e5n. Wie so gut wie alle Seen in Skandinavien so sch\u00f6n tiefblau<\/p>\n<p><a href='http:\/\/extra.inmontanis.info\/d\/41372-2\/DSC07097.jpg'><img src=http:\/\/extra.inmontanis.info\/d\/41371-3\/DSC07097.jpg \/><\/a><br \/>\n^ E45 \/ Vindel\u00e4lven<\/p>\n<p><a href='http:\/\/extra.inmontanis.info\/d\/41376-2\/DSC07099.jpg'><img src=http:\/\/extra.inmontanis.info\/d\/41375-3\/DSC07099.jpg \/><\/a><br \/>\n^ E45 \/ Vindel\u00e4lven &#8211; man sieht am Eis noch die Spuren der Schneemobile<\/p>\n<p><a href='http:\/\/extra.inmontanis.info\/d\/41380-2\/DSC07100.jpg'><img src=http:\/\/extra.inmontanis.info\/d\/41379-3\/DSC07100.jpg \/><\/a><br \/>\n^ E45 \/ n\u00e4he Sorsele \/ Svergotr\u00e4sket<\/p>\n<p><a href='http:\/\/extra.inmontanis.info\/d\/41384-2\/DSC07106.jpg'><img src=http:\/\/extra.inmontanis.info\/d\/41383-3\/DSC07106.jpg \/><\/a><br \/>\n^ E45 \/ Storavan<\/p>\n<p><a href='http:\/\/extra.inmontanis.info\/d\/41388-2\/DSC07108.jpg'><img src=http:\/\/extra.inmontanis.info\/d\/41387-3\/DSC07108.jpg \/><\/a><br \/>\n^ E45 \/ Storavan<\/p>\n<p><a href='http:\/\/extra.inmontanis.info\/d\/41392-2\/IMG_3163.jpg'><img src=http:\/\/extra.inmontanis.info\/d\/41391-3\/IMG_3163.jpg \/><\/a><br \/>\n^ Lachsburger beim Frasses<\/p>\n<p><a href='http:\/\/ski.inmontanis.info\/d\/233439-3\/DSC07112.jpg'><img src=http:\/\/ski.inmontanis.info\/d\/233437-3\/DSC07112.jpg \/><\/a><br \/>\n^ Auffahrt ins Skigebiet Vittj\u00e5kk bei Arvidsjaur<\/p>\n<p><a href='http:\/\/ski.inmontanis.info\/d\/233443-3\/DSC07114.jpg'><img src=http:\/\/ski.inmontanis.info\/d\/233442-3\/DSC07114.jpg \/><\/a><br \/>\n^ Der Hang an den kurzen SL ist doch genau richtig f\u00fcr meine Skitour-F\u00e4higkeiten ;-)<\/p>\n<p><a href='http:\/\/ski.inmontanis.info\/d\/233447-3\/DSC07115.jpg'><img src=http:\/\/ski.inmontanis.info\/d\/233446-3\/DSC07115.jpg \/><\/a><br \/>\n^ Rechts ist noch ein l\u00e4ngerer Kurven-SL, der von weiter unten weggeht<\/p>\n<p><a href='http:\/\/ski.inmontanis.info\/d\/233451-3\/DSC07117.jpg'><img src=http:\/\/ski.inmontanis.info\/d\/233450-3\/DSC07117.jpg \/><\/a><br \/>\n^ Bergstation der Doppel-SL ist erreicht und ich h\u00e4tte noch Kraft f\u00fcr eine l\u00e4ngere Reise; gut zu wissen f\u00fcr die n\u00e4chsten Tage<\/p>\n<p><a href='http:\/\/ski.inmontanis.info\/d\/233455-3\/DSC07118.jpg'><img src=http:\/\/ski.inmontanis.info\/d\/233454-3\/DSC07118.jpg \/><\/a><br \/>\n^ R\u00fcckblick ins Tal. Das bisschen Aufstieg hat sich f\u00fcr das Pano doch schon gelohnt<\/p>\n<p><a href='http:\/\/ski.inmontanis.info\/d\/233459-3\/DSC07119.jpg'><img src=http:\/\/ski.inmontanis.info\/d\/233458-3\/DSC07119.jpg \/><\/a><br \/>\n^ Der linke SL hat kurioserweise eine fliegende Umlenkscheibe, noch ein Grund, warum sich der Aufstieg gelohnt hat ;-)<\/p>\n<p><a href='http:\/\/ski.inmontanis.info\/d\/233463-3\/DSC03242.jpg'><img src=http:\/\/ski.inmontanis.info\/d\/233462-3\/DSC03242.jpg \/><\/a><br \/>\n^ Fliegende Umlenkscheibe des linken SL mit Pano in IR<\/p>\n<p><a href='http:\/\/ski.inmontanis.info\/d\/233467-3\/DSC07121.jpg'><img src=http:\/\/ski.inmontanis.info\/d\/233466-3\/DSC07121.jpg \/><\/a><br \/>\n^ Gipfel-Pano; zu gegeben, in der Richtung etwas eingeschr\u00e4nkt (20:00 Uhr)<\/p>\n<p><a href='http:\/\/ski.inmontanis.info\/d\/233471-3\/DSC07125.jpg'><img src=http:\/\/ski.inmontanis.info\/d\/233470-3\/DSC07125.jpg \/><\/a><br \/>\n^ Gipfel-Pano mit SL<\/p>\n<p><a href='http:\/\/ski.inmontanis.info\/d\/233475-3\/DSC07127.jpg'><img src=http:\/\/ski.inmontanis.info\/d\/233474-3\/DSC07127.jpg \/><\/a><br \/>\n^ Gipfel-Pano zum Kurven-SL<\/p>\n<p><a href='http:\/\/ski.inmontanis.info\/d\/233479-3\/DSC07134.jpg'><img src=http:\/\/ski.inmontanis.info\/d\/233478-3\/DSC07134.jpg \/><\/a><br \/>\n^ Bei der Abfahrt war die Sonne dann leider teilweise schon weg, der Schnee aber noch weich<\/p>\n<p><a href='http:\/\/ski.inmontanis.info\/d\/233483-3\/DSC07135.jpg'><img src=http:\/\/ski.inmontanis.info\/d\/233482-3\/DSC07135.jpg \/><\/a><br \/>\n^ Unterm SL ist ein Campingplatz; rechts vorbei durch den Wald geht die Abfahrt zum Kurven-SL<\/p>\n<p><a href='http:\/\/ski.inmontanis.info\/d\/233487-3\/DSC07138.jpg'><img src=http:\/\/ski.inmontanis.info\/d\/233486-3\/DSC07138.jpg \/><\/a><br \/>\n^ Schnee war recht weich und die gef\u00fchlt kantenlosen Tourenski sehr passend<\/p>\n<p><a href='http:\/\/ski.inmontanis.info\/d\/233491-3\/DSC07140.jpg'><img src=http:\/\/ski.inmontanis.info\/d\/233490-3\/DSC07140.jpg \/><\/a><br \/>\n^ Man konnte doch einige Schw\u00fcnge machen auf den ca. 100 hm.<\/p>\n<p><a href='http:\/\/ski.inmontanis.info\/d\/233495-3\/DSC07141.jpg'><img src=http:\/\/ski.inmontanis.info\/d\/233494-3\/DSC07141.jpg \/><\/a><br \/>\n^ Doppel-SL Talstation<\/p>\n<p><a href='http:\/\/ski.inmontanis.info\/d\/233499-2\/DSC07143.jpg'><img src=http:\/\/ski.inmontanis.info\/d\/233498-3\/DSC07143.jpg \/><\/a><br \/>\n^ Die beiden SL und meine Abfahrt; war doch ein netter Zeitvertreib (1,5h) nach all der Fahrerei<\/p>\n<p><a href='http:\/\/ski.inmontanis.info\/d\/233503-2\/ge20170522c.jpg'><img src=http:\/\/ski.inmontanis.info\/d\/233502-3\/ge20170522c.jpg \/><\/a><br \/>\n^ GPS-Track und die beiden Skilifte; bissl flach und kurz aber mit dem Kurvenlift und den Varianten vom Kurvenlift zum anderen SL k\u00f6nnte ich&#8217;s hier schon ein paar Stunden aushalten<\/p>\n<p><a href='http:\/\/ski.inmontanis.info\/d\/233507-2\/DSC07144.jpg'><img src=http:\/\/ski.inmontanis.info\/d\/233506-3\/DSC07144.jpg \/><\/a><br \/>\n^ Stra\u00dfentunnel am Kurven-SL<\/p>\n<p>Link zum Pistenplan: <a href='https:\/\/www.arvidsjaur.se\/contentassets\/cbb0573fd9344ca0919d1932f0c95dac\/pistkarta.jpg'>https:\/\/www.arvidsjaur.se\/contentassets\/cbb0573fd9344ca0919d1932f0c95dac\/pistkarta.jpg<\/a><\/p>\n<p><a href='http:\/\/extra.inmontanis.info\/d\/41396-2\/DSC07150.jpg'><img src=http:\/\/extra.inmontanis.info\/d\/41395-3\/DSC07150.jpg \/><\/a><br \/>\n^ Um die Jahreszeit etwas nervig ist nat\u00fcrlich die 2-3 Stunden lange Blendung der Sonne beim Autofahren (hier um 21 Uhr)<\/p>\n<p><a href='http:\/\/extra.inmontanis.info\/d\/41400-2\/DSC07151.jpg'><img src=http:\/\/extra.inmontanis.info\/d\/41399-3\/DSC07151.jpg \/><\/a><br \/>\n^ E45 \/ Moskoselet (21:12 Uhr)<\/p>\n<p><a href='http:\/\/extra.inmontanis.info\/d\/41404-2\/DSC07155.jpg'><img src=http:\/\/extra.inmontanis.info\/d\/41403-3\/DSC07155.jpg \/><\/a><br \/>\n^ E45 \/ T\u00e5rrajaur<\/p>\n<p><a href='http:\/\/extra.inmontanis.info\/d\/41408-2\/DSC07158.jpg'><img src=http:\/\/extra.inmontanis.info\/d\/41407-3\/DSC07158.jpg \/><\/a><br \/>\n^ E45 \/ Vajmatsj\u00f6n (22:16 Uhr)<\/p>\n<p><a href='http:\/\/extra.inmontanis.info\/d\/41412-2\/DSC07159.jpg'><img src=http:\/\/extra.inmontanis.info\/d\/41411-3\/DSC07159.jpg \/><\/a><br \/>\n^ E45 \/ Vajmatsj\u00f6n (22:16 Uhr)<\/p>\n<p><a href='http:\/\/extra.inmontanis.info\/d\/41416-2\/DSC07163.jpg'><img src=http:\/\/extra.inmontanis.info\/d\/41415-3\/DSC07163.jpg \/><\/a><br \/>\n^ Polarkreis-Parkplatz (22:21 Uhr)<\/p>\n<p><a href='http:\/\/extra.inmontanis.info\/d\/41420-2\/DSC07169.jpg'><img src=http:\/\/extra.inmontanis.info\/d\/41419-3\/DSC07169.jpg \/><\/a><br \/>\n^ E45 \/ n\u00e4he Jokkmokk \/ Vajkijaure (22:31 Uhr)<\/p>\n<p><a href='http:\/\/extra.inmontanis.info\/d\/41424-2\/DSC07171_001.jpg'><img src=http:\/\/extra.inmontanis.info\/d\/41423-3\/DSC07171_001.jpg \/><\/a><br \/>\n^ E45 \/ n\u00e4he Jokkmokk \/ Vajkijaure (22:33 Uhr)<\/p>\n<p><a href='http:\/\/extra.inmontanis.info\/d\/41428-2\/DSC07174.jpg'><img src=http:\/\/extra.inmontanis.info\/d\/41427-3\/DSC07174.jpg \/><\/a><br \/>\n^ E45 \/ Lulevatten\/Lule\u00e4lven (23:05 Uhr)<\/p>\n<p>Zum Schluss noch ein Dashcam-Zusammenschnitt der heutigen Strecken:<\/p>\n<p><object style=\"height: 500px; width: 900px\"><param name=\"movie\" value=\"http:\/\/www.youtube.com\/v\/JQsX5U5ebpk\"><\/param><param name=\"wmode\" value=\"transparent\"><\/param><embed src=\"http:\/\/www.youtube.com\/v\/JQsX5U5ebpk\" type=\"application\/x-shockwave-flash\" wmode=\"transparent\"  width=\"900\" height=\"480\"><\/embed><\/object><br \/>\nSchwerpunkte:<br \/>\nschwedische W\u00e4lder und Seen<br \/>\n1:32 Rentiere<br \/>\n6:23 Auffahrt Skigebiet Arvidsjaur<br \/>\n(und paar Fl\u00f6tenst\u00fccke zwischendrin, man muss sich die Zeit bei solch langen Fahrten ja irgendwie vertreiben ;) )<\/p>\n<p>Achja, und dann gibt es noch dieses Thema zu erw\u00e4hnen:<br \/>\nIm Oktober 2015 wurden in Schweden neue M\u00fcnzen und Scheine eingef\u00fchrt, die alten 20\/50\/1000er Scheine sind bereits seit 30.6.2016 ung\u00fcltig, die alten 100\/500er und die 1+2+5er M\u00fcnzen werden zum 30.6.2017 ung\u00fcltig. Eintauschen kann man danach die alten Scheine nur noch postalisch direkt bei der Schwedischen Reichsbank gegen eine Pauschale von 100 SEK (also ca. 10,- \u20ac). Also einerseits gut, dass ich die Skandinavien-Reise zum jetzigen Zeitpunkt gemacht hab, da ich so zumindest die gro\u00dfen Scheine noch wegbekommen hab, aber auf einen 20er und 50er blieb ich leider sitzen &#8211; und die kann ich nun auch nicht mehr umtauschen. Also ich find die Zeit Oktober 2015 bis Juni 2016 f\u00fcr den Ablauf alter Scheine ja schon extrem kurz, insb. gegen\u00fcber den Urlaubern ..<\/p>\n<p>(Fortsetzung folgt.)<\/p>\n","protected":false},"excerpt":{"rendered":"<p>Mo, 22.5.2017 &#8211; Arctic Spring Tag 3 &#8211; Arvidsjaur (Gesamt-km 3.251)<\/p>\n<p>Wetterm\u00e4\u00dfig wollte ich mir Riksgr\u00e4nsen morgen offen halten, also ging&#8217;s heute in diese Richtung, sprich, nach Norden. Nicht ohne ein paar kurze Umwegchen am Morgen, vorbei an ein paar Skigebieten. Halt vor \u00d6stersund f\u00fcr einen ersten Einkauf in einem etwas kleineren Coop und nebendran <a href=\"http:\/\/blog.inmontanis.info\/?p=4391\">[&#8230;]<\/a><\/p>\n","protected":false},"author":1,"featured_media":0,"comment_status":"closed","ping_status":"closed","sticky":false,"template":"","format":"standard","meta":{"footnotes":""},"categories":[162,693,19,28,29],"tags":[90,78,45,47],"class_list":["post-4391","post","type-post","status-publish","format-standard","hentry","category-2017-05-arctic-spring","category-arvidsjaur","category-schwedensweden","category-skifahren-sommer","category-skitourenwalk-ski","tag-infrarot","tag-restschnee","tag-see","tag-sl","odd"],"_links":{"self":[{"href":"http:\/\/blog.inmontanis.info\/index.php?rest_route=\/wp\/v2\/posts\/4391","targetHints":{"allow":["GET"]}}],"collection":[{"href":"http:\/\/blog.inmontanis.info\/index.php?rest_route=\/wp\/v2\/posts"}],"about":[{"href":"http:\/\/blog.inmontanis.info\/index.php?rest_route=\/wp\/v2\/types\/post"}],"author":[{"embeddable":true,"href":"http:\/\/blog.inmontanis.info\/index.php?rest_route=\/wp\/v2\/users\/1"}],"replies":[{"embeddable":true,"href":"http:\/\/blog.inmontanis.info\/index.php?rest_route=%2Fwp%2Fv2%2Fcomments&post=4391"}],"version-history":[{"count":3,"href":"http:\/\/blog.inmontanis.info\/index.php?rest_route=\/wp\/v2\/posts\/4391\/revisions"}],"predecessor-version":[{"id":4394,"href":"http:\/\/blog.inmontanis.info\/index.php?rest_route=\/wp\/v2\/posts\/4391\/revisions\/4394"}],"wp:attachment":[{"href":"http:\/\/blog.inmontanis.info\/index.php?rest_route=%2Fwp%2Fv2%2Fmedia&parent=4391"}],"wp:term":[{"taxonomy":"category","embeddable":true,"href":"http:\/\/blog.inmontanis.info\/index.php?rest_route=%2Fwp%2Fv2%2Fcategories&post=4391"},{"taxonomy":"post_tag","embeddable":true,"href":"http:\/\/blog.inmontanis.info\/index.php?rest_route=%2Fwp%2Fv2%2Ftags&post=4391"}],"curies":[{"name":"wp","href":"https:\/\/api.w.org\/{rel}","templated":true}]}}