{"id":4386,"date":"2017-06-11T18:01:28","date_gmt":"2017-06-11T16:01:28","guid":{"rendered":"http:\/\/blog.inmontanis.info\/?p=4386"},"modified":"2023-08-06T10:55:09","modified_gmt":"2023-08-06T08:55:09","slug":"stubaier-gletscher-10-11-6-2017","status":"publish","type":"post","link":"http:\/\/blog.inmontanis.info\/?p=4386","title":{"rendered":"Stubaier Gletscher, 10.+11.6.2017"},"content":{"rendered":"<p>Dieses WE ging&#8217;s endlich wieder auf den Stubaier, 5 Skitage noch bis zum Saisonschluss. Skibetrieb ist leider nur noch bis 12:30 Uhr (erste Bergfahrt 8 Uhr), wobei die 6KSB nur bis 12:00, die SL bis 12:30 Uhr fahren. Egtl. hatten die Stubaier doch immer etwas l\u00e4ngere Betriebszeiten im Fr\u00fchjahr?!<\/p>\n<p>In Betrieb sind bekanntlich heuer zum Saisonschluss 6KSB Eisjoch + SL Eisjoch + SL Windachferner anstatt wie sonst in den letzten Jahren 8KSB Rotadl + SL Daunferner. Mir ist letzteres ja lieber, da mir die Daunferner-Abfahrten besser gefallen und man von der Rotadl-KSB ja die halbe Eisjoch-Abfahrt auch fahren kann. Zudem hat man mehr Offpiste-Varianten. Vorteil ist nat\u00fcrlich, dass man am Windachferner etwas mehr Pano hat und selbiger als Westhang l\u00e4nger hart bleibt.<\/p>\n<p>Am Samstag stand ich um 7:30 Uhr ab Ibk S\u00fcd bis zur Baustelle an der Europabr\u00fccke erst mal im Stau, so kam ich etwas sp\u00e4ter als erhofft an. Aber es sind kaum Autos am Parkplatz, so dass man nicht weit laufen braucht. Am Samstag war es etwas k\u00fchler als am Sonntag, daf\u00fcr verlief die Nacht auf Samstag nicht klar und mit etwas Neuschnee, so dass der Schnee am Samstag morgens schon recht weich war &#8211; was Offpiste aber gut ging. Sonntag dagegen waren die Pisten h\u00e4rter.<\/p>\n<p>Um 10:30 bzw. 10 Uhr bin ich an beiden Tagen zur Mittelstation abgefahren (und dann zum Schluss jeweils nochmal), offpiste etwas bremsig, &#8220;onpiste&#8221; ging&#8217;s meist besser. Im oberen Bereich war es am Samstag Offpiste angenehmer als Onpiste, w\u00e4hrend am Sonntag der Offpistebereich nicht so gut ging wie am Samstag. Die Pisten waren am Sonntag angenehmer, insb. die am Windachferner. Jedenfalls bin ich kaum die ge\u00f6ffneten Abfahrten gefahren, am Samstag jede nur 1x, am Sonntag minimal \u00f6fters.<\/p>\n<p>(Fotos anklicken zum Vergr\u00f6\u00dfern)<\/p>\n<p><a href='http:\/\/ski.inmontanis.info\/d\/233277-2\/DSC00285_001.jpg'><img src=http:\/\/ski.inmontanis.info\/d\/233276-3\/DSC00285_001.jpg \/><\/a><br \/>\n^ SL Fernau und Mittelstationsabfahrten, kaum Fu\u00dfweg, bestens.<\/p>\n<p><a href='http:\/\/ski.inmontanis.info\/d\/233281-2\/DSC00289.jpg'><img src=http:\/\/ski.inmontanis.info\/d\/233280-3\/DSC00289.jpg \/><\/a><br \/>\n^ Eine derartige Pr\u00e4parierung gibt&#8217;s vmtl. auch nur am Stubaier?! :-)<\/p>\n<p><a href='http:\/\/ski.inmontanis.info\/d\/233285-2\/DSC00292.jpg'><img src=http:\/\/ski.inmontanis.info\/d\/233284-3\/DSC00292.jpg \/><\/a><br \/>\n^ Matten werden vom LKW entladen<\/p>\n<p><a href='http:\/\/ski.inmontanis.info\/d\/233289-2\/DSC00296_001.jpg'><img src=http:\/\/ski.inmontanis.info\/d\/233288-3\/DSC00296_001.jpg \/><\/a><br \/>\n^ Abfahrt 6KSB\/SL Eisjoch<\/p>\n<p><a href='http:\/\/ski.inmontanis.info\/d\/233293-2\/DSC00300.jpg'><img src=http:\/\/ski.inmontanis.info\/d\/233292-3\/DSC00300.jpg \/><\/a><br \/>\n^ 6KSB Eisjoch<\/p>\n<p><a href='http:\/\/ski.inmontanis.info\/d\/233297-2\/DSC00304.jpg'><img src=http:\/\/ski.inmontanis.info\/d\/233296-3\/DSC00304.jpg \/><\/a><br \/>\n^ Offpiste-Variante unter der 6KSB, ist au\u00dfer mir am Samstag kaum einer oder keiner gefahren; am Sonntag dann auch andere.<\/p>\n<p><a href='http:\/\/ski.inmontanis.info\/d\/233301-2\/DSC00306_001.jpg'><img src=http:\/\/ski.inmontanis.info\/d\/233300-3\/DSC00306_001.jpg \/><\/a><br \/>\n^ Die rechte Variante ist jedenfalls ganz sch\u00f6n steil<\/p>\n<p><a href='http:\/\/ski.inmontanis.info\/d\/233305-2\/DSC00318.jpg'><img src=http:\/\/ski.inmontanis.info\/d\/233304-3\/DSC00318.jpg \/><\/a><br \/>\n^ Mittelstationsabfahrt<\/p>\n<p><a href='http:\/\/ski.inmontanis.info\/d\/233309-2\/DSC00328_001.jpg'><img src=http:\/\/ski.inmontanis.info\/d\/233308-3\/DSC00328_001.jpg \/><\/a><br \/>\n^ Meine Spur dort richtung Mittelstation blieb allein &#8211; bis ich noch ein zweites Mal abgefahren bin<\/p>\n<p><a href='http:\/\/ski.inmontanis.info\/d\/233313-2\/DSC00329.jpg'><img src=http:\/\/ski.inmontanis.info\/d\/233312-3\/DSC00329.jpg \/><\/a><br \/>\n^ Depot Talstation DSB Wildspitze.<\/p>\n<p><a href='http:\/\/ski.inmontanis.info\/d\/233317-2\/DSC00330_001.jpg'><img src=http:\/\/ski.inmontanis.info\/d\/233316-3\/DSC00330_001.jpg \/><\/a><br \/>\n^ Nett, eine pr\u00e4parierte Spur um 11:40 Uhr<\/p>\n<p><a href='http:\/\/ski.inmontanis.info\/d\/233321-2\/DSC00338_001.jpg'><img src=http:\/\/ski.inmontanis.info\/d\/233320-3\/DSC00338_001.jpg \/><\/a><br \/>\n^ Mittelstationsabfahrt<\/p>\n<p>Fotos vom 11.6.:<\/p>\n<p><a href='http:\/\/ski.inmontanis.info\/d\/233325-2\/DSC00347.jpg'><img src=http:\/\/ski.inmontanis.info\/d\/233324-3\/DSC00347.jpg \/><\/a><br \/>\n^ Bauweg\/Skiroute. Ob die wohl demn\u00e4chst wird, so viel Sch\u00e4chte es da gibt? Jedenfalls wird da gerade irgendwas eingezogen.<\/p>\n<p><a href='http:\/\/ski.inmontanis.info\/d\/233329-2\/DSC00349.jpg'><img src=http:\/\/ski.inmontanis.info\/d\/233328-3\/DSC00349.jpg \/><\/a><br \/>\n^ Mittelstationsabfahrt<\/p>\n<p><a href='http:\/\/ski.inmontanis.info\/d\/233333-2\/DSC00350_001.jpg'><img src=http:\/\/ski.inmontanis.info\/d\/233332-3\/DSC00350_001.jpg \/><\/a><br \/>\n^ Mittelstationsabfahrt<\/p>\n<p><a href='http:\/\/ski.inmontanis.info\/d\/233337-2\/DSC00353_001.jpg'><img src=http:\/\/ski.inmontanis.info\/d\/233336-3\/DSC00353_001.jpg \/><\/a><br \/>\n^ Gamsgarten<\/p>\n<p><a href='http:\/\/ski.inmontanis.info\/d\/233341-2\/DSC00357.jpg'><img src=http:\/\/ski.inmontanis.info\/d\/233340-3\/DSC00357.jpg \/><\/a><br \/>\n^ Fu\u00dfweg zur 6KSB, auch nicht viel weniger als wenn die 8KSB in Betrieb gewesen w\u00e4re..<\/p>\n<p><a href='http:\/\/ski.inmontanis.info\/d\/233345-2\/DSC00358.jpg'><img src=http:\/\/ski.inmontanis.info\/d\/233344-3\/DSC00358.jpg \/><\/a><br \/>\n^ Die ersten unteren Rotadl-Varianten sind am Einstieg schon schneefrei, h\u00e4tte ich also gar nicht fahren k\u00f6nnen, wenn wie in den Vorjahren die Rotadl-KSB in Betrieb gewesen w\u00e4re<\/p>\n<p><a href='http:\/\/ski.inmontanis.info\/d\/233349-2\/DSC00363.jpg'><img src=http:\/\/ski.inmontanis.info\/d\/233348-3\/DSC00363.jpg \/><\/a><br \/>\n^ 6KSB-SL Eisjoch<\/p>\n<p><a href='http:\/\/ski.inmontanis.info\/d\/233353-2\/DSC00365.jpg'><img src=http:\/\/ski.inmontanis.info\/d\/233352-3\/DSC00365.jpg \/><\/a><br \/>\n^ Die oberen Rotadl-Varianten dagegen fehlen mir heuer..<\/p>\n<p><a href='http:\/\/ski.inmontanis.info\/d\/233261-2\/DSC00372.jpg'><img src=http:\/\/ski.inmontanis.info\/d\/233260-3\/DSC00372.jpg \/><\/a><br \/>\n^ Zoom Pitztaler Gletscher vom Stubaier<\/p>\n<p><a href='http:\/\/ski.inmontanis.info\/d\/233265-2\/DSC00370.jpg'><img src=http:\/\/ski.inmontanis.info\/d\/233264-3\/DSC00370.jpg \/><\/a><br \/>\n^ Zoom Skigebiet S\u00f6lden vom Stubaier<\/p>\n<p><a href='http:\/\/ski.inmontanis.info\/d\/233269-2\/DSC00373.jpg'><img src=http:\/\/ski.inmontanis.info\/d\/233268-3\/DSC00373.jpg \/><\/a><br \/>\n^ Zoom \u00d6tztaler Gletscher vom Stubaier<\/p>\n<p><a href='http:\/\/ski.inmontanis.info\/d\/233273-2\/DSC00374.jpg'><img src=http:\/\/ski.inmontanis.info\/d\/233272-3\/DSC00374.jpg \/><\/a><br \/>\n^ Zoom \u00d6tztaler Gletscher (Tiefenbachferner) vom Stubaier<\/p>\n<p><a href='http:\/\/ski.inmontanis.info\/d\/233357-2\/DSC00376.jpg'><img src=http:\/\/ski.inmontanis.info\/d\/233356-3\/DSC00376.jpg \/><\/a><br \/>\n^ Eisjoch\/Schaufeljoch<\/p>\n<p><a href='http:\/\/ski.inmontanis.info\/d\/233361-2\/DSC00377.jpg'><img src=http:\/\/ski.inmontanis.info\/d\/233360-3\/DSC00377.jpg \/><\/a><br \/>\n^ Stubaital bis vor zum  Patscherkofel<\/p>\n<p><a href='http:\/\/ski.inmontanis.info\/d\/233365-2\/DSC00381_001.jpg'><img src=http:\/\/ski.inmontanis.info\/d\/233364-3\/DSC00381_001.jpg \/><\/a><br \/>\n^ Eisgrat und Olperer rechts dahinter<\/p>\n<p><a href='http:\/\/ski.inmontanis.info\/d\/233369-2\/DSC00382_001.jpg'><img src=http:\/\/ski.inmontanis.info\/d\/233368-3\/DSC00382_001.jpg \/><\/a><br \/>\n^ Eisjoch-Steilhang<\/p>\n<p><a href='http:\/\/ski.inmontanis.info\/d\/233373-2\/DSC00384.jpg'><img src=http:\/\/ski.inmontanis.info\/d\/233372-3\/DSC00384.jpg \/><\/a><br \/>\n^ Offpiste, Samstag der beste Bereich, Sonntag tw. auch noch gut.<\/p>\n<p><a href='http:\/\/ski.inmontanis.info\/d\/233377-2\/DSC00386_001.jpg'><img src=http:\/\/ski.inmontanis.info\/d\/233376-3\/DSC00386_001.jpg \/><\/a><br \/>\n^ Offpiste mit Tal- und See-Blick<\/p>\n<p><a href='http:\/\/ski.inmontanis.info\/d\/233381-2\/DSC00388.jpg'><img src=http:\/\/ski.inmontanis.info\/d\/233380-3\/DSC00388.jpg \/><\/a><br \/>\n^ Vermattung Eisgrat<\/p>\n<p><a href='http:\/\/ski.inmontanis.info\/d\/233385-2\/DSC00390.jpg'><img src=http:\/\/ski.inmontanis.info\/d\/233384-3\/DSC00390.jpg \/><\/a><br \/>\n^ Mini-Depot an der Piste Eisgrat-Fernau<\/p>\n<p><a href='http:\/\/ski.inmontanis.info\/d\/233389-2\/DSC00392.jpg'><img src=http:\/\/ski.inmontanis.info\/d\/233388-3\/DSC00392.jpg \/><\/a><br \/>\n^ Mittelstationsabfahrt; am Donnerstag (Feiertag) werd ich hier wohl ein sch\u00f6nes St\u00fcck weiter zu Fu\u00df gehen m\u00fcssen. Denke, dann werd ich die Mittelstationsabfahrt nur noch 1x pro Tag machen.<\/p>\n<p><a href='http:\/\/ski.inmontanis.info\/d\/233393-2\/DSC00393.jpg'><img src=http:\/\/ski.inmontanis.info\/d\/233392-3\/DSC00393.jpg \/><\/a><br \/>\n^ Viele Fu\u00dfg\u00e4nger tummelten sich am Gamsgarten und gingen zur 6KSB &#8211; warum informieren die sich nicht fr\u00fcher, dass sie da nicht rauffahren d\u00fcrfen?! Die Abfahrt zur KSB \u00fcbrigens problemlos ohne Schieben, selbst am dunklen Schnee hat es nicht gebremst. (Macht schon Sinn, dass das St\u00fcck nicht mehr pr\u00e4pariert wird.)<\/p>\n<p><a href='http:\/\/ski.inmontanis.info\/d\/233397-2\/DSC00395.jpg'><img src=http:\/\/ski.inmontanis.info\/d\/233396-3\/DSC00395.jpg \/><\/a><br \/>\n^ Die Abfahrt links des SL ist f\u00fcr Renntraining reserviert; k\u00f6nnte man somit egtl. aus den ge\u00f6ffneten Pisten rausnehmen &#8211; da quasi nur die letzte halbe Stunde \u00f6ffentlich fahrbar.<\/p>\n<p><a href='http:\/\/ski.inmontanis.info\/d\/233401-2\/DSC00396.jpg'><img src=http:\/\/ski.inmontanis.info\/d\/233400-3\/DSC00396.jpg \/><\/a><br \/>\n^ SL Windachferner; Piste war am Sonntag angenehmer als am Samstag<\/p>\n<p><a href='http:\/\/ski.inmontanis.info\/d\/233405-2\/DSC00397.jpg'><img src=http:\/\/ski.inmontanis.info\/d\/233404-3\/DSC00397.jpg \/><\/a><br \/>\n^ SL Windachferner<\/p>\n<p><a href='http:\/\/ski.inmontanis.info\/d\/233409-2\/DSC00399.jpg'><img src=http:\/\/ski.inmontanis.info\/d\/233408-3\/DSC00399.jpg \/><\/a><br \/>\n^ Vom SL Windachferner zum Eisjoch-\u00dcbergang kam man um 11 Uhr sogar noch ohne Schieben<\/p>\n<p><a href='http:\/\/ski.inmontanis.info\/d\/233413-2\/DSC00400_001.jpg'><img src=http:\/\/ski.inmontanis.info\/d\/233412-3\/DSC00400_001.jpg \/><\/a><br \/>\n^ Offpiste an der 6KSB; 3x am Samstag, 2x am Sonntag gefahren<\/p>\n<p><a href='http:\/\/ski.inmontanis.info\/d\/233417-2\/DSC00401_001.jpg'><img src=http:\/\/ski.inmontanis.info\/d\/233416-3\/DSC00401_001.jpg \/><\/a><br \/>\n^ Zoom untere Depots Abfahrt Daunferner-Gamsgarten<\/p>\n<p><a href='http:\/\/ski.inmontanis.info\/d\/233421-2\/DSC00405.jpg'><img src=http:\/\/ski.inmontanis.info\/d\/233420-3\/DSC00405.jpg \/><\/a><br \/>\n^ Gai\u00dfkarferner \/ Blick nach Italien, zur Abwechslung mal ohne Nebelmeer ,-)<\/p>\n<p><a href='http:\/\/ski.inmontanis.info\/d\/233425-2\/DSC00406.jpg'><img src=http:\/\/ski.inmontanis.info\/d\/233424-3\/DSC00406.jpg \/><\/a><br \/>\n^ Gai\u00dfkarferner \/ Pfaffengrat mit kleinem Depot an der DSB-Abfahrt<\/p>\n<p><a href='http:\/\/ski.inmontanis.info\/d\/233429-2\/DSC00407.jpg'><img src=http:\/\/ski.inmontanis.info\/d\/233428-3\/DSC00407.jpg \/><\/a><br \/>\n^ Jochdohle &#8211; Schaufeljochbahnbergstation<\/p>\n<p><a href='http:\/\/ski.inmontanis.info\/d\/233433-2\/DSC00409_001.jpg'><img src=http:\/\/ski.inmontanis.info\/d\/233432-3\/DSC00409_001.jpg \/><\/a><br \/>\n^ Das St\u00fcck Trainingsareal ging so gut, dass ich&#8217;s zum Schluss gleich 2x gefahren bin<\/p>\n","protected":false},"excerpt":{"rendered":"<p>Dieses WE ging&#8217;s endlich wieder auf den Stubaier, 5 Skitage noch bis zum Saisonschluss. Skibetrieb ist leider nur noch bis 12:30 Uhr (erste Bergfahrt 8 Uhr), wobei die 6KSB nur bis 12:00, die SL bis 12:30 Uhr fahren. Egtl. hatten die Stubaier doch immer etwas l\u00e4ngere Betriebszeiten im Fr\u00fchjahr?!<\/p>\n<p>In Betrieb sind bekanntlich heuer zum <a href=\"http:\/\/blog.inmontanis.info\/?p=4386\">[&#8230;]<\/a><\/p>\n","protected":false},"author":1,"featured_media":0,"comment_status":"closed","ping_status":"closed","sticky":false,"template":"","format":"standard","meta":{"footnotes":""},"categories":[25,13,28,895],"tags":[39,56,45,47],"class_list":["post-4386","post","type-post","status-publish","format-standard","hentry","category-noreport","category-austria","category-skifahren-sommer","category-stubaier-gletscher","tag-6eub","tag-6sb","tag-see","tag-sl","odd"],"_links":{"self":[{"href":"http:\/\/blog.inmontanis.info\/index.php?rest_route=\/wp\/v2\/posts\/4386","targetHints":{"allow":["GET"]}}],"collection":[{"href":"http:\/\/blog.inmontanis.info\/index.php?rest_route=\/wp\/v2\/posts"}],"about":[{"href":"http:\/\/blog.inmontanis.info\/index.php?rest_route=\/wp\/v2\/types\/post"}],"author":[{"embeddable":true,"href":"http:\/\/blog.inmontanis.info\/index.php?rest_route=\/wp\/v2\/users\/1"}],"replies":[{"embeddable":true,"href":"http:\/\/blog.inmontanis.info\/index.php?rest_route=%2Fwp%2Fv2%2Fcomments&post=4386"}],"version-history":[{"count":3,"href":"http:\/\/blog.inmontanis.info\/index.php?rest_route=\/wp\/v2\/posts\/4386\/revisions"}],"predecessor-version":[{"id":4389,"href":"http:\/\/blog.inmontanis.info\/index.php?rest_route=\/wp\/v2\/posts\/4386\/revisions\/4389"}],"wp:attachment":[{"href":"http:\/\/blog.inmontanis.info\/index.php?rest_route=%2Fwp%2Fv2%2Fmedia&parent=4386"}],"wp:term":[{"taxonomy":"category","embeddable":true,"href":"http:\/\/blog.inmontanis.info\/index.php?rest_route=%2Fwp%2Fv2%2Fcategories&post=4386"},{"taxonomy":"post_tag","embeddable":true,"href":"http:\/\/blog.inmontanis.info\/index.php?rest_route=%2Fwp%2Fv2%2Ftags&post=4386"}],"curies":[{"name":"wp","href":"https:\/\/api.w.org\/{rel}","templated":true}]}}