{"id":4361,"date":"2017-05-19T23:56:53","date_gmt":"2017-05-19T21:56:53","guid":{"rendered":"http:\/\/blog.inmontanis.info\/?p=4361"},"modified":"2017-06-09T18:37:35","modified_gmt":"2017-06-09T16:37:35","slug":"skandinavien-2017-intro-best-of-unfertig","status":"publish","type":"post","link":"http:\/\/blog.inmontanis.info\/?p=4361","title":{"rendered":"Arctic Spring (Skandinavien 2017) Intro &#038; Best-Of, 20.5.-5.6.2017"},"content":{"rendered":"<p><em>(Streng genommen z\u00e4hlt nur der ganz n\u00f6rdlichste Teil Norwegens zur Arktik, aber ich fand den Titel einfach nett, und ein bisschen war ich ja auch in dem Bereich..)<\/em><\/p>\n<p>Nachdem ich 2013 und 2015 jeweils im Herbst in Skandinavien war (die R\u00fcckfahrt aus Russland im Winter 2016 kann ich ja nicht wirklich als Skandinavienurlaub z\u00e4hlen, auch wenn ich in SE und NO jeweils 1x Skifahren war), 2011 im Sp\u00e4twinter (Anfang April) und 2006 im Sommer zur Mittsommernacht (10.6.-1.7.), wollte ich diesmal mal wieder im Fr\u00fchsommer oder Sp\u00e4tfr\u00fchjahr nach Skandinavien. Die Feiertage um Pfingsten boten sich heuer an, entweder die 2 Wochen nach Pfingsten, die 2 Wochen um Pfingsten, oder die 2 Wochen vor Pfingsten zu nehmen. <\/p>\n<p>Da Riksgr\u00e4nsen bis Ende Mai im Regelbetrieb offen hat (und falls Schnee zur Sommersonnwende Ende Juni) und ich da auch mal zum Mitternachtssonnenskifahren hin wollte, entschied ich mich f\u00fcr die 2 Wochen vor Pfingsten. Die 3 norwegischen Gletscherskigebiete k\u00f6nnte man auch einen Besuch abstatten (Folgefonn hatte schon offen, Galdh\u00f8piggen macht an diesem WE auf und Stryn am 1.6.), ebenso dem Gaustatoppen in Rjukan, die noch bis Ende Mai im Freeride-Betrieb ge\u00f6ffnet sind. Ruka in Finnland hat leider keinen Skibetrieb mehr ab Mitte Mai so wie fr\u00fcher bis Juni, und andere Skigebiete schienen maximal bis 14.oder 17.5. verl\u00e4ngert zu haben.<\/p>\n<p>Allerdings wollte ich vorsichtshalber noch meine Tourenski mitnehmen, die ich zwar ewig nicht mehr gefahren bin, aber f\u00fcr 100-300m k\u00f6nnte das schon mal wieder gehen, vielleicht geht sich sogar irgendwas mit Fjord- oder Meerpano aus, ansonsten evtl. irgendwelche flacheren Fjelle. Schnee liegt heuer noch gen\u00fcgend, so k\u00f6nnte man z.B. in Troms\u00f8 mit der PB rauf und dort auf den Gipfel gehen und zur PB &#8211; Bergstation abfahren, bei Fjordpano und evtl. Mitternachtssonne (PB ist bis 1 Uhr ge\u00f6ffnet).. Kurz per EMail nachgefragt &#8211; man darf die Ski mitnehmen. <\/p>\n<p>Das generelle Problem mit den Fjord-Skitouren jetzt Ende Mai ist aber, dass es kaum Stra\u00dfen gibt, die einen in die H\u00f6he bringen &#8211; und die Schneeresth\u00f6he lt. alten Sat-Bildern meist auf ca. 100-300 hm ist. Derartige Stra\u00dfen sind dann meist auf Fjell-\u00dcberfahrten im Inland, die aber dann eher flach sind &#8211; aber vielleicht auch mal nicht so \u00fcbel f\u00fcr kleinere Skitouren sind&#8230; solang man runter irgendwie fahren kann. Das wiederum ist so eine Sache, wo ich gar nix wei\u00df &#8211; wie die Schneeverh\u00e4ltnisse jetzt sein werden, eher noch lockerer Pulver, ggf. Bruchharsch, oder papp, oder doch kompakt firnig? Damals im Juni 2006 wars ja oft sch\u00f6n firnig, sowohl in den Gletscherskigebieten, wie auch auf der einen Skitour, die ich gemacht hatte.. Mitnehmen werde ich jedenfalls nur 2 Paar Ski, die Tourenski und meine neuen Carpani Allmountains. 3 Paar sind mit Schlafen etwas schwierig. <\/p>\n<p>Entgegen meiner Gewohnheiten buchte ich diesmal auch gleich die F\u00e4hre f\u00fcr die R\u00fcckfahrt, und zwar von Kristiansand nach Hirtshals. Mit 118,- zwar schon teurer als die n\u00e4her gelegene Hinfahrt, aber es gab zeitlich nichts sinnvoll g\u00fcnstigeres am Pfingstsonntag und die Br\u00fccken mit dem Umweg und den zus\u00e4tzlichen Mautstrecken k\u00e4men dann auch teurer. Engt zwar die Flexibilit\u00e4t zum Schluss ein (kein Museumsstra\u00dfenbahnbetriebsbesuch in Schweden oder D\u00e4nemark m\u00f6glich), aber ich h\u00e4tte ja eh vor, dass ich Folgefonna (Ski) am Tag zuvor mach (oder falls wetterm\u00e4\u00dfig sinnvoller, einen Tag vorher, aber da krieg ich in der Ecke den anderen Tag schon rum).<\/p>\n<p>Die Wirklichkeit sah dann etwas anders aus, von den geplanten 6-8 Skitagen in 5 Skigebieten sind es dann wetterbedingt leider nur 3 Skitage in 2 Skigebieten geworden (plus Skitouren). Es war um einiges winterlicher als erwartet, nicht nur von der Schneelage her, sondern auch von den Temperaturen (im Norden hatte ich ca. jeden Tag immer mal wieder Schneefall). Das Rumfahren den ganzen Tag, jeden Tag von fr\u00fch bis sp\u00e4t, ohne mal wirklich zu Rasten oder sich etwas anzuschauen, wie bei meinen Skandinavienreisen \u00fcblich, wird mit der Zeit auch etwas langweilig; das ist bei den Touren in Gro\u00dfbritannien anders, da ich da den Urlaub etwas splitte und mir ja auch mehr ansehe, im Gesamten gefiel mir der UK-Urlaub letztes Jahr besser als der heurige Skandinavienurlaub. Bei der Gr\u00f6\u00dfe von Skandinavien ist das nat\u00fcrlich etwas schwieriger und ich hab da auch keine Ahnung, ob es da so viel g\u00e4be, was mich interessieren w\u00fcrde.<\/p>\n<p>Was die Gr\u00f6\u00dfe Skandinaviens angeht, nur mal wieder so zur &#8220;Erinnerung&#8221;: Von Oslo, der norwegischen Hauptstadt, ist Innsbruck n\u00e4her als der n\u00f6rdlichste Bereich Norwegens! (Luftlinie ca. 1410km vs. ca. 1450-1500km; Stra\u00dfenm\u00e4\u00dfig ist der Unterschied je nach fahrweise auch etwas gr\u00f6\u00dfer.)<\/p>\n<p>Genug sch\u00f6ne Fotos hab ich aber dennoch mitgebracht, hier ein kleiner Aussschnitt aus \u00fcber 3300 Fotos. Au\u00dferdem hab ich die Dashcam mitlaufen lassen, so dass ich diesmal auch f\u00fcr viele interessante Stra\u00dfen komplette Mitfahr-Videos (Zeitraffer) zeigen werde.<\/p>\n<p><a href='http:\/\/extra.inmontanis.info\/d\/41088-3\/geSkand2017a.jpg'><img src=http:\/\/extra.inmontanis.info\/d\/41087-3\/geSkand2017a.jpg \/><\/a><br \/>\n^ ca. 12.400km, 17.3 Tage  &#8212; erstaunlicherweise von den Daten recht \u00e4hnlich zu meinem letzten Skandinavien-Urlaub im Herbst 2015 mit gleich viel Tage und 12.300km, obwohl ich etliche andere Strcken gefahren bin und der Meinung war, ich w\u00e4re heuer wesentlich mehr gefahren ..<\/p>\n<p>(Etwas abgegangen sind mir im Nachhinein dann doch etwas die K\u00fcstenregionen und Stra\u00dfen am Meer entlang -> da muss ich wohl mal wieder nach Irland ;-) )<\/p>\n<p><a href='http:\/\/extra.inmontanis.info\/d\/40996-3\/DSC07084.jpg'><img src=http:\/\/extra.inmontanis.info\/d\/40994-3\/DSC07084.jpg \/><\/a><br \/>\n^ Selbst im mittleren Bereich Schwedens bzw. s\u00fcden Lapplands oder wo auch immer das jetzt genau war sind noch viele Seen eisbedeckt; auch wenn sonst kaum noch Schnee liegt<\/p>\n<p><a href='http:\/\/extra.inmontanis.info\/d\/41000-3\/DSC07118.jpg'><img src=http:\/\/extra.inmontanis.info\/d\/40999-3\/DSC07118.jpg \/><\/a><br \/>\n^ ein paar Skitouren gingen sich aus<\/p>\n<p><a href='http:\/\/extra.inmontanis.info\/d\/41004-3\/DSC07171.jpg'><img src=http:\/\/extra.inmontanis.info\/d\/41003-3\/DSC07171.jpg \/><\/a> <\/p>\n<p><a href='http:\/\/extra.inmontanis.info\/d\/41008-3\/DSC07392.jpg'><img src=http:\/\/extra.inmontanis.info\/d\/41007-3\/DSC07392.jpg \/><\/a><br \/>\n^ Skifahren in Riksgr\u00e4nsen am Tag, noch sehr winterlich<\/p>\n<p><a href='http:\/\/extra.inmontanis.info\/d\/41012-3\/DSC07604.jpg'><img src=http:\/\/extra.inmontanis.info\/d\/41011-3\/DSC07604.jpg \/><\/a> <\/p>\n<p><a href='http:\/\/extra.inmontanis.info\/d\/41016-3\/DSC07671.jpg'><img src=http:\/\/extra.inmontanis.info\/d\/41015-3\/DSC07671.jpg \/><\/a> <\/p>\n<p><a href='http:\/\/extra.inmontanis.info\/d\/41020-3\/DSC07744.jpg'><img src=http:\/\/extra.inmontanis.info\/d\/41019-3\/DSC07744.jpg \/><\/a> <\/p>\n<p><a href='http:\/\/extra.inmontanis.info\/d\/41024-3\/DSC07808.jpg'><img src=http:\/\/extra.inmontanis.info\/d\/41023-3\/DSC07808.jpg \/><\/a><br \/>\n^ Schnee auf den Stra\u00dfen blieb zum Gl\u00fcck die Ausnahme<\/p>\n<p><a href='http:\/\/extra.inmontanis.info\/d\/41028-3\/DSC07969.jpg'><img src=http:\/\/extra.inmontanis.info\/d\/41027-3\/DSC07969.jpg \/><\/a><br \/>\n^ Kiruna<\/p>\n<p><a href='http:\/\/extra.inmontanis.info\/d\/41032-3\/DSC08039.jpg'><img src=http:\/\/extra.inmontanis.info\/d\/41031-3\/DSC08039.jpg \/><\/a> <\/p>\n<p><a href='http:\/\/extra.inmontanis.info\/d\/41092-3\/DSC08091.jpg'><img src=http:\/\/extra.inmontanis.info\/d\/41091-3\/DSC08091.jpg \/><\/a><br \/>\n^ Das Mitternachtsskifahren in Riksgr\u00e4nsen gefiel mir leider gar nicht<\/p>\n<p><a href='http:\/\/extra.inmontanis.info\/d\/41036-3\/DSC08154.jpg'><img src=http:\/\/extra.inmontanis.info\/d\/41035-3\/DSC08154.jpg \/><\/a> <\/p>\n<p><a href='http:\/\/extra.inmontanis.info\/d\/41040-3\/DSC08195.jpg'><img src=http:\/\/extra.inmontanis.info\/d\/41039-3\/DSC08195.jpg \/><\/a><br \/>\n^ Mitternachtssonne in Finnland<\/p>\n<p><a href='http:\/\/extra.inmontanis.info\/d\/41044-3\/DSC08280.jpg'><img src=http:\/\/extra.inmontanis.info\/d\/41043-3\/DSC08280.jpg \/><\/a><br \/>\n^ Finnisch-Russischer Grenzbereich<\/p>\n<p><a href='http:\/\/extra.inmontanis.info\/d\/41048-3\/DSC08410.jpg'><img src=http:\/\/extra.inmontanis.info\/d\/41047-3\/DSC08410.jpg \/><\/a> <\/p>\n<p><a href='http:\/\/extra.inmontanis.info\/d\/41052-3\/DSC08454.jpg'><img src=http:\/\/extra.inmontanis.info\/d\/41051-3\/DSC08454.jpg \/><\/a> <\/p>\n<p><a href='http:\/\/extra.inmontanis.info\/d\/41096-3\/DSC08628.jpg'><img src=http:\/\/extra.inmontanis.info\/d\/41095-3\/DSC08628.jpg \/><\/a> <\/p>\n<p><a href='http:\/\/extra.inmontanis.info\/d\/41056-3\/DSC08690.jpg'><img src=http:\/\/extra.inmontanis.info\/d\/41055-3\/DSC08690.jpg \/><\/a> <\/p>\n<p><a href='http:\/\/extra.inmontanis.info\/d\/41060-3\/DSC08774.jpg'><img src=http:\/\/extra.inmontanis.info\/d\/41059-3\/DSC08774.jpg \/><\/a> <\/p>\n<p><a href='http:\/\/extra.inmontanis.info\/d\/41064-3\/DSC08871.jpg'><img src=http:\/\/extra.inmontanis.info\/d\/41063-3\/DSC08871.jpg \/><\/a> <\/p>\n<p><a href='http:\/\/extra.inmontanis.info\/d\/41068-3\/DSC09048.jpg'><img src=http:\/\/extra.inmontanis.info\/d\/41067-3\/DSC09048.jpg \/><\/a><br \/>\n^ Stryn Sommerskigebiet<\/p>\n<p><a href='http:\/\/extra.inmontanis.info\/d\/41072-3\/DSC09072.jpg'><img src=http:\/\/extra.inmontanis.info\/d\/41071-3\/DSC09072.jpg \/><\/a> <\/p>\n<p><a href='http:\/\/extra.inmontanis.info\/d\/41076-3\/DSC09103.jpg'><img src=http:\/\/extra.inmontanis.info\/d\/41075-3\/DSC09103.jpg \/><\/a> <\/p>\n<p><a href='http:\/\/extra.inmontanis.info\/d\/41080-3\/DSC09268.jpg'><img src=http:\/\/extra.inmontanis.info\/d\/41079-3\/DSC09268.jpg \/><\/a> <\/p>\n<p><a href='http:\/\/extra.inmontanis.info\/d\/41100-3\/DSC09422.jpg'><img src=http:\/\/extra.inmontanis.info\/d\/41099-3\/DSC09422.jpg \/><\/a><br \/>\n^ Da geht ein krasser, steiler Skilift rauf! (Und eine steile Abfahrt runter)<\/p>\n<p><a href='http:\/\/extra.inmontanis.info\/d\/41104-3\/DSC09676.jpg'><img src=http:\/\/extra.inmontanis.info\/d\/41103-3\/DSC09676.jpg \/><\/a> <\/p>\n<p><a href='http:\/\/extra.inmontanis.info\/d\/41084-3\/DSC00007.jpg'><img src=http:\/\/extra.inmontanis.info\/d\/41083-3\/DSC00007.jpg \/><\/a> <\/p>\n<p>(Fortsetzung folgt.)<\/p>\n","protected":false},"excerpt":{"rendered":"<p>(Streng genommen z\u00e4hlt nur der ganz n\u00f6rdlichste Teil Norwegens zur Arktik, aber ich fand den Titel einfach nett, und ein bisschen war ich ja auch in dem Bereich..)<\/p>\n<p>Nachdem ich 2013 und 2015 jeweils im Herbst in Skandinavien war (die R\u00fcckfahrt aus Russland im Winter 2016 kann ich ja nicht wirklich als Skandinavienurlaub z\u00e4hlen, auch <a href=\"http:\/\/blog.inmontanis.info\/?p=4361\">[&#8230;]<\/a><\/p>\n","protected":false},"author":1,"featured_media":0,"comment_status":"closed","ping_status":"closed","sticky":false,"template":"","format":"standard","meta":{"footnotes":""},"categories":[162,20,18,19],"tags":[],"class_list":["post-4361","post","type-post","status-publish","format-standard","hentry","category-2017-05-arctic-spring","category-finnlandfinland","category-norwegennorway","category-schwedensweden","odd"],"_links":{"self":[{"href":"http:\/\/blog.inmontanis.info\/index.php?rest_route=\/wp\/v2\/posts\/4361","targetHints":{"allow":["GET"]}}],"collection":[{"href":"http:\/\/blog.inmontanis.info\/index.php?rest_route=\/wp\/v2\/posts"}],"about":[{"href":"http:\/\/blog.inmontanis.info\/index.php?rest_route=\/wp\/v2\/types\/post"}],"author":[{"embeddable":true,"href":"http:\/\/blog.inmontanis.info\/index.php?rest_route=\/wp\/v2\/users\/1"}],"replies":[{"embeddable":true,"href":"http:\/\/blog.inmontanis.info\/index.php?rest_route=%2Fwp%2Fv2%2Fcomments&post=4361"}],"version-history":[{"count":14,"href":"http:\/\/blog.inmontanis.info\/index.php?rest_route=\/wp\/v2\/posts\/4361\/revisions"}],"predecessor-version":[{"id":4375,"href":"http:\/\/blog.inmontanis.info\/index.php?rest_route=\/wp\/v2\/posts\/4361\/revisions\/4375"}],"wp:attachment":[{"href":"http:\/\/blog.inmontanis.info\/index.php?rest_route=%2Fwp%2Fv2%2Fmedia&parent=4361"}],"wp:term":[{"taxonomy":"category","embeddable":true,"href":"http:\/\/blog.inmontanis.info\/index.php?rest_route=%2Fwp%2Fv2%2Fcategories&post=4361"},{"taxonomy":"post_tag","embeddable":true,"href":"http:\/\/blog.inmontanis.info\/index.php?rest_route=%2Fwp%2Fv2%2Ftags&post=4361"}],"curies":[{"name":"wp","href":"https:\/\/api.w.org\/{rel}","templated":true}]}}