{"id":4355,"date":"2017-05-14T17:26:59","date_gmt":"2017-05-14T15:26:59","guid":{"rendered":"http:\/\/blog.inmontanis.info\/?p=4355"},"modified":"2023-08-06T10:55:13","modified_gmt":"2023-08-06T08:55:13","slug":"stubaier-gletscher-13-14-5-2017","status":"publish","type":"post","link":"http:\/\/blog.inmontanis.info\/?p=4355","title":{"rendered":"Stubaier Gletscher 13.+14.5.2017"},"content":{"rendered":"<p><strong>13. + 14.5.2017<\/strong><\/p>\n<p>Leider war auch dieses WE eines von den nervigen und im Mai leider h\u00e4ufig anzufinden, denn es gab an beiden Tagen Neuschnee, der je nachdem mal hier, mal dort, mal fr\u00fcher, mal sp\u00e4ter pappig und stockend wurde, so dass es einem teilweise fast aus den Schuhen zog, was sich dann bis zum Talstationsbereich Daunferner rauf zog und man zum Gamsgarten aus beiden Richtungen nur noch mit Schieben kam. So nett es also war, dass die rote Abfahrt vom Gamsgarten noch offen ist, bei der Schieberei unten raus f\u00e4hrt man sie doch nicht.<\/p>\n<p>Netterweise ist die blaue Abfahrt zur Mittelstation noch offen und pr\u00e4pariert, denn ohne Pr\u00e4parierung w\u00e4re das bei dem Papp kein Vergn\u00fcgen gewesen. Die wurde dann nachmittags jeweils etwas besser, weil sulziger. Ach wie sch\u00f6n ist doch der Sulz im M\u00e4rz\/April in normalen Skigebieten verglichen mit diesem Neuschnee-Papp auf den Gletschern im Mai. <\/p>\n<p>Da ich die Carpani zum Skiservice \u00fcber Nacht oben lassen wollte und zus\u00e4tzlich die alten Tourenski mal wieder testen wollte, da ich sie evtl. auf meine Skandinavienreise mitnehmen m\u00f6chte, hab ich am Samstag noch die Tourenski mitgenommen. Deren Kantenhalt ist im Vgl. ja unter aller Sau, aber teilweise war das am Samstag tats\u00e4chlich sogar vorteilhaft, bin den halben Tag mit denen gefahren, auch um mich wieder etwas daran zu gew\u00f6hnen.<\/p>\n<p><a href='http:\/\/ski.inmontanis.info\/d\/233153-2\/DSC06797.jpg'><img src=http:\/\/ski.inmontanis.info\/d\/233152-3\/DSC06797.jpg \/><\/a><br \/>\n^ 6KSB Eisjoch \/ Neuschnee, na nerv.<\/p>\n<p><a href='http:\/\/ski.inmontanis.info\/d\/233157-2\/DSC06800.jpg'><img src=http:\/\/ski.inmontanis.info\/d\/233156-3\/DSC06800.jpg \/><\/a><br \/>\n^ Mittelstation 3S-Bahn<\/p>\n<p><a href='http:\/\/ski.inmontanis.info\/d\/233161-2\/DSC06802.jpg'><img src=http:\/\/ski.inmontanis.info\/d\/233160-3\/DSC06802.jpg \/><\/a><br \/>\n^ Mittelstation 3S-Bahn<\/p>\n<p><a href='http:\/\/ski.inmontanis.info\/d\/233165-2\/DSC06803.jpg'><img src=http:\/\/ski.inmontanis.info\/d\/233164-3\/DSC06803.jpg \/><\/a><br \/>\n^ Hm, wo geht&#8217;s doch gleich noch mal zur Talfahrt?<\/p>\n<p><a href='http:\/\/ski.inmontanis.info\/d\/233169-2\/DSC06808.jpg'><img src=http:\/\/ski.inmontanis.info\/d\/233168-3\/DSC06808.jpg \/><\/a><br \/>\n^ Gamsgarten \/ Der Tellerlift lief auch noch, fuhr aber so gut wie keiner<\/p>\n<p><a href='http:\/\/ski.inmontanis.info\/d\/233173-2\/DSC06809_001.jpg'><img src=http:\/\/ski.inmontanis.info\/d\/233172-3\/DSC06809_001.jpg \/><\/a><br \/>\n^ Mittelstation, die linke blaue Abfahrt ist netterweise noch ge\u00f6ffnet und pr\u00e4pariert.<\/p>\n<p><a href='http:\/\/ski.inmontanis.info\/d\/233177-2\/DSC06813.jpg'><img src=http:\/\/ski.inmontanis.info\/d\/233176-3\/DSC06813.jpg \/><\/a><br \/>\n^ An der Abfahrt vom Daunferner zum Gamsgarten wurden schon mehrere Matten angebracht, hier oben und unten vor und nach dem Beschneiungsteich<\/p>\n<p>Der Sonntag, 14.5., starte entgegen der Vorhersage recht sonnig, \u00e4nderte sich aber rasch. Wie auch schon gestern schneite bzw. eisregnete es abschnittsweise.<\/p>\n<p><a href='http:\/\/ski.inmontanis.info\/d\/233181-2\/DSC06815_001.jpg'><img src=http:\/\/ski.inmontanis.info\/d\/233180-3\/DSC06815_001.jpg \/><\/a><br \/>\n^ SL Windach<\/p>\n<p><a href='http:\/\/ski.inmontanis.info\/d\/233185-2\/DSC06816_001.jpg'><img src=http:\/\/ski.inmontanis.info\/d\/233184-3\/DSC06816_001.jpg \/><\/a><br \/>\n^ SL Windach<\/p>\n<p><a href='http:\/\/ski.inmontanis.info\/d\/233189-2\/DSC06817_001.jpg'><img src=http:\/\/ski.inmontanis.info\/d\/233188-3\/DSC06817_001.jpg \/><\/a><br \/>\n^ Schneeh\u00f6henvergleich f\u00fcr den Herbst an der Jochdohle<\/p>\n<p><a href='http:\/\/ski.inmontanis.info\/d\/233193-2\/DSC06818.jpg'><img src=http:\/\/ski.inmontanis.info\/d\/233192-3\/DSC06818.jpg \/><\/a><br \/>\n^ SL Gai\u00dfkar<\/p>\n<p><a href='http:\/\/ski.inmontanis.info\/d\/233197-2\/DSC06821_001.jpg'><img src=http:\/\/ski.inmontanis.info\/d\/233196-3\/DSC06821_001.jpg \/><\/a><br \/>\n^ SL Daunscharte, wurde wg. eines technischen Problems leider schon fr\u00fcher in den Sommerschlaf geschickt. Mir scheint diese St\u00fctze etwas schief zu stehen..<\/p>\n<p><a href='http:\/\/ski.inmontanis.info\/d\/233201-2\/DSC06822_001.jpg'><img src=http:\/\/ski.inmontanis.info\/d\/233200-3\/DSC06822_001.jpg \/><\/a><br \/>\n^ 8KSB Rotadl, die Varianten rechts werden mir diesmal im Juni fehlen, da die Bahn heuer nicht den Sommerbetrieb machen werden soll<\/p>\n<p><a href='http:\/\/ski.inmontanis.info\/d\/233205-2\/DSC06825_001.jpg'><img src=http:\/\/ski.inmontanis.info\/d\/233204-3\/DSC06825_001.jpg \/><\/a><br \/>\n^ Schneedepot am SL Gai\u00dfkar<\/p>\n<p><a href='http:\/\/ski.inmontanis.info\/d\/233209-2\/DSC06826.jpg'><img src=http:\/\/ski.inmontanis.info\/d\/233208-3\/DSC06826.jpg \/><\/a><br \/>\n^ Schneedepot am Eisgrat<\/p>\n<p><a href='http:\/\/ski.inmontanis.info\/d\/233213-2\/ge20170501-14.jpg'><img src=http:\/\/ski.inmontanis.info\/d\/233212-3\/ge20170501-14.jpg \/><\/a><br \/>\n^ GPS-Track 1.5. (Blau), 6.+7.5. (Rot), 13.+14.5.2017 (Gelb)<\/p>\n<p>.. ohne Saisonkarte h\u00e4tte ich auf diese beiden WE verzichtet, denn f\u00fcr das Wetter und den Schnee h\u00e4tte ich kein Geld ausgegeben. Verpasst h\u00e4tte ich da jedenfalls nichts. (Ich bin auch jeweils nicht bis zum Schluss geblieben, nur bis ca. 13\/14 Uhr.)<\/p>\n","protected":false},"excerpt":{"rendered":"<p>13. + 14.5.2017<\/p>\n<p>Leider war auch dieses WE eines von den nervigen und im Mai leider h\u00e4ufig anzufinden, denn es gab an beiden Tagen Neuschnee, der je nachdem mal hier, mal dort, mal fr\u00fcher, mal sp\u00e4ter pappig und stockend wurde, so dass es einem teilweise fast aus den Schuhen zog, was sich dann bis zum <a href=\"http:\/\/blog.inmontanis.info\/?p=4355\">[&#8230;]<\/a><\/p>\n","protected":false},"author":1,"featured_media":0,"comment_status":"closed","ping_status":"closed","sticky":false,"template":"","format":"standard","meta":{"footnotes":""},"categories":[25,13,27,895],"tags":[56,57,47],"class_list":["post-4355","post","type-post","status-publish","format-standard","hentry","category-noreport","category-austria","category-skifahren-winterskiing-winter","category-stubaier-gletscher","tag-6sb","tag-8sb","tag-sl","odd"],"_links":{"self":[{"href":"http:\/\/blog.inmontanis.info\/index.php?rest_route=\/wp\/v2\/posts\/4355","targetHints":{"allow":["GET"]}}],"collection":[{"href":"http:\/\/blog.inmontanis.info\/index.php?rest_route=\/wp\/v2\/posts"}],"about":[{"href":"http:\/\/blog.inmontanis.info\/index.php?rest_route=\/wp\/v2\/types\/post"}],"author":[{"embeddable":true,"href":"http:\/\/blog.inmontanis.info\/index.php?rest_route=\/wp\/v2\/users\/1"}],"replies":[{"embeddable":true,"href":"http:\/\/blog.inmontanis.info\/index.php?rest_route=%2Fwp%2Fv2%2Fcomments&post=4355"}],"version-history":[{"count":4,"href":"http:\/\/blog.inmontanis.info\/index.php?rest_route=\/wp\/v2\/posts\/4355\/revisions"}],"predecessor-version":[{"id":4359,"href":"http:\/\/blog.inmontanis.info\/index.php?rest_route=\/wp\/v2\/posts\/4355\/revisions\/4359"}],"wp:attachment":[{"href":"http:\/\/blog.inmontanis.info\/index.php?rest_route=%2Fwp%2Fv2%2Fmedia&parent=4355"}],"wp:term":[{"taxonomy":"category","embeddable":true,"href":"http:\/\/blog.inmontanis.info\/index.php?rest_route=%2Fwp%2Fv2%2Fcategories&post=4355"},{"taxonomy":"post_tag","embeddable":true,"href":"http:\/\/blog.inmontanis.info\/index.php?rest_route=%2Fwp%2Fv2%2Ftags&post=4355"}],"curies":[{"name":"wp","href":"https:\/\/api.w.org\/{rel}","templated":true}]}}