{"id":4346,"date":"2017-05-01T17:55:43","date_gmt":"2017-05-01T15:55:43","guid":{"rendered":"http:\/\/blog.inmontanis.info\/?p=4346"},"modified":"2023-08-06T10:55:22","modified_gmt":"2023-08-06T08:55:22","slug":"stubaier-gletscher-1-5-2017","status":"publish","type":"post","link":"http:\/\/blog.inmontanis.info\/?p=4346","title":{"rendered":"Stubaier Gletscher 1.5.2017"},"content":{"rendered":"<p><strong>1.5.2017<\/strong><\/p>\n<p>Mit 1.5. begann meine Stubai-Saison wieder. Abschnittsweise Stau auf der Zufahrt zum Parkplatz bereits um 8 Uhr. Aber im Gegensatz zum Herbst folgten nat\u00fcrlich nicht mehr so extrem viel nach. Daunjoch-KSB ist leider schon einige Zeit geschlossen, ansonsten war noch fast alles offen.<\/p>\n<p>Im Gegensatz zu den letzten beiden Tagen war heut ein toller, pulvriger Schnee auf den Pisten. Auch war es zumindest noch f\u00fcr ein paar Stunden sonnig (sonniger, als es in Italien\/Frankreich wohl gewesen w\u00e4re). Prim\u00e4r konzentrierte ich mich nat\u00fcrlich auf die Lifte und Abfahrten, die ab morgen oder in n\u00e4chster Zeit geschlossen werden.<\/p>\n<p>Da ich eine der Talabfahrten fahren wollte, hatte ich die alten Allmountains dabei. Der Weg an den Gondeln war dann aber doch schon recht aper und der Rest schien teilweise recht eisig zu sein, also fuhr ich die Wilde Grubn. Leider war der Weg schon wieder bis fast zum Gamsgarten frei gemacht. Das nervt. Nur damit man eine Hand voll Fu\u00dfg\u00e4nger Mitte Mai gl\u00fccklich sind, nervt man damit viele Skifahrer und Tourengeher.<\/p>\n<p><a href='http:\/\/ski.inmontanis.info\/d\/233025-2\/DSC06738.jpg'><img src=http:\/\/ski.inmontanis.info\/d\/233024-3\/DSC06738.jpg \/><\/a><br \/>\n^ Parkplatz<\/p>\n<p><a href='http:\/\/ski.inmontanis.info\/d\/233029-2\/DSC06740.jpg'><img src=http:\/\/ski.inmontanis.info\/d\/233028-3\/DSC06740.jpg \/><\/a><br \/>\n^ SL Gai\u00dfkar, nett, dass es die Abfahrt von der 8EUB noch gibt<\/p>\n<p><a href='http:\/\/ski.inmontanis.info\/d\/233033-2\/DSC06741.jpg'><img src=http:\/\/ski.inmontanis.info\/d\/233032-3\/DSC06741.jpg \/><\/a><br \/>\n^ 8EUB Schaufeljoch<\/p>\n<p><a href='http:\/\/ski.inmontanis.info\/d\/233037-2\/DSC06744.jpg'><img src=http:\/\/ski.inmontanis.info\/d\/233036-3\/DSC06744.jpg \/><\/a><br \/>\n^ SL Gai\u00dfkar und DSB Pfaffengrat, mein Lieblingseck heute. Es gab ja mal eine Zeit, da hatte mir die Gai\u00dfkar-Abfahrt nicht mehr besonders gefallen, da der Schlusshang, unterhalb des Herbsteinstiegs, so steil wurde und schnell verbuckelt war. Mittlerweile kommt mir der Hang wieder flacher vor, auch geht er teils etwas schr\u00e4g und durch die Felsen hindurch usw., gef\u00e4llt mir nun wieder besser. Nur k\u00f6nnte man den Gegenanstieg unten endlich mal entfernen (oder Einstieg SL nach vorne verlegen)<\/p>\n<p><a href='http:\/\/ski.inmontanis.info\/d\/233041-2\/DSC06746.jpg'><img src=http:\/\/ski.inmontanis.info\/d\/233040-3\/DSC06746.jpg \/><\/a><br \/>\n^ 6KSB Fernau<\/p>\n<p><a href='http:\/\/ski.inmontanis.info\/d\/233045-2\/DSC06747.jpg'><img src=http:\/\/ski.inmontanis.info\/d\/233044-3\/DSC06747.jpg \/><\/a><br \/>\n^ 6KSB Fernau<\/p>\n<p><a href='http:\/\/ski.inmontanis.info\/d\/233049-2\/DSC06748.jpg'><img src=http:\/\/ski.inmontanis.info\/d\/233048-3\/DSC06748.jpg \/><\/a><br \/>\n^ Nett gelegene Abfahrt an der DSB Pfaffengrat, bin ich heute und n\u00e4chstes Wochenende h\u00e4ufiger gefahren, da die im Herbst ja nicht ging.<\/p>\n<p><a href='http:\/\/ski.inmontanis.info\/d\/233053-2\/DSC06752.jpg'><img src=http:\/\/ski.inmontanis.info\/d\/233052-3\/DSC06752.jpg \/><\/a><br \/>\n^ Nett gelegene Abfahrt an der DSB Pfaffengrat und Blick zum SL Gai\u00dfkar.<\/p>\n<p><a href='http:\/\/ski.inmontanis.info\/d\/233057-2\/DSC06753.jpg'><img src=http:\/\/ski.inmontanis.info\/d\/233056-3\/DSC06753.jpg \/><\/a><br \/>\n^ Pano von der DSB Wildspitz<\/p>\n<p><a href='http:\/\/ski.inmontanis.info\/d\/233061-2\/DSC06755.jpg'><img src=http:\/\/ski.inmontanis.info\/d\/233060-3\/DSC06755.jpg \/><\/a><br \/>\n^ Daunferner<\/p>\n<p><a href='http:\/\/ski.inmontanis.info\/d\/233065-2\/DSC06756.jpg'><img src=http:\/\/ski.inmontanis.info\/d\/233064-3\/DSC06756.jpg \/><\/a><br \/>\n^ Eisjoch-SL<\/p>\n<p><a href='http:\/\/ski.inmontanis.info\/d\/233069-2\/DSC06759.jpg'><img src=http:\/\/ski.inmontanis.info\/d\/233068-3\/DSC06759.jpg \/><\/a><br \/>\n^ Skiroute Bildst\u00f6ckljoch, war zwar schon geschlossen, wollte ich aber auch mal fahren<\/p>\n<p><a href='http:\/\/ski.inmontanis.info\/d\/233073-2\/DSC06761.jpg'><img src=http:\/\/ski.inmontanis.info\/d\/233072-3\/DSC06761.jpg \/><\/a><br \/>\n^ Skiroute Bildst\u00f6ckljoch. Wenn ich hier jemals gefahren bin, dann noch zu Zeiten, als die DSB noch anders verlief und hier ein See war (und es noch nicht als Skiroute eingezeichnet war)<\/p>\n<p><a href='http:\/\/ski.inmontanis.info\/d\/233077-2\/DSC06762.jpg'><img src=http:\/\/ski.inmontanis.info\/d\/233076-3\/DSC06762.jpg \/><\/a><br \/>\n^ Eisgrat-Pano von der Skiroute Bildst\u00f6ckljoch<\/p>\n<p><a href='http:\/\/ski.inmontanis.info\/d\/233081-2\/DSC06763.jpg'><img src=http:\/\/ski.inmontanis.info\/d\/233080-3\/DSC06763.jpg \/><\/a><br \/>\n^ Skiroute Bildst\u00f6ckljoch<\/p>\n<p><a href='http:\/\/ski.inmontanis.info\/d\/233085-2\/DSC06765.jpg'><img src=http:\/\/ski.inmontanis.info\/d\/233084-3\/DSC06765.jpg \/><\/a><br \/>\n^ 6KSB Fernau, ist das noch das Depot vom letzten Jahr?<\/p>\n<p><a href='http:\/\/ski.inmontanis.info\/d\/233089-2\/DSC06766.jpg'><img src=http:\/\/ski.inmontanis.info\/d\/233088-3\/DSC06766.jpg \/><\/a><br \/>\n^ Rote Abfahrt 6KSB Fernau, hatte weiter unten schon ein paar Steine<\/p>\n<p><a href='http:\/\/ski.inmontanis.info\/d\/233093-2\/DSC06768.jpg'><img src=http:\/\/ski.inmontanis.info\/d\/233092-3\/DSC06768.jpg \/><\/a><br \/>\n^ Schneeh\u00f6he am WC-Ausgang Bergstation 8EUB Schaufeljoch<\/p>\n<p><a href='http:\/\/ski.inmontanis.info\/d\/233097-2\/DSC06773.jpg'><img src=http:\/\/ski.inmontanis.info\/d\/233096-3\/DSC06773.jpg \/><\/a><br \/>\n^ Wilde Grubn, h\u00e4tte nicht gedacht, dass der Weg schon wieder bis ganz oben freigebaggert ist :-(<\/p>\n<p><a href='http:\/\/ski.inmontanis.info\/d\/233101-2\/DSC06775.jpg'><img src=http:\/\/ski.inmontanis.info\/d\/233100-3\/DSC06775.jpg \/><\/a><br \/>\n^ Wilde Grubn<\/p>\n<p><a href='http:\/\/ski.inmontanis.info\/d\/233105-2\/DSC06776.jpg'><img src=http:\/\/ski.inmontanis.info\/d\/233104-3\/DSC06776.jpg \/><\/a><br \/>\n^ Wilde Grubn<\/p>\n<p><a href='http:\/\/ski.inmontanis.info\/d\/233109-2\/DSC06777.jpg'><img src=http:\/\/ski.inmontanis.info\/d\/233108-3\/DSC06777.jpg \/><\/a><br \/>\n^ Wilde Grubn, ab hier ging&#8217;s dann endlich besser<\/p>\n<p><a href='http:\/\/ski.inmontanis.info\/d\/233113-2\/DSC06779.jpg'><img src=http:\/\/ski.inmontanis.info\/d\/233112-3\/DSC06779.jpg \/><\/a><br \/>\n^ Wilde Grubn, man konnte noch bis um die Kurve rum runter<\/p>\n<p><a href='http:\/\/ski.inmontanis.info\/d\/233117-2\/DSC06780.jpg'><img src=http:\/\/ski.inmontanis.info\/d\/233116-3\/DSC06780.jpg \/><\/a><br \/>\n^ .. erst hier musste man abschnallen.<\/p>\n<p><a href='http:\/\/ski.inmontanis.info\/d\/233121-2\/DSC06782.jpg'><img src=http:\/\/ski.inmontanis.info\/d\/233120-3\/DSC06782.jpg \/><\/a><br \/>\n^ In Ranalt ist jetzt in beiden Richtungen \u00dcberholverbot, so ein Mist, da hab ich recht h\u00e4ufig \u00fcberholt.<\/p>\n","protected":false},"excerpt":{"rendered":"<p>1.5.2017<\/p>\n<p>Mit 1.5. begann meine Stubai-Saison wieder. Abschnittsweise Stau auf der Zufahrt zum Parkplatz bereits um 8 Uhr. Aber im Gegensatz zum Herbst folgten nat\u00fcrlich nicht mehr so extrem viel nach. Daunjoch-KSB ist leider schon einige Zeit geschlossen, ansonsten war noch fast alles offen.<\/p>\n<p>Im Gegensatz zu den letzten beiden Tagen war heut ein toller, <a href=\"http:\/\/blog.inmontanis.info\/?p=4346\">[&#8230;]<\/a><\/p>\n","protected":false},"author":1,"featured_media":0,"comment_status":"closed","ping_status":"closed","sticky":false,"template":"","format":"standard","meta":{"footnotes":""},"categories":[25,13,27,895],"tags":[56,53,38,78,47],"class_list":["post-4346","post","type-post","status-publish","format-standard","hentry","category-noreport","category-austria","category-skifahren-winterskiing-winter","category-stubaier-gletscher","tag-6sb","tag-8eub","tag-dsb","tag-restschnee","tag-sl","odd"],"_links":{"self":[{"href":"http:\/\/blog.inmontanis.info\/index.php?rest_route=\/wp\/v2\/posts\/4346","targetHints":{"allow":["GET"]}}],"collection":[{"href":"http:\/\/blog.inmontanis.info\/index.php?rest_route=\/wp\/v2\/posts"}],"about":[{"href":"http:\/\/blog.inmontanis.info\/index.php?rest_route=\/wp\/v2\/types\/post"}],"author":[{"embeddable":true,"href":"http:\/\/blog.inmontanis.info\/index.php?rest_route=\/wp\/v2\/users\/1"}],"replies":[{"embeddable":true,"href":"http:\/\/blog.inmontanis.info\/index.php?rest_route=%2Fwp%2Fv2%2Fcomments&post=4346"}],"version-history":[{"count":2,"href":"http:\/\/blog.inmontanis.info\/index.php?rest_route=\/wp\/v2\/posts\/4346\/revisions"}],"predecessor-version":[{"id":4348,"href":"http:\/\/blog.inmontanis.info\/index.php?rest_route=\/wp\/v2\/posts\/4346\/revisions\/4348"}],"wp:attachment":[{"href":"http:\/\/blog.inmontanis.info\/index.php?rest_route=%2Fwp%2Fv2%2Fmedia&parent=4346"}],"wp:term":[{"taxonomy":"category","embeddable":true,"href":"http:\/\/blog.inmontanis.info\/index.php?rest_route=%2Fwp%2Fv2%2Fcategories&post=4346"},{"taxonomy":"post_tag","embeddable":true,"href":"http:\/\/blog.inmontanis.info\/index.php?rest_route=%2Fwp%2Fv2%2Ftags&post=4346"}],"curies":[{"name":"wp","href":"https:\/\/api.w.org\/{rel}","templated":true}]}}