{"id":4329,"date":"2017-04-23T05:57:01","date_gmt":"2017-04-23T03:57:01","guid":{"rendered":"http:\/\/blog.inmontanis.info\/?p=4329"},"modified":"2023-08-06T20:42:26","modified_gmt":"2023-08-06T18:42:26","slug":"kuhtai-lech-gurgl-21-23-4-2017","status":"publish","type":"post","link":"http:\/\/blog.inmontanis.info\/?p=4329","title":{"rendered":"K\u00fchtai-Lech-Gurgl, 21.-23.4.2017"},"content":{"rendered":"<p><strong>Fr, 21.4.2017 &#8211; K\u00fchtai<\/strong><\/p>\n<p>Am Freitag war es sehr sonnig in Innsbruck und so sollte es auch nachmittags in Tirol bleiben. Zumindest lt. Bergfex. Also nahm ich mir ein letztes Mal diesen Winter ein-zwei St\u00fcndchen frei. Viel ist ja nicht mehr offen, also ging&#8217;s ins K\u00fchtai.<\/p>\n<p>Kurz davor war&#8217;s leider vorbei mit der Sonne, ein breiter Streifen  Wolkendecke verdeckte die Sonne leider f\u00fcr den Rest des Nachmittags..<\/p>\n<p><a href='http:\/\/ski.inmontanis.info\/d\/232527-3\/DSC06408.jpg'><img src=http:\/\/ski.inmontanis.info\/d\/232526-4\/DSC06408.jpg \/><\/a><br \/>\n^ Der Nachmittag h\u00e4tte wolkenlos bleiben sollen ..<\/p>\n<p>Ich fuhr die \u00fcbliche Runde, war auch noch fast alles offen. Durch den Neuschnee hier und da allerdings etwas bremsig. Den genommenen Zeitausgleich h\u00e4tte ich mir sparen k\u00f6nnen.<\/p>\n<p><strong>Sa, 22.4.2017 Lech-Z\u00fcrs<\/strong><\/p>\n<p>Am Samstag fuhr ich den dritten freien Arlbergtag ab, in Lech-Z\u00fcrs. Normalerweise ist es am letzten WE hier ja am sch\u00f6nsten, weil am leersten. Aber heuer gab es einen starken Wintereinbruch zum Saisonende und so war auch hier heute leider keine Spur von Fr\u00fchling und Firn. Ok, an der Schlosskopf-DSB war es, als ich die Abfahrt runter fuhr, tats\u00e4chlich nett firnig. Zumeist gingen die Pisten aber ganz gut zu fahren, die unteren Bereiche waren aber teils auch sehr pappig. Da es aber eher kalt blieb, mussten so manche Abfahrten gar nicht nachmittags gesperrt werden und ich konnte das Z\u00fcrser T\u00e4li zum Schluss noch fahren.<\/p>\n<p><a href='http:\/\/ski.inmontanis.info\/d\/232531-2\/DSC06410.jpg'><img src=http:\/\/ski.inmontanis.info\/d\/232530-3\/DSC06410.jpg \/><\/a><br \/>\n^ Z\u00fcrs<\/p>\n<p><a href='http:\/\/ski.inmontanis.info\/d\/232535-2\/DSC06411.jpg'><img src=http:\/\/ski.inmontanis.info\/d\/232534-3\/DSC06411.jpg \/><\/a><br \/>\n^ Blick zur Verbidung Lech-Z\u00fcrs<\/p>\n<p><a href='http:\/\/ski.inmontanis.info\/d\/232539-2\/DSC06413.jpg'><img src=http:\/\/ski.inmontanis.info\/d\/232538-3\/DSC06413.jpg \/><\/a><br \/>\n^ 8KSB Steinm\u00e4hder; leider direkt nur noch eine Abfahrt offen<\/p>\n<p><a href='http:\/\/ski.inmontanis.info\/d\/232543-2\/DSC06415.jpg'><img src=http:\/\/ski.inmontanis.info\/d\/232542-3\/DSC06415.jpg \/><\/a><br \/>\n^ Weibermahd\/Auenfeld<\/p>\n<p><a href='http:\/\/ski.inmontanis.info\/d\/232547-2\/DSC06416.jpg'><img src=http:\/\/ski.inmontanis.info\/d\/232546-3\/DSC06416.jpg \/><\/a><br \/>\n^ DSB Rotschrofen mit winterlichem Ausblick. Nach Fr\u00fchjahr sah es heute nirgends aus<\/p>\n<p><a href='http:\/\/ski.inmontanis.info\/d\/232551-2\/DSC06418.jpg'><img src=http:\/\/ski.inmontanis.info\/d\/232550-3\/DSC06418.jpg \/><\/a><br \/>\n^ Lech<\/p>\n<p><a href='http:\/\/ski.inmontanis.info\/d\/232555-2\/DSC06421.jpg'><img src=http:\/\/ski.inmontanis.info\/d\/232554-3\/DSC06421.jpg \/><\/a><br \/>\n^ Z\u00fcrs<\/p>\n<p><a href='http:\/\/ski.inmontanis.info\/d\/232559-2\/DSC06422.jpg'><img src=http:\/\/ski.inmontanis.info\/d\/232558-3\/DSC06422.jpg \/><\/a><br \/>\n^ Z\u00fcrs\/Hexenboden richtung Stuben<\/p>\n<p><a href='http:\/\/ski.inmontanis.info\/d\/232563-2\/DSC06423.jpg'><img src=http:\/\/ski.inmontanis.info\/d\/232562-3\/DSC06423.jpg \/><\/a><br \/>\n^ Z\u00fcrs\/Muggengrat richtung St. Christoph \/ Anton. Nein, ich bin nicht die Rinne hier vorne gefahren.<\/p>\n<p><strong>So, 23.4.2017 &#8211; Hochgurgl-Obergurgl<\/strong><\/p>\n<p>Im Gegensatz zu Lech war am Sonntag in Gurgl eher Herbststimmung angesagt, ohne Beschneiung w\u00e4ren hier heuer wohl viele Pisten nicht gegangen. Pistenzustand war gr\u00f6\u00dftenteils heute eher als eisig-hart zu bezeichnen. Immerhin war&#8217;s leerer als es heute auf&#8217;m Stubaier gewesen w\u00e4re.<\/p>\n<p><a href='http:\/\/ski.inmontanis.info\/d\/232567-2\/DSC06424.jpg'><img src=http:\/\/ski.inmontanis.info\/d\/232566-3\/DSC06424.jpg \/><\/a><br \/>\n^ Um 9:50 Uhr war noch nicht mal der kleine Parkplatz voll<\/p>\n<p><a href='http:\/\/ski.inmontanis.info\/d\/232571-2\/DSC06426.jpg'><img src=http:\/\/ski.inmontanis.info\/d\/232570-3\/DSC06426.jpg \/><\/a><br \/>\n^ Schneeh\u00f6hen gering wie im Herbst<\/p>\n<p><a href='http:\/\/ski.inmontanis.info\/d\/232575-2\/DSC06433.jpg'><img src=http:\/\/ski.inmontanis.info\/d\/232574-3\/DSC06433.jpg \/><\/a><br \/>\n^ Da links soll dann irgendwie die Abfahrt der 2. Sektion der Kirchenkarbahn runter, oder? Da wird man einiges modellieren m\u00fcssen.<\/p>\n<p><a href='http:\/\/ski.inmontanis.info\/d\/232579-2\/DSC06434.jpg'><img src=http:\/\/ski.inmontanis.info\/d\/232578-3\/DSC06434.jpg \/><\/a><br \/>\n^ SL (Ex-) Gipfel, lief zum Gl\u00fcck auch noch.<\/p>\n<p><a href='http:\/\/ski.inmontanis.info\/d\/232583-2\/DSC06435.jpg'><img src=http:\/\/ski.inmontanis.info\/d\/232582-3\/DSC06435.jpg \/><\/a><br \/>\n^ Von der Beschneiungs-Wolke hat man auch nix mehr geh\u00f6rt, aber schaut etwas anders aus heuer<\/p>\n<p><a href='http:\/\/ski.inmontanis.info\/d\/232587-2\/DSC06436.jpg'><img src=http:\/\/ski.inmontanis.info\/d\/232586-3\/DSC06436.jpg \/><\/a><br \/>\n^ Die rechte Abfahrt an der Steinmannbahn schien heuer wg. Schneemangel gar nicht ge\u00f6ffnet gewesen zu sein?<\/p>\n<p><a href='http:\/\/ski.inmontanis.info\/d\/232591-2\/DSC06437.jpg'><img src=http:\/\/ski.inmontanis.info\/d\/232590-3\/DSC06437.jpg \/><\/a><br \/>\n^ So winterlich es gestern am Arlberg war, hier in Gurgl schaut es von der Schneeh\u00f6he eher nach Herbst aus, ohne Beschneiung ginge wohl so gut wie nix.<\/p>\n<p><a href='http:\/\/ski.inmontanis.info\/d\/232595-2\/DSC06440.jpg'><img src=http:\/\/ski.inmontanis.info\/d\/232594-3\/DSC06440.jpg \/><\/a><br \/>\n^ Schermer-Wurmkogel<\/p>\n<p><strong>\u00dcberlegungen f\u00fcr die Zukunft<\/strong><\/p>\n<p>An diesen 3 Tagen hatte ich angefangen, mir Gedanken zu machen, welche Saisonkarte ich n\u00e4chstes Jahr kaufen w\u00fcrde, oder ob \u00fcberhaupt, und welche Alternativen in Frage k\u00e4men und mir daheim mal die Preise und G\u00fcltigkeiten rausgesucht..<\/p>\n<p>:: Graub\u00fcnden Snowpass<br \/>\n+ inkl. Samnaun-Ischgl als n\u00e4hest gelegenes, quasi alle Skigebiete in Graub\u00fcnden, einige neue Skigebiete zum kennenlernen, g\u00fcltig bis 31.5. und mit St. Moritz im Herbst und Fr\u00fchjahr verl\u00e4ngerte Skisaison<br \/>\n&#8211; Extrem hohe Kosten (1.485,- CHF), mind. 40 Tage, damit es sich preislich auch nur irgendwie lohnen w\u00fcrde.<\/p>\n<p>:: Meilenwei\u00df<br \/>\n+ Bissl Schweiz \/ Vorarlberg in der Grenzregion, ganzes Jahr g\u00fcltig<br \/>\n&#8211; mit CHF 998,- auch recht teuer, kein nahes Gebiet<\/p>\n<p>:: Allg\u00e4u Gletscher Card<br \/>\n+ mit Kaunertal und Pitztal zwei n\u00e4here Gebiete in Tirol, Karte dort von Oktober bis Juni g\u00fcltig. Mit 536,- preislich akzeptabel. Einige neue Skigebiete zum ausprobieren.<br \/>\n&#8211; Ansonsten erst ab Reutte und westw\u00e4rts g\u00fcltig, was eher 2-Tages-WE-Ausfl\u00fcge sind<\/p>\n<p>:: Tirol Regio Card<br \/>\n+ Im Herbst und Fr\u00fchjahr auf 3 Gletschern g\u00fcltig (Kaunertal, Pitztal und S\u00f6lden, aber in S\u00f6lden leider nur an 3 Tagen), wieder ein paar andere Gebiete als heuer. Mit 430,- eine der g\u00fcnstigsten L\u00f6sungen.<br \/>\n&#8211; Nahe zu Innsbruck nur uninteressantes, Gschwandtkopf, Hochzeiger und Imst und Pitztal mag ich ja insb. im Herbst auch nicht.<\/p>\n<p>:: Freizeitticket Tirol<br \/>\n+ wie auch schon heuer, gro\u00dfer Vorteil ist der Stubaier Gletscher im Herbst und Fr\u00fchjahr, ebenso die nahen Gebiete um Innsbruck, die man f\u00fcr einen Halbtag nach der Arbeit gut mitnehmen kann. Den Preis von 455,- fahr ich im Herbst+Fr\u00fchjahr und an den Halbtagen leicht aus, so dass ich viel &#8220;fremdgehen&#8221; kann<br \/>\n&#8211; Allerdings: lohnt sich der inzwischen doch schon recht hohe Preis &#8220;nur&#8221; f\u00fcr Herbst, Fr\u00fchjahr, die paar Halbtage und Nachtski? Au\u00dferdem heuer gehabt<\/p>\n<p>:: Tirol Snow Card<br \/>\n&#8211; aufgrund des h\u00f6heren Preises und des geringen G\u00fcltigkeitzeitraums und der somit verbundenen Fixierung auf Tiroler Skigebiete eher keine Option. Erst letztes Jahr gehabt.<\/p>\n<p>:: Alpen Plus Gletscher Card<br \/>\n+ gilt vom 1.10.-30.5. auch am Stubaier Gletscher, sowie in einigen wenigen bayrischen Skigebieten (Brauneck bis Wendelstein, bis K\u00f6ssen in Tirol)<br \/>\n&#8211; mit 550,- \u20ac zwar durchaus ein interessanter Preis, aber fraglich, ob diese Karte f\u00fcr mich 100,- \u20ac Aufpreis rechtfertigt im Vergleich zum Freizeitticket&#8230;<\/p>\n<p>:: 5-Berge-Card<br \/>\n+ mit 319,- sehr g\u00fcnstig und gilt in einigen der interessantesten Skigebieten in Bayern, Kampenwand, Wendelstein, Hochfelln, dazu in K\u00f6ssen und Oberaudorf. Au\u00dferdem 3 Tage in Disentis und einem Skigebiet in den spanischen Pyren\u00e4en (eher nicht ben\u00f6tigt, ebenso die Erm\u00e4\u00dfigungen in den USA).<br \/>\n&#8211; Die Saison ist am Wendelstein, Hochfelln und Kampenwand immer recht kurz; au\u00dferdem ist der Sinn einer Saisonkarte f\u00fcr mich neben Schlechtwettertagen auch die Saisonrandzeit, beides w\u00fcrde mit dieser Karte nur eingeschr\u00e4nkt bedient werden. Ob ich viel mehr als 10 Tage auf diese Karten schaffen w\u00fcrde, ist also fraglich..<\/p>\n<p>:: Salzburg Super Ski Card<br \/>\n+ gilt mittlerweile auch in den Kitzb\u00fcheler Alpen, Skiwelt, Kitzb\u00fchel und sogar in der Zillertalarena, somit problemlos erreichbare Tagesziele und f\u00fcr Halbtage Zell und Gerlosstein. Etliche neue Skigebiete im Salzburger Land an Wochenenden zu erkunden. Mit Kitzsteinhorn, Dachstein und M\u00f6lltal 3 Gletscher. Der Preis von 680,- \u20ac geht im Vgl. zur Tirol Snow Card auch in Ordnung.<br \/>\n&#8211; Leider nur von 15.10-1.5. g\u00fcltig, was leider in Anbetracht der 3 Gletscher komplett schwachsinnig ist. Hohe Bindung im Winter an die zur Verf\u00fcgung stehenden Skigebiete; kaum Ausfl\u00fcge nach Italien m\u00f6glich, damit sich die Karte lohnt.<\/p>\n<p>:: Hintertuxer Sommersaison (lang, April-November)<br \/>\n+ von Mitte\/Ende April bis Ende November deckt es den gesamten Zeitraum au\u00dferhalb des Hochwinters ab, den ich ja sowieso lieber in Italien, Bayern oder der Schweiz verbringe. Viele WE-Ausfl\u00fcge, bei Schlechtwetter bleib ich halt daheim. Im Sommer unbegrenztes Skivergn\u00fcgen.<br \/>\n&#8211; Preislich teurer als Freizeitticket &#038; Co, aber h\u00e4lt sich noch im Rahmen (den genauen Preis verrate ich nicht). Da die anderen Saisonkarten von Oktober-Mai\/Juni gelten, diese aber umgekehrt, h\u00e4tte ich heuer im Herbst keine Karte und k\u00e4me wohl eher nicht zum Skifahren. Keine Halbtagesausflugsm\u00f6glichkeiten im Winter ohne zu bezahlen.<\/p>\n<p>:: Hintertuxer Sommersaison (kurz, 16.5.-30.9.)<br \/>\n+ mit die g\u00fcnstigste Saisonkartenvariante (den genauen Preis verrate ich nicht). &#8220;Quality-Skiing&#8221;, nur dorthin, wo es mir gef\u00e4llt. Im Winter w\u00fcrde ich dann je nach Wetter jedes WE Tagesausfl\u00fcge ins nahe Bayern, Italien, Schweiz, oder 2- oder 3-Tagesausfl\u00fcge nach Italien, Schweiz oder Frankreich machen, mich ggf. mit 20%- und 50% &#8211; Nachlasskarten in der Schweiz zum Saisonanfang eindecken. Ist ein WE \u00fcberall schlecht, setz ich halt mal aus.  Daf\u00fcr kann ich dann im ganzen Sommer am Gletscher fahren und so auf meine 100 Tage kommen.<br \/>\n&#8211; Keine Halbtagesausflugsm\u00f6glichkeiten im Winter ohne zu bezahlen, in diesem Jahr w\u00fcrde ich somit weder im Sommer- noch im Herbst viel fahren, aber die 2 Monate im Herbst (Oktober\/November) sind eh die uninteressanteste Zeit des Jahres ist, bleib ich halt dann daheim oder leg n\u00e4chstes Jahr den Sommerurlaub in diesen Zeitraum. Sommerski von Mai bis September ist eh sch\u00f6ner als im Oktober\/November, da kann man dann auch mal aussetzen.<\/p>\n<p>Momentan w\u00fcrd ich diese kurze Hintertuxer Sommersaison als bevorzugte Variante ansehen. Entweder dann komplett ohne Winter-Saisonkarte  oder maximal in Kombination mit einer g\u00fcnstigen, kleinen Karte in der N\u00e4he, z.B. der 5-Berge-Karte oder einer n\u00e4heren, die aber nicht teurer sein sollte.. andererseits w\u00e4re ja genau der Sinn der Sommersaisonkarte, dass ich im Winter nicht mehr gebunden w\u00e4re..<\/p>\n","protected":false},"excerpt":{"rendered":"<p>Fr, 21.4.2017 &#8211; K\u00fchtai<\/p>\n<p>Am Freitag war es sehr sonnig in Innsbruck und so sollte es auch nachmittags in Tirol bleiben. Zumindest lt. Bergfex. Also nahm ich mir ein letztes Mal diesen Winter ein-zwei St\u00fcndchen frei. Viel ist ja nicht mehr offen, also ging&#8217;s ins K\u00fchtai.<\/p>\n<p>Kurz davor war&#8217;s leider vorbei mit der Sonne, ein <a href=\"http:\/\/blog.inmontanis.info\/?p=4329\">[&#8230;]<\/a><\/p>\n","protected":false},"author":1,"featured_media":0,"comment_status":"closed","ping_status":"closed","sticky":false,"template":"","format":"standard","meta":{"footnotes":""},"categories":[903,860,902,25,13,27],"tags":[39,53,38,47],"class_list":["post-4329","post","type-post","status-publish","format-standard","hentry","category-kuhtai","category-lech-zurs","category-ober-hochgurgl","category-noreport","category-austria","category-skifahren-winterskiing-winter","tag-6eub","tag-8eub","tag-dsb","tag-sl","odd"],"_links":{"self":[{"href":"http:\/\/blog.inmontanis.info\/index.php?rest_route=\/wp\/v2\/posts\/4329","targetHints":{"allow":["GET"]}}],"collection":[{"href":"http:\/\/blog.inmontanis.info\/index.php?rest_route=\/wp\/v2\/posts"}],"about":[{"href":"http:\/\/blog.inmontanis.info\/index.php?rest_route=\/wp\/v2\/types\/post"}],"author":[{"embeddable":true,"href":"http:\/\/blog.inmontanis.info\/index.php?rest_route=\/wp\/v2\/users\/1"}],"replies":[{"embeddable":true,"href":"http:\/\/blog.inmontanis.info\/index.php?rest_route=%2Fwp%2Fv2%2Fcomments&post=4329"}],"version-history":[{"count":3,"href":"http:\/\/blog.inmontanis.info\/index.php?rest_route=\/wp\/v2\/posts\/4329\/revisions"}],"predecessor-version":[{"id":4333,"href":"http:\/\/blog.inmontanis.info\/index.php?rest_route=\/wp\/v2\/posts\/4329\/revisions\/4333"}],"wp:attachment":[{"href":"http:\/\/blog.inmontanis.info\/index.php?rest_route=%2Fwp%2Fv2%2Fmedia&parent=4329"}],"wp:term":[{"taxonomy":"category","embeddable":true,"href":"http:\/\/blog.inmontanis.info\/index.php?rest_route=%2Fwp%2Fv2%2Fcategories&post=4329"},{"taxonomy":"post_tag","embeddable":true,"href":"http:\/\/blog.inmontanis.info\/index.php?rest_route=%2Fwp%2Fv2%2Ftags&post=4329"}],"curies":[{"name":"wp","href":"https:\/\/api.w.org\/{rel}","templated":true}]}}