{"id":4323,"date":"2017-04-17T18:31:01","date_gmt":"2017-04-17T16:31:01","guid":{"rendered":"http:\/\/blog.inmontanis.info\/?p=4323"},"modified":"2023-07-30T21:57:13","modified_gmt":"2023-07-30T19:57:13","slug":"montgenevre-17-4-2017","status":"publish","type":"post","link":"http:\/\/blog.inmontanis.info\/?p=4323","title":{"rendered":"Montgenevre, 17.4.2017"},"content":{"rendered":"<p><strong>Franz\u00f6sische Ostern 2017, Tag 5: Mo, 17.4.2017 &#8211; Montgenevre (Vialattea)<\/strong><\/p>\n<p>Ich entschied mich heute fr\u00fch also aus verschiedenen Gr\u00fcnden doch f\u00fcr Montgenevre &#8211; und kaufte mir das Fr\u00fchst\u00fcck im Hotel. Tageskarte war schon etwas verg\u00fcnstigt und kostete nur noch 30,50 \u20ac. Die Nordseite war heute der letzte Tag, die S\u00fcdseite bleibt noch etwas offen. Gratis geparkt an der Verbindungsabfahrt und erst mal die sonnigen S\u00fcdh\u00e4nge auf der Nordseite gefahren, wobei es heute und hier schon etwas k\u00fchler war, aber die S\u00fcdh\u00e4nge sulzten mit der Zeit nat\u00fcrlich schon tiefer auf.<\/p>\n<p>Ansonsten muss ich leider sagen, dass ich im Gesamten gelangweilt und genervt war. Am nervigsten fand ich die vielen lahmen 4SBs auf der S\u00fcdseite, aber auch abfahrtstechnisch gab es heute kaum aufregendes. Die 2 noch in Betrieb befindlichen KSSL lohnten sich auch kaum f\u00fcr Wiederholungsfahrten, insb. weil man die Abfahrtem am KSSL Alpet ja von der Kombibahn aus f\u00e4hrt.<\/p>\n<p>Leider kam ich auch zu keiner Pizza, denn es gibt im Skigebiet nur ca. 2 Restaurants (die keine Pizza hatten, was umso nerviger ist, als ich die letzten Tage \u00fcberall eine bekommen h\u00e4tte, und wenn nur 1 Restaurant im Skigebiet offen war), alle anderen sind im Ort, und der ist vom Skigebiet eher m\u00fchselig zu erreichen (Aufstieg aus der Senke, dann \u00fcber die kostenpflichtigen Parkpl\u00e4tze etc.) &#8211; kein Vergleich zu Isola, wo die vielen Restaurants direkt im Skigebiet an der Front Neige waren.<\/p>\n<p>Immerhin war es den ganzen Tag sonnig (durch den starken Wind) &#8211; aber einen weiteren Besuch meinerseits hier wird es so schnell nicht mehr geben.<\/p>\n<p>(Fotos anklicken zum Vergr\u00f6\u00dfern)<\/p>\n<p><a href='http:\/\/extra.inmontanis.info\/d\/40898-2\/geOstern2017b.jpg'><img src=http:\/\/extra.inmontanis.info\/d\/40897-3\/geOstern2017b.jpg \/><\/a><br \/>\nE) Montgenevre (Vialattea)<\/p>\n<p><a href='http:\/\/ski.inmontanis.info\/d\/232347-2\/DSC06309.jpg'><img src=http:\/\/ski.inmontanis.info\/d\/232346-3\/DSC06309.jpg \/><\/a><br \/>\n^ Kombibahn Serre Thibaud; wie \u00fcblich in Frankreich mit eher weniger Gondeln..<\/p>\n<p><a href='http:\/\/ski.inmontanis.info\/d\/232351-2\/DSC06311.jpg'><img src=http:\/\/ski.inmontanis.info\/d\/232350-3\/DSC06311.jpg \/><\/a><br \/>\n^ .. und man hat es geschafft, die Gondelfenster falsch zu reinigen<\/p>\n<p><a href='http:\/\/ski.inmontanis.info\/d\/232355-2\/DSC06314.jpg'><img src=http:\/\/ski.inmontanis.info\/d\/232354-3\/DSC06314.jpg \/><\/a><br \/>\n^ Montgenevre. Am Skiweg zur Kombibahn kann man gratis parken.<\/p>\n<p><a href='http:\/\/ski.inmontanis.info\/d\/232359-2\/DSC06316.jpg'><img src=http:\/\/ski.inmontanis.info\/d\/232358-3\/DSC06316.jpg \/><\/a><br \/>\n^ Mal wieder eine L\u00fcge &#8211; weder in Montgenevre noch im gesamten Vialattea-Skigebiet kommt man auch nur ann\u00e4hernd auf 3000m &#8211; und hier wirbt man mit 3130m.<\/p>\n<p><a href='http:\/\/ski.inmontanis.info\/d\/232363-2\/DSC06318.jpg'><img src=http:\/\/ski.inmontanis.info\/d\/232362-3\/DSC06318.jpg \/><\/a><br \/>\n^ Blick von der Kombibahn Serre Thibaud zur Bergstation 6EUB Chalvet und anschlie\u00dfender DSB auf den S\u00fcdh\u00e4ngen der Nordseite<\/p>\n<p><a href='http:\/\/ski.inmontanis.info\/d\/232367-2\/DSC06319.jpg'><img src=http:\/\/ski.inmontanis.info\/d\/232366-3\/DSC06319.jpg \/><\/a><br \/>\n^ Blick von der Kombibahn Serre Thibaud zu KSSL Alpet und 3 Fourneous (schon geschlossen) und DSB Chalvet Superieur<\/p>\n<p><a href='http:\/\/ski.inmontanis.info\/d\/232371-2\/DSC06320.jpg'><img src=http:\/\/ski.inmontanis.info\/d\/232370-3\/DSC06320.jpg \/><\/a><br \/>\n^ DSB Rocher Rouge<\/p>\n<p><a href='http:\/\/ski.inmontanis.info\/d\/232375-2\/DSC06322.jpg'><img src=http:\/\/ski.inmontanis.info\/d\/232374-3\/DSC06322.jpg \/><\/a><br \/>\n^ Agudio-6EUB Chalvet<\/p>\n<p><a href='http:\/\/ski.inmontanis.info\/d\/232379-2\/DSC06323.jpg'><img src=http:\/\/ski.inmontanis.info\/d\/232378-3\/DSC06323.jpg \/><\/a><br \/>\n^ 6EUB Chalvet<\/p>\n<p><a href='http:\/\/ski.inmontanis.info\/d\/232383-2\/DSC06324.jpg'><img src=http:\/\/ski.inmontanis.info\/d\/232382-3\/DSC06324.jpg \/><\/a><br \/>\n^ 6EUB Chalvet ist aber keine 6EUB mehr, sondern nur noch eine 4EUB, weil vorne und hinten solche Halter f\u00fcr die Sommerrodelbahn montiert sind und daher die Sitzpl\u00e4tze mit solchen Sperr-Polstern auf 2 pro Seite verkleinert wurden ..<\/p>\n<p><a href='http:\/\/ski.inmontanis.info\/d\/232387-2\/DSC06325.jpg'><img src=http:\/\/ski.inmontanis.info\/d\/232386-3\/DSC06325.jpg \/><\/a><br \/>\n^ 6EUB Chalvet und Somerrodelbahn<\/p>\n<p><a href='http:\/\/ski.inmontanis.info\/d\/232391-2\/DSC06326.jpg'><img src=http:\/\/ski.inmontanis.info\/d\/232390-3\/DSC06326.jpg \/><\/a><br \/>\n^ 6EUB Chalvet Bergstation, war wohl mal als Mittelstation gedacht.<\/p>\n<p><a href='http:\/\/ski.inmontanis.info\/d\/232395-2\/DSC06327.jpg'><img src=http:\/\/ski.inmontanis.info\/d\/232394-3\/DSC06327.jpg \/><\/a><br \/>\n^ 6EUB Chalvet Bergstation, war wohl mal als Mittelstation gedacht.<\/p>\n<p><a href='http:\/\/ski.inmontanis.info\/d\/232399-2\/DSC06329.jpg'><img src=http:\/\/ski.inmontanis.info\/d\/232398-3\/DSC06329.jpg \/><\/a><br \/>\n^ Schon mind. zum dritten Mal heuer in Frankreich Steh-WCs in Skigebieten gesehen.<\/p>\n<p><a href='http:\/\/ski.inmontanis.info\/d\/232403-2\/DSC06332.jpg'><img src=http:\/\/ski.inmontanis.info\/d\/232402-3\/DSC06332.jpg \/><\/a><br \/>\n^ DSB Chalvet Superieur und Bergstation 6EUB Chalvet<\/p>\n<p><a href='http:\/\/ski.inmontanis.info\/d\/232407-2\/DSC06334.jpg'><img src=http:\/\/ski.inmontanis.info\/d\/232406-3\/DSC06334.jpg \/><\/a><br \/>\n^ Blick von der DSB Chalvet zu Abfahrt und KSSL Alpet<\/p>\n<p><a href='http:\/\/ski.inmontanis.info\/d\/232411-2\/DSC06337.jpg'><img src=http:\/\/ski.inmontanis.info\/d\/232410-3\/DSC06337.jpg \/><\/a><br \/>\n^ Die Vorg\u00e4ngeranlage der 6EUB hatte wohl auch eine Mittelstation und ging damals aber tats\u00e4chlich bis ganz rauf..<\/p>\n<p><a href='http:\/\/ski.inmontanis.info\/d\/232415-2\/DSC06342.jpg'><img src=http:\/\/ski.inmontanis.info\/d\/232414-3\/DSC06342.jpg \/><\/a><br \/>\n^ DSB Chalvet Superieur<\/p>\n<p><a href='http:\/\/ski.inmontanis.info\/d\/232419-2\/DSC06345.jpg'><img src=http:\/\/ski.inmontanis.info\/d\/232418-3\/DSC06345.jpg \/><\/a><br \/>\n^ DSB Chalvet Superieur und Vorg\u00e4nger<\/p>\n<p><a href='http:\/\/ski.inmontanis.info\/d\/232423-2\/DSC06348.jpg'><img src=http:\/\/ski.inmontanis.info\/d\/232422-3\/DSC06348.jpg \/><\/a><br \/>\n^ DSB Chalvet Superieur Pano<\/p>\n<p><a href='http:\/\/ski.inmontanis.info\/d\/232427-2\/DSC06350.jpg'><img src=http:\/\/ski.inmontanis.info\/d\/232426-3\/DSC06350.jpg \/><\/a><br \/>\n^ DSB Chalvet Superieur<\/p>\n<p><a href='http:\/\/ski.inmontanis.info\/d\/232431-2\/DSC06351.jpg'><img src=http:\/\/ski.inmontanis.info\/d\/232430-3\/DSC06351.jpg \/><\/a><br \/>\n^ Ehemalige Bergstation Vorg\u00e4ngeranlage der DSB Chalvet Superieur; daneben der KSSL Les 3 Fourneous. War einst eine Seitw\u00e4rts-KDSB von M\u00fcller, hatte dann auch 2er Gondeln.<\/p>\n<p>Hier ein paar alte Bilder:<br \/>\n<a href='https:\/\/www.remontees-mecaniques.net\/bdd\/reportage-tsf2-du-chalvet-montaz-mautino-3021.html'>https:\/\/www.remontees-mecaniques.net\/bdd\/reportage-tsf2-du-chalvet-montaz-mautino-3021.html<\/a><\/p>\n<p><a href='http:\/\/ski.inmontanis.info\/d\/232435-2\/DSC06352.jpg'><img src=http:\/\/ski.inmontanis.info\/d\/232434-3\/DSC06352.jpg \/><\/a><br \/>\n^ KSSL Les 3 Fourneous, schon au\u00dfer Betrieb. Darunter KSSL Alpet, dar\u00fcber Bergstation Kombibahn Serre Thibaud<\/p>\n<p><a href='http:\/\/ski.inmontanis.info\/d\/232439-2\/DSC06353.jpg'><img src=http:\/\/ski.inmontanis.info\/d\/232438-3\/DSC06353.jpg \/><\/a><br \/>\n^ KSSL Alpet ist auch nur noch einer<\/p>\n<p><a href='http:\/\/ski.inmontanis.info\/d\/232443-2\/DSC06355.jpg'><img src=http:\/\/ski.inmontanis.info\/d\/232442-3\/DSC06355.jpg \/><\/a><br \/>\n^ KSSL Alpet<\/p>\n<p><a href='http:\/\/ski.inmontanis.info\/d\/232447-2\/DSC06356.jpg'><img src=http:\/\/ski.inmontanis.info\/d\/232446-3\/DSC06356.jpg \/><\/a><br \/>\n^ Abfahrt DSB Rocher Rouge, das ist doch mal nett.<\/p>\n<p><a href='http:\/\/ski.inmontanis.info\/d\/232451-2\/DSC06358.jpg'><img src=http:\/\/ski.inmontanis.info\/d\/232450-3\/DSC06358.jpg \/><\/a><br \/>\n^ DSB Rocher Rouge<\/p>\n<p><a href='http:\/\/ski.inmontanis.info\/d\/232455-2\/DSC06359.jpg'><img src=http:\/\/ski.inmontanis.info\/d\/232454-3\/DSC06359.jpg \/><\/a><br \/>\n^ Erweiterungspotential n\u00e4he DSB Rocher Rouge<\/p>\n<p><a href='http:\/\/ski.inmontanis.info\/d\/232459-2\/DSC06364.jpg'><img src=http:\/\/ski.inmontanis.info\/d\/232458-3\/DSC06364.jpg \/><\/a><br \/>\n^ Ehemalige M\u00fcller-KDSB\/2EUB Chalvet Bergstation<\/p>\n<p><a href='http:\/\/ski.inmontanis.info\/d\/232463-2\/DSC06367.jpg'><img src=http:\/\/ski.inmontanis.info\/d\/232462-3\/DSC06367.jpg \/><\/a><br \/>\n^ Ehemalige M\u00fcller-KDSB\/2EUB Chalvet Bergstation<\/p>\n<p><a href='http:\/\/ski.inmontanis.info\/d\/232467-2\/DSC06368.jpg'><img src=http:\/\/ski.inmontanis.info\/d\/232466-3\/DSC06368.jpg \/><\/a><br \/>\n^ Geschlossene Abfahrt an der DSB Chalvet Sup. und Blick r\u00fcber auf die Nordh\u00e4nge der S\u00fcdseite<\/p>\n<p><a href='http:\/\/ski.inmontanis.info\/d\/232471-2\/DSC06369.jpg'><img src=http:\/\/ski.inmontanis.info\/d\/232470-3\/DSC06369.jpg \/><\/a><br \/>\n^ Abfahrt Pharo als Verbindung zwischen Nord- und S\u00fcdseite, Blick aus der 4SB Tremplin zur Kombibahn Serre Thibaud (rechts)<\/p>\n<p><a href='http:\/\/ski.inmontanis.info\/d\/232475-2\/DSC06371.jpg'><img src=http:\/\/ski.inmontanis.info\/d\/232474-3\/DSC06371.jpg \/><\/a><br \/>\n^ 4SB Tremplin, links anschlie\u00dfend 4SB Brousset, danach anschlie\u00dfend 4SB Rocher de l&#8217;Aigle. In dem Bereich gibt es eindeutig zu viel lahme 4SB.<\/p>\n<p><a href='http:\/\/ski.inmontanis.info\/d\/232479-2\/DSC06372.jpg'><img src=http:\/\/ski.inmontanis.info\/d\/232478-3\/DSC06372.jpg \/><\/a><br \/>\n^ 4SB Prarial, noch so ein lahmes Teil.<\/p>\n<p><a href='http:\/\/ski.inmontanis.info\/d\/232483-2\/DSC06374.jpg'><img src=http:\/\/ski.inmontanis.info\/d\/232482-3\/DSC06374.jpg \/><\/a><br \/>\n^ 4SB Brousset und Blick zur 4SB Rocher de l&#8217;Aigle<\/p>\n<p><a href='http:\/\/ski.inmontanis.info\/d\/232487-2\/DSC06376.jpg'><img src=http:\/\/ski.inmontanis.info\/d\/232486-3\/DSC06376.jpg \/><\/a><br \/>\n^ 4KSB Gondrans, 4SB Observatoire (nicht in Betrieb) und KSSL Querelay<\/p>\n<p><a href='http:\/\/ski.inmontanis.info\/d\/232491-2\/DSC06377.jpg'><img src=http:\/\/ski.inmontanis.info\/d\/232490-3\/DSC06377.jpg \/><\/a><br \/>\n^ 4KSB Gondrans, netterweise die B\u00e4ume in der Piste noch ohne Polster.<\/p>\n<p><a href='http:\/\/ski.inmontanis.info\/d\/232495-2\/DSC06379.jpg'><img src=http:\/\/ski.inmontanis.info\/d\/232494-3\/DSC06379.jpg \/><\/a><br \/>\n^ 4KSB Gondrans, links der KSSL Alp war leider nicht in Betrieb, sonst h\u00e4tte man die oberen Pisten etwas \u00f6fters fahren k\u00f6nnen ohne immer den flachen Zwischenteil nehmen zu m\u00fcssen. Au\u00dferdem war es hier recht windig heute.<\/p>\n<p><a href='http:\/\/ski.inmontanis.info\/d\/232499-2\/DSC06383.jpg'><img src=http:\/\/ski.inmontanis.info\/d\/232498-3\/DSC06383.jpg \/><\/a><br \/>\n^ KSSL Querelay &#8211; leider nur 1 Abfahrt (und eine geschlossene, die ich auch fuhr)<\/p>\n<p><a href='http:\/\/ski.inmontanis.info\/d\/232503-2\/DSC06387.jpg'><img src=http:\/\/ski.inmontanis.info\/d\/232502-3\/DSC06387.jpg \/><\/a><br \/>\n^ Abfahrt 4KSB Gondrans und Blick r\u00fcber zum schon geschlossenen KSSL Crete<\/p>\n<p><a href='http:\/\/ski.inmontanis.info\/d\/232507-2\/DSC06389.jpg'><img src=http:\/\/ski.inmontanis.info\/d\/232506-3\/DSC06389.jpg \/><\/a><br \/>\n^ Abfahrt an der 4SB Prarial, gegen\u00fcber 6EUB Chalvet. Leider sind die Restaurants hier alle ewig weit vom Skigebiet weg und nur mit Aufstieg und Wanderung durch das Dorf zu erreichen.<\/p>\n<p><a href='http:\/\/ski.inmontanis.info\/d\/232511-2\/DSC06395.jpg'><img src=http:\/\/ski.inmontanis.info\/d\/232510-3\/DSC06395.jpg \/><\/a><br \/>\n^ Abfahrt 4SB Rochers de l&#8217;Aigle. Die lahmen 4SBs hier nerven einfach nur.<\/p>\n<p><a href='http:\/\/ski.inmontanis.info\/d\/232515-2\/DSC06397.jpg'><img src=http:\/\/ski.inmontanis.info\/d\/232514-3\/DSC06397.jpg \/><\/a><br \/>\n^ DSB Rocher Rouge<\/p>\n<p><a href='http:\/\/ski.inmontanis.info\/d\/232519-2\/DSC06398.jpg'><img src=http:\/\/ski.inmontanis.info\/d\/232518-3\/DSC06398.jpg \/><\/a><br \/>\n^ Unterer Teil der schwarzen Abfahrt Chaberton an der DSB Rocher Rouge<\/p>\n<p><a href='http:\/\/ski.inmontanis.info\/d\/232523-2\/ge20170417a.jpg'><img src=http:\/\/ski.inmontanis.info\/d\/232522-3\/ge20170417a.jpg \/><\/a><br \/>\n^ GPS-Track 17.4.2017 in Gelb und vorherige Besuche in Blau.<\/p>\n<p>Mit ein Grund f\u00fcr den Besuch in Montgenevre war f\u00fcr mich die Heimfahrt. Am heutigen Ostermontag ist ja sicherlich \u00fcberall mit einem erh\u00f6hten Verkehrsaufkommen zu rechnen und die Autobahn vom Genfersee \u00fcber Bern und Z\u00fcrich wird wohl an mehreren Stellen verstopft sein. Aber hier h\u00e4tte ich nun mehrere M\u00f6glichkeiten:<\/p>\n<p>a) meine \u00fcbliche Strecke \u00fcber Varese &#8211; Bernardino. Evtl. bissl Stau am Turiner Ring, dann vmtl. eher staufrei bis zur Schweiz, aber durch den Heimreiseverkehr wird nicht nur der Gotthard verstopft sein, sondern wohl auch der Bernardino. Ein kurzer Check im Internet best\u00e4tigt mir, dass es gerade Stau auf der Bernardino-Strecke gibt<\/p>\n<p>b) \u00fcber Maloja\/Moritz. Da ist kein Verkehr, aber um dort hin zu gelangen, muss man irgendwie um Mailand rum. Und da ist heute Abend wohl sehr wahrscheinlich Stau.<\/p>\n<p>c) \u00fcbern Brenner, die von mir allein mautkostenm\u00e4\u00dfig unbeliebteste Variante und f\u00fchrt normalerweise auch \u00fcber Mailand vorbei &#8211; und somit auch wieder Staugefahr.<\/p>\n<p>Ich entschied mich dann trotzdem f\u00fcr &#8220;c&#8221;, allerdings etwas angepasst: So fuhr ich die S\u00fcdtangente in Turin und nahm die &#8220;mittlere&#8221; Autobahn, also die mitten in der Po-Ebene, die weit um Mailand herum nach Brescia \/ Gardasee f\u00fchrt. Zeitm\u00e4\u00dfig etwas l\u00e4nger als Turin-Mailand, sofern man dort keinen Stau hat. Ich hatte dort auch tats\u00e4chlich keinen Stau.<\/p>\n<p><a href='http:\/\/extra.inmontanis.info\/d\/40978-2\/DSC06402.jpg'><img src=http:\/\/extra.inmontanis.info\/d\/40977-3\/DSC06402.jpg \/><\/a><br \/>\n^ Alternative R\u00fcckfahrt &#8211; tats\u00e4chlich hatte ich auf meiner Strecke keinen Stau.<\/p>\n<p>Allerdings hatte ich noch mein Problem der hohen Mautkosten und ich suchte nach Abk\u00fcrzungen, um mir ein paar Euro, wieviel auch immer, einzusparen. Eine fand ich dann kurz vor Brescia, in Cremona bin ich von der Autobahn runter und dann etwas diagonal zum Gardasee gefahren. Und da noch Zeit war und die Umfahrungen ohne gro\u00dfen Zeitverlust drin waren, bin ich bis Rovereto noch die Landstra\u00dfe gefahren, bevor es wieder auf die Autobahn ging. Um 21:15 kam ich unten am Gardasee entlang, da gab es noch Stau auf den Autobahnen richtung S\u00fcden bzw. richtung Mailand und auch auf der Stra\u00dfe neben der Autobahn. Krass, wo kommen die denn um die Uhrzeit noch alle her..<\/p>\n<p>Sollten lt. viamichelin 11,60 \u20ac sein, die ich mir dann gespart hatte. Geblieben sind dann aber trotzdem noch 36,60. H\u00e4tt ich vielleicht doch wo anders in Frankreich skifahren und \u00fcber Genf heimfahren sollen .. Ja, ich h\u00e4tte mir noch 1 Tag morgen frei nehmen sollen, dann h\u00e4tte ich heute La Plagne und morgen Les Arcs mitnehmen k\u00f6nnen, ggf. aber mit schlechterem Wetter. Aber ich wollte mir noch ein paar Urlaubstage f\u00fcr Sommer aufheben und nicht schon ab Juni keinen Urlaubstag f\u00fcr den Rest des Jahres mehr haben ..<\/p>\n<p>Das kurioseste war dann aber an der Mautstelle in Sterzing, denn da gab es um kurz nach Mitternacht Stau und die Tore waren alle offen, man h\u00e4tte also ohne Maut zu zahlen durchfahren k\u00f6nnen. Aber, wer wei\u00df, ob man dann nicht aufgrund der Videomautfunktion zur Kasse gegeben wird. Oder gar Strafe zahlen muss. Zudem war ich in der Kreditkartenspur und da kann man ja auch ohne den Bildschirm zu sehen (dort war ein Zettel &#8220;Streik&#8221; dr\u00fcber geklebt) bezahlen, Kreditkarte rein, raus, fertig, also zahlte ich halt. In \u00d6sterreich dann wie vorhergesagt starker Schneefall.<\/p>\n<p>## Ende ##<\/p>\n","protected":false},"excerpt":{"rendered":"<p>Franz\u00f6sische Ostern 2017, Tag 5: Mo, 17.4.2017 &#8211; Montgenevre (Vialattea)<\/p>\n<p>Ich entschied mich heute fr\u00fch also aus verschiedenen Gr\u00fcnden doch f\u00fcr Montgenevre &#8211; und kaufte mir das Fr\u00fchst\u00fcck im Hotel. Tageskarte war schon etwas verg\u00fcnstigt und kostete nur noch 30,50 \u20ac. Die Nordseite war heute der letzte Tag, die S\u00fcdseite bleibt noch etwas offen. Gratis <a href=\"http:\/\/blog.inmontanis.info\/?p=4323\">[&#8230;]<\/a><\/p>\n","protected":false},"author":1,"featured_media":0,"comment_status":"closed","ping_status":"closed","sticky":false,"template":"","format":"standard","meta":{"footnotes":""},"categories":[161,16,322,27],"tags":[49,56,38,48],"class_list":["post-4323","post","type-post","status-publish","format-standard","hentry","category-2017-04-ostern","category-france","category-montgenevre","category-skifahren-winterskiing-winter","tag-4sb","tag-6sb","tag-dsb","tag-kssl","odd"],"_links":{"self":[{"href":"http:\/\/blog.inmontanis.info\/index.php?rest_route=\/wp\/v2\/posts\/4323","targetHints":{"allow":["GET"]}}],"collection":[{"href":"http:\/\/blog.inmontanis.info\/index.php?rest_route=\/wp\/v2\/posts"}],"about":[{"href":"http:\/\/blog.inmontanis.info\/index.php?rest_route=\/wp\/v2\/types\/post"}],"author":[{"embeddable":true,"href":"http:\/\/blog.inmontanis.info\/index.php?rest_route=\/wp\/v2\/users\/1"}],"replies":[{"embeddable":true,"href":"http:\/\/blog.inmontanis.info\/index.php?rest_route=%2Fwp%2Fv2%2Fcomments&post=4323"}],"version-history":[{"count":5,"href":"http:\/\/blog.inmontanis.info\/index.php?rest_route=\/wp\/v2\/posts\/4323\/revisions"}],"predecessor-version":[{"id":4999,"href":"http:\/\/blog.inmontanis.info\/index.php?rest_route=\/wp\/v2\/posts\/4323\/revisions\/4999"}],"wp:attachment":[{"href":"http:\/\/blog.inmontanis.info\/index.php?rest_route=%2Fwp%2Fv2%2Fmedia&parent=4323"}],"wp:term":[{"taxonomy":"category","embeddable":true,"href":"http:\/\/blog.inmontanis.info\/index.php?rest_route=%2Fwp%2Fv2%2Fcategories&post=4323"},{"taxonomy":"post_tag","embeddable":true,"href":"http:\/\/blog.inmontanis.info\/index.php?rest_route=%2Fwp%2Fv2%2Ftags&post=4323"}],"curies":[{"name":"wp","href":"https:\/\/api.w.org\/{rel}","templated":true}]}}