{"id":4307,"date":"2017-04-13T16:01:14","date_gmt":"2017-04-13T14:01:14","guid":{"rendered":"http:\/\/blog.inmontanis.info\/?p=4307"},"modified":"2023-08-05T15:46:41","modified_gmt":"2023-08-05T13:46:41","slug":"crans-montana-13-4-2107","status":"publish","type":"post","link":"http:\/\/blog.inmontanis.info\/?p=4307","title":{"rendered":"Crans-Montana, 13.4.2107"},"content":{"rendered":"<p><strong>Franz\u00f6sische Ostern 2017, Tag 1: Do, 13.4.2017 &#8211; Crans Montana<\/strong><\/p>\n<p>Dass ich die 3 Tage \u00fcber Ostern wegfahren w\u00fcrde, stand schon zum Saisonbeginn fest; aber da ich ja noch keine 3 Wochen Winterurlaub hatte, war heuer auch eine Verl\u00e4ngerung um 1-3 Tage m\u00f6glich. Wettervorhersagebedingt entschied ich mich, DO+FR vor Ostern frei zu nehmen. Etwas unentschlossen war ich, mit welchem Auto ich fahren solle. Mit dem Ignis h\u00e4tte ich schon die schweizer Vignette und evtl. k\u00f6nnte ich bei der R\u00fcckfahrt den Allrad brauchen, da f\u00fcr Ostern im Norden Schnee gemeldet wurde. Mit dem Qubo k\u00f6nnte ich 1-2 N\u00e4chte im Auto schlafen. Aber wenn ich mir die Schweizer Vignette kaufen muss, muss ich mind. 2 N\u00e4chte im Qubo schlafen, damit sich das auch wirklich lohnen w\u00fcrde&#8230; schlussendlich entschied ich mich f\u00fcr den Ignis.<\/p>\n<p>Ein Muss-Besuchspunkt war Crans-Montana im Wallis, weil ich da immer noch die Tageskarte, die ich im Dezember um 50% kaufte, hatte. Wollte ich ja wirklich nicht so sp\u00e4t einl\u00f6sen, aber am Anfang der Saison war noch zu wenig offen und danach hatte es sich leider auch nicht ergeben. Mittlerweile war nur noch der Cry d&#8217;Er- und Plaine-Morte-Bereich offen. Ausreichend f\u00fcr einen Tag, aber trotzdem schade, dass ich&#8217;s nicht fr\u00fcher her geschafft hatte.<\/p>\n<p>Die Nacht verlief kurz, auch weil mich Handwerker, die momentan eine Wohnungsrenovierung in einer der Wohnungen \u00fcber mir gemacht haben, genervt haben und noch bis 21 Uhr gebohrt hatten &#8211; so konnte ich nicht schon um 19:30 einschlafen wie erhofft. Um 1:45 musste ich aufstehen, um 2:15 Uhr kam ich weg und um 9:20 &#8211; etwas versp\u00e4tet &#8211; kam ich im Parkhaus an der Gondel an. (Die Stundenkosten mit CHF 1,50 im und au\u00dferhalb des Parkhauses sind gleich, aber im Parkhaus zahlt man erst danach und muss sich nicht vorher schon \u00fcberlegen, wie lang man bleiben will). Zu den CHF 32,50 f\u00fcr die bereits bezahlte Tageskarte kamen dann noch 9 CHF f\u00fcr&#8217;s Parken (6,5h) dazu, womit die &#8220;50%-Tageskarte&#8221; also 41,50 CHF kostete. Die Lifte fahren hier selbst jetzt im April nur bis 15:30 \/ 16 Uhr. Also zum Normalpreis w\u00fcrd ich hier nicht skifahren.. <\/p>\n<p>Der Cry d&#8217;Er-Bereich soll noch bis Ostermontag, der Plaine Morte &#8211; Bereich noch bis zum WE drauf offen bleiben, aber stellenweise waren \u00fcberall die Abfahrten schon so d\u00fcnn, dass einige ohne Schneeverschiebungen nicht mal morgen mehr \u00f6ffnen k\u00f6nnen w\u00fcrden. Sehr besch\u00e4mend dadurch der Status an der Plaine Morte, die wichtigste Abfahrt im Skigebiet, leider mit einem flachen Skiweg unten zur 6KSB, und da hatte es selbst heute Nachmittag schon kaum noch Schnee. Kapier ich nicht, warum die nicht schon l\u00e4ngst einen Schnee von weiter oben, vor dem Skiweg, wo noch genug liegt, da hin verschoben haben. Soll doch noch \u00fcber 1 Woche offen bleiben, eigentlich?! Daf\u00fcr hat m.E. komplett sinnlos eine KSB als 3. Zubringer offen, deren Abfahrt nicht mehr geht, w\u00e4hrend ein paar hundert Meter weiter die EUB startet, an der man noch bis zur Mittelstation abfahren kann&#8230;<\/p>\n<p>Suboptimal auch die kurzen SL am Cry d&#8217;Er, deren Abfahrten nur mit Schieben zu erreichen sind, was aber auch tw. am wenigen Schnee liegt. Der SL an der Plaine Morte oben war nachmittags geschlossen, obwohl da doch aufgrund des tief aufgesulzten Schnees weiter unten dieser umso wichtiger w\u00e4re?! Sehr genial aber der KSSL oben, den man nur auf dem Weg von Bellalui zu Violettes mitnehmen kann (aber nicht muss) &#8211; am fr\u00fchen Nahmittag genialer und kompakter Firn, auch offpiste, das Highlight des Tages.<\/p>\n<p>(Fotos anklicken zum Vergr\u00f6\u00dfern)<\/p>\n<p><a href='http:\/\/extra.inmontanis.info\/d\/40898-2\/geOstern2017b.jpg'><img src=http:\/\/extra.inmontanis.info\/d\/40897-3\/geOstern2017b.jpg \/><\/a><br \/>\n^ Osterrunde 13.-17.4.2017<br \/>\nA) Crans-Montana<\/p>\n<p><a href='http:\/\/extra.inmontanis.info\/d\/40902-2\/DSC05652.jpg'><img src=http:\/\/extra.inmontanis.info\/d\/40901-3\/DSC05652.jpg \/><\/a><br \/>\n^ Schon viel Verkehr um Z\u00fcrich um 6:12 Uhr<\/p>\n<p><a href='http:\/\/extra.inmontanis.info\/d\/40906-2\/DSC05657.jpg'><img src=http:\/\/extra.inmontanis.info\/d\/40905-3\/DSC05657.jpg \/><\/a><br \/>\n^ Der Sonnenaufgang war leider hinter mir<\/p>\n<p><a href='http:\/\/ski.inmontanis.info\/d\/231325-2\/ge20170413a.jpg'><img src=http:\/\/ski.inmontanis.info\/d\/231324-3\/ge20170413a.jpg \/><\/a><br \/>\n^ GPS-Track 13.4.2017 (Gelb) und das Sommerskifahren letztes Jahr in Blau.<\/p>\n<p><a href='http:\/\/ski.inmontanis.info\/d\/231329-2\/DSC05672.jpg'><img src=http:\/\/ski.inmontanis.info\/d\/231328-3\/DSC05672.jpg \/><\/a><br \/>\n^ Marolires, die erste Mittelstation, bis hierher offiziell keine Abfahrt ge\u00f6ffnet, die rechte bin ich zum Schluss gefahren, die linke war leider nicht einsehbar; die 4KSB war wg. ihrer Mittelstation und als Zubringer zum linken Teilgebiet ge\u00f6ffnet.<\/p>\n<p><a href='http:\/\/ski.inmontanis.info\/d\/231333-2\/DSC05681.jpg'><img src=http:\/\/ski.inmontanis.info\/d\/231332-3\/DSC05681.jpg \/><\/a><br \/>\n^ Seitenblick von der 6EUB Marolires-Violettes<\/p>\n<p><a href='http:\/\/ski.inmontanis.info\/d\/231337-2\/DSC05687.jpg'><img src=http:\/\/ski.inmontanis.info\/d\/231336-3\/DSC05687.jpg \/><\/a><br \/>\n^ Funitel Plaine Morte, Talstation Violettes in Pink\/Magenta<\/p>\n<p><a href='http:\/\/ski.inmontanis.info\/d\/231341-2\/DSC05689.jpg'><img src=http:\/\/ski.inmontanis.info\/d\/231340-3\/DSC05689.jpg \/><\/a><br \/>\n^ 2. Mittelstation Les Violettes<\/p>\n<p><a href='http:\/\/ski.inmontanis.info\/d\/231345-2\/DSC05693.jpg'><img src=http:\/\/ski.inmontanis.info\/d\/231344-3\/DSC05693.jpg \/><\/a><br \/>\n^ Abfahrt am Funitel und dahinter der schon geschlossene Sektor von Aminona<\/p>\n<p><a href='http:\/\/ski.inmontanis.info\/d\/231349-2\/DSC05695.jpg'><img src=http:\/\/ski.inmontanis.info\/d\/231348-3\/DSC05695.jpg \/><\/a><br \/>\n^ Blick vom Funitel zur Verbindungsabfahrt Col du Pochet vom linken Cry d&#8217;Er \/ Bellalui &#8211; Sektor<\/p>\n<p><a href='http:\/\/ski.inmontanis.info\/d\/231353-2\/DSC05697.jpg'><img src=http:\/\/ski.inmontanis.info\/d\/231352-3\/DSC05697.jpg \/><\/a><br \/>\n^ Funitel Plaine Morte<\/p>\n<p><a href='http:\/\/ski.inmontanis.info\/d\/231357-2\/DSC05699.jpg'><img src=http:\/\/ski.inmontanis.info\/d\/231356-3\/DSC05699.jpg \/><\/a><br \/>\n^ Funitel Plaine Morte<\/p>\n<p><a href='http:\/\/ski.inmontanis.info\/d\/231361-2\/DSC05700.jpg'><img src=http:\/\/ski.inmontanis.info\/d\/231360-3\/DSC05700.jpg \/><\/a><br \/>\n^ Funitel Plaine Morte<\/p>\n<p><a href='http:\/\/ski.inmontanis.info\/d\/231365-2\/DSC05705.jpg'><img src=http:\/\/ski.inmontanis.info\/d\/231364-3\/DSC05705.jpg \/><\/a><br \/>\n^ Funitel Plaine Morte und SL Lac, der letzten Sommer ja ge\u00f6ffnet war, im Gegensatz zu damals diesmal aber nur rechts die Abfahrt, keine links.<\/p>\n<p><a href='http:\/\/ski.inmontanis.info\/d\/231369-2\/DSC05707.jpg'><img src=http:\/\/ski.inmontanis.info\/d\/231368-3\/DSC05707.jpg \/><\/a><br \/>\n^ Funitel Plaine Morte, Bergstation mit ulkiger Werbung<\/p>\n<p><a href='http:\/\/ski.inmontanis.info\/d\/231373-2\/DSC05711.jpg'><img src=http:\/\/ski.inmontanis.info\/d\/231372-3\/DSC05711.jpg \/><\/a><br \/>\n^ Gletscher Plaine Morte<\/p>\n<p><a href='http:\/\/ski.inmontanis.info\/d\/231377-2\/DSC05712.jpg'><img src=http:\/\/ski.inmontanis.info\/d\/231376-3\/DSC05712.jpg \/><\/a><br \/>\n^ Funitelabfahrt Kandahar, im oberen und mittleren Bereich recht nett<\/p>\n<p><a href='http:\/\/ski.inmontanis.info\/d\/231381-2\/DSC05717.jpg'><img src=http:\/\/ski.inmontanis.info\/d\/231380-3\/DSC05717.jpg \/><\/a><br \/>\n^ Funitelabfahrt Kandahar; von dort unten in der Senke sollte es besser eine Sesselbahn wieder zur Station Violettes geben &#8211; stattdessen muss man auf einen langen, flachen, schneearmen Ziehweg vor zur 6KSB Cabane de Bois :-(<\/p>\n<p><a href='http:\/\/ski.inmontanis.info\/d\/231385-2\/DSC05720.jpg'><img src=http:\/\/ski.inmontanis.info\/d\/231384-3\/DSC05720.jpg \/><\/a><br \/>\n^ Ziehweg am unteren Ende der Kandahar vor zur 6KSB; nachmittags war hier Schieben angesagt.<\/p>\n<p><a href='http:\/\/ski.inmontanis.info\/d\/231389-2\/DSC05722.jpg'><img src=http:\/\/ski.inmontanis.info\/d\/231388-3\/DSC05722.jpg \/><\/a><br \/>\n^ 6KSB Cabane de Bois mit ungew\u00f6hnlichem Einstieg<\/p>\n<p><a href='http:\/\/ski.inmontanis.info\/d\/231393-2\/DSC05726.jpg'><img src=http:\/\/ski.inmontanis.info\/d\/231392-3\/DSC05726.jpg \/><\/a><br \/>\n^ 6KSB Cabane de Bois und Abfahrt<\/p>\n<p><a href='http:\/\/ski.inmontanis.info\/d\/231397-2\/DSC05729.jpg'><img src=http:\/\/ski.inmontanis.info\/d\/231396-3\/DSC05729.jpg \/><\/a><br \/>\n^ 6KSB Cabane de Bois an der Station Les Violettes mit Funitel und rechts deren Kandahar-Abfahrt<\/p>\n<p><a href='http:\/\/ski.inmontanis.info\/d\/231401-2\/DSC05730.jpg'><img src=http:\/\/ski.inmontanis.info\/d\/231400-3\/DSC05730.jpg \/><\/a><br \/>\n^ Verbindungsabfahrt Violettes &#8211; 6KSB Nationale<\/p>\n<p><a href='http:\/\/ski.inmontanis.info\/d\/231405-2\/DSC05731.jpg'><img src=http:\/\/ski.inmontanis.info\/d\/231404-3\/DSC05731.jpg \/><\/a><br \/>\n^ 6KSB Nationale, Mittelstation. Der Status bis zur Talstation war leider nicht einsehbar (und die eventuelle Lauferei zur\u00fcck von der Kante da vorne war mir zu gro\u00df)<\/p>\n<p><a href='http:\/\/ski.inmontanis.info\/d\/231409-2\/DSC05732.jpg'><img src=http:\/\/ski.inmontanis.info\/d\/231408-3\/DSC05732.jpg \/><\/a><br \/>\n^ 6KSB Nationale Abfahrt<\/p>\n<p><a href='http:\/\/ski.inmontanis.info\/d\/231413-2\/DSC05733.jpg'><img src=http:\/\/ski.inmontanis.info\/d\/231412-3\/DSC05733.jpg \/><\/a><br \/>\n^ 6KSB Nationale Mittelstation<\/p>\n<p><a href='http:\/\/ski.inmontanis.info\/d\/231417-2\/DSC05737.jpg'><img src=http:\/\/ski.inmontanis.info\/d\/231416-3\/DSC05737.jpg \/><\/a><br \/>\n^ Blick von der Bergstation 6KSB Nationale zur nettgelegenen 4KSB Bellalui<\/p>\n<p><a href='http:\/\/ski.inmontanis.info\/d\/231421-2\/DSC05740.jpg'><img src=http:\/\/ski.inmontanis.info\/d\/231420-3\/DSC05740.jpg \/><\/a><br \/>\n^ Station Cry d&#8217;Er; rechts gibt es einen kurzen KSSL von der Talstation 4KSB Bellalui<\/p>\n<p><a href='http:\/\/ski.inmontanis.info\/d\/231425-2\/DSC05742.jpg'><img src=http:\/\/ski.inmontanis.info\/d\/231424-3\/DSC05742.jpg \/><\/a><br \/>\n^ SL Chetseron, leider sehr flach; aber mit 3 verschiedenen St\u00fctzentypen wenigstens ungew\u00f6hnlich<\/p>\n<p><a href='http:\/\/ski.inmontanis.info\/d\/231429-2\/DSC05744.jpg'><img src=http:\/\/ski.inmontanis.info\/d\/231428-3\/DSC05744.jpg \/><\/a><br \/>\n^ Cry d&#8217;Er mit den Anlagen Bellalui (links oben), SL Chetserson (links), SL Merignou, EUB Crans-Cry, SL Snowpark, KSB Arnouva-Cry<\/p>\n<p><a href='http:\/\/ski.inmontanis.info\/d\/231433-2\/DSC05747.jpg'><img src=http:\/\/ski.inmontanis.info\/d\/231432-3\/DSC05747.jpg \/><\/a><br \/>\n^ SL Merignou mit tollen Firnh\u00e4ngen, leider oben nur mit Schieben zu erreichen<\/p>\n<p><a href='http:\/\/ski.inmontanis.info\/d\/231437-2\/DSC05749.jpg'><img src=http:\/\/ski.inmontanis.info\/d\/231436-3\/DSC05749.jpg \/><\/a><br \/>\n^ SL Snowpark mit sommerlicher Trasse samt Wasserl\u00f6chern  ;-)<\/p>\n<p><a href='http:\/\/ski.inmontanis.info\/d\/231441-2\/DSC05750.jpg'><img src=http:\/\/ski.inmontanis.info\/d\/231440-3\/DSC05750.jpg \/><\/a><br \/>\n^ Snowpark und die 6KSB Arnouva-Cry, die als reiner dritter Zubringer (recht sinnloserweise) in Betrieb war..<\/p>\n<p><a href='http:\/\/ski.inmontanis.info\/d\/231445-2\/DSC05751.jpg'><img src=http:\/\/ski.inmontanis.info\/d\/231444-3\/DSC05751.jpg \/><\/a><br \/>\n^ SL Snowpark mit saubl\u00f6dem Totpunkt-Ausstieg von Poma .. Denn lt. Schild h\u00e4tte man direkt an der Kante den Teller loslassen sollen. Macht man das aber, f\u00e4llt er einem vor die F\u00fc\u00dfe und bleibt da erst mal liegen &#8211; behindert einen somit. Macht man das nicht und beh\u00e4lt ihn in der Hand, f\u00e4llt er aber mit dem Ende am Seil zu boden, bohrt sich damit in den Schnee und behindert einen auch wieder. Man muss ihn also nach links wegschmei\u00dfen..<\/p>\n<p><a href='http:\/\/ski.inmontanis.info\/d\/231449-2\/DSC05754.jpg'><img src=http:\/\/ski.inmontanis.info\/d\/231448-3\/DSC05754.jpg \/><\/a><br \/>\n^ Abfahrt zur Mittelstation EUB Crans-Cry; von der Station oben leider auch nur mit Schieben zu erreichen<\/p>\n<p><a href='http:\/\/ski.inmontanis.info\/d\/231453-2\/DSC05756.jpg'><img src=http:\/\/ski.inmontanis.info\/d\/231452-3\/DSC05756.jpg \/><\/a><br \/>\n^ Blick runter ins Dorf, auch hier war an Schneerest-Abfahrten nicht mehr zu denken.<\/p>\n<p><a href='http:\/\/ski.inmontanis.info\/d\/231543-2\/DSC05758.jpg'><img src=http:\/\/ski.inmontanis.info\/d\/231541-3\/DSC05758.jpg \/><\/a><br \/>\n^ Blick von Crans-Montana r\u00fcber ins Skigebiet von Anzere. Schaut doch recht nett aus.<\/p>\n<p><a href='http:\/\/ski.inmontanis.info\/d\/231547-2\/DSC05759.jpg'><img src=http:\/\/ski.inmontanis.info\/d\/231546-3\/DSC05759.jpg \/><\/a><br \/>\n^ Blick von Crans-Montana r\u00fcber ins Skigebiet von Anzere. Schaut doch recht nett aus.<\/p>\n<p><a href='http:\/\/ski.inmontanis.info\/d\/231551-2\/DSC05760.jpg'><img src=http:\/\/ski.inmontanis.info\/d\/231550-3\/DSC05760.jpg \/><\/a><br \/>\n^ Blick von Crans-Montana r\u00fcber ins Skigebiet von Anzere. Schaut doch recht nett aus.<\/p>\n<p><a href='http:\/\/ski.inmontanis.info\/d\/231457-2\/DSC05764.jpg'><img src=http:\/\/ski.inmontanis.info\/d\/231456-3\/DSC05764.jpg \/><\/a><br \/>\n^ 4KSB Bellalui, war bissl winidig hier oben, der Zustand der Abfahrt hingegen selbst nachmittags noch recht gut.<\/p>\n<p><a href='http:\/\/ski.inmontanis.info\/d\/231461-2\/DSC05765.jpg'><img src=http:\/\/ski.inmontanis.info\/d\/231460-3\/DSC05765.jpg \/><\/a><br \/>\n^ 4KSB Bellalui Pano auf Cry d&#8217;Er und ins Rhone-Tal<\/p>\n<p><a href='http:\/\/ski.inmontanis.info\/d\/231465-2\/DSC05768.jpg'><img src=http:\/\/ski.inmontanis.info\/d\/231464-3\/DSC05768.jpg \/><\/a><br \/>\n^ Flache Abfahrt am SL Chetseron<\/p>\n<p><a href='http:\/\/ski.inmontanis.info\/d\/231469-2\/DSC05769.jpg'><img src=http:\/\/ski.inmontanis.info\/d\/231468-3\/DSC05769.jpg \/><\/a><br \/>\n^ SL Chetseron hat 3 verschiedene St\u00fctzentypen (Portal, Fachwerk-T und diese hier eher an KSSL erinnernde); von links rauf gab es woh mal noch einen Zubringer aus dem Tal, evtl. Vorg\u00e4nger der Cry-EUB oder ein weiterer.<\/p>\n<p><a href='http:\/\/ski.inmontanis.info\/d\/231473-2\/DSC05771.jpg'><img src=http:\/\/ski.inmontanis.info\/d\/231472-3\/DSC05771.jpg \/><\/a><br \/>\n^ SL Chetseron am kleinen Schlepperparadies Cry d&#8217;Er, links 4KSB Bellalui und KSSL Cry d&#8217;Er, rechts SL Merignou und SL Snowpark<\/p>\n<p><a href='http:\/\/ski.inmontanis.info\/d\/231477-2\/DSC05772.jpg'><img src=http:\/\/ski.inmontanis.info\/d\/231476-3\/DSC05772.jpg \/><\/a><br \/>\n^ Kurven-KSSL Zabona, erschlie\u00dft die Gel\u00e4ndekammer hinter der 4KSB Bellalui, ist nur auf dem Weg von Bellalui nach Violettes erreichbar, hatte netten Firn on- wie offpiste und war somit mein heutiges Highlight<\/p>\n<p><a href='http:\/\/ski.inmontanis.info\/d\/231481-2\/DSC05775.jpg'><img src=http:\/\/ski.inmontanis.info\/d\/231480-3\/DSC05775.jpg \/><\/a><br \/>\n^ Offpiste am KSSL Zabona<\/p>\n<p><a href='http:\/\/ski.inmontanis.info\/d\/231485-2\/DSC05776.jpg'><img src=http:\/\/ski.inmontanis.info\/d\/231484-3\/DSC05776.jpg \/><\/a><br \/>\n^ Kurven-KSSL Zabona mit seinem Gel\u00e4nde<\/p>\n<p><a href='http:\/\/ski.inmontanis.info\/d\/231489-2\/DSC05784.jpg'><img src=http:\/\/ski.inmontanis.info\/d\/231488-3\/DSC05784.jpg \/><\/a><br \/>\n^ Pano an der Bergstation KSSL Zabona<\/p>\n<p><a href='http:\/\/ski.inmontanis.info\/d\/231493-2\/DSC05786.jpg'><img src=http:\/\/ski.inmontanis.info\/d\/231492-3\/DSC05786.jpg \/><\/a><br \/>\n^ Verbindungsabfahrt Col du Pochet vom KSSL Zabona (bzw. weiter unten via Skiweg auch direkt von der 4KSB Bellalui)<\/p>\n<p>Alles in Allem ein Skigebiet, das ich gern nochmal besuchen w\u00fcrde, wenn auch weiter unten mehr Abfahrten offen sind, allerdings nur wieder bei so einer 50%-Aktion, sonst w\u00e4re mir die Tageskarte plus Parken viel zu teuer. Durch die Lage h\u00e4tte man hier ja auch im Hochwinter viel Sonne.<\/p>\n<p>Danach ging&#8217;s \u00fcber Chamonix und Albertville nach Grenoble. H\u00e4tte erst noch etwas in Grenoble im Leclerc einkaufen wollen, aber TMC meldete etwas Stau und so bin ich schon in Albertville in den Buffalo zum Essen und hatte dann keine Lust mehr, um 20.30 noch in den Supermarkt bzw. Hypermarkt zu gehen (schlie\u00dft um 21 Uhr und w\u00e4re somit etwas hektisch gewesen).<\/p>\n<p>\u00dcbernachtet wird in der N\u00e4he vom besagten, gro\u00dfen Einkaufszentrum, also im S\u00fcdwesten von Grenoble (somit kein Verkehr morgen), im Ibis Budget in Seyssins, da war ich tats\u00e4chlich noch nie &#8211; in Grenoble musste ich die letzten Jahre eher selten \u00fcbernachten und war dann eher im Fasthotel im Norden.<\/p>\n<p><a href='http:\/\/extra.inmontanis.info\/d\/40910-2\/DSC05825.jpg'><img src=http:\/\/extra.inmontanis.info\/d\/40909-3\/DSC05825.jpg \/><\/a><br \/>\n^ Mal wieder ein etwas anders designte Ibis-Budget-Hotel-Zimmer. Angenehm ist immer die LED-Ambiente-Beleuchtung beim Filmschauen am Laptop oder Handy.<\/p>\n<p>(Fortsetzung folgt.)<\/p>\n","protected":false},"excerpt":{"rendered":"<p>Franz\u00f6sische Ostern 2017, Tag 1: Do, 13.4.2017 &#8211; Crans Montana<\/p>\n<p>Dass ich die 3 Tage \u00fcber Ostern wegfahren w\u00fcrde, stand schon zum Saisonbeginn fest; aber da ich ja noch keine 3 Wochen Winterurlaub hatte, war heuer auch eine Verl\u00e4ngerung um 1-3 Tage m\u00f6glich. Wettervorhersagebedingt entschied ich mich, DO+FR vor Ostern frei zu nehmen. Etwas unentschlossen <a href=\"http:\/\/blog.inmontanis.info\/?p=4307\">[&#8230;]<\/a><\/p>\n","protected":false},"author":1,"featured_media":0,"comment_status":"closed","ping_status":"closed","sticky":false,"template":"","format":"standard","meta":{"footnotes":""},"categories":[161,758,749,14,27],"tags":[49,39,56,48,78,47],"class_list":["post-4307","post","type-post","status-publish","format-standard","hentry","category-2017-04-ostern","category-anzere","category-crans-montana","category-swiss","category-skifahren-winterskiing-winter","tag-4sb","tag-6eub","tag-6sb","tag-kssl","tag-restschnee","tag-sl","odd"],"_links":{"self":[{"href":"http:\/\/blog.inmontanis.info\/index.php?rest_route=\/wp\/v2\/posts\/4307","targetHints":{"allow":["GET"]}}],"collection":[{"href":"http:\/\/blog.inmontanis.info\/index.php?rest_route=\/wp\/v2\/posts"}],"about":[{"href":"http:\/\/blog.inmontanis.info\/index.php?rest_route=\/wp\/v2\/types\/post"}],"author":[{"embeddable":true,"href":"http:\/\/blog.inmontanis.info\/index.php?rest_route=\/wp\/v2\/users\/1"}],"replies":[{"embeddable":true,"href":"http:\/\/blog.inmontanis.info\/index.php?rest_route=%2Fwp%2Fv2%2Fcomments&post=4307"}],"version-history":[{"count":3,"href":"http:\/\/blog.inmontanis.info\/index.php?rest_route=\/wp\/v2\/posts\/4307\/revisions"}],"predecessor-version":[{"id":9160,"href":"http:\/\/blog.inmontanis.info\/index.php?rest_route=\/wp\/v2\/posts\/4307\/revisions\/9160"}],"wp:attachment":[{"href":"http:\/\/blog.inmontanis.info\/index.php?rest_route=%2Fwp%2Fv2%2Fmedia&parent=4307"}],"wp:term":[{"taxonomy":"category","embeddable":true,"href":"http:\/\/blog.inmontanis.info\/index.php?rest_route=%2Fwp%2Fv2%2Fcategories&post=4307"},{"taxonomy":"post_tag","embeddable":true,"href":"http:\/\/blog.inmontanis.info\/index.php?rest_route=%2Fwp%2Fv2%2Ftags&post=4307"}],"curies":[{"name":"wp","href":"https:\/\/api.w.org\/{rel}","templated":true}]}}