{"id":4302,"date":"2017-04-09T23:14:01","date_gmt":"2017-04-09T21:14:01","guid":{"rendered":"http:\/\/blog.inmontanis.info\/?p=4302"},"modified":"2023-08-06T08:45:10","modified_gmt":"2023-08-06T06:45:10","slug":"kappl-9-4-2017","status":"publish","type":"post","link":"http:\/\/blog.inmontanis.info\/?p=4302","title":{"rendered":"Kappl, 9.4.2017"},"content":{"rendered":"<p>Nach Galt\u00fcr am Mittwoch Abend, Ischgl am Samstag, ging&#8217;s am heutigen Sonntag wieder ins Paznauntal, diesmal nach Kappl.<\/p>\n<p>Talabfahrt war leider nicht mehr drin, aber oben war noch so gut wie alles offen. Allzuviel los war zwar nicht, aber die leichten bzw. beliebtesten Abfahrten waren teilweise schon stark aufgefahren. Andere dagegen gingen selbst nachmittags noch sehr gut.<\/p>\n<p>In Summe war&#8217;s ganz nett und bisher bin ich mit dem Verlauf des Fr\u00fchjahrs mal recht zufrieden. Was ich beim gestrigen Tag in Ischgl noch erw\u00e4hnen wollte: Es f\u00e4llt mir leider auf, dass diese LED-Lichter beim Ausstieg an den Sesselliften hier in Tirol mittlerweile doch Wirkung zeigen &#8211; die Leute machen die B\u00fcgel viel sp\u00e4ter auf &#8211; und mir viel zu sp\u00e4t, insb. wenn der Sessel voll ist, da es dann schwierig ist, den B\u00fcgel \u00fcber den Rucksack zu ziehen und ich auch noch auf die St\u00f6cke und die Pendel vom Rucksack achten muss. In Italien bekommt man vom Liftw\u00e4rter oft schon eine Ermahnung, wenn man den B\u00fcgel nicht vor der letzten St\u00fctze (die, die vor der Station steht) \u00f6ffnet &#8211; was mir dagegen oft noch zu fr\u00fch ist.. Ebenfalls nervig in Tirol sind die Lichtschranken am Einstieg, die einen oftmals einen schnellen Zugang zu einem leeren Sessel verunm\u00f6glichen &#8211; in Italien und Frankreich gibt&#8217;s das so gut wie nie.<\/p>\n<p><a href='http:\/\/ski.inmontanis.info\/d\/231257-2\/DSC05619.jpg'><img src=http:\/\/ski.inmontanis.info\/d\/231256-3\/DSC05619.jpg \/><\/a><br \/>\n^ 4KSB-Abfahrt (SL war schon au\u00dfer Betrieb)<\/p>\n<p><a href='http:\/\/ski.inmontanis.info\/d\/231261-2\/DSC05622.jpg'><img src=http:\/\/ski.inmontanis.info\/d\/231260-3\/DSC05622.jpg \/><\/a><br \/>\n^ Pano nahe Bergstation 4KSB\/DSB<\/p>\n<p><a href='http:\/\/ski.inmontanis.info\/d\/231265-2\/DSC05625.jpg'><img src=http:\/\/ski.inmontanis.info\/d\/231264-3\/DSC05625.jpg \/><\/a><br \/>\n^ Wie \u00fcblich die beste Piste &#8211; die schwarze 3 an der DSB, sah auch nachmittags nicht viel schlechter aus.<\/p>\n<p><a href='http:\/\/ski.inmontanis.info\/d\/231269-2\/DSC05626.jpg'><img src=http:\/\/ski.inmontanis.info\/d\/231268-3\/DSC05626.jpg \/><\/a><br \/>\n^ DSB und Abfahrt 3<\/p>\n<p><a href='http:\/\/ski.inmontanis.info\/d\/231273-2\/DSC05629.jpg'><img src=http:\/\/ski.inmontanis.info\/d\/231272-3\/DSC05629.jpg \/><\/a><br \/>\n^ Talabfahrt hatte schon oben Aufl\u00f6sungen; weiter unten schien es mir dann zu viel Fu\u00dfweg zu sein, als dass es sich lohnen w\u00fcrde.<\/p>\n<p><a href='http:\/\/ski.inmontanis.info\/d\/231277-2\/DSC05631.jpg'><img src=http:\/\/ski.inmontanis.info\/d\/231276-3\/DSC05631.jpg \/><\/a><br \/>\n^ Teilweise toller Firn, insb. an den ge\u00f6ffneten und nicht mehr ge\u00f6ffneten Abfahrten an der DSB<\/p>\n<p><a href='http:\/\/ski.inmontanis.info\/d\/231281-2\/DSC05633.jpg'><img src=http:\/\/ski.inmontanis.info\/d\/231280-3\/DSC05633.jpg \/><\/a><br \/>\n^ Der obere SL fuhr auch noch<\/p>\n<p><a href='http:\/\/ski.inmontanis.info\/d\/231285-2\/DSC05634.jpg'><img src=http:\/\/ski.inmontanis.info\/d\/231284-3\/DSC05634.jpg \/><\/a><br \/>\n^ Die obere 4KSB<\/p>\n<p><a href='http:\/\/ski.inmontanis.info\/d\/231289-2\/DSC05637.jpg'><img src=http:\/\/ski.inmontanis.info\/d\/231288-3\/DSC05637.jpg \/><\/a><br \/>\n^ Einige schon geschlossene Abfahrtsst\u00fccke an der DSB lie\u00dfen sich auch gut fahren &#8211; und besser als das St\u00fcck der Lattenabfahrt rechts daneben.<\/p>\n<p><a href='http:\/\/ski.inmontanis.info\/d\/231293-2\/DSC05640.jpg'><img src=http:\/\/ski.inmontanis.info\/d\/231292-3\/DSC05640.jpg \/><\/a><br \/>\n^ Die sch\u00f6ne schwarze 3 um 14:20 Uhr. Wenn nur das unterste, gemeinsame St\u00fcck zur DSB nicht w\u00e4r.<\/p>\n<p><a href='http:\/\/ski.inmontanis.info\/d\/231297-2\/DSC05642.jpg'><img src=http:\/\/ski.inmontanis.info\/d\/231296-3\/DSC05642.jpg \/><\/a><br \/>\n^ Ich fuhr rechts einfach gradaus an den Buckeln vorbei.<\/p>\n<p><a href='http:\/\/ski.inmontanis.info\/d\/231301-2\/DSC05643.jpg'><img src=http:\/\/ski.inmontanis.info\/d\/231300-3\/DSC05643.jpg \/><\/a><br \/>\n^ Der Weg zur DSB scheint es wohl nicht mehr lang zu machen<\/p>\n<p><a href='http:\/\/ski.inmontanis.info\/d\/231305-2\/DSC05645.jpg'><img src=http:\/\/ski.inmontanis.info\/d\/231304-3\/DSC05645.jpg \/><\/a><br \/>\n^ Die Hauptabfahrten waren nachmittags nat\u00fcrlich tiefer aufgesulzt<\/p>\n<p><a href='http:\/\/ski.inmontanis.info\/d\/231309-2\/DSC05647.jpg'><img src=http:\/\/ski.inmontanis.info\/d\/231308-3\/DSC05647.jpg \/><\/a><br \/>\n^ Der untere SL musste wg. Schneemangels an der Trasse schon eingestellt werden<\/p>\n<p><a href='http:\/\/ski.inmontanis.info\/d\/231313-2\/DSC05649.jpg'><img src=http:\/\/ski.inmontanis.info\/d\/231312-3\/DSC05649.jpg \/><\/a><br \/>\n^ Interessant, wo da die Talabfahrt dr\u00fcber f\u00fchrt ..<\/p>\n<p><a href='http:\/\/ski.inmontanis.info\/d\/231317-2\/DSC05650.jpg'><img src=http:\/\/ski.inmontanis.info\/d\/231316-3\/DSC05650.jpg \/><\/a><br \/>\n^ Fr\u00fchjahr im Paznauntal<\/p>\n<p><a href='http:\/\/ski.inmontanis.info\/d\/231321-2\/DSC05651.jpg'><img src=http:\/\/ski.inmontanis.info\/d\/231320-3\/DSC05651.jpg \/><\/a><br \/>\n^ Talstation der 4EUB<\/p>\n","protected":false},"excerpt":{"rendered":"<p>Nach Galt\u00fcr am Mittwoch Abend, Ischgl am Samstag, ging&#8217;s am heutigen Sonntag wieder ins Paznauntal, diesmal nach Kappl.<\/p>\n<p>Talabfahrt war leider nicht mehr drin, aber oben war noch so gut wie alles offen. Allzuviel los war zwar nicht, aber die leichten bzw. beliebtesten Abfahrten waren teilweise schon stark aufgefahren. Andere dagegen gingen selbst nachmittags noch <a href=\"http:\/\/blog.inmontanis.info\/?p=4302\">[&#8230;]<\/a><\/p>\n","protected":false},"author":1,"featured_media":0,"comment_status":"closed","ping_status":"closed","sticky":false,"template":"","format":"standard","meta":{"footnotes":""},"categories":[866,25,13,27],"tags":[42,49,38],"class_list":["post-4302","post","type-post","status-publish","format-standard","hentry","category-kappl","category-noreport","category-austria","category-skifahren-winterskiing-winter","tag-4eub","tag-4sb","tag-dsb","odd"],"_links":{"self":[{"href":"http:\/\/blog.inmontanis.info\/index.php?rest_route=\/wp\/v2\/posts\/4302","targetHints":{"allow":["GET"]}}],"collection":[{"href":"http:\/\/blog.inmontanis.info\/index.php?rest_route=\/wp\/v2\/posts"}],"about":[{"href":"http:\/\/blog.inmontanis.info\/index.php?rest_route=\/wp\/v2\/types\/post"}],"author":[{"embeddable":true,"href":"http:\/\/blog.inmontanis.info\/index.php?rest_route=\/wp\/v2\/users\/1"}],"replies":[{"embeddable":true,"href":"http:\/\/blog.inmontanis.info\/index.php?rest_route=%2Fwp%2Fv2%2Fcomments&post=4302"}],"version-history":[{"count":4,"href":"http:\/\/blog.inmontanis.info\/index.php?rest_route=\/wp\/v2\/posts\/4302\/revisions"}],"predecessor-version":[{"id":4306,"href":"http:\/\/blog.inmontanis.info\/index.php?rest_route=\/wp\/v2\/posts\/4302\/revisions\/4306"}],"wp:attachment":[{"href":"http:\/\/blog.inmontanis.info\/index.php?rest_route=%2Fwp%2Fv2%2Fmedia&parent=4302"}],"wp:term":[{"taxonomy":"category","embeddable":true,"href":"http:\/\/blog.inmontanis.info\/index.php?rest_route=%2Fwp%2Fv2%2Fcategories&post=4302"},{"taxonomy":"post_tag","embeddable":true,"href":"http:\/\/blog.inmontanis.info\/index.php?rest_route=%2Fwp%2Fv2%2Ftags&post=4302"}],"curies":[{"name":"wp","href":"https:\/\/api.w.org\/{rel}","templated":true}]}}