{"id":4294,"date":"2017-04-05T20:38:58","date_gmt":"2017-04-05T18:38:58","guid":{"rendered":"http:\/\/blog.inmontanis.info\/?p=4294"},"modified":"2023-08-06T09:13:41","modified_gmt":"2023-08-06T07:13:41","slug":"galtur-nachtski-5-4-2017","status":"publish","type":"post","link":"http:\/\/blog.inmontanis.info\/?p=4294","title":{"rendered":"Galt\u00fcr Nachtski, 5.4.2017"},"content":{"rendered":"<p>Wetterm\u00e4\u00dfig h\u00e4tte ich heute zwar nicht unbedingt nach Galt\u00fcr zum Nachtskifahren m\u00fcssen, aber da ich per Email nachgefragt hatte, wann der letzte Nachtskitag sein wird und man mir antwortete, dass  vielleicht schon heute der letzte sein k\u00f6nnte &#8211; bin ich nat\u00fcrlich hin.<\/p>\n<p>Wie im K\u00fchtai kann man hier zur Sommerzeit bzw. mit Stirnlampe ein paar mehr als nur die offizielle Nachtskipiste fahren und wie im K\u00fchtai gibt es auch keine Gesperrt-Schilder. \u00dcbrigens war ich heute nicht der einzige, der mit Stirnlampe die anderen Abfahrten gefahren ist ;-)<\/p>\n<p>Bissl was los war durchaus. So fotogen wie K\u00fchtai die Woche vorher war das Wetter leider nicht..<\/p>\n<p><a href='http:\/\/ski.inmontanis.info\/d\/231017-2\/DSC05442.jpg'><img src=http:\/\/ski.inmontanis.info\/d\/231016-3\/DSC05442.jpg \/><\/a><br \/>\n^ Leider dichte Wolken, kein guter Sonnenuntergang heute &#8211; aber wenigstens war die Wolkendecke hoch genug.<\/p>\n<p><a href='http:\/\/ski.inmontanis.info\/d\/231021-2\/DSC05443.jpg'><img src=http:\/\/ski.inmontanis.info\/d\/231020-3\/DSC05443.jpg \/><\/a><br \/>\n^ Trotzdem war es noch einige Zeit lang hell genug, um auch andere Abfahrten zu fahren<\/p>\n<p><a href='http:\/\/ski.inmontanis.info\/d\/231025-2\/DSC05445.jpg'><img src=http:\/\/ski.inmontanis.info\/d\/231024-3\/DSC05445.jpg \/><\/a><\/p>\n<p><a href='http:\/\/ski.inmontanis.info\/d\/231029-2\/DSC05446.jpg'><img src=http:\/\/ski.inmontanis.info\/d\/231028-3\/DSC05446.jpg \/><\/a><\/p>\n<p><a href='http:\/\/ski.inmontanis.info\/d\/231033-2\/DSC05447.jpg'><img src=http:\/\/ski.inmontanis.info\/d\/231032-3\/DSC05447.jpg \/><\/a><br \/>\n^ Das St\u00fcck weichte dann stark auf, konnte man aber links im Dunkeln mit Stirnlampe umfahren.<\/p>\n<p><a href='http:\/\/ski.inmontanis.info\/d\/231037-2\/DSC05452.jpg'><img src=http:\/\/ski.inmontanis.info\/d\/231036-3\/DSC05452.jpg \/><\/a><\/p>\n<p><a href='http:\/\/ski.inmontanis.info\/d\/231041-2\/DSC05453.jpg'><img src=http:\/\/ski.inmontanis.info\/d\/231040-3\/DSC05453.jpg \/><\/a><br \/>\n^ F\u00fcr diese Abschnitte brauchte man dagegen keine Stirnlampe.  War heut \u00fcbrigens nicht der einzige.<\/p>\n<p><a href='http:\/\/ski.inmontanis.info\/d\/231045-2\/DSC05456.jpg'><img src=http:\/\/ski.inmontanis.info\/d\/231044-3\/DSC05456.jpg \/><\/a><\/p>\n<p><a href='http:\/\/ski.inmontanis.info\/d\/231049-2\/ge20170405.jpg'><img src=http:\/\/ski.inmontanis.info\/d\/231048-3\/ge20170405.jpg \/><\/a><br \/>\n^ GPS-Track Nachtski 5.4.2017, man kann dank Sommerzeit bzw. dann mit Stirnlampe doch gut was fahren.<\/p>\n","protected":false},"excerpt":{"rendered":"<p>Wetterm\u00e4\u00dfig h\u00e4tte ich heute zwar nicht unbedingt nach Galt\u00fcr zum Nachtskifahren m\u00fcssen, aber da ich per Email nachgefragt hatte, wann der letzte Nachtskitag sein wird und man mir antwortete, dass vielleicht schon heute der letzte sein k\u00f6nnte &#8211; bin ich nat\u00fcrlich hin.<\/p>\n<p>Wie im K\u00fchtai kann man hier zur Sommerzeit bzw. mit Stirnlampe ein paar <a href=\"http:\/\/blog.inmontanis.info\/?p=4294\">[&#8230;]<\/a><\/p>\n","protected":false},"author":1,"featured_media":0,"comment_status":"closed","ping_status":"closed","sticky":false,"template":"","format":"standard","meta":{"footnotes":""},"categories":[877,25,13,27],"tags":[49,65],"class_list":["post-4294","post","type-post","status-publish","format-standard","hentry","category-galtur","category-noreport","category-austria","category-skifahren-winterskiing-winter","tag-4sb","tag-nachtski","odd"],"_links":{"self":[{"href":"http:\/\/blog.inmontanis.info\/index.php?rest_route=\/wp\/v2\/posts\/4294","targetHints":{"allow":["GET"]}}],"collection":[{"href":"http:\/\/blog.inmontanis.info\/index.php?rest_route=\/wp\/v2\/posts"}],"about":[{"href":"http:\/\/blog.inmontanis.info\/index.php?rest_route=\/wp\/v2\/types\/post"}],"author":[{"embeddable":true,"href":"http:\/\/blog.inmontanis.info\/index.php?rest_route=\/wp\/v2\/users\/1"}],"replies":[{"embeddable":true,"href":"http:\/\/blog.inmontanis.info\/index.php?rest_route=%2Fwp%2Fv2%2Fcomments&post=4294"}],"version-history":[{"count":2,"href":"http:\/\/blog.inmontanis.info\/index.php?rest_route=\/wp\/v2\/posts\/4294\/revisions"}],"predecessor-version":[{"id":4296,"href":"http:\/\/blog.inmontanis.info\/index.php?rest_route=\/wp\/v2\/posts\/4294\/revisions\/4296"}],"wp:attachment":[{"href":"http:\/\/blog.inmontanis.info\/index.php?rest_route=%2Fwp%2Fv2%2Fmedia&parent=4294"}],"wp:term":[{"taxonomy":"category","embeddable":true,"href":"http:\/\/blog.inmontanis.info\/index.php?rest_route=%2Fwp%2Fv2%2Fcategories&post=4294"},{"taxonomy":"post_tag","embeddable":true,"href":"http:\/\/blog.inmontanis.info\/index.php?rest_route=%2Fwp%2Fv2%2Ftags&post=4294"}],"curies":[{"name":"wp","href":"https:\/\/api.w.org\/{rel}","templated":true}]}}