{"id":4290,"date":"2017-04-02T21:08:12","date_gmt":"2017-04-02T19:08:12","guid":{"rendered":"http:\/\/blog.inmontanis.info\/?p=4290"},"modified":"2023-08-05T22:10:17","modified_gmt":"2023-08-05T20:10:17","slug":"4290","status":"publish","type":"post","link":"http:\/\/blog.inmontanis.info\/?p=4290","title":{"rendered":"K\u00f6ssen, 2.4.2017"},"content":{"rendered":"<p>Nachdem es mir am Tag zuvor in St. Anton doch etwas zu voll war, zog ich es vor, am Sonntag, 2.4., ins Unterland zu fahren, wo ich mit etwas weniger Leute und somit besseren Firn-Pisten rechnete. In K\u00f6ssen (nur) gilt ja meine Saisonkarte, aber das ge\u00f6ffnete schien mir etwas zu wenig f\u00fcr den ganzen Tag zu sein. Ich checkte im Web g\u00fcnstige Halbtages- und Stundenkarten in der Gegend und entschied mich, nachmittags noch f\u00fcr 2 oder 3 Stunden in die Skiwelt, Ellmau+Scheffau, zu fahren.<\/p>\n<p>Schlussendlich gefiel es mir aber doch so gut hier in K\u00f6ssen, dass ich auf einen Skigebietswechsel verzichtete. Zudem wollte ich nicht riskieren, dass die Lifte heute am letzten Tag, denn es war sowohl in K\u00f6ssen, wie auch in der Skiwelt der letzte Tag, fr\u00fcher eingestellt wurden, wie ich es schon in so vielen Skigebieten erleben musste. Und wenn man um 14:00 noch eine verg\u00fcnstigte Nachmittagskarte kauft, will man ja schlie\u00dflich bis zum Schluss um 16:30 fahren ..<\/p>\n<p>Also blieb ich in K\u00f6ssen, der Schnee wurde eh erst nach einiger Zeit so richtig gut und blieb es gr\u00f6\u00dftenteils auch bis zum Schluss, wobei ich gegen 14:30 Uhr aufh\u00f6rte. Netterweise waren nicht nur die beiden DSB, sondern auch die beiden SL oben in Betrieb. Ein bisschen mehr los, als ich erwartet h\u00e4tte, war eigentlich auch.<\/p>\n<p>(Fotos anklicken zum Vergr\u00f6\u00dfern.)<\/p>\n<p><a href='http:\/\/ski.inmontanis.info\/d\/230949-2\/DSC05409.jpg'><img src=http:\/\/ski.inmontanis.info\/d\/230948-3\/DSC05409.jpg \/><\/a><br \/>\n^ Die Reste der Talabfahrt reichten leider nicht mehr f\u00fcr eine sinnvolle Befahrung. Schade, leider keine Restschneeabfahrt heute :(<\/p>\n<p><a href='http:\/\/ski.inmontanis.info\/d\/230953-2\/DSC05410.jpg'><img src=http:\/\/ski.inmontanis.info\/d\/230952-3\/DSC05410.jpg \/><\/a><br \/>\n^ Selbst bei der unteren der oberen DSBs war an eine Abfahrt nicht mehr zu denken.<\/p>\n<p><a href='http:\/\/ski.inmontanis.info\/d\/230957-2\/DSC05412.jpg'><img src=http:\/\/ski.inmontanis.info\/d\/230956-3\/DSC05412.jpg \/><\/a><br \/>\n^ Die oberen 4 Lifte, also die beiden DSB und die beiden SL, waren ge\u00f6ffnet, der Schnee morgens dank klarer Nacht hart gefroren. H\u00e4tte ich mal &#8216;ne Stunde l\u00e4nger schlafen k\u00f6nnen.<\/p>\n<p><a href='http:\/\/ski.inmontanis.info\/d\/230961-2\/DSC05415.jpg'><img src=http:\/\/ski.inmontanis.info\/d\/230960-3\/DSC05415.jpg \/><\/a><br \/>\n^ Die beiden DSB. Die Lage des Skigebiets samt der geringen Schneeh\u00f6he gibt mir hier heute Appennin-Feeling.<\/p>\n<p><a href='http:\/\/ski.inmontanis.info\/d\/230965-2\/DSC05418.jpg'><img src=http:\/\/ski.inmontanis.info\/d\/230964-3\/DSC05418.jpg \/><\/a><br \/>\n^ Linke DSB samt SL. Skibar ist nur ein kleiner Teil des Berges, der Rest f\u00e4llt steil ab. Dazu in 3 Richtungen recht allein stehend ergibt ein nettes Pano auf die eher schneelosen umliegenden Gipfel<\/p>\n<p><a href='http:\/\/ski.inmontanis.info\/d\/230969-2\/DSC05420.jpg'><img src=http:\/\/ski.inmontanis.info\/d\/230968-3\/DSC05420.jpg \/><\/a><br \/>\n^ Talblick. Hatte leider meine IR-Cam nicht dabei, vielleicht h\u00e4tte man damit den Chiemsee besser gesehen, war leider recht diesig. So kann man ihn nur erahnen.<\/p>\n<p><a href='http:\/\/ski.inmontanis.info\/d\/230973-2\/DSC05421.jpg'><img src=http:\/\/ski.inmontanis.info\/d\/230972-3\/DSC05421.jpg \/><\/a><br \/>\n^ Die schwarze Abfahrt an der linken (Alm-) DSB war dank der etwas \u00f6stlicheren Lage schon morgens leicht aufgeweicht. Sonderlich stark sulzte sie aber nicht auf, trotzdem war es an der anderen DSB nachmittags irgendwann besser.<\/p>\n<p><a href='http:\/\/ski.inmontanis.info\/d\/230977-2\/DSC05423.jpg'><img src=http:\/\/ski.inmontanis.info\/d\/230976-3\/DSC05423.jpg \/><\/a><br \/>\n^ Linke DSB<\/p>\n<p><a href='http:\/\/ski.inmontanis.info\/d\/230981-2\/DSC05424.jpg'><img src=http:\/\/ski.inmontanis.info\/d\/230980-3\/DSC05424.jpg \/><\/a><br \/>\n^ Blaue Abfahrt an der rechten (Gipfel-) DSB<\/p>\n<p><a href='http:\/\/ski.inmontanis.info\/d\/230985-2\/DSC05427.jpg'><img src=http:\/\/ski.inmontanis.info\/d\/230984-3\/DSC05427.jpg \/><\/a><br \/>\n^ Etwas Offpiste an der linken DSB, war aber stellenweise doch eher tiefer aufgeweicht, also eher so ein ungutes mal-so-mal-so und nicht so brauchbar wie in Pescegallo 2 Wochen zuvor.<\/p>\n<p><a href='http:\/\/ski.inmontanis.info\/d\/230989-2\/DSC05428.jpg'><img src=http:\/\/ski.inmontanis.info\/d\/230988-3\/DSC05428.jpg \/><\/a><br \/>\n^ Etwas Offpiste an der linken DSB<\/p>\n<p><a href='http:\/\/ski.inmontanis.info\/d\/230993-2\/DSC05429.jpg'><img src=http:\/\/ski.inmontanis.info\/d\/230992-3\/DSC05429.jpg \/><\/a><br \/>\n^ Etliche Paragleiter waren unterwegs und starteten oben am Gipfel, das ging den ganzen Tag so.<\/p>\n<p><a href='http:\/\/ski.inmontanis.info\/d\/230997-2\/DSC05431.jpg'><img src=http:\/\/ski.inmontanis.info\/d\/230996-3\/DSC05431.jpg \/><\/a><br \/>\n^ An der rechten DSB blieb die Abfahrt auch nachmittags noch recht gut<\/p>\n<p><a href='http:\/\/ski.inmontanis.info\/d\/231001-2\/DSC05434.jpg'><img src=http:\/\/ski.inmontanis.info\/d\/231000-3\/DSC05434.jpg \/><\/a><br \/>\n^ Noch besser war der Schnee nachmittags am unteren SL. Die Abfahrt von hier zur Alm-DSB war zwar offiziell gesperrt, sind aber au\u00dfer mir auch noch ein paar andere gefahren. Ging grad noch so. <\/p>\n<p><a href='http:\/\/ski.inmontanis.info\/d\/231005-2\/DSC05438.jpg'><img src=http:\/\/ski.inmontanis.info\/d\/231004-3\/DSC05438.jpg \/><\/a><br \/>\n^ Blick zum Walchsee<\/p>\n<p><a href='http:\/\/ski.inmontanis.info\/d\/231009-2\/DSC05440.jpg'><img src=http:\/\/ski.inmontanis.info\/d\/231008-3\/DSC05440.jpg \/><\/a><br \/>\n^ Der Ersatz-Parkplatz, wenn der an der Gondelbahn voll ist, ist ja echt selten d\u00e4mlich weit weg. Naja, vmtl. ist&#8217;s dann eh zu voll hier, dass man es sich schenken kann.<\/p>\n<p><a href='http:\/\/ski.inmontanis.info\/d\/231013-2\/ge20170402c.jpg'><img src=http:\/\/ski.inmontanis.info\/d\/231012-3\/ge20170402c.jpg \/><\/a><br \/>\n^ GPS-Track 2.4.2017. Hatte ich&#8217;s doch \u00fcber 5 Stunden heute hier oben ausgehalten.<\/p>\n<p>Fazit: Wieder ein netter Tag in K\u00f6ssen. Wobei ich diese Fr\u00fchjahrsverh\u00e4ltnisse und Fr\u00fchjahrsstimmung, wie man sie im Appennin oft schon ab Februar hat und wie man sie in Tirol eher im Unterland denn im Oberland findet, einfach mag. Endlich mal wieder ein fr\u00fchlingshafter Fr\u00fchling heuer. Trotzdem ist K\u00f6ssen im Fr\u00fchjahr nat\u00fcrlich sch\u00f6ner, so lang man zumindest auf Resten noch die Talabfahrt machen kann.<\/p>\n","protected":false},"excerpt":{"rendered":"<p>Nachdem es mir am Tag zuvor in St. Anton doch etwas zu voll war, zog ich es vor, am Sonntag, 2.4., ins Unterland zu fahren, wo ich mit etwas weniger Leute und somit besseren Firn-Pisten rechnete. In K\u00f6ssen (nur) gilt ja meine Saisonkarte, aber das ge\u00f6ffnete schien mir etwas zu wenig f\u00fcr den ganzen Tag <a href=\"http:\/\/blog.inmontanis.info\/?p=4290\">[&#8230;]<\/a><\/p>\n","protected":false},"author":1,"featured_media":0,"comment_status":"closed","ping_status":"closed","sticky":false,"template":"","format":"standard","meta":{"footnotes":""},"categories":[862,13,27],"tags":[39,38,47],"class_list":["post-4290","post","type-post","status-publish","format-standard","hentry","category-kossen","category-austria","category-skifahren-winterskiing-winter","tag-6eub","tag-dsb","tag-sl","odd"],"_links":{"self":[{"href":"http:\/\/blog.inmontanis.info\/index.php?rest_route=\/wp\/v2\/posts\/4290","targetHints":{"allow":["GET"]}}],"collection":[{"href":"http:\/\/blog.inmontanis.info\/index.php?rest_route=\/wp\/v2\/posts"}],"about":[{"href":"http:\/\/blog.inmontanis.info\/index.php?rest_route=\/wp\/v2\/types\/post"}],"author":[{"embeddable":true,"href":"http:\/\/blog.inmontanis.info\/index.php?rest_route=\/wp\/v2\/users\/1"}],"replies":[{"embeddable":true,"href":"http:\/\/blog.inmontanis.info\/index.php?rest_route=%2Fwp%2Fv2%2Fcomments&post=4290"}],"version-history":[{"count":3,"href":"http:\/\/blog.inmontanis.info\/index.php?rest_route=\/wp\/v2\/posts\/4290\/revisions"}],"predecessor-version":[{"id":4293,"href":"http:\/\/blog.inmontanis.info\/index.php?rest_route=\/wp\/v2\/posts\/4290\/revisions\/4293"}],"wp:attachment":[{"href":"http:\/\/blog.inmontanis.info\/index.php?rest_route=%2Fwp%2Fv2%2Fmedia&parent=4290"}],"wp:term":[{"taxonomy":"category","embeddable":true,"href":"http:\/\/blog.inmontanis.info\/index.php?rest_route=%2Fwp%2Fv2%2Fcategories&post=4290"},{"taxonomy":"post_tag","embeddable":true,"href":"http:\/\/blog.inmontanis.info\/index.php?rest_route=%2Fwp%2Fv2%2Ftags&post=4290"}],"curies":[{"name":"wp","href":"https:\/\/api.w.org\/{rel}","templated":true}]}}