{"id":4279,"date":"2017-03-29T23:00:42","date_gmt":"2017-03-29T21:00:42","guid":{"rendered":"http:\/\/blog.inmontanis.info\/?p=4279"},"modified":"2023-08-06T20:42:33","modified_gmt":"2023-08-06T18:42:33","slug":"kuhtai-nachtski-29-3-2017","status":"publish","type":"post","link":"http:\/\/blog.inmontanis.info\/?p=4279","title":{"rendered":"K\u00fchtai Nachtski, 29.3.2017"},"content":{"rendered":"<p>Leider konnte ich mich nach den 2 Nachtskitagen im Januar doch wieder nicht aufraffen, \u00f6fters mal Nachtskifahren zu gehen. Jetzt im Fr\u00fchjahr mit der Sommerzeit schaut die Sache wieder etwas anders aus. Es ist weniger kalt, der Schnee leider schlechter, aber man sieht abends noch bis nach 20 Uhr was und kann somit auch andere Abfahrtsst\u00fccke noch ohne Beleuchtung fahren und bekommt ggf. den Sonnenuntergang oder die Abendd\u00e4mmerung noch mit: Nach dem &#8220;Fjord&#8221;-Skifahren in Galt\u00fcr am vergangenen Samstag schon wieder ein bisschen Skandinavien- bzw. Nordrussland-Feeling. Leider nimmt das Angebot an ge\u00f6ffneten Nachtskigebieten im Fr\u00fchjahr rasch ab.<\/p>\n<p>Im K\u00fchtai hat man somit 3 Abfahrten zur Verf\u00fcgung, 2 davon unbeleuchtet, die ich auch sp\u00e4ter mit Stirnlampe noch gefahren bin.<\/p>\n<p>(Fotos anklicken zum Vergr\u00f6\u00dfern)<\/p>\n<p><a href='http:\/\/ski.inmontanis.info\/d\/230677-3\/ge20170326-29c.jpg'><img src=http:\/\/ski.inmontanis.info\/d\/230676-4\/ge20170326-29c.jpg \/><\/a><br \/>\n^ GPS-Track Nachtskifahren 29.3. in Blau<\/p>\n<p><a href='http:\/\/ski.inmontanis.info\/d\/230681-2\/DSC05268.jpg'><img src=http:\/\/ski.inmontanis.info\/d\/230680-3\/DSC05268.jpg \/><\/a><br \/>\n^ 4KSB Hochalter, die Beleuchtung w\u00e4re in Gegenrichtung sp\u00e4ter angenehmer, blendet doch ziemlich<\/p>\n<p><a href='http:\/\/ski.inmontanis.info\/d\/230685-2\/DSC05269.jpg'><img src=http:\/\/ski.inmontanis.info\/d\/230684-3\/DSC05269.jpg \/><\/a><br \/>\n^ Oberer Teil. Die rechte Abfahrt war abgesperrt, was ich heute mal respektiert hab, weil es die anderen nicht waren.<\/p>\n<p><a href='http:\/\/ski.inmontanis.info\/d\/230689-2\/DSC05270.jpg'><img src=http:\/\/ski.inmontanis.info\/d\/230688-3\/DSC05270.jpg \/><\/a><br \/>\n^ Dank Sommerzeit steht man um 19:30 Uhr noch nicht im Dunkeln, sondern sieht f\u00fcr ca. 1 Stunde was<\/p>\n<p><a href='http:\/\/ski.inmontanis.info\/d\/230693-2\/DSC05271.jpg'><img src=http:\/\/ski.inmontanis.info\/d\/230692-3\/DSC05271.jpg \/><\/a><br \/>\n^ Das Skifahren erinnert somit an Skigebiete hoch im Norden (Skandinavien \/ Russland) im Hochwinter, wo die Sonne nicht aufgeht und es so f\u00fcr ein paar Stunden ausschaut.<\/p>\n<p><a href='http:\/\/ski.inmontanis.info\/d\/230697-2\/DSC05272.jpg'><img src=http:\/\/ski.inmontanis.info\/d\/230696-3\/DSC05272.jpg \/><\/a><\/p>\n<p><a href='http:\/\/ski.inmontanis.info\/d\/230701-2\/DSC05274.jpg'><img src=http:\/\/ski.inmontanis.info\/d\/230700-3\/DSC05274.jpg \/><\/a><\/p>\n<p><a href='http:\/\/ski.inmontanis.info\/d\/230705-2\/DSC05276.jpg'><img src=http:\/\/ski.inmontanis.info\/d\/230704-3\/DSC05276.jpg \/><\/a><br \/>\n^ Wie schon gesagt, die rechte Au\u00dfenrumpiste war abgesperrt, aber die anderen 2 neben der Nachtskipiste netterweise nicht, so dass man sie anscheinend sogar fahren darf. Machte au\u00dfer mir aber selbst jetzt fast keiner. Sp\u00e4ter mit Licht war ich dann eh allein au\u00dfer einem Tourengeher, der aber die ganz rechte fuhr.<\/p>\n<p><a href='http:\/\/ski.inmontanis.info\/d\/230709-2\/DSC05278.jpg'><img src=http:\/\/ski.inmontanis.info\/d\/230708-3\/DSC05278.jpg \/><\/a><br \/>\n^ Oben liegen ein paar dicke Steine auf der Piste<\/p>\n<p><a href='http:\/\/ski.inmontanis.info\/d\/230713-2\/DSC05283.jpg'><img src=http:\/\/ski.inmontanis.info\/d\/230712-3\/DSC05283.jpg \/><\/a><br \/>\n^ Oberer Teil um 20:05 Uhr.<\/p>\n<p><a href='http:\/\/ski.inmontanis.info\/d\/230717-2\/DSC05284.jpg'><img src=http:\/\/ski.inmontanis.info\/d\/230716-3\/DSC05284.jpg \/><\/a><br \/>\n^ Abendd\u00e4mmerung mit Mond<\/p>\n<p><a href='http:\/\/ski.inmontanis.info\/d\/230721-2\/DSC05285.jpg'><img src=http:\/\/ski.inmontanis.info\/d\/230720-3\/DSC05285.jpg \/><\/a><br \/>\n^ Die mittlere, unbeleuchtete Abfahrt um 20:11 Uhr<\/p>\n<p><a href='http:\/\/ski.inmontanis.info\/d\/230725-2\/DSC05291.jpg'><img src=http:\/\/ski.inmontanis.info\/d\/230724-3\/DSC05291.jpg \/><\/a><br \/>\n^ Der Mond zeigte sich schlank und elegant &#8211; bevor er hinter den Bergen verschwand..<\/p>\n<p><a href='http:\/\/ski.inmontanis.info\/d\/230729-2\/DSC05294.jpg'><img src=http:\/\/ski.inmontanis.info\/d\/230728-3\/DSC05294.jpg \/><\/a><br \/>\n^ Nachtskipiste, Pr\u00e4paierung doch eher schlecht momentan<\/p>\n<p><a href='http:\/\/ski.inmontanis.info\/d\/230733-2\/DSC05297.jpg'><img src=http:\/\/ski.inmontanis.info\/d\/230732-3\/DSC05297.jpg \/><\/a><br \/>\n^ An der DSB gibt&#8217;s nach wie vor gratis Nachtski<\/p>\n<p><a href='http:\/\/ski.inmontanis.info\/d\/230737-2\/DSC05298.jpg'><img src=http:\/\/ski.inmontanis.info\/d\/230736-3\/DSC05298.jpg \/><\/a><br \/>\n^ Die mittlerweile hart gefrorene Pr\u00e4parierung ist bei solchen Abs\u00e4tzen allerdings mit Vorsicht zu meistern.<\/p>\n<p><a href='http:\/\/ski.inmontanis.info\/d\/230741-2\/DSC05303.jpg'><img src=http:\/\/ski.inmontanis.info\/d\/230740-3\/DSC05303.jpg \/><\/a><br \/>\n^ Mit Stirnlampe bin ich auch nach Sonnenuntergang noch die anderen beiden Abfahrten gefahren. (In dem Bereich wurde zwischenzeitlich mal pr\u00e4pariert, da wurde dann ein Warnschild aufgestellt, sp\u00e4ter durfte man wieder). <\/p>\n","protected":false},"excerpt":{"rendered":"<p>Leider konnte ich mich nach den 2 Nachtskitagen im Januar doch wieder nicht aufraffen, \u00f6fters mal Nachtskifahren zu gehen. Jetzt im Fr\u00fchjahr mit der Sommerzeit schaut die Sache wieder etwas anders aus. Es ist weniger kalt, der Schnee leider schlechter, aber man sieht abends noch bis nach 20 Uhr was und kann somit auch andere <a href=\"http:\/\/blog.inmontanis.info\/?p=4279\">[&#8230;]<\/a><\/p>\n","protected":false},"author":1,"featured_media":0,"comment_status":"closed","ping_status":"closed","sticky":false,"template":"","format":"standard","meta":{"footnotes":""},"categories":[903,25,13,27],"tags":[49,38,65],"class_list":["post-4279","post","type-post","status-publish","format-standard","hentry","category-kuhtai","category-noreport","category-austria","category-skifahren-winterskiing-winter","tag-4sb","tag-dsb","tag-nachtski","odd"],"_links":{"self":[{"href":"http:\/\/blog.inmontanis.info\/index.php?rest_route=\/wp\/v2\/posts\/4279","targetHints":{"allow":["GET"]}}],"collection":[{"href":"http:\/\/blog.inmontanis.info\/index.php?rest_route=\/wp\/v2\/posts"}],"about":[{"href":"http:\/\/blog.inmontanis.info\/index.php?rest_route=\/wp\/v2\/types\/post"}],"author":[{"embeddable":true,"href":"http:\/\/blog.inmontanis.info\/index.php?rest_route=\/wp\/v2\/users\/1"}],"replies":[{"embeddable":true,"href":"http:\/\/blog.inmontanis.info\/index.php?rest_route=%2Fwp%2Fv2%2Fcomments&post=4279"}],"version-history":[{"count":4,"href":"http:\/\/blog.inmontanis.info\/index.php?rest_route=\/wp\/v2\/posts\/4279\/revisions"}],"predecessor-version":[{"id":4283,"href":"http:\/\/blog.inmontanis.info\/index.php?rest_route=\/wp\/v2\/posts\/4279\/revisions\/4283"}],"wp:attachment":[{"href":"http:\/\/blog.inmontanis.info\/index.php?rest_route=%2Fwp%2Fv2%2Fmedia&parent=4279"}],"wp:term":[{"taxonomy":"category","embeddable":true,"href":"http:\/\/blog.inmontanis.info\/index.php?rest_route=%2Fwp%2Fv2%2Fcategories&post=4279"},{"taxonomy":"post_tag","embeddable":true,"href":"http:\/\/blog.inmontanis.info\/index.php?rest_route=%2Fwp%2Fv2%2Ftags&post=4279"}],"curies":[{"name":"wp","href":"https:\/\/api.w.org\/{rel}","templated":true}]}}