{"id":4268,"date":"2017-03-24T20:26:18","date_gmt":"2017-03-24T19:26:18","guid":{"rendered":"http:\/\/blog.inmontanis.info\/?p=4268"},"modified":"2023-08-05T21:20:01","modified_gmt":"2023-08-05T19:20:01","slug":"rosshutte-24-3-2017","status":"publish","type":"post","link":"http:\/\/blog.inmontanis.info\/?p=4268","title":{"rendered":"Rossh\u00fctte, 24.3.2017"},"content":{"rendered":"<p>Am Fr, 24.3.2017, nahm ich mir mal wieder nachmittags 1,5 St\u00fcndchen frei &#8211; mit der Mittagspause machen das dann 2,5 Std. und somit Arbeitsschluss um 13 Uhr. Wollte in die Lizum fahren. An der letzten Kehre, also gegen 14 Uhr, nochmal ein Check, ob ich die Saisonkarte einstecken hab &#8211; Mist. Jedesmal kontrolier ich das sonst daheim. Hatte sie mir gestern extra so in die Jacke gesteckt, dass sie nicht ganz drin steckt und ich sie sehe, wenn ich mich f\u00fcr die falsche Jacke entscheiden sollte. Aber beim Anziehen muss sie mir rausgeflogen sein.<\/p>\n<p>Zur\u00fcck nach Hause und .. nochmal zur Lizum lohnt sich nicht, dann also zur Rossh\u00fctte, die ist einerseits etwas schneller erreichbar, andererseits laufen hier die Lifte bis 16:15 \/ 16:30, so dass ich wenigstens noch etwas mehr als 1,5 Stunden Skifahren konnte. Da bin ich dann auch alle noch ge\u00f6ffneten Lifte und Abfahrten (mit Ausnahme der H\u00e4rmelekopf-PB und der Nachtskipiste) gefahren, sogar eine der mittlerweile geschlossenen Talabfahrten ging sich zum Schluss noch aus.<\/p>\n<p>Insofern also nicht schlecht gewesen.<\/p>\n<p><a href='http:\/\/ski.inmontanis.info\/d\/230253-2\/DSC05064.jpg'><img src=http:\/\/ski.inmontanis.info\/d\/230252-3\/DSC05064.jpg \/><\/a><br \/>\n^ 6KSB, PB, SSB etc.<\/p>\n<p><a href='http:\/\/ski.inmontanis.info\/d\/230257-2\/DSC05065.jpg'><img src=http:\/\/ski.inmontanis.info\/d\/230256-3\/DSC05065.jpg \/><\/a><br \/>\n^ Talpano<\/p>\n<p><a href='http:\/\/ski.inmontanis.info\/d\/230261-2\/DSC05069.jpg'><img src=http:\/\/ski.inmontanis.info\/d\/230260-3\/DSC05069.jpg \/><\/a><br \/>\n^ Joch-PB<\/p>\n<p><a href='http:\/\/ski.inmontanis.info\/d\/230265-2\/DSC05070.jpg'><img src=http:\/\/ski.inmontanis.info\/d\/230264-3\/DSC05070.jpg \/><\/a><br \/>\n^ Joch-PB Bergstation<\/p>\n<p><a href='http:\/\/ski.inmontanis.info\/d\/230269-2\/DSC05072.jpg'><img src=http:\/\/ski.inmontanis.info\/d\/230268-3\/DSC05072.jpg \/><\/a><br \/>\n^ Joch-PB Bergstation<\/p>\n<p><a href='http:\/\/ski.inmontanis.info\/d\/230273-2\/DSC05074.jpg'><img src=http:\/\/ski.inmontanis.info\/d\/230272-3\/DSC05074.jpg \/><\/a><br \/>\n^ Die rote Talabfahrt wg. Schneemangels gesperrt, die blaue offen und ausgerechnet jetzt im Fr\u00fchjahr, wenn man den Seillift hier am n\u00f6tigsten br\u00e4uchte (weil Schnee bremsig) ist der schon abgebaut!! Ja geht&#8217;s noch?!<\/p>\n<p><a href='http:\/\/ski.inmontanis.info\/d\/230277-2\/DSC05075.jpg'><img src=http:\/\/ski.inmontanis.info\/d\/230276-3\/DSC05075.jpg \/><\/a><br \/>\n^ Talabfahrt unten<\/p>\n<p><a href='http:\/\/ski.inmontanis.info\/d\/230281-2\/DSC05076.jpg'><img src=http:\/\/ski.inmontanis.info\/d\/230280-3\/DSC05076.jpg \/><\/a><br \/>\n^ Talabfahrt Ende<\/p>\n<p><a href='http:\/\/ski.inmontanis.info\/d\/230285-2\/DSC05078.jpg'><img src=http:\/\/ski.inmontanis.info\/d\/230284-3\/DSC05078.jpg \/><\/a><br \/>\n^ So eine letzte SSB-Fahrt bringt immer mal wieder eine \u00dcberraschung ..<\/p>\n<p><a href='http:\/\/ski.inmontanis.info\/d\/230289-2\/DSC05080.jpg'><img src=http:\/\/ski.inmontanis.info\/d\/230288-3\/DSC05080.jpg \/><\/a><br \/>\n^ .. und zwar werden hier mal eben Pl\u00e4tze getauscht, \u00fcbrigens ohne anzuhalten, die Bahn fuhr langsam weiter!<\/p>\n<p><a href='http:\/\/ski.inmontanis.info\/d\/230293-2\/DSC05082.jpg'><img src=http:\/\/ski.inmontanis.info\/d\/230292-3\/DSC05082.jpg \/><\/a><br \/>\n^ Die gesperrte rote 6KSB\/Talabfahrt<\/p>\n<p><a href='http:\/\/ski.inmontanis.info\/d\/230297-2\/DSC05083.jpg'><img src=http:\/\/ski.inmontanis.info\/d\/230296-3\/DSC05083.jpg \/><\/a><br \/>\n^ Die gesperrte rote 6KSB\/Talabfahrt &#8211; und hier ist auch der Grund, der s\u00fcdlich ausgerichtete Hang wurde zu sp\u00e4rlich beschneit.<\/p>\n","protected":false},"excerpt":{"rendered":"<p>Am Fr, 24.3.2017, nahm ich mir mal wieder nachmittags 1,5 St\u00fcndchen frei &#8211; mit der Mittagspause machen das dann 2,5 Std. und somit Arbeitsschluss um 13 Uhr. Wollte in die Lizum fahren. An der letzten Kehre, also gegen 14 Uhr, nochmal ein Check, ob ich die Saisonkarte einstecken hab &#8211; Mist. Jedesmal kontrolier ich das <a href=\"http:\/\/blog.inmontanis.info\/?p=4268\">[&#8230;]<\/a><\/p>\n","protected":false},"author":1,"featured_media":0,"comment_status":"closed","ping_status":"closed","sticky":false,"template":"","format":"standard","meta":{"footnotes":""},"categories":[25,13,843],"tags":[56,52,46],"class_list":["post-4268","post","type-post","status-publish","format-standard","hentry","category-noreport","category-austria","category-seefeld","tag-6sb","tag-pb","tag-ssb","odd"],"_links":{"self":[{"href":"http:\/\/blog.inmontanis.info\/index.php?rest_route=\/wp\/v2\/posts\/4268","targetHints":{"allow":["GET"]}}],"collection":[{"href":"http:\/\/blog.inmontanis.info\/index.php?rest_route=\/wp\/v2\/posts"}],"about":[{"href":"http:\/\/blog.inmontanis.info\/index.php?rest_route=\/wp\/v2\/types\/post"}],"author":[{"embeddable":true,"href":"http:\/\/blog.inmontanis.info\/index.php?rest_route=\/wp\/v2\/users\/1"}],"replies":[{"embeddable":true,"href":"http:\/\/blog.inmontanis.info\/index.php?rest_route=%2Fwp%2Fv2%2Fcomments&post=4268"}],"version-history":[{"count":2,"href":"http:\/\/blog.inmontanis.info\/index.php?rest_route=\/wp\/v2\/posts\/4268\/revisions"}],"predecessor-version":[{"id":4270,"href":"http:\/\/blog.inmontanis.info\/index.php?rest_route=\/wp\/v2\/posts\/4268\/revisions\/4270"}],"wp:attachment":[{"href":"http:\/\/blog.inmontanis.info\/index.php?rest_route=%2Fwp%2Fv2%2Fmedia&parent=4268"}],"wp:term":[{"taxonomy":"category","embeddable":true,"href":"http:\/\/blog.inmontanis.info\/index.php?rest_route=%2Fwp%2Fv2%2Fcategories&post=4268"},{"taxonomy":"post_tag","embeddable":true,"href":"http:\/\/blog.inmontanis.info\/index.php?rest_route=%2Fwp%2Fv2%2Ftags&post=4268"}],"curies":[{"name":"wp","href":"https:\/\/api.w.org\/{rel}","templated":true}]}}