{"id":4259,"date":"2017-03-19T06:43:35","date_gmt":"2017-03-19T05:43:35","guid":{"rendered":"http:\/\/blog.inmontanis.info\/?p=4259"},"modified":"2023-01-25T20:40:27","modified_gmt":"2023-01-25T19:40:27","slug":"pescegallo-19-3-2017","status":"publish","type":"post","link":"http:\/\/blog.inmontanis.info\/?p=4259","title":{"rendered":"Pescegallo, 19.3.2017"},"content":{"rendered":"<p>Nach dem bereits erw\u00e4hnten Fr\u00fchst\u00fcck ging es so gegen 8:30 Uhr vom 0-Sterne-Hotel wieder weg, die (teils nervige) Hauptstra\u00dfe im Veltlin vor richtung Comer See und davor in das Valgerola nach S\u00fcden. Die Stra\u00dfe ist teilweise nett schmal &#8211; so wie man es halt von vielen italienischen T\u00e4lern kennt. (Leider war die Dashcam noch voll, daher die Fahrt nicht aufgenommen.)<\/p>\n<p>Im Skigebiet angekommen war der Parkplatz schon gut gef\u00fcllt, aber es gab noch einige Pl\u00e4tze, insb. f\u00fcr so ein kurzes Auto wie meines. Tageskarte kostet am Wochenende g\u00fcnstige 19,- \u20ac (unter der Woche 12,-), daf\u00fcr bekommt man eine DSB von Graffer und wohl einen SL von Marchisio daf\u00fcr (wie es auch der Vorg\u00e4nger der DSB, ein ESL, gewesen sein d\u00fcrfte) &#8211; mit einem Fragezeichen deshalb, da ja egtl. Sacif hier in der N\u00e4he (Sondrio) seinen Sitz hat und die Sacif-Lifte teils recht \u00e4hnlich den Marchisios aussehen &#8211; oder damals vielleicht irgendwie kooperiert hatten &#8211; na wie auch immer.<\/p>\n<p>Als ich im April 2012 schon mal da war, konnte ich bekanntlich die ganzen Talabfahrten und Varianten nicht ausgiebig fahren, und genau das ist hier das interessanteste, wie sich heute zeigte. Der SL oben ist ja relativ flach, bietet aber immerhin einige Offpiste-Vari\u00e4ntchen. Die DSB dagegen hat zwei steile Abfahrten, eine schwarz, die andere rot, wobei insb. die rote nett trassiert ist. Dazu gibt es etliche Offpiste-Varianten von mittelschwer bis schwer, Steilrinnen, Waldrinnen, Bachrinnen &#8211; wenn der Schnee passt, kann man hier problemlos einen Tag lang Spa\u00df haben.<\/p>\n<p>Der Schnee war heute dank der warmen Termperaturen bereits von Beginn an sch\u00f6n weich, wurde abschnittsweise mal etwas bremsiger, aber nicht so schlimm wie gestern. Die Waldvarianten unten waren h\u00e4rter und besser, ansonsten war der Schnee offpiste teils recht nass und weich, man konnte aber noch seine Schw\u00fcnge ziehen, auch wenn es etwas mehr Kraft kostete. <\/p>\n<p>Ich bin ja egtl. kein Fan von Kessel-Skigebieten (wie z.B. Pila), weil eingeschr\u00e4nktes Pano, aber so wie dieses Skigebiet in einer schmalen, steilen Talsohle, mag ich seit dem Besuch \u00e4hnlicher Skigebiete in Spanien und Russland mittlerweile auch ganz gern.<\/p>\n<p>(Fotos anklicken zum Vergr\u00f6\u00dfern)<\/p>\n<p><a href='http:\/\/ski.inmontanis.info\/d\/230013-2\/DSC04921.jpg'><img src=http:\/\/ski.inmontanis.info\/d\/230012-3\/DSC04921.jpg \/><\/a><br \/>\n^ Auffahrt Valgerola<\/p>\n<p><a href='http:\/\/ski.inmontanis.info\/d\/230017-2\/DSC04924.jpg'><img src=http:\/\/ski.inmontanis.info\/d\/230016-3\/DSC04924.jpg \/><\/a><br \/>\n^ Valgerola<\/p>\n<p><a href='http:\/\/ski.inmontanis.info\/d\/230021-2\/DSC04927.jpg'><img src=http:\/\/ski.inmontanis.info\/d\/230020-3\/DSC04927.jpg \/><\/a><br \/>\n^ Neue Br\u00fccke im Bau<\/p>\n<p><a href='http:\/\/ski.inmontanis.info\/d\/230025-2\/DSC04930.jpg'><img src=http:\/\/ski.inmontanis.info\/d\/230024-3\/DSC04930.jpg \/><\/a><br \/>\n^ .. die alte Br\u00fccke<\/p>\n<p><a href='http:\/\/ski.inmontanis.info\/d\/230029-2\/DSC04932.jpg'><img src=http:\/\/ski.inmontanis.info\/d\/230028-3\/DSC04932.jpg \/><\/a><br \/>\n^ Br\u00fcckenbau<\/p>\n<p><a href='http:\/\/ski.inmontanis.info\/d\/230033-2\/DSC04934.jpg'><img src=http:\/\/ski.inmontanis.info\/d\/230032-3\/DSC04934.jpg \/><\/a><br \/>\n^ Gerola Alta, hinten die Kraftwerks-PB<\/p>\n<p><a href='http:\/\/ski.inmontanis.info\/d\/230037-2\/DSC04938.jpg'><img src=http:\/\/ski.inmontanis.info\/d\/230036-3\/DSC04938.jpg \/><\/a><br \/>\n^ DSB und Abfahrten, schwarz links, rot rechts<\/p>\n<p><a href='http:\/\/ski.inmontanis.info\/d\/230041-2\/DSC04940.jpg'><img src=http:\/\/ski.inmontanis.info\/d\/230040-3\/DSC04940.jpg \/><\/a><br \/>\n^ DSB Talstation (Graffer)<\/p>\n<p><a href='http:\/\/ski.inmontanis.info\/d\/230045-2\/DSC04941.jpg'><img src=http:\/\/ski.inmontanis.info\/d\/230044-3\/DSC04941.jpg \/><\/a><br \/>\n^ Parkplatz, bissl zu klein heute<\/p>\n<p><a href='http:\/\/ski.inmontanis.info\/d\/230049-2\/DSC04955.jpg'><img src=http:\/\/ski.inmontanis.info\/d\/230048-3\/DSC04955.jpg \/><\/a><br \/>\n^ Auffahrt mit der steilen DSB<\/p>\n<p><a href='http:\/\/ski.inmontanis.info\/d\/230053-2\/DSC04965.jpg'><img src=http:\/\/ski.inmontanis.info\/d\/230052-3\/DSC04965.jpg \/><\/a><br \/>\n^ Blick von der roten Talabfahrt zum SL<\/p>\n<p><a href='http:\/\/ski.inmontanis.info\/d\/230057-2\/DSC04967.jpg'><img src=http:\/\/ski.inmontanis.info\/d\/230056-3\/DSC04967.jpg \/><\/a><br \/>\n^ Rote Talabfahrt, im Gegensatz zur schwarzen auch weniger Z\u00e4une und nett geschwungen trassiert.<\/p>\n<p><a href='http:\/\/ski.inmontanis.info\/d\/230061-2\/DSC04968.jpg'><img src=http:\/\/ski.inmontanis.info\/d\/230060-3\/DSC04968.jpg \/><\/a><br \/>\n^ Rote Talabfahrt<\/p>\n<p><a href='http:\/\/ski.inmontanis.info\/d\/230065-2\/DSC04969.jpg'><img src=http:\/\/ski.inmontanis.info\/d\/230064-3\/DSC04969.jpg \/><\/a><br \/>\n^ Rote Talabfahrt, hinten die schwarze<\/p>\n<p><a href='http:\/\/ski.inmontanis.info\/d\/230069-2\/DSC04973.jpg'><img src=http:\/\/ski.inmontanis.info\/d\/230068-3\/DSC04973.jpg \/><\/a><br \/>\n^ Diagonale, schmale Rinne als Abk\u00fcrzung zur schwarzen Abfahrt, steil aber nicht so schmal und eher kurz &#8211; bin ich sp\u00e4ter noch 2x gefahren.<\/p>\n<p><a href='http:\/\/ski.inmontanis.info\/d\/230073-2\/DSC04974.jpg'><img src=http:\/\/ski.inmontanis.info\/d\/230072-3\/DSC04974.jpg \/><\/a><br \/>\n^ Links der schwarzen Abfahrt (bergw\u00e4rts betrachtet) gibt es noch einen freien Hang, evtl. eine fr\u00fchere Abfahrt?!<\/p>\n<p><a href='http:\/\/ski.inmontanis.info\/d\/230077-2\/DSC04975.jpg'><img src=http:\/\/ski.inmontanis.info\/d\/230076-3\/DSC04975.jpg \/><\/a><br \/>\n^ Besagter linker Hang endet an einem Weg, der zur\u00fcck zur DSB f\u00fchrt<\/p>\n<p><a href='http:\/\/ski.inmontanis.info\/d\/230081-2\/DSC04976.jpg'><img src=http:\/\/ski.inmontanis.info\/d\/230080-3\/DSC04976.jpg \/><\/a><br \/>\n^ .. und von besagtem Weg nach oben fotografiert.<\/p>\n<p><a href='http:\/\/ski.inmontanis.info\/d\/230085-2\/DSC04978.jpg'><img src=http:\/\/ski.inmontanis.info\/d\/230084-3\/DSC04978.jpg \/><\/a><br \/>\n^ Rechts der DSB f\u00fchrt die rote Abfahrt und ein blauer Skiweg in Serpentinen ins Tal; dieser hat immer wieder mal Offpiste-Abk\u00fcrzungsm\u00f6glichkeiten<\/p>\n<p><a href='http:\/\/ski.inmontanis.info\/d\/230089-2\/DSC04980.jpg'><img src=http:\/\/ski.inmontanis.info\/d\/230088-3\/DSC04980.jpg \/><\/a><br \/>\n^ DSB und schwarze Abfahrt<\/p>\n<p><a href='http:\/\/ski.inmontanis.info\/d\/230093-2\/DSC04983.jpg'><img src=http:\/\/ski.inmontanis.info\/d\/230092-3\/DSC04983.jpg \/><\/a><br \/>\n^ Offpiste-Variante direkt rechts der DSB, fuhr ich heute nicht<\/p>\n<p><a href='http:\/\/ski.inmontanis.info\/d\/230097-2\/DSC04988.jpg'><img src=http:\/\/ski.inmontanis.info\/d\/230096-3\/DSC04988.jpg \/><\/a><br \/>\n^ Blick von der DSB nahe Bergstation zum Skiweg und der roten Abfahrt, die hinter dem Strommasten ist<\/p>\n<p><a href='http:\/\/ski.inmontanis.info\/d\/230101-2\/DSC04992.jpg'><img src=http:\/\/ski.inmontanis.info\/d\/230100-3\/DSC04992.jpg \/><\/a><br \/>\n^ Man darf den SL in H\u00f6he der DSB-Bergstation und darunter nicht queren; stellt einen Zaun auf, l\u00e4sst eine L\u00fccke im Zaum (zum queren?!) &#8211; und stellt ein Verbotsschild davor; alternativ zum Queren muss man etwas aufsteigen links bis zur St\u00fctze &#8211; typisch unverst\u00e4ndliches Italien.<\/p>\n<p><a href='http:\/\/ski.inmontanis.info\/d\/230105-2\/DSC04993.jpg'><img src=http:\/\/ski.inmontanis.info\/d\/230104-3\/DSC04993.jpg \/><\/a><br \/>\n^ Offpiste zwischen SL-Talstation und blauem Skiweg; die Bach-Rinne rechts hab ich mich doch nicht fahren trauen.<\/p>\n<p><a href='http:\/\/ski.inmontanis.info\/d\/230109-2\/DSC04995.jpg'><img src=http:\/\/ski.inmontanis.info\/d\/230108-3\/DSC04995.jpg \/><\/a><br \/>\n^ Blick vom Skiweg in die Zufahrt zur Bachrinne<\/p>\n<p><a href='http:\/\/ski.inmontanis.info\/d\/230113-2\/DSC04998.jpg'><img src=http:\/\/ski.inmontanis.info\/d\/230112-3\/DSC04998.jpg \/><\/a><br \/>\n^ Die diagonale Abk\u00fcrzungsrinne zur schwarzen Talabfahrt. Schaut doch breit genug aus, so dass ich mich das mal fahren trauen werde.<\/p>\n<p><a href='http:\/\/ski.inmontanis.info\/d\/230117-2\/DSC04999.jpg'><img src=http:\/\/ski.inmontanis.info\/d\/230116-3\/DSC04999.jpg \/><\/a><br \/>\n^ SL hatte meist etwas Wartezeiten, so dass ich ihn vermehrt erst zum Schluss gefahren bin<\/p>\n<p><a href='http:\/\/ski.inmontanis.info\/d\/230121-2\/DSC05004.jpg'><img src=http:\/\/ski.inmontanis.info\/d\/230120-3\/DSC05004.jpg \/><\/a><br \/>\n^ Variante rechts der roten Talabfahrt mit Blick zu Talstation und Parkplatz<\/p>\n<p><a href='http:\/\/ski.inmontanis.info\/d\/230125-2\/DSC05007.jpg'><img src=http:\/\/ski.inmontanis.info\/d\/230124-3\/DSC05007.jpg \/><\/a><br \/>\n^ Wieder links der schwarzen Abfahrt mit Blick zur schwarzen und roten Abfahrt<\/p>\n<p><a href='http:\/\/ski.inmontanis.info\/d\/230129-2\/DSC05010.jpg'><img src=http:\/\/ski.inmontanis.info\/d\/230128-3\/DSC05010.jpg \/><\/a><br \/>\n^ DSB und rechts die Bachrinne. Waren zwar etliche alte Spuren drin, hab heute aber keinen fahren sehen. Wollt ich nicht alleine ausprobieren..<\/p>\n<p><a href='http:\/\/ski.inmontanis.info\/d\/230133-2\/DSC05015.jpg'><img src=http:\/\/ski.inmontanis.info\/d\/230132-3\/DSC05015.jpg \/><\/a><br \/>\n^ Rechts des SL gab es eine pr\u00e4parierte Spur, die auch nachmittags von kaum jemand befahren wurde &#8211; umso besser war hier der Schnee<\/p>\n<p><a href='http:\/\/ski.inmontanis.info\/d\/230137-2\/DSC05016.jpg'><img src=http:\/\/ski.inmontanis.info\/d\/230136-3\/DSC05016.jpg \/><\/a><br \/>\n^ SL Talstation, DSB Bergstation, Rifugio und dar\u00fcber die ehemalige ESL-Bergstation<\/p>\n<p><a href='http:\/\/ski.inmontanis.info\/d\/230141-2\/DSC05017.jpg'><img src=http:\/\/ski.inmontanis.info\/d\/230140-3\/DSC05017.jpg \/><\/a><br \/>\n^ Ex-ESL-Bergstation<\/p>\n<p>Hier ein altes Bild vom ESL:<br \/>\n<a href='https:\/\/images-01.delcampe-static.net\/img_large\/auction\/000\/399\/928\/123_001.jpg'>https:\/\/images-01.delcampe-static.net\/img_large\/auction\/000\/399\/928\/123_001.jpg<\/a><\/p>\n<p><a href='http:\/\/ski.inmontanis.info\/d\/230145-2\/DSC05018.jpg'><img src=http:\/\/ski.inmontanis.info\/d\/230144-3\/DSC05018.jpg \/><\/a><br \/>\n^ SL etc.<\/p>\n<p><a href='http:\/\/ski.inmontanis.info\/d\/230149-2\/DSC05020.jpg'><img src=http:\/\/ski.inmontanis.info\/d\/230148-3\/DSC05020.jpg \/><\/a><br \/>\n^ Der ESL verlief an der schwarzen Abfahrt<\/p>\n<p><a href='http:\/\/ski.inmontanis.info\/d\/230153-2\/DSC05022.jpg'><img src=http:\/\/ski.inmontanis.info\/d\/230152-3\/DSC05022.jpg \/><\/a><br \/>\n^ Diese steile Waldrinne ist eine Abk\u00fcrzung am blauen Skiweg<\/p>\n<p><a href='http:\/\/ski.inmontanis.info\/d\/230157-2\/DSC05023.jpg'><img src=http:\/\/ski.inmontanis.info\/d\/230156-3\/DSC05023.jpg \/><\/a><br \/>\n^ In der steilen Waldrinne<\/p>\n<p><a href='http:\/\/ski.inmontanis.info\/d\/230161-2\/DSC05027.jpg'><img src=http:\/\/ski.inmontanis.info\/d\/230160-3\/DSC05027.jpg \/><\/a><br \/>\n^ Die steile Waldrinne von unten. Der Ausgang war etwas schwieriger, aber sonst gut.<\/p>\n<p><a href='http:\/\/ski.inmontanis.info\/d\/230165-2\/DSC05028.jpg'><img src=http:\/\/ski.inmontanis.info\/d\/230164-3\/DSC05028.jpg \/><\/a><br \/>\n^ Rote Talabfahrt. Da links gehen ein paar Spuren in den Wald, denen ich gefolgt bin &#8211; da war der Schnee besser.<\/p>\n<p><a href='http:\/\/ski.inmontanis.info\/d\/230169-2\/DSC05029.jpg'><img src=http:\/\/ski.inmontanis.info\/d\/230168-3\/DSC05029.jpg \/><\/a><br \/>\n^ Im Wald rechts au\u00dfen<\/p>\n<p><a href='http:\/\/ski.inmontanis.info\/d\/230173-2\/DSC05030.jpg'><img src=http:\/\/ski.inmontanis.info\/d\/230172-3\/DSC05030.jpg \/><\/a><br \/>\n^ Im Wald rechts au\u00dfen &#8211; da gibt&#8217;s sogar einige offenere Schneisen<\/p>\n<p><a href='http:\/\/ski.inmontanis.info\/d\/230177-2\/DSC05032.jpg'><img src=http:\/\/ski.inmontanis.info\/d\/230176-3\/DSC05032.jpg \/><\/a><br \/>\n^ Die kurze, steile Diagonal-Rinne zur schwarzen Abfahrt, bin ich schlussendlich 2x gefahren, aber Kurve f\u00fcr Kurve, langsam. Bin ja nicht so der Steilrinnen-Fan<\/p>\n<p><a href='http:\/\/ski.inmontanis.info\/d\/230181-2\/DSC05033.jpg'><img src=http:\/\/ski.inmontanis.info\/d\/230180-3\/DSC05033.jpg \/><\/a><br \/>\n^ Blick von der DSB zur roten Talabfahrt<\/p>\n<p><a href='http:\/\/ski.inmontanis.info\/d\/230185-2\/DSC05034.jpg'><img src=http:\/\/ski.inmontanis.info\/d\/230184-3\/DSC05034.jpg \/><\/a><br \/>\n^ Leider gibt&#8217;s vom SL aus ja keinen pr\u00e4parierten Weg r\u00fcber zum Sattel \/ Joch und damit zum Blick nach S\u00fcden, sonst w\u00e4r ich evtl. rauf gegangen<\/p>\n<p><a href='http:\/\/ski.inmontanis.info\/d\/230189-2\/DSC05035.jpg'><img src=http:\/\/ski.inmontanis.info\/d\/230188-3\/DSC05035.jpg \/><\/a><br \/>\n^ Rechte Au\u00dfen-Variante<\/p>\n<p><a href='http:\/\/ski.inmontanis.info\/d\/230193-2\/DSC05037.jpg'><img src=http:\/\/ski.inmontanis.info\/d\/230192-3\/DSC05037.jpg \/><\/a><br \/>\n^ Rechte Au\u00dfen-Variante mit Blick zur roten und dahinter schwarzen Talabfahrt<\/p>\n<p><a href='http:\/\/ski.inmontanis.info\/d\/230197-2\/DSC05040.jpg'><img src=http:\/\/ski.inmontanis.info\/d\/230196-3\/DSC05040.jpg \/><\/a><br \/>\n^ In Bildmitte ist oben der Stausee, dort gehen die meisten Tourengeher hinauf<\/p>\n<p><a href='http:\/\/ski.inmontanis.info\/d\/230201-2\/DSC05042.jpg'><img src=http:\/\/ski.inmontanis.info\/d\/230200-3\/DSC05042.jpg \/><\/a><br \/>\n^ Rechte Au\u00dfen-Variante (fr\u00fcher hier evtl. auch als Abfahrt ausgezeichnet?), unten schon die rote Abfahrt bzw. die DSB-Talstation zu sehen<\/p>\n<p><a href='http:\/\/ski.inmontanis.info\/d\/230205-2\/DSC05044.jpg'><img src=http:\/\/ski.inmontanis.info\/d\/230204-3\/DSC05044.jpg \/><\/a><br \/>\n^ Nachmittags wurde es noch richtig sonnig; hier die schwarze Talabfahrt<\/p>\n<p><a href='http:\/\/ski.inmontanis.info\/d\/230209-2\/DSC05046.jpg'><img src=http:\/\/ski.inmontanis.info\/d\/230208-3\/DSC05046.jpg \/><\/a><br \/>\n^ DSB und SL, der nachmittags dann auch endlich mal etwas leerer war<\/p>\n<p><a href='http:\/\/ski.inmontanis.info\/d\/230213-2\/DSC05047.jpg'><img src=http:\/\/ski.inmontanis.info\/d\/230212-3\/DSC05047.jpg \/><\/a><br \/>\n^ SL Bergstation mit interessantem Aushang im Fenster: Vietato fare curve od altre acrobazie durante la salita<\/p>\n<p><a href='http:\/\/ski.inmontanis.info\/d\/230217-2\/DSC05048.jpg'><img src=http:\/\/ski.inmontanis.info\/d\/230216-3\/DSC05048.jpg \/><\/a><br \/>\n^ Linke SL-Abfahrt<\/p>\n<p><a href='http:\/\/ski.inmontanis.info\/d\/230221-2\/DSC05049.jpg'><img src=http:\/\/ski.inmontanis.info\/d\/230220-3\/DSC05049.jpg \/><\/a><br \/>\n^ Weg zur schwarzen Talabfahrt (wenn man die Diagonale Rinne nicht fahren will)<\/p>\n<p><a href='http:\/\/ski.inmontanis.info\/d\/230225-2\/DSC05050.jpg'><img src=http:\/\/ski.inmontanis.info\/d\/230224-3\/DSC05050.jpg \/><\/a><br \/>\n^ Schwarze Talabfahrt<\/p>\n<p><a href='http:\/\/ski.inmontanis.info\/d\/230229-2\/ge20170319b.jpg'><img src=http:\/\/ski.inmontanis.info\/d\/230228-3\/ge20170319b.jpg \/><\/a><br \/>\n^ GPS-Track 19.3.2017, dank der Varianten genug Stoff f\u00fcr einen Tag Spa\u00df. Wie gesagt h\u00e4tte es noch 2 Varianten direkt rechts der DSB oben gegeben, die ich nicht gefahren bin<\/p>\n<p><a href='http:\/\/ski.inmontanis.info\/d\/230233-2\/ge20170319d.jpg'><img src=http:\/\/ski.inmontanis.info\/d\/230232-3\/ge20170319d.jpg \/><\/a><br \/>\n^ Gr\u00f6\u00dfere Lage des Skigebiets .. da bekomm ich doch eine Idee..<\/p>\n<p><a href='http:\/\/ski.inmontanis.info\/d\/230237-2\/ge20170319h.jpg'><img src=http:\/\/ski.inmontanis.info\/d\/230236-3\/ge20170319h.jpg \/><\/a><br \/>\n^ .. und hab mal 3 m\u00f6gliche DSBs zur Erweiterung des Skigebiets eingezeichnet, die aber wohl nie kommen werden<\/p>\n<p><a href='http:\/\/ski.inmontanis.info\/d\/230241-2\/DSC05055.jpg'><img src=http:\/\/ski.inmontanis.info\/d\/230240-3\/DSC05055.jpg \/><\/a><br \/>\n^ Da vorne wieder die Kraftwerks-PB<\/p>\n<p><a href='http:\/\/ski.inmontanis.info\/d\/230245-2\/DSC05057.jpg'><img src=http:\/\/ski.inmontanis.info\/d\/230244-3\/DSC05057.jpg \/><\/a><br \/>\n^ Kraftwerks-PB in Gerola Alta<\/p>\n<p><a href='http:\/\/ski.inmontanis.info\/d\/230249-2\/DSC05054.jpg'><img src=http:\/\/ski.inmontanis.info\/d\/230248-3\/DSC05054.jpg \/><\/a><br \/>\n^ Keine Ahnung, ob das dieses WE, daheim oder auf der Sizilien-Reise passiert ist &#8211; aber man kann wohl heutzutage nicht erwarten, dass man ein neues Auto mehr als 13.000 km fahren kann bevor nicht irgend so ein A-loch einem beim Parken mit seiner T\u00fcr den Lack abkratzt<\/p>\n<p>Fazit: Wenn der Schnee passt, k\u00f6nnte ich mir sogar einen weiteren Besuch hier vorstellen.<\/p>\n<p>Danach ging&#8217;s \u00fcber den Maloja wieder heim und weil noch Zeit war, ein kurzer Abstecher nach Samnaun zum Tanken und Essen (ihr k\u00f6nnt euch denken, was ;) ).<\/p>\n","protected":false},"excerpt":{"rendered":"<p>Nach dem bereits erw\u00e4hnten Fr\u00fchst\u00fcck ging es so gegen 8:30 Uhr vom 0-Sterne-Hotel wieder weg, die (teils nervige) Hauptstra\u00dfe im Veltlin vor richtung Comer See und davor in das Valgerola nach S\u00fcden. Die Stra\u00dfe ist teilweise nett schmal &#8211; so wie man es halt von vielen italienischen T\u00e4lern kennt. (Leider war die Dashcam noch voll, <a href=\"http:\/\/blog.inmontanis.info\/?p=4259\">[&#8230;]<\/a><\/p>\n","protected":false},"author":1,"featured_media":0,"comment_status":"closed","ping_status":"closed","sticky":false,"template":"","format":"standard","meta":{"footnotes":""},"categories":[15,217,81],"tags":[38,91,80,52,47],"class_list":["post-4259","post","type-post","status-publish","format-standard","hentry","category-italienitaly","category-pescegallo","category-kurztrips","tag-dsb","tag-graffer","tag-marchisio","tag-pb","tag-sl","odd"],"_links":{"self":[{"href":"http:\/\/blog.inmontanis.info\/index.php?rest_route=\/wp\/v2\/posts\/4259","targetHints":{"allow":["GET"]}}],"collection":[{"href":"http:\/\/blog.inmontanis.info\/index.php?rest_route=\/wp\/v2\/posts"}],"about":[{"href":"http:\/\/blog.inmontanis.info\/index.php?rest_route=\/wp\/v2\/types\/post"}],"author":[{"embeddable":true,"href":"http:\/\/blog.inmontanis.info\/index.php?rest_route=\/wp\/v2\/users\/1"}],"replies":[{"embeddable":true,"href":"http:\/\/blog.inmontanis.info\/index.php?rest_route=%2Fwp%2Fv2%2Fcomments&post=4259"}],"version-history":[{"count":7,"href":"http:\/\/blog.inmontanis.info\/index.php?rest_route=\/wp\/v2\/posts\/4259\/revisions"}],"predecessor-version":[{"id":4267,"href":"http:\/\/blog.inmontanis.info\/index.php?rest_route=\/wp\/v2\/posts\/4259\/revisions\/4267"}],"wp:attachment":[{"href":"http:\/\/blog.inmontanis.info\/index.php?rest_route=%2Fwp%2Fv2%2Fmedia&parent=4259"}],"wp:term":[{"taxonomy":"category","embeddable":true,"href":"http:\/\/blog.inmontanis.info\/index.php?rest_route=%2Fwp%2Fv2%2Fcategories&post=4259"},{"taxonomy":"post_tag","embeddable":true,"href":"http:\/\/blog.inmontanis.info\/index.php?rest_route=%2Fwp%2Fv2%2Ftags&post=4259"}],"curies":[{"name":"wp","href":"https:\/\/api.w.org\/{rel}","templated":true}]}}