{"id":4230,"date":"2017-03-04T18:43:56","date_gmt":"2017-03-04T17:43:56","guid":{"rendered":"http:\/\/blog.inmontanis.info\/?p=4230"},"modified":"2023-08-01T21:37:32","modified_gmt":"2023-08-01T19:37:32","slug":"piano-battaglia-4-3-2017","status":"publish","type":"post","link":"http:\/\/blog.inmontanis.info\/?p=4230","title":{"rendered":"Piano Battaglia, 4.3.2017"},"content":{"rendered":"<p><strong>Alpi-Appennini 2017 Tag 9: Sa, 4.3. &#8211; Piano Battaglia<\/strong><\/p>\n<p>Gegen 9:30 Uhr kam ich am Piano Battaglia an, etwas versp\u00e4tet, nachdem die letzten km Stra\u00dfe \u00e4u\u00dferst schlecht waren. Parkpl\u00e4tze sind etwas abseits vom Lift, aber mit abseits Fahren kommt man halbwegs auch auf Skiern hin und weg. Die Tageskarte kostet am WE 28,- \u20ac, lt. Website h\u00e4tte es heute egtl. 20,- kosten sollen, inkl. Gratis Head-Skitest. Als ich die Frage nach dem Skitest beim Kartenkauf aber mit &#8220;Nein&#8221; beantwortete, musste ich 28,- zahlen. So stand das aber nicht auf der Website.<\/p>\n<p>Piano Battaglia ist erst seit wenigen Wochen wieder in Betrieb (zumindest, was die DSB angeht), nachdem es einge Jahre geschlossen war und mit neuen Anlagen wieder aufgebaut wurde.<\/p>\n<p>Offiziell ge\u00f6ffnet war die linke Abfahrt an der DSB, wobei sie schon sehr steinig war und tats\u00e4chlich ab morgen nicht mehr offen haben sollte (und die DSB wird dabei gleich mit eingestellt). Mehr Schnee und besser und steinfrei ging die schwarze, die offiziell geschlossen war. Ebenfalls nett und steinfrei waren einige Varianten durch den Wald, sowie die Sesselbahntrasse. Als ich die fuhr, wollte man mir gleich den Skipass abnehmen, weil das angeblich nicht erlaubt sei und es ja irgendwo stehen w\u00fcrde &#8211; also weder stand oben irgendein Schild noch sonst was au\u00dfer den 10-Fis-Regeln oder so, also ich sah nicht mal Schilder, dass Offpiste oder das Befahren des Waldes verboten sei. Gn\u00e4digerweise hat er mir den Skipass doch nicht abgenmmen und ich hab mich mit dem Befahren der Waldh\u00e4nge zur\u00fcckgehalten. Die schwarze fuhr ich aber trotzdem, da gab&#8217;s auch andere. Naja, auch ohne diesem Zwischenakt w\u00e4re ich wohl nicht noch mal hier her gekommen (\u00c4tna ist einfach besser), aber so f\u00fcr die 2 Abfahrten erst recht nicht mehr. <\/p>\n<p>Die Stra\u00dfen hier in Sizilien sind echt kaum besser als in RU oder GE (also bis auf die dortigen ganz extremen). Musste heute \u00f6fters stark bremsen um nicht in irgendwelchen L\u00f6chern zu landen bzw. bin dann eben l\u00e4ngere Strecken nur 50 gefahren um schneller reagieren zu k\u00f6nnen. Und abends die ganze Zeit war nix, blo\u00df als ich einen Langsamfahrer schneller \u00fcberholen musste, grad da war so ein exremes Loch. Hat sich so angef\u00fchlt und angeh\u00f6rt wie einige, die wir auch in Russland \u00fcbersehen hatten.. Nebenbei hatte ich heute eine Kuhherde, Schafe und Ziegen auf der Stra\u00dfe.<\/p>\n<p>(Fotos anklicken zum Vergr\u00f6\u00dfern)<\/p>\n<p><a href='http:\/\/extra.inmontanis.info\/d\/40490-3\/ge201702-03i.jpg'><img src=http:\/\/extra.inmontanis.info\/d\/40489-4\/ge201702-03i.jpg \/><\/a><br \/>\n^ I) Piano Battaglia, T\u00fcrkis heutige Fahrstrecke<\/p>\n<p><a href='http:\/\/extra.inmontanis.info\/d\/40774-2\/DSC04342.jpg'><img src=http:\/\/extra.inmontanis.info\/d\/40773-3\/DSC04342.jpg \/><\/a><\/p>\n<p><a href='http:\/\/extra.inmontanis.info\/d\/40778-2\/DSC04348.jpg'><img src=http:\/\/extra.inmontanis.info\/d\/40777-3\/DSC04348.jpg \/><\/a><br \/>\n^ Gr\u00fcne Landschaft neben der Autobahn<\/p>\n<p><a href='http:\/\/extra.inmontanis.info\/d\/40782-2\/DSC04350.jpg'><img src=http:\/\/extra.inmontanis.info\/d\/40781-3\/DSC04350.jpg \/><\/a><br \/>\n^ Madonie<\/p>\n<p><a href='http:\/\/ski.inmontanis.info\/d\/229201-2\/DSC04358.jpg'><img src=http:\/\/ski.inmontanis.info\/d\/229199-3\/DSC04358.jpg \/><\/a><br \/>\n^ Auffahrt nach Piano Battaglia, sehr schlechte Stra\u00dfe<\/p>\n<p><a href='http:\/\/ski.inmontanis.info\/d\/229205-2\/DSC04359.jpg'><img src=http:\/\/ski.inmontanis.info\/d\/229204-3\/DSC04359.jpg \/><\/a><br \/>\n^ Auffahrt nach Piano Battaglia, sehr schlechte Stra\u00dfe<\/p>\n<p><a href='http:\/\/ski.inmontanis.info\/d\/229209-2\/DSC04360.jpg'><img src=http:\/\/ski.inmontanis.info\/d\/229208-3\/DSC04360.jpg \/><\/a><br \/>\n^ Auffahrt nach Piano Battaglia, sehr schlechte Stra\u00dfe<\/p>\n<p><a href='http:\/\/ski.inmontanis.info\/d\/229213-2\/DSC04363.jpg'><img src=http:\/\/ski.inmontanis.info\/d\/229212-3\/DSC04363.jpg \/><\/a><br \/>\n^ Gro\u00dfer Parkplatz ohne brauchbare Anbindung ans Skigebiet<\/p>\n<p><a href='http:\/\/ski.inmontanis.info\/d\/229217-2\/DSC04368.jpg'><img src=http:\/\/ski.inmontanis.info\/d\/229216-3\/DSC04368.jpg \/><\/a><br \/>\n^ Skigebiet von der Stra\u00dfe gegen\u00fcber aus, rechts der DSB die schwarze Abfahrt<\/p>\n<p><a href='http:\/\/ski.inmontanis.info\/d\/229221-2\/DSC04374.jpg'><img src=http:\/\/ski.inmontanis.info\/d\/229220-3\/DSC04374.jpg \/><\/a><br \/>\n^ Auch der andere Parkplatz liegt nicht gerade g\u00fcnstig, aber man kann rechts auf dem Weg, wo Schnee lag, immerhin bis ca. zu dem Haus da vorne abfahren &#8211; und retour durch den Wald ging&#8217;s dann auch ohne Fu\u00dfweg.<\/p>\n<p><a href='http:\/\/ski.inmontanis.info\/d\/229225-2\/DSC04376.jpg'><img src=http:\/\/ski.inmontanis.info\/d\/229224-3\/DSC04376.jpg \/><\/a><br \/>\n^ Talstationen, im Hintergrund das Ende der roten Abfahrt<\/p>\n<p><a href='http:\/\/ski.inmontanis.info\/d\/229229-2\/DSC04378.jpg'><img src=http:\/\/ski.inmontanis.info\/d\/229228-3\/DSC04378.jpg \/><\/a><br \/>\n^ Pistenplan<\/p>\n<p><a href='http:\/\/ski.inmontanis.info\/d\/229376-2\/ge20170304b.jpg'><img src=http:\/\/ski.inmontanis.info\/d\/229375-3\/ge20170304b.jpg \/><\/a><br \/>\n^ GPS-Track 4.3.2017<\/p>\n<p><a href='http:\/\/ski.inmontanis.info\/d\/229233-2\/DSC04379.jpg'><img src=http:\/\/ski.inmontanis.info\/d\/229232-3\/DSC04379.jpg \/><\/a><br \/>\n^ Talstationen DSB und SL<\/p>\n<p><a href='http:\/\/ski.inmontanis.info\/d\/229237-2\/DSC04382.jpg'><img src=http:\/\/ski.inmontanis.info\/d\/229236-3\/DSC04382.jpg \/><\/a><br \/>\n^ DSB<\/p>\n<p><a href='http:\/\/ski.inmontanis.info\/d\/229241-2\/DSC04389.jpg'><img src=http:\/\/ski.inmontanis.info\/d\/229240-3\/DSC04389.jpg \/><\/a><br \/>\n^ Meerblick an der DSB<\/p>\n<p><a href='http:\/\/ski.inmontanis.info\/d\/229245-2\/DSC04393.jpg'><img src=http:\/\/ski.inmontanis.info\/d\/229244-3\/DSC04393.jpg \/><\/a><br \/>\n^ Ausstieg DSB, die Kurve muss man leider immer schieben, um zu den Abfahrten zu kommen.<\/p>\n<p><a href='http:\/\/ski.inmontanis.info\/d\/229249-2\/DSC04396.jpg'><img src=http:\/\/ski.inmontanis.info\/d\/229248-3\/DSC04396.jpg \/><\/a><br \/>\n^ R\u00fcckseitenpano<\/p>\n<p><a href='http:\/\/ski.inmontanis.info\/d\/229253-2\/DSC04398.jpg'><img src=http:\/\/ski.inmontanis.info\/d\/229252-3\/DSC04398.jpg \/><\/a><br \/>\n^ Bergstation und der Weg, den man immer schieben muss<\/p>\n<p><a href='http:\/\/ski.inmontanis.info\/d\/229257-2\/DSC04399.jpg'><img src=http:\/\/ski.inmontanis.info\/d\/229256-3\/DSC04399.jpg \/><\/a><br \/>\n^ Start der Abfahrten mit Blick zum \u00c4tna<\/p>\n<p><a href='http:\/\/ski.inmontanis.info\/d\/229261-2\/DSC03159.jpg'><img src=http:\/\/ski.inmontanis.info\/d\/229260-3\/DSC03159.jpg \/><\/a><br \/>\n^ IR-Zoom zum \u00c4tna,  besser war der heute leider nicht zu sehen<\/p>\n<p><a href='http:\/\/ski.inmontanis.info\/d\/229265-2\/DSC04400.jpg'><img src=http:\/\/ski.inmontanis.info\/d\/229264-3\/DSC04400.jpg \/><\/a><br \/>\n^ Meerblick und Start der schwarzen Abfahrt, hier toller Schnee.<\/p>\n<p><a href='http:\/\/ski.inmontanis.info\/d\/229269-2\/DSC03156.jpg'><img src=http:\/\/ski.inmontanis.info\/d\/229268-3\/DSC03156.jpg \/><\/a><br \/>\n^ IR-Zoom zum Meer<\/p>\n<p><a href='http:\/\/ski.inmontanis.info\/d\/229273-2\/DSC04404.jpg'><img src=http:\/\/ski.inmontanis.info\/d\/229272-3\/DSC04404.jpg \/><\/a><br \/>\n^ Zoom zum Meer<\/p>\n<p><a href='http:\/\/ski.inmontanis.info\/d\/229277-2\/DSC04405.jpg'><img src=http:\/\/ski.inmontanis.info\/d\/229276-3\/DSC04405.jpg \/><\/a><br \/>\n^ Rote Abfahrt, tw. nett durch die verschiedenen Varianten<\/p>\n<p><a href='http:\/\/ski.inmontanis.info\/d\/229281-2\/DSC04406.jpg'><img src=http:\/\/ski.inmontanis.info\/d\/229280-3\/DSC04406.jpg \/><\/a><br \/>\n^ Rote Abfahrt, tw. nett durch die verschiedenen Varianten &#8211; aber diese vielen gepolsterten B\u00e4ume tr\u00fcben das Bild<\/p>\n<p><a href='http:\/\/ski.inmontanis.info\/d\/229285-2\/DSC04407.jpg'><img src=http:\/\/ski.inmontanis.info\/d\/229284-3\/DSC04407.jpg \/><\/a><br \/>\n^ Eine der roten Abfahrtsvarianten<\/p>\n<p><a href='http:\/\/ski.inmontanis.info\/d\/229289-2\/DSC04408.jpg'><img src=http:\/\/ski.inmontanis.info\/d\/229288-3\/DSC04408.jpg \/><\/a><br \/>\n^ Rote Abfahrt<\/p>\n<p><a href='http:\/\/ski.inmontanis.info\/d\/229293-2\/DSC04409.jpg'><img src=http:\/\/ski.inmontanis.info\/d\/229292-3\/DSC04409.jpg \/><\/a><br \/>\n^ Rote Abfahrt<\/p>\n<p><a href='http:\/\/ski.inmontanis.info\/d\/229297-2\/DSC04411.jpg'><img src=http:\/\/ski.inmontanis.info\/d\/229296-3\/DSC04411.jpg \/><\/a><br \/>\n^ SL, erschlie\u00dft das untere St\u00fcck der rechten (schwarzen) DSB-Abfahrt (unten dann eher blau, aber rot im Plan)<\/p>\n<p><a href='http:\/\/ski.inmontanis.info\/d\/229301-2\/DSC03162.jpg'><img src=http:\/\/ski.inmontanis.info\/d\/229300-3\/DSC03162.jpg \/><\/a><br \/>\n^ IR-Zoom zum Meer und Palermo<\/p>\n<p><a href='http:\/\/ski.inmontanis.info\/d\/229305-2\/DSC04415.jpg'><img src=http:\/\/ski.inmontanis.info\/d\/229304-3\/DSC04415.jpg \/><\/a><br \/>\n^ Die WC-Anlagen im Skigebiet, sehr wackelige Angelegenheit.<\/p>\n<p><a href='http:\/\/ski.inmontanis.info\/d\/229309-2\/DSC04416.jpg'><img src=http:\/\/ski.inmontanis.info\/d\/229308-3\/DSC04416.jpg \/><\/a><br \/>\n^ Das F\u00f6rderband rechts bin ich nicht gefahren, die linke blaue Abfahrt, die hier rechts der Bildmitte rauskommt, auch nicht (zu wenig Schnee vermutet); den Fu\u00dfweg zum Rifugio hab ich mir auch gespart<\/p>\n<p><a href='http:\/\/ski.inmontanis.info\/d\/229313-2\/DSC04417.jpg'><img src=http:\/\/ski.inmontanis.info\/d\/229312-3\/DSC04417.jpg \/><\/a><br \/>\n^ Im Wald konnte man teilweise gut fahren<\/p>\n<p><a href='http:\/\/ski.inmontanis.info\/d\/229317-2\/DSC04418.jpg'><img src=http:\/\/ski.inmontanis.info\/d\/229316-3\/DSC04418.jpg \/><\/a><br \/>\n^ .. und an der Piste mal wieder alles abgepolstert ..<\/p>\n<p><a href='http:\/\/ski.inmontanis.info\/d\/229321-2\/DSC04420.jpg'><img src=http:\/\/ski.inmontanis.info\/d\/229320-3\/DSC04420.jpg \/><\/a><br \/>\n^ Diese Variante der roten Abfahrt war jedenfalls nicht abgesperrt &#8211; ging dann auch besser zu fahren sp\u00e4ter.<\/p>\n<p><a href='http:\/\/ski.inmontanis.info\/d\/229325-2\/DSC04423.jpg'><img src=http:\/\/ski.inmontanis.info\/d\/229324-3\/DSC04423.jpg \/><\/a><br \/>\n^ Teils kam man im Wald nur sehr schlecht durch, teils ging es aber sehr gut.<\/p>\n<p><a href='http:\/\/ski.inmontanis.info\/d\/229329-2\/DSC04425.jpg'><img src=http:\/\/ski.inmontanis.info\/d\/229328-3\/DSC04425.jpg \/><\/a><br \/>\n^ Skiweg der schwarzen Abfahrt; der Tunnel ist noch aus Zeiten, als hier ein SL rauf ging.<\/p>\n<p><a href='http:\/\/ski.inmontanis.info\/d\/229333-2\/DSC04427.jpg'><img src=http:\/\/ski.inmontanis.info\/d\/229332-3\/DSC04427.jpg \/><\/a><br \/>\n^ Schwarze Abfahrt, Sperrschild gab&#8217;s keines, aber lt. Website war sie mal nicht offen.<\/p>\n<p><a href='http:\/\/ski.inmontanis.info\/d\/229337-2\/DSC04428.jpg'><img src=http:\/\/ski.inmontanis.info\/d\/229336-3\/DSC04428.jpg \/><\/a><br \/>\n^ Schwarze Abfahrt, Schnee aber besser als auf der Roten, auch weniger Steine<\/p>\n<p><a href='http:\/\/ski.inmontanis.info\/d\/229341-2\/DSC04429.jpg'><img src=http:\/\/ski.inmontanis.info\/d\/229340-3\/DSC04429.jpg \/><\/a><br \/>\n^ Schwarze Abfahrt &#8211; keine Ahnung, warum die nicht offen ist.<\/p>\n<p><a href='http:\/\/ski.inmontanis.info\/d\/229345-2\/DSC04432.jpg'><img src=http:\/\/ski.inmontanis.info\/d\/229344-3\/DSC04432.jpg \/><\/a><br \/>\n^ Einm\u00fcndung der schwarzen Abfahrt in die SL-Abfahrt<\/p>\n<p><a href='http:\/\/ski.inmontanis.info\/d\/229349-2\/DSC04434.jpg'><img src=http:\/\/ski.inmontanis.info\/d\/229348-3\/DSC04434.jpg \/><\/a><br \/>\n^ DSB-Daten<\/p>\n<p><a href='http:\/\/ski.inmontanis.info\/d\/229353-2\/DSC04435.jpg'><img src=http:\/\/ski.inmontanis.info\/d\/229352-3\/DSC04435.jpg \/><\/a><br \/>\n^ Variante oben mit tollem Schnee<\/p>\n<p><a href='http:\/\/ski.inmontanis.info\/d\/229357-2\/DSC04440.jpg'><img src=http:\/\/ski.inmontanis.info\/d\/229356-3\/DSC04440.jpg \/><\/a><br \/>\n^ .. und mal wieder im Wald<\/p>\n<p><a href='http:\/\/ski.inmontanis.info\/d\/229361-2\/DSC04441.jpg'><img src=http:\/\/ski.inmontanis.info\/d\/229360-3\/DSC04441.jpg \/><\/a><br \/>\n^ Das Abfahren der DSB-Trasse brachte mir einen Anschiss, es sei nicht erlaubt und das st\u00fcnde irgendwo angeschrieben<\/p>\n<p><a href='http:\/\/ski.inmontanis.info\/d\/229365-2\/DSC04445.jpg'><img src=http:\/\/ski.inmontanis.info\/d\/229364-3\/DSC04445.jpg \/><\/a><br \/>\n^ .. aber au\u00dfer dem hier gab es keinerlei Schilder, noch nicht mal ein Verbot, dass man nicht offpiste fahren d\u00fcrfe oder dass man nicht im Wald fahren d\u00fcrfe &#8211; und auch hier steht weder das eine noch das andere noch dass man nicht die DSB-Trasse runterfahren d\u00fcrfte.<\/p>\n<p><img src=http:\/\/ski.inmontanis.info\/d\/229368-2\/battaglia.jpg \/><br \/>\n^ Lt. Screenshot an der Website gratis Skitest und g\u00fcnstige Tageskartentarife &#8211; ohne Hinweis, dass die g\u00fcnstigen Tarife nur gelten, wenn man auch die Ski leiht?!<\/p>\n<p><a href='http:\/\/ski.inmontanis.info\/d\/229372-2\/DSC04583.jpg'><img src=http:\/\/ski.inmontanis.info\/d\/229371-3\/DSC04583.jpg \/><\/a><br \/>\n^ .. jedenfalls musste ich 28,- f\u00fcr die Tageskarte zahlen. Der Skipass wird einmal von den Mitarbeitern am Lift mittels Barcodeleser eingelesen, danach kann sich der Mitarbeiter an einen erinnern und man braucht den Pass nicht mehr vorweisen.<\/p>\n<p>&#8212;<\/p>\n<p><a href='http:\/\/extra.inmontanis.info\/d\/40786-2\/DSC04451.jpg'><img src=http:\/\/extra.inmontanis.info\/d\/40785-3\/DSC04451.jpg \/><\/a><br \/>\n^ Sizilianische Stra\u00dfen<\/p>\n<p><a href='http:\/\/extra.inmontanis.info\/d\/40790-2\/DSC04453.jpg'><img src=http:\/\/extra.inmontanis.info\/d\/40789-3\/DSC04453.jpg \/><\/a><\/p>\n<p><a href='http:\/\/extra.inmontanis.info\/d\/40794-2\/DSC04456.jpg'><img src=http:\/\/extra.inmontanis.info\/d\/40793-3\/DSC04456.jpg \/><\/a><br \/>\n^ Die Ortsbebauung in Italien werd ich auch nie kapieren :) Rechts haufenweise Platz und links alles eng an eng..<\/p>\n<p><a href='http:\/\/extra.inmontanis.info\/d\/40798-2\/snap--0019.jpg'><img src=http:\/\/extra.inmontanis.info\/d\/40797-3\/snap--0019.jpg \/><\/a><br \/>\n^ Das ist mal kurios, H\u00e4user, die au\u00dfer der Frontseite komplett im Fels reingebaut sind. Im Sommer wohl angenehm k\u00fchl, aber Fenster gibt&#8217;s dann halt auch nur vorne..<\/p>\n<p><a href='http:\/\/extra.inmontanis.info\/d\/40802-2\/DSC04461.jpg'><img src=http:\/\/extra.inmontanis.info\/d\/40801-3\/DSC04461.jpg \/><\/a><\/p>\n<p><a href='http:\/\/extra.inmontanis.info\/d\/40454-3\/DSC04464.jpg'><img src=http:\/\/extra.inmontanis.info\/d\/40453-4\/DSC04464.jpg \/><\/a><\/p>\n<p><a href='http:\/\/extra.inmontanis.info\/d\/40806-2\/DSC04475.jpg'><img src=http:\/\/extra.inmontanis.info\/d\/40805-3\/DSC04475.jpg \/><\/a><br \/>\n^ Die Landschaft auf Sizilien ist schon ganz nett.<\/p>\n<p><a href='http:\/\/extra.inmontanis.info\/d\/40810-2\/DSC04480.jpg'><img src=http:\/\/extra.inmontanis.info\/d\/40809-3\/DSC04480.jpg \/><\/a><br \/>\n^ \u00c4tna<\/p>\n<p>Paar Dashcam-Sequenzen von heute:<br \/>\n<object style=\"height: 500px; width: 900px\"><param name=\"movie\" value=\"http:\/\/www.youtube.com\/v\/0V1JBqF56fQ\"><\/param><param name=\"wmode\" value=\"transparent\"><\/param><embed src=\"http:\/\/www.youtube.com\/v\/0V1JBqF56fQ\" type=\"application\/x-shockwave-flash\" wmode=\"transparent\"  width=\"900\" height=\"480\"><\/embed><\/object><br \/>\n(Fortsetzung folgt.)<\/p>\n","protected":false},"excerpt":{"rendered":"<p>Alpi-Appennini 2017 Tag 9: Sa, 4.3. &#8211; Piano Battaglia<\/p>\n<p>Gegen 9:30 Uhr kam ich am Piano Battaglia an, etwas versp\u00e4tet, nachdem die letzten km Stra\u00dfe \u00e4u\u00dferst schlecht waren. Parkpl\u00e4tze sind etwas abseits vom Lift, aber mit abseits Fahren kommt man halbwegs auch auf Skiern hin und weg. Die Tageskarte kostet am WE 28,- \u20ac, lt. <a href=\"http:\/\/blog.inmontanis.info\/?p=4230\">[&#8230;]<\/a><\/p>\n","protected":false},"author":1,"featured_media":0,"comment_status":"closed","ping_status":"closed","sticky":false,"template":"","format":"standard","meta":{"footnotes":""},"categories":[160,15,424,27],"tags":[38,90,37,47],"class_list":["post-4230","post","type-post","status-publish","format-standard","hentry","category-2017-02-alpi-appennini","category-italienitaly","category-piano-battaglia","category-skifahren-winterskiing-winter","tag-dsb","tag-infrarot","tag-meer","tag-sl","odd"],"_links":{"self":[{"href":"http:\/\/blog.inmontanis.info\/index.php?rest_route=\/wp\/v2\/posts\/4230","targetHints":{"allow":["GET"]}}],"collection":[{"href":"http:\/\/blog.inmontanis.info\/index.php?rest_route=\/wp\/v2\/posts"}],"about":[{"href":"http:\/\/blog.inmontanis.info\/index.php?rest_route=\/wp\/v2\/types\/post"}],"author":[{"embeddable":true,"href":"http:\/\/blog.inmontanis.info\/index.php?rest_route=\/wp\/v2\/users\/1"}],"replies":[{"embeddable":true,"href":"http:\/\/blog.inmontanis.info\/index.php?rest_route=%2Fwp%2Fv2%2Fcomments&post=4230"}],"version-history":[{"count":4,"href":"http:\/\/blog.inmontanis.info\/index.php?rest_route=\/wp\/v2\/posts\/4230\/revisions"}],"predecessor-version":[{"id":4234,"href":"http:\/\/blog.inmontanis.info\/index.php?rest_route=\/wp\/v2\/posts\/4230\/revisions\/4234"}],"wp:attachment":[{"href":"http:\/\/blog.inmontanis.info\/index.php?rest_route=%2Fwp%2Fv2%2Fmedia&parent=4230"}],"wp:term":[{"taxonomy":"category","embeddable":true,"href":"http:\/\/blog.inmontanis.info\/index.php?rest_route=%2Fwp%2Fv2%2Fcategories&post=4230"},{"taxonomy":"post_tag","embeddable":true,"href":"http:\/\/blog.inmontanis.info\/index.php?rest_route=%2Fwp%2Fv2%2Ftags&post=4230"}],"curies":[{"name":"wp","href":"https:\/\/api.w.org\/{rel}","templated":true}]}}