{"id":4227,"date":"2017-03-12T06:06:19","date_gmt":"2017-03-12T05:06:19","guid":{"rendered":"http:\/\/blog.inmontanis.info\/?p=4227"},"modified":"2023-08-06T21:50:40","modified_gmt":"2023-08-06T19:50:40","slug":"bergeralm-hochserles-kappl-11-12-3-2017","status":"publish","type":"post","link":"http:\/\/blog.inmontanis.info\/?p=4227","title":{"rendered":"Bergeralm, Hochserles, Kappl, 11.+12.3.2017"},"content":{"rendered":"<p><strong>Sa, 11.3.2017<\/strong><\/p>\n<p>Nachdem der Hochsonn-SL an der Bergeralm seit gestern endlich offen ist, wollte ich dort mal vorbei schauen &#8211; das Eckchen gef\u00e4llt mir da ja immer recht gut, auch wenn ich das vom restlichen Skigebiet &#8211; mit Ausnahme der schwarzen Abfahrt an der DSB &#8211; nicht sagen kann.<\/p>\n<p>Leider gab es morgens ziemliche Wartezeiten, so dass ich bald wieder weiter gefahren bin und den SL nur 1x fuhr ..<\/p>\n<p><a href='http:\/\/ski.inmontanis.info\/d\/228976-2\/DSC04684.jpg'><img src=http:\/\/ski.inmontanis.info\/d\/228975-3\/DSC04684.jpg \/><\/a><br \/>\n^ Schwarze Abfahrt rechts der DSB<\/p>\n<p><a href='http:\/\/ski.inmontanis.info\/d\/228980-2\/DSC04685.jpg'><img src=http:\/\/ski.inmontanis.info\/d\/228979-3\/DSC04685.jpg \/><\/a><br \/>\n^ DSB Hoher Turm, soll im Sommer ersetzt werden<\/p>\n<p><a href='http:\/\/ski.inmontanis.info\/d\/228984-2\/DSC04687.jpg'><img src=http:\/\/ski.inmontanis.info\/d\/228983-3\/DSC04687.jpg \/><\/a><br \/>\n^ Abfahrt zum SL Hochsonn mit wehm\u00fctigen Blick in die geschlossenen Skigebiete Sattelberg (und H\u00fchnerspiel)<\/p>\n<p><a href='http:\/\/ski.inmontanis.info\/d\/228988-2\/DSC04688.jpg'><img src=http:\/\/ski.inmontanis.info\/d\/228987-3\/DSC04688.jpg \/><\/a><br \/>\n^ Wartezeiten am SL Hochsonn<\/p>\n<p><a href='http:\/\/ski.inmontanis.info\/d\/228992-2\/DSC04690.jpg'><img src=http:\/\/ski.inmontanis.info\/d\/228991-3\/DSC04690.jpg \/><\/a><br \/>\n^ Brennerautobahn<\/p>\n<p><a href='http:\/\/ski.inmontanis.info\/d\/228996-2\/DSC04691.jpg'><img src=http:\/\/ski.inmontanis.info\/d\/228995-3\/DSC04691.jpg \/><\/a><br \/>\n^ Wartezeiten an der DSB<\/p>\n<p>Da es noch recht fr\u00fch war, checkte ich kurz die Website am Stubaier &#8211; 50% Auslastung, sollte passen. Gegen 11:30 Uhr w\u00e4re dann allerdings Ersatzparkplatz Volderau mit Skibustransfer angesagt gewesen &#8211; \u00f6hm, n\u00f6, danke. Im Tal lag zu wenig Schnee f\u00fcr die Talabfahrt am Elfer, also ging&#8217;s mal wieder f\u00fcr 1-2 Stunden nach Mieders ins Skigebiet Hochserles. Das Liftfahren mit den beiden oberen SL ist da interessanter als das Abfahren, denn die Abfahrten sind leider entweder etwas flach oder kurz.<\/p>\n<p><a href='http:\/\/ski.inmontanis.info\/d\/228956-2\/DSC04699.jpg'><img src=http:\/\/ski.inmontanis.info\/d\/228955-3\/DSC04699.jpg \/><\/a><br \/>\n^ SL Waldrasteck mit Serles-Blick. Hier an der Serles sind die Lifte interessanter als die Abfahrten ..<\/p>\n<p><a href='http:\/\/ski.inmontanis.info\/d\/228960-2\/DSC04704.jpg'><img src=http:\/\/ski.inmontanis.info\/d\/228959-3\/DSC04704.jpg \/><\/a><br \/>\n^ SL Ochsenh\u00fctte<\/p>\n<p><a href='http:\/\/ski.inmontanis.info\/d\/228964-2\/DSC04705.jpg'><img src=http:\/\/ski.inmontanis.info\/d\/228963-3\/DSC04705.jpg \/><\/a><br \/>\n^ SL Ochsenh\u00fctte \/ Serles<\/p>\n<p><a href='http:\/\/ski.inmontanis.info\/d\/228968-2\/DSC04711.jpg'><img src=http:\/\/ski.inmontanis.info\/d\/228967-3\/DSC04711.jpg \/><\/a><br \/>\n^ Talabfahrt<\/p>\n<p><a href='http:\/\/ski.inmontanis.info\/d\/228972-2\/DSC04713.jpg'><img src=http:\/\/ski.inmontanis.info\/d\/228971-3\/DSC04713.jpg \/><\/a><br \/>\n^ SL Ochsenh\u00fctte<\/p>\n<p>Zu guter Letzt ging&#8217;s dann nochmal auf die Bergeralm f\u00fcr ein paar Fahrten mit dem SL und der DSB; es war zwar mittlerweile weniger los, aber der Schnee war auch nicht mehr so gut.<\/p>\n<p><a href='http:\/\/ski.inmontanis.info\/d\/229000-2\/DSC04715.jpg'><img src=http:\/\/ski.inmontanis.info\/d\/228999-3\/DSC04715.jpg \/><\/a><br \/>\n^ Brennerautobahnbr\u00fccke<\/p>\n<p><a href='http:\/\/ski.inmontanis.info\/d\/229004-2\/DSC04716.jpg'><img src=http:\/\/ski.inmontanis.info\/d\/229003-3\/DSC04716.jpg \/><\/a><br \/>\n^ DSB Hoher Turm<\/p>\n<p><a href='http:\/\/ski.inmontanis.info\/d\/229008-2\/DSC04717.jpg'><img src=http:\/\/ski.inmontanis.info\/d\/229007-3\/DSC04717.jpg \/><\/a><br \/>\n^ Hochsonn-SL<\/p>\n<p><a href='http:\/\/ski.inmontanis.info\/d\/229012-2\/DSC04718.jpg'><img src=http:\/\/ski.inmontanis.info\/d\/229011-3\/DSC04718.jpg \/><\/a><br \/>\n^ Hochsonn-SL, es waren nicht alle Abfahrten pr\u00e4pariert<\/p>\n<p><a href='http:\/\/ski.inmontanis.info\/d\/229016-2\/DSC04719.jpg'><img src=http:\/\/ski.inmontanis.info\/d\/229015-3\/DSC04719.jpg \/><\/a><br \/>\n^ Hochsonn-SL<\/p>\n<p><strong>So, 12.3.2017<\/strong><\/p>\n<p>Am Sonntag ging&#8217;s nach Kappl, aber der Schnee war schlechter als gestern, im Laufe des Tages dann sogar pappig, zudem Wartezeiten, so dass ich nur bis kurz nach Mittag blieb &#8211; einer meiner schlechtesten Tage in Kappl.<\/p>\n<p><a href='http:\/\/ski.inmontanis.info\/d\/228940-2\/DSC04720.jpg'><img src=http:\/\/ski.inmontanis.info\/d\/228939-3\/DSC04720.jpg \/><\/a><br \/>\n^ Rechtsblick von der 1. 4KSB zu DSB-SL<\/p>\n<p><a href='http:\/\/ski.inmontanis.info\/d\/228944-2\/DSC04721.jpg'><img src=http:\/\/ski.inmontanis.info\/d\/228943-3\/DSC04721.jpg \/><\/a><br \/>\n^ Wartezeiten an der 2. 4KSB<\/p>\n<p><a href='http:\/\/ski.inmontanis.info\/d\/228948-2\/DSC04722.jpg'><img src=http:\/\/ski.inmontanis.info\/d\/228947-3\/DSC04722.jpg \/><\/a><br \/>\n^ Linke Abfahrten an der oberen 4KSB<\/p>\n<p><a href='http:\/\/ski.inmontanis.info\/d\/228952-2\/DSC04725.jpg'><img src=http:\/\/ski.inmontanis.info\/d\/228951-3\/DSC04725.jpg \/><\/a><br \/>\n^ Linke Abfahrt \/ Route an der 4KSB<\/p>\n","protected":false},"excerpt":{"rendered":"<p>Sa, 11.3.2017<\/p>\n<p>Nachdem der Hochsonn-SL an der Bergeralm seit gestern endlich offen ist, wollte ich dort mal vorbei schauen &#8211; das Eckchen gef\u00e4llt mir da ja immer recht gut, auch wenn ich das vom restlichen Skigebiet &#8211; mit Ausnahme der schwarzen Abfahrt an der DSB &#8211; nicht sagen kann.<\/p>\n<p>Leider gab es morgens ziemliche Wartezeiten, <a href=\"http:\/\/blog.inmontanis.info\/?p=4227\">[&#8230;]<\/a><\/p>\n","protected":false},"author":1,"featured_media":0,"comment_status":"closed","ping_status":"closed","sticky":false,"template":"","format":"standard","meta":{"footnotes":""},"categories":[886,866,13,842,27],"tags":[],"class_list":["post-4227","post","type-post","status-publish","format-standard","hentry","category-bergeralm","category-kappl","category-austria","category-serles","category-skifahren-winterskiing-winter","odd"],"_links":{"self":[{"href":"http:\/\/blog.inmontanis.info\/index.php?rest_route=\/wp\/v2\/posts\/4227","targetHints":{"allow":["GET"]}}],"collection":[{"href":"http:\/\/blog.inmontanis.info\/index.php?rest_route=\/wp\/v2\/posts"}],"about":[{"href":"http:\/\/blog.inmontanis.info\/index.php?rest_route=\/wp\/v2\/types\/post"}],"author":[{"embeddable":true,"href":"http:\/\/blog.inmontanis.info\/index.php?rest_route=\/wp\/v2\/users\/1"}],"replies":[{"embeddable":true,"href":"http:\/\/blog.inmontanis.info\/index.php?rest_route=%2Fwp%2Fv2%2Fcomments&post=4227"}],"version-history":[{"count":2,"href":"http:\/\/blog.inmontanis.info\/index.php?rest_route=\/wp\/v2\/posts\/4227\/revisions"}],"predecessor-version":[{"id":4229,"href":"http:\/\/blog.inmontanis.info\/index.php?rest_route=\/wp\/v2\/posts\/4227\/revisions\/4229"}],"wp:attachment":[{"href":"http:\/\/blog.inmontanis.info\/index.php?rest_route=%2Fwp%2Fv2%2Fmedia&parent=4227"}],"wp:term":[{"taxonomy":"category","embeddable":true,"href":"http:\/\/blog.inmontanis.info\/index.php?rest_route=%2Fwp%2Fv2%2Fcategories&post=4227"},{"taxonomy":"post_tag","embeddable":true,"href":"http:\/\/blog.inmontanis.info\/index.php?rest_route=%2Fwp%2Fv2%2Ftags&post=4227"}],"curies":[{"name":"wp","href":"https:\/\/api.w.org\/{rel}","templated":true}]}}