{"id":4211,"date":"2017-02-28T06:46:42","date_gmt":"2017-02-28T05:46:42","guid":{"rendered":"http:\/\/blog.inmontanis.info\/?p=4211"},"modified":"2023-08-04T18:20:45","modified_gmt":"2023-08-04T16:20:45","slug":"campo-di-giove-28-2-2017","status":"publish","type":"post","link":"http:\/\/blog.inmontanis.info\/?p=4211","title":{"rendered":"Campo di Giove, 28.2.2017"},"content":{"rendered":"<p><strong>Alpi-Appennini 2017 Tag 5: Di, 28.2. &#8211; Campo di Giove<\/strong><\/p>\n<p>Heute ging es nach Campo di Giove, eines meiner Lieblingsskigebiete im mittleren Appennin.<\/p>\n<p>Wenn ich mich nur f\u00fcr ein Skigebiet im mittleren Appennin entscheiden m\u00fcsste, meine Wahl fiele wohl auf Campo di Giove. Die rechte, schwarze Abfahrt hat&#8217;s mir einfach angetan. Erst das kurze, s\u00fcdseitige Hintenrum-Intermezzo mir Meerblick, dann die Querung durch die Felsen, der Steilhang und unten raus die leichten, kurvigen Waldpisten. Und bisher hatte ich immer tollen, kunstschneelosen Firnschnee hier. Aber etwas mehr Leute w\u00fcrde ich mir schon unter der Woche w\u00fcnschen, glaub es waren kaum mehr als 10 Leute, die heute mit der DSB gefahren sind &#8211; und keiner auch nur ann\u00e4hernd so oft wie ich. Ein Wiederaufbau der linken 2 SL, durch deren Stilllegung das Skigebiet &#8211; wie am Piselli &#8211; mehr als nur halbiert wurde, ist somit wohl sehr fraglich. Mittlerweile bietet man lt. Homepage einen Pistenraupentaxidienst an &#8211; gegen tel. Voranmeldung und ab 10 Personen. Den neuen Namen des Skigebiets m\u00f6chte ich dagegen nicht erw\u00e4hnen.<\/p>\n<p>Besser angenommen wurde dagegen der neu gebaute SL im Tal, der den alten \u00dcbungs-SL auf gleicher Trasse ersetzt. Ein CCM mit den schmucken roten Metallic-Tellerstangen. F\u00fcr mich ziemlich sinnlos, h\u00e4tte mir lieber oben was gew\u00fcnscht. Das ist dann halt wieder das Dilemma so eines Skigebiets &#8211; die Anf\u00e4nger fahren nur auf den Anf\u00e4ngerliften und die K\u00f6nner fahren leider lieber in das gro\u00dfe Skigebiet von Roccaraso in der N\u00e4he. Vielleicht w\u00e4ren es aber auch gerade die beiden fehlenden linken SL (ca. 2,6 km) oben, durch die man wieder ein gr\u00f6\u00dferes Klientel ansprechen k\u00f6nnte? Breite Pisten f\u00fcr Anf\u00e4nger? Gro\u00dfes, mittel-leichtes Freerideareal? Mit einer fahrbaren H\u00f6hendifferenz von knapp 1200m w\u00fcrde man jedenfalls meines Wissens alle anderen Gebiete im Appennin weit hinter sich lassen (und hatte das ja fr\u00fcher bereits) .. Die Bergstation des oberen SL war mit ca. 2300-2350m sogar \u00fcber 100m h\u00f6her als diejenigen am Campo Imperatore! Es.ist.so.schade. Die noch \u00fcbrigen 630-650hm sind aber auch noch ein sehr guter Wert f\u00fcr die Appenninen. (Das Majella-Massif hier geht \u00fcbrigens bis auf 2.793m rauf) <\/p>\n<p>Leider war es etwas st\u00fcrmisch &#8211; wobei &#8220;etwas&#8221; untertrieben ist (vmtl. tw. 80+ km\/h), aber die DSB hielt durch, nur der oberste SL hatte mal einige Windpausen &#8211; wobei es grad eigenartig schien, denn andere fahren bei dem Wind schon fr\u00fcher nicht.. Extrem st\u00fcrmisch wars dann im Joch auf der Schwarzen Abfahrt. W\u00e4hrend man andernorts einige Schiebestrecken nicht schieben musste (das Tat der Wind), musste man hier das erste St\u00fcck den Berg beinahe runterschieben ;)<\/p>\n<p>Schnee war in der Sonne schon ab morgens aufgefirnt und blieb so gro\u00dfteils gut bis sehr gut zu fahren &#8211; da ja auch kaum Leute unterwegs waren. Offpiste wars mal besser, mal weniger gut (im Sinne von: zu tief aufgeweicht). <\/p>\n<p>Etwas Probleme gab es mit einer meiner Alfikarten, lie\u00df sich an der Kasse normal laden, aber an den beiden Lesern funktionierte sie nicht. Haben dann eine andere meiner Karten genommen, die ging..<\/p>\n<p>(Fotos anklicken zum Vergr\u00f6\u00dfern)<\/p>\n<p><a href='http:\/\/extra.inmontanis.info\/d\/40486-2\/ge201702-03j.jpg'><img src=http:\/\/extra.inmontanis.info\/d\/40485-3\/ge201702-03j.jpg \/><\/a><br \/>\n^ E) Campo di Giove und T\u00fcrkis die Fahrstrecke heute.<\/p>\n<p><a href='http:\/\/extra.inmontanis.info\/d\/40586-2\/DSC03128.jpg'><img src=http:\/\/extra.inmontanis.info\/d\/40585-3\/DSC03128.jpg \/><\/a><br \/>\n^ Majella-Massif. Das Majeletta-Skigebiet lass ich heuer mal aus<\/p>\n<p><a href='http:\/\/extra.inmontanis.info\/d\/40590-2\/DSC03134.jpg'><img src=http:\/\/extra.inmontanis.info\/d\/40589-3\/DSC03134.jpg \/><\/a><br \/>\n^ N\u00e4he Campo di Giove<\/p>\n<p><a href='http:\/\/ski.inmontanis.info\/d\/228037-3\/DSC03136.jpg'><img src=http:\/\/ski.inmontanis.info\/d\/228036-3\/DSC03136.jpg \/><\/a><br \/>\n^ Die DSB f\u00e4hrt langsam, aber ist steil.<\/p>\n<p><a href='http:\/\/ski.inmontanis.info\/d\/228041-3\/DSC03141.jpg'><img src=http:\/\/ski.inmontanis.info\/d\/228040-3\/DSC03141.jpg \/><\/a><br \/>\n^ Linke (rote) Abfahrt<\/p>\n<p><a href='http:\/\/ski.inmontanis.info\/d\/228130-3\/DSC03143.jpg'><img src=http:\/\/ski.inmontanis.info\/d\/228129-3\/DSC03143.jpg \/><\/a><br \/>\n^ DSB<\/p>\n<p><a href='http:\/\/ski.inmontanis.info\/d\/228151-2\/DSC03144.jpg'><img src=http:\/\/ski.inmontanis.info\/d\/228150-3\/DSC03144.jpg \/><\/a><br \/>\n^ Linke (rote) Abfahrt<\/p>\n<p><a href='http:\/\/ski.inmontanis.info\/d\/228050-3\/DSC03145.jpg'><img src=http:\/\/ski.inmontanis.info\/d\/228049-3\/DSC03145.jpg \/><\/a><br \/>\n^ Linke (rote) Abfahrt<\/p>\n<p><a href='http:\/\/ski.inmontanis.info\/d\/228054-2\/DSC03146.jpg'><img src=http:\/\/ski.inmontanis.info\/d\/228053-3\/DSC03146.jpg \/><\/a><br \/>\n^ Hier kommen beide Abfahrten zusammen und teilen sich wieder &#8211; au\u00dferdem die Bergstation des \u00dcbungs-SL<\/p>\n<p><a href='http:\/\/ski.inmontanis.info\/d\/228135-3\/DSC03148.jpg'><img src=http:\/\/ski.inmontanis.info\/d\/228134-3\/DSC03148.jpg \/><\/a><br \/>\n^ Oberer SL<\/p>\n<p><a href='http:\/\/ski.inmontanis.info\/d\/228059-3\/DSC03153.jpg'><img src=http:\/\/ski.inmontanis.info\/d\/228058-3\/DSC03153.jpg \/><\/a><br \/>\n^ Rechte (Schwarze) Abfahrt<\/p>\n<p><a href='http:\/\/ski.inmontanis.info\/d\/228063-2\/DSC03155.jpg'><img src=http:\/\/ski.inmontanis.info\/d\/228062-3\/DSC03155.jpg \/><\/a><br \/>\n^ Rechte (Schwarze) Abfahrt<\/p>\n<p><a href='http:\/\/ski.inmontanis.info\/d\/228067-2\/DSC03156.jpg'><img src=http:\/\/ski.inmontanis.info\/d\/228066-3\/DSC03156.jpg \/><\/a><br \/>\n^ Oberer SL. Lief heute nicht den ganzen Tag, und dass man mal Skifahrer drin sah, war noch seltener<\/p>\n<p><a href='http:\/\/ski.inmontanis.info\/d\/228071-2\/DSC03157.jpg'><img src=http:\/\/ski.inmontanis.info\/d\/228070-3\/DSC03157.jpg \/><\/a><br \/>\n^ Ex-SL und das F\u00f6rderband ist wohl auch nur im Sommer (Tubing) im Betrieb<\/p>\n<p><a href='http:\/\/ski.inmontanis.info\/d\/228075-2\/DSC03158.jpg'><img src=http:\/\/ski.inmontanis.info\/d\/228074-3\/DSC03158.jpg \/><\/a><br \/>\n^ Nett Firnig im oberen Hintenrum-Teil der schwarzen<\/p>\n<p><a href='http:\/\/ski.inmontanis.info\/d\/228079-2\/DSC03147.jpg'><img src=http:\/\/ski.inmontanis.info\/d\/228078-3\/DSC03147.jpg \/><\/a><br \/>\n^ Der neu ersetzte SL Quartarana. Talstation liegt etwas ung\u00fcnstig f\u00fcr die linke Abfahrt. Daf\u00fcr blieb die dann bis zum Schluss gut zu fahren.<\/p>\n<p><a href='http:\/\/ski.inmontanis.info\/d\/228083-2\/DSC03160.jpg'><img src=http:\/\/ski.inmontanis.info\/d\/228082-3\/DSC03160.jpg \/><\/a><br \/>\n^ SL Quartarana<\/p>\n<p><a href='http:\/\/ski.inmontanis.info\/d\/228087-3\/DSC03188.jpg'><img src=http:\/\/ski.inmontanis.info\/d\/228086-3\/DSC03188.jpg \/><\/a><br \/>\n^ SL Quartarana<\/p>\n<p><a href='http:\/\/ski.inmontanis.info\/d\/228139-3\/DSC03165.jpg'><img src=http:\/\/ski.inmontanis.info\/d\/228138-3\/DSC03165.jpg \/><\/a><br \/>\n^ Offpiste-Bereich links der roten Abfahrt, war tw. leider nicht so gut<\/p>\n<p><a href='http:\/\/ski.inmontanis.info\/d\/228092-2\/DSC03166.jpg'><img src=http:\/\/ski.inmontanis.info\/d\/228091-3\/DSC03166.jpg \/><\/a><br \/>\n^ Offpiste-Bereich links der roten Abfahrt (rechts im Bild)<\/p>\n<p><a href='http:\/\/ski.inmontanis.info\/d\/228096-3\/DSC03168.jpg'><img src=http:\/\/ski.inmontanis.info\/d\/228095-3\/DSC03168.jpg \/><\/a><br \/>\n^ Ehemaliges Fundament des Vorg\u00e4nger-Korblifts, Hersteller Graffer somit klar.<\/p>\n<p><a href='http:\/\/ski.inmontanis.info\/d\/228143-2\/DSC03169.jpg'><img src=http:\/\/ski.inmontanis.info\/d\/228142-3\/DSC03169.jpg \/><\/a><br \/>\n^ Wehm\u00fctiger Blick auf die beiden leider stillgelegten oberen linken SL<\/p>\n<p><a href='http:\/\/ski.inmontanis.info\/d\/228101-2\/DSC03171.jpg'><img src=http:\/\/ski.inmontanis.info\/d\/228100-3\/DSC03171.jpg \/><\/a><br \/>\n^ Offpiste links des oberen SL<\/p>\n<p><a href='http:\/\/ski.inmontanis.info\/d\/228105-2\/DSC03173.jpg'><img src=http:\/\/ski.inmontanis.info\/d\/228104-3\/DSC03173.jpg \/><\/a><br \/>\n^ Offpiste rechts der schwarzen Abfahrt, war zwar nicht schlecht, aber die firnige Abfahrt war sch\u00f6ner<\/p>\n<p><a href='http:\/\/ski.inmontanis.info\/d\/228109-2\/DSC03176.jpg'><img src=http:\/\/ski.inmontanis.info\/d\/228108-3\/DSC03176.jpg \/><\/a><br \/>\n^ Rechte (schwarze) Abfahrt, Pistenzustand um 14:30 Uhr, toll + firnig wie schon vor ein paar Stunden ;-)<\/p>\n<p><a href='http:\/\/ski.inmontanis.info\/d\/228147-2\/DSC03179.jpg'><img src=http:\/\/ski.inmontanis.info\/d\/228146-3\/DSC03179.jpg \/><\/a><br \/>\n^ St\u00fcrmisch heute, der obere SL w\u00e4re in manchen Skigebieten sicher schon bei weniger Wind abgestellt worden ,-)<\/p>\n<p><a href='http:\/\/ski.inmontanis.info\/d\/228114-2\/DSC03180.jpg'><img src=http:\/\/ski.inmontanis.info\/d\/228113-3\/DSC03180.jpg \/><\/a><br \/>\n^ Die SL-Leiche unten rechts steht netterweise auch nach wie vor<\/p>\n<p><a href='http:\/\/ski.inmontanis.info\/d\/228118-3\/DSC03183.jpg'><img src=http:\/\/ski.inmontanis.info\/d\/228117-3\/DSC03183.jpg \/><\/a><br \/>\n^ Ex-\u00dcbungs-SL<\/p>\n<p><a href='http:\/\/ski.inmontanis.info\/d\/228122-3\/IMG_2886.jpg'><img src=http:\/\/ski.inmontanis.info\/d\/228121-3\/IMG_2886.jpg \/><\/a><br \/>\n^ H\u00f6henmeterprofil, links: DSB+linke Abfahrt; rechts: DSB+SL+rechte Abfahrt<\/p>\n<p><a href='http:\/\/ski.inmontanis.info\/d\/228126-3\/ge20170228a.jpg'><img src=http:\/\/ski.inmontanis.info\/d\/228125-3\/ge20170228a.jpg \/><\/a><br \/>\n^ GPS-Track 28.2.2017 (Gelb) und letzter Besuch in Blau. Rot die stillgelegten SL, Magenta die stillgelegte r\u00fcckseitige DSB<\/p>\n<p>Auf die letzte DSB-Fahrt verzichtete ich und fuhr ins Skigebiet Campitello Matese, wo ich gestern um ca. 34,- \u20ac ein stark heruntergesetztes Zimmer im &#8220;Club-Hotel&#8221; Lo Sciatore bekam. <\/p>\n<p>\u00dcbrigens krasse Stra\u00dfen heute im Appennin &#8211; extreme L\u00f6cher wie in Russland, da kann man sich auch Reifen aufschlitzen.. Und die \u00dcberfahrten an den D\u00e4mpfern bei den Br\u00fccken ist auch fast regelm\u00e4\u00dfig mit starken Schl\u00e4gen.<\/p>\n<p><a href='http:\/\/extra.inmontanis.info\/d\/40594-2\/DSC03194.jpg'><img src=http:\/\/extra.inmontanis.info\/d\/40593-3\/DSC03194.jpg \/><\/a><br \/>\n^ Stra\u00dfe nach Pescocostanzo<\/p>\n<p><a href='http:\/\/extra.inmontanis.info\/d\/40598-2\/DSC03197.jpg'><img src=http:\/\/extra.inmontanis.info\/d\/40597-3\/DSC03197.jpg \/><\/a><br \/>\n^ Die Stra\u00dfen im Appennin waren tw. in einem erb\u00e4rmlichen Zustand ..<br \/>\n.. da gibt es sicher genug L\u00f6cher, wo man sich unachtsam nachts die Reifen aufschlitzen kann.<\/p>\n<p><a href='http:\/\/extra.inmontanis.info\/d\/40602-2\/DSC03198.jpg'><img src=http:\/\/extra.inmontanis.info\/d\/40601-3\/DSC03198.jpg \/><\/a><\/p>\n<p><a href='http:\/\/extra.inmontanis.info\/d\/40606-2\/DSC03204.jpg'><img src=http:\/\/extra.inmontanis.info\/d\/40605-3\/DSC03204.jpg \/><\/a><br \/>\n^ Im Skigebiet von Roccaraso h\u00e4ngen oben schon die Wolken<\/p>\n<p><a href='http:\/\/extra.inmontanis.info\/d\/40610-2\/DSC03207.jpg'><img src=http:\/\/extra.inmontanis.info\/d\/40609-3\/DSC03207.jpg \/><\/a><br \/>\n^ Kurz vor Campitello Matese wird&#8217;s auch immer d\u00fcsterer..<\/p>\n<p><a href='http:\/\/extra.inmontanis.info\/d\/40614-2\/DSC03209.jpg'><img src=http:\/\/extra.inmontanis.info\/d\/40613-3\/DSC03209.jpg \/><\/a><br \/>\n^ Auffahrt nach Campitello Matese (5 Minuten sp\u00e4ter)<\/p>\n<p>Paar Dashcam-Sequenzen von heute:<br \/>\n<object style=\"height: 500px; width: 900px\"><param name=\"movie\" value=\"http:\/\/www.youtube.com\/v\/-lh_oh05B3k\"><\/param><param name=\"wmode\" value=\"transparent\"><\/param><embed src=\"http:\/\/www.youtube.com\/v\/-lh_oh05B3k\" type=\"application\/x-shockwave-flash\" wmode=\"transparent\"  width=\"900\" height=\"480\"><\/embed><\/object><\/p>\n<p>Nebel und krasser Sturm in Campitello Matese. Lt. Wetterbericht sollte das morgen ab 8 besser werden &#8211; hoffentlich. Andererseits w\u00e4re eine Appenninreise auch keine Appenninreise, wenn man nicht wenigstens einen Sturmtag h\u00e4tte. <\/p>\n<p>Jetzt war ich schon in so vielen Hotels, aber das hab ich noch nicht erlebt: Sowohl an der Rezeption wie auch sp\u00e4ter im Restaurant wird man von den jeweils zust\u00e4ndigen Betreuern (nicht jedoch von den Kellnern) per Handschlag begr\u00fc\u00dft. Vielleicht deshalb &#8220;Club&#8221; im Namen? Frohes Bazillenverteilen&#8230; Zum Abendessen hab ich mich mit einer Hauptspeise aus der Karte und einer Nachspeise begn\u00fcgt. <\/p>\n<p>Internet ist leider auch von der langsamen Sorte (abends, morgens etwas besser), kein Schreibtisch. Abendessen ab 20h, Fr\u00fchst\u00fcck ab 8 &#8211; aber weil direkt im Skigebiet st\u00f6rt das ja nicht. Kein Aufzug. Bin im 2. Stock, weit weg von dem l\u00e4rmenden Erdgeschoss, Bar etc., aber ziemlich abgewohnt und renovierugsbed\u00fcrftig. Riesiges Fr\u00fchst\u00fccksbuffet, sogar R\u00fchreier und Speck. Aber keine Semmeln, daf\u00fcr Toast. <\/p>\n<p>Mit dem Abendessen dann 50,50 \u20ac bezahlt.<\/p>\n<p><a href='http:\/\/extra.inmontanis.info\/d\/40618-2\/DSC03211.jpg'><img src=http:\/\/extra.inmontanis.info\/d\/40617-3\/DSC03211.jpg \/><\/a><br \/>\n^ Heutiges Hotel<\/p>\n<p><a href='http:\/\/extra.inmontanis.info\/d\/40622-2\/DSC03214.jpg'><img src=http:\/\/extra.inmontanis.info\/d\/40621-3\/DSC03214.jpg \/><\/a><br \/>\n^ .. zur Steuerung der Heiz\/Klimaanlage muss man auf den Stuhl steigen ..<\/p>\n<p>(Fortsetzung folgt.)<\/p>\n","protected":false},"excerpt":{"rendered":"<p>Alpi-Appennini 2017 Tag 5: Di, 28.2. &#8211; Campo di Giove<\/p>\n<p>Heute ging es nach Campo di Giove, eines meiner Lieblingsskigebiete im mittleren Appennin.<\/p>\n<p>Wenn ich mich nur f\u00fcr ein Skigebiet im mittleren Appennin entscheiden m\u00fcsste, meine Wahl fiele wohl auf Campo di Giove. Die rechte, schwarze Abfahrt hat&#8217;s mir einfach angetan. Erst das kurze, s\u00fcdseitige <a href=\"http:\/\/blog.inmontanis.info\/?p=4211\">[&#8230;]<\/a><\/p>\n","protected":false},"author":1,"featured_media":0,"comment_status":"closed","ping_status":"closed","sticky":false,"template":"","format":"standard","meta":{"footnotes":""},"categories":[160,516,15,27],"tags":[38,47],"class_list":["post-4211","post","type-post","status-publish","format-standard","hentry","category-2017-02-alpi-appennini","category-campo-di-giove","category-italienitaly","category-skifahren-winterskiing-winter","tag-dsb","tag-sl","odd"],"_links":{"self":[{"href":"http:\/\/blog.inmontanis.info\/index.php?rest_route=\/wp\/v2\/posts\/4211","targetHints":{"allow":["GET"]}}],"collection":[{"href":"http:\/\/blog.inmontanis.info\/index.php?rest_route=\/wp\/v2\/posts"}],"about":[{"href":"http:\/\/blog.inmontanis.info\/index.php?rest_route=\/wp\/v2\/types\/post"}],"author":[{"embeddable":true,"href":"http:\/\/blog.inmontanis.info\/index.php?rest_route=\/wp\/v2\/users\/1"}],"replies":[{"embeddable":true,"href":"http:\/\/blog.inmontanis.info\/index.php?rest_route=%2Fwp%2Fv2%2Fcomments&post=4211"}],"version-history":[{"count":2,"href":"http:\/\/blog.inmontanis.info\/index.php?rest_route=\/wp\/v2\/posts\/4211\/revisions"}],"predecessor-version":[{"id":4213,"href":"http:\/\/blog.inmontanis.info\/index.php?rest_route=\/wp\/v2\/posts\/4211\/revisions\/4213"}],"wp:attachment":[{"href":"http:\/\/blog.inmontanis.info\/index.php?rest_route=%2Fwp%2Fv2%2Fmedia&parent=4211"}],"wp:term":[{"taxonomy":"category","embeddable":true,"href":"http:\/\/blog.inmontanis.info\/index.php?rest_route=%2Fwp%2Fv2%2Fcategories&post=4211"},{"taxonomy":"post_tag","embeddable":true,"href":"http:\/\/blog.inmontanis.info\/index.php?rest_route=%2Fwp%2Fv2%2Ftags&post=4211"}],"curies":[{"name":"wp","href":"https:\/\/api.w.org\/{rel}","templated":true}]}}